{"id":26408,"date":"2020-02-26T23:35:19","date_gmt":"2020-02-26T22:35:19","guid":{"rendered":"https:\/\/www.arhammar.se\/blog\/?p=26408"},"modified":"2020-03-07T22:34:27","modified_gmt":"2020-03-07T21:34:27","slug":"onsdag-den-21-augusti-1912-jag-har-aldrig-upplevat-en-sa-rolig-sommar-som-1912","status":"publish","type":"post","link":"https:\/\/www.arhammar.se\/blog\/onsdag-den-21-augusti-1912-jag-har-aldrig-upplevat-en-sa-rolig-sommar-som-1912\/","title":{"rendered":"Onsdag den 21 augusti 1912. Jag har aldrig upplevat en s\u00e5 rolig sommar som 1912!"},"content":{"rendered":"<p>Idag har det varit h\u00e4rligt v\u00e4der. Harry och Lillan ha varit ute hela dagen och mamma och jag ha haft det s\u00e5 lugnt och sk\u00f6nt. Jag var och plockade kantareller ig\u00e5r eftermiddag trots det fula v\u00e4dret och i eftermiddags har jag lagat till litet av dem, men det var inget vidare gott. De har en s\u00e5dan \u00e4cklig smak. <\/p>\n<p>Ig\u00e5r kv\u00e4ll var jag med Albin och Karl p\u00e5 en liten promenad och sen stod vi utanf\u00f6r och pratade, men s\u00e5 satt Ingerg\u00e5rd inne och h\u00f6rde p\u00e5 och det var s\u00e5 f\u00f6rsm\u00e4dligt, s\u00e5 att jag gick in till Janne, Axel och honom ist\u00e4llet. Vi spelade och pratade hela kv\u00e4llen. Nu skall vi snart resa. P\u00e5 tisdag i n\u00e4sta vecka, tror mamma. Usch, vad det blir tr\u00e5kigt! Jag har aldrig upplevat en s\u00e5 rolig sommar som 1912! Men det v\u00e4rsta \u00e4r att jag har g\u00e5tt och blivit &#8220;pin&#8221; i Karl. F\u00f6r han \u00e4r verkligen gr\u00e4sligt stilig och k\u00e4ck p\u00e5 alla s\u00e4tt och vis. &#8220;Det yttre idealet&#8221; kallar Greta honom. Hon \u00e4r f\u00f6rtjust i Albin. Ja, han \u00e4r ju stilig ocks\u00e5, men inte som Kalle inte! Men, jag f\u00e5r v\u00e4l sl\u00e5 bort de d\u00e4r galenskaperna. Nu g\u00e5r jag till verners hage och njuter.<\/p>\n<!-- AddThis Advanced Settings generic via filter on the_content --><!-- AddThis Share Buttons generic via filter on the_content -->","protected":false},"excerpt":{"rendered":"<p>Idag har det varit h\u00e4rligt v\u00e4der. Harry och Lillan ha varit ute hela dagen och mamma och jag ha haft det s\u00e5 lugnt och sk\u00f6nt. Jag var och plockade kantareller ig\u00e5r eftermiddag trots det fula v\u00e4dret och i eftermiddags har jag lagat till litet av dem, men det var inget vidare gott. De har en [&hellip;]<!-- AddThis Advanced Settings generic via filter on wp_trim_excerpt --><!-- AddThis Share Buttons generic via filter on wp_trim_excerpt --><\/p>\n","protected":false},"author":2,"featured_media":26194,"comment_status":"open","ping_status":"open","sticky":false,"template":"","format":"standard","meta":{"footnotes":""},"categories":[3437,3425],"tags":[],"class_list":["post-26408","post","type-post","status-publish","format-standard","has-post-thumbnail","hentry","category-3437","category-mormors-dagbok"],"yoast_head":"<!-- This site is optimized with the Yoast SEO plugin v27.4 - https:\/\/yoast.com\/product\/yoast-seo-wordpress\/ -->\n<title>Onsdag den 21 augusti 1912. Jag har aldrig upplevat en s\u00e5 rolig sommar som 1912! - @Arhammar bokstavligen<\/title>\n<meta name=\"robots\" content=\"index, follow, max-snippet:-1, max-image-preview:large, max-video-preview:-1\" \/>\n<link rel=\"canonical\" href=\"https:\/\/www.arhammar.se\/blog\/onsdag-den-21-augusti-1912-jag-har-aldrig-upplevat-en-sa-rolig-sommar-som-1912\/\" \/>\n<meta property=\"og:locale\" content=\"en_US\" \/>\n<meta property=\"og:type\" content=\"article\" \/>\n<meta property=\"og:title\" content=\"Onsdag den 21 augusti 1912. Jag har aldrig upplevat en s\u00e5 rolig sommar som 1912! - @Arhammar bokstavligen\" \/>\n<meta property=\"og:description\" content=\"Idag har det varit h\u00e4rligt v\u00e4der. Harry och Lillan ha varit ute hela dagen och mamma och jag ha haft det s\u00e5 lugnt och sk\u00f6nt. Jag var och plockade kantareller ig\u00e5r eftermiddag trots det fula v\u00e4dret och i eftermiddags har jag lagat till litet av dem, men det var inget vidare gott. De har en [&hellip;]\" \/>\n<meta property=\"og:url\" content=\"https:\/\/www.arhammar.se\/blog\/onsdag-den-21-augusti-1912-jag-har-aldrig-upplevat-en-sa-rolig-sommar-som-1912\/\" \/>\n<meta property=\"og:site_name\" content=\"@Arhammar bokstavligen\" \/>\n<meta property=\"article:published_time\" content=\"2020-02-26T22:35:19+00:00\" \/>\n<meta property=\"article:modified_time\" content=\"2020-03-07T21:34:27+00:00\" \/>\n<meta property=\"og:image\" content=\"https:\/\/www.arhammar.se\/blog\/wp-content\/uploads\/2020\/10\/augusti1912.jpg\" \/>\n\t<meta property=\"og:image:width\" content=\"640\" \/>\n\t<meta property=\"og:image:height\" content=\"480\" \/>\n\t<meta property=\"og:image:type\" content=\"image\/jpeg\" \/>\n<meta name=\"author\" content=\"Anders Arhammar\" \/>\n<meta name=\"twitter:card\" content=\"summary_large_image\" \/>\n<meta name=\"twitter:label1\" content=\"Written by\" \/>\n\t<meta name=\"twitter:data1\" content=\"Anders Arhammar\" \/>\n\t<meta name=\"twitter:label2\" content=\"Est. reading time\" \/>\n\t<meta name=\"twitter:data2\" content=\"1 minute\" \/>\n<script type=\"application\/ld+json\" class=\"yoast-schema-graph\">{\"@context\":\"https:\\\/\\\/schema.org\",\"@graph\":[{\"@type\":\"Article\",\"@id\":\"https:\\\/\\\/www.arhammar.se\\\/blog\\\/onsdag-den-21-augusti-1912-jag-har-aldrig-upplevat-en-sa-rolig-sommar-som-1912\\\/#article\",\"isPartOf\":{\"@id\":\"https:\\\/\\\/www.arhammar.se\\\/blog\\\/onsdag-den-21-augusti-1912-jag-har-aldrig-upplevat-en-sa-rolig-sommar-som-1912\\\/\"},\"author\":{\"name\":\"Anders Arhammar\",\"@id\":\"https:\\\/\\\/www.arhammar.se\\\/blog\\\/#\\\/schema\\\/person\\\/061984c1d884b363e2c91550f2e00d1d\"},\"headline\":\"Onsdag den 21 augusti 1912. Jag har aldrig upplevat en s\u00e5 rolig sommar som 1912!\",\"datePublished\":\"2020-02-26T22:35:19+00:00\",\"dateModified\":\"2020-03-07T21:34:27+00:00\",\"mainEntityOfPage\":{\"@id\":\"https:\\\/\\\/www.arhammar.se\\\/blog\\\/onsdag-den-21-augusti-1912-jag-har-aldrig-upplevat-en-sa-rolig-sommar-som-1912\\\/\"},\"wordCount\":238,\"commentCount\":0,\"image\":{\"@id\":\"https:\\\/\\\/www.arhammar.se\\\/blog\\\/onsdag-den-21-augusti-1912-jag-har-aldrig-upplevat-en-sa-rolig-sommar-som-1912\\\/#primaryimage\"},\"thumbnailUrl\":\"https:\\\/\\\/www.arhammar.se\\\/blog\\\/wp-content\\\/uploads\\\/2020\\\/10\\\/augusti1912.jpg\",\"articleSection\":[\"1912\",\"mormors dagbok\"],\"inLanguage\":\"en-US\",\"potentialAction\":[{\"@type\":\"CommentAction\",\"name\":\"Comment\",\"target\":[\"https:\\\/\\\/www.arhammar.se\\\/blog\\\/onsdag-den-21-augusti-1912-jag-har-aldrig-upplevat-en-sa-rolig-sommar-som-1912\\\/#respond\"]}]},{\"@type\":\"WebPage\",\"@id\":\"https:\\\/\\\/www.arhammar.se\\\/blog\\\/onsdag-den-21-augusti-1912-jag-har-aldrig-upplevat-en-sa-rolig-sommar-som-1912\\\/\",\"url\":\"https:\\\/\\\/www.arhammar.se\\\/blog\\\/onsdag-den-21-augusti-1912-jag-har-aldrig-upplevat-en-sa-rolig-sommar-som-1912\\\/\",\"name\":\"Onsdag den 21 augusti 1912. Jag har aldrig upplevat en s\u00e5 rolig sommar som 1912! - @Arhammar bokstavligen\",\"isPartOf\":{\"@id\":\"https:\\\/\\\/www.arhammar.se\\\/blog\\\/#website\"},\"primaryImageOfPage\":{\"@id\":\"https:\\\/\\\/www.arhammar.se\\\/blog\\\/onsdag-den-21-augusti-1912-jag-har-aldrig-upplevat-en-sa-rolig-sommar-som-1912\\\/#primaryimage\"},\"image\":{\"@id\":\"https:\\\/\\\/www.arhammar.se\\\/blog\\\/onsdag-den-21-augusti-1912-jag-har-aldrig-upplevat-en-sa-rolig-sommar-som-1912\\\/#primaryimage\"},\"thumbnailUrl\":\"https:\\\/\\\/www.arhammar.se\\\/blog\\\/wp-content\\\/uploads\\\/2020\\\/10\\\/augusti1912.jpg\",\"datePublished\":\"2020-02-26T22:35:19+00:00\",\"dateModified\":\"2020-03-07T21:34:27+00:00\",\"author\":{\"@id\":\"https:\\\/\\\/www.arhammar.se\\\/blog\\\/#\\\/schema\\\/person\\\/061984c1d884b363e2c91550f2e00d1d\"},\"breadcrumb\":{\"@id\":\"https:\\\/\\\/www.arhammar.se\\\/blog\\\/onsdag-den-21-augusti-1912-jag-har-aldrig-upplevat-en-sa-rolig-sommar-som-1912\\\/#breadcrumb\"},\"inLanguage\":\"en-US\",\"potentialAction\":[{\"@type\":\"ReadAction\",\"target\":[\"https:\\\/\\\/www.arhammar.se\\\/blog\\\/onsdag-den-21-augusti-1912-jag-har-aldrig-upplevat-en-sa-rolig-sommar-som-1912\\\/\"]}]},{\"@type\":\"ImageObject\",\"inLanguage\":\"en-US\",\"@id\":\"https:\\\/\\\/www.arhammar.se\\\/blog\\\/onsdag-den-21-augusti-1912-jag-har-aldrig-upplevat-en-sa-rolig-sommar-som-1912\\\/#primaryimage\",\"url\":\"https:\\\/\\\/www.arhammar.se\\\/blog\\\/wp-content\\\/uploads\\\/2020\\\/10\\\/augusti1912.jpg\",\"contentUrl\":\"https:\\\/\\\/www.arhammar.se\\\/blog\\\/wp-content\\\/uploads\\\/2020\\\/10\\\/augusti1912.jpg\",\"width\":640,\"height\":480},{\"@type\":\"BreadcrumbList\",\"@id\":\"https:\\\/\\\/www.arhammar.se\\\/blog\\\/onsdag-den-21-augusti-1912-jag-har-aldrig-upplevat-en-sa-rolig-sommar-som-1912\\\/#breadcrumb\",\"itemListElement\":[{\"@type\":\"ListItem\",\"position\":1,\"name\":\"Home\",\"item\":\"https:\\\/\\\/www.arhammar.se\\\/blog\\\/\"},{\"@type\":\"ListItem\",\"position\":2,\"name\":\"Onsdag den 21 augusti 1912. Jag har aldrig upplevat en s\u00e5 rolig sommar som 1912!\"}]},{\"@type\":\"WebSite\",\"@id\":\"https:\\\/\\\/www.arhammar.se\\\/blog\\\/#website\",\"url\":\"https:\\\/\\\/www.arhammar.se\\\/blog\\\/\",\"name\":\"@Arhammar bokstavligen\",\"description\":\"Fr\u00e5n min penna och panna\",\"potentialAction\":[{\"@type\":\"SearchAction\",\"target\":{\"@type\":\"EntryPoint\",\"urlTemplate\":\"https:\\\/\\\/www.arhammar.se\\\/blog\\\/?s={search_term_string}\"},\"query-input\":{\"@type\":\"PropertyValueSpecification\",\"valueRequired\":true,\"valueName\":\"search_term_string\"}}],\"inLanguage\":\"en-US\"},{\"@type\":\"Person\",\"@id\":\"https:\\\/\\\/www.arhammar.se\\\/blog\\\/#\\\/schema\\\/person\\\/061984c1d884b363e2c91550f2e00d1d\",\"name\":\"Anders Arhammar\",\"image\":{\"@type\":\"ImageObject\",\"inLanguage\":\"en-US\",\"@id\":\"https:\\\/\\\/secure.gravatar.com\\\/avatar\\\/784b5b36cfe145ae19a52340f405285a939bcc08d4a21136b3a81f9e378ffae0?s=96&d=mm&r=g\",\"url\":\"https:\\\/\\\/secure.gravatar.com\\\/avatar\\\/784b5b36cfe145ae19a52340f405285a939bcc08d4a21136b3a81f9e378ffae0?s=96&d=mm&r=g\",\"contentUrl\":\"https:\\\/\\\/secure.gravatar.com\\\/avatar\\\/784b5b36cfe145ae19a52340f405285a939bcc08d4a21136b3a81f9e378ffae0?s=96&d=mm&r=g\",\"caption\":\"Anders Arhammar\"},\"url\":\"https:\\\/\\\/www.arhammar.se\\\/blog\\\/author\\\/anders\\\/\"}]}<\/script>\n<!-- \/ Yoast SEO plugin. -->","yoast_head_json":{"title":"Onsdag den 21 augusti 1912. Jag har aldrig upplevat en s\u00e5 rolig sommar som 1912! - @Arhammar bokstavligen","robots":{"index":"index","follow":"follow","max-snippet":"max-snippet:-1","max-image-preview":"max-image-preview:large","max-video-preview":"max-video-preview:-1"},"canonical":"https:\/\/www.arhammar.se\/blog\/onsdag-den-21-augusti-1912-jag-har-aldrig-upplevat-en-sa-rolig-sommar-som-1912\/","og_locale":"en_US","og_type":"article","og_title":"Onsdag den 21 augusti 1912. Jag har aldrig upplevat en s\u00e5 rolig sommar som 1912! - @Arhammar bokstavligen","og_description":"Idag har det varit h\u00e4rligt v\u00e4der. Harry och Lillan ha varit ute hela dagen och mamma och jag ha haft det s\u00e5 lugnt och sk\u00f6nt. Jag var och plockade kantareller ig\u00e5r eftermiddag trots det fula v\u00e4dret och i eftermiddags har jag lagat till litet av dem, men det var inget vidare gott. De har en [&hellip;]","og_url":"https:\/\/www.arhammar.se\/blog\/onsdag-den-21-augusti-1912-jag-har-aldrig-upplevat-en-sa-rolig-sommar-som-1912\/","og_site_name":"@Arhammar bokstavligen","article_published_time":"2020-02-26T22:35:19+00:00","article_modified_time":"2020-03-07T21:34:27+00:00","og_image":[{"width":640,"height":480,"url":"https:\/\/www.arhammar.se\/blog\/wp-content\/uploads\/2020\/10\/augusti1912.jpg","type":"image\/jpeg"}],"author":"Anders Arhammar","twitter_card":"summary_large_image","twitter_misc":{"Written by":"Anders Arhammar","Est. reading time":"1 minute"},"schema":{"@context":"https:\/\/schema.org","@graph":[{"@type":"Article","@id":"https:\/\/www.arhammar.se\/blog\/onsdag-den-21-augusti-1912-jag-har-aldrig-upplevat-en-sa-rolig-sommar-som-1912\/#article","isPartOf":{"@id":"https:\/\/www.arhammar.se\/blog\/onsdag-den-21-augusti-1912-jag-har-aldrig-upplevat-en-sa-rolig-sommar-som-1912\/"},"author":{"name":"Anders Arhammar","@id":"https:\/\/www.arhammar.se\/blog\/#\/schema\/person\/061984c1d884b363e2c91550f2e00d1d"},"headline":"Onsdag den 21 augusti 1912. Jag har aldrig upplevat en s\u00e5 rolig sommar som 1912!","datePublished":"2020-02-26T22:35:19+00:00","dateModified":"2020-03-07T21:34:27+00:00","mainEntityOfPage":{"@id":"https:\/\/www.arhammar.se\/blog\/onsdag-den-21-augusti-1912-jag-har-aldrig-upplevat-en-sa-rolig-sommar-som-1912\/"},"wordCount":238,"commentCount":0,"image":{"@id":"https:\/\/www.arhammar.se\/blog\/onsdag-den-21-augusti-1912-jag-har-aldrig-upplevat-en-sa-rolig-sommar-som-1912\/#primaryimage"},"thumbnailUrl":"https:\/\/www.arhammar.se\/blog\/wp-content\/uploads\/2020\/10\/augusti1912.jpg","articleSection":["1912","mormors dagbok"],"inLanguage":"en-US","potentialAction":[{"@type":"CommentAction","name":"Comment","target":["https:\/\/www.arhammar.se\/blog\/onsdag-den-21-augusti-1912-jag-har-aldrig-upplevat-en-sa-rolig-sommar-som-1912\/#respond"]}]},{"@type":"WebPage","@id":"https:\/\/www.arhammar.se\/blog\/onsdag-den-21-augusti-1912-jag-har-aldrig-upplevat-en-sa-rolig-sommar-som-1912\/","url":"https:\/\/www.arhammar.se\/blog\/onsdag-den-21-augusti-1912-jag-har-aldrig-upplevat-en-sa-rolig-sommar-som-1912\/","name":"Onsdag den 21 augusti 1912. Jag har aldrig upplevat en s\u00e5 rolig sommar som 1912! - @Arhammar bokstavligen","isPartOf":{"@id":"https:\/\/www.arhammar.se\/blog\/#website"},"primaryImageOfPage":{"@id":"https:\/\/www.arhammar.se\/blog\/onsdag-den-21-augusti-1912-jag-har-aldrig-upplevat-en-sa-rolig-sommar-som-1912\/#primaryimage"},"image":{"@id":"https:\/\/www.arhammar.se\/blog\/onsdag-den-21-augusti-1912-jag-har-aldrig-upplevat-en-sa-rolig-sommar-som-1912\/#primaryimage"},"thumbnailUrl":"https:\/\/www.arhammar.se\/blog\/wp-content\/uploads\/2020\/10\/augusti1912.jpg","datePublished":"2020-02-26T22:35:19+00:00","dateModified":"2020-03-07T21:34:27+00:00","author":{"@id":"https:\/\/www.arhammar.se\/blog\/#\/schema\/person\/061984c1d884b363e2c91550f2e00d1d"},"breadcrumb":{"@id":"https:\/\/www.arhammar.se\/blog\/onsdag-den-21-augusti-1912-jag-har-aldrig-upplevat-en-sa-rolig-sommar-som-1912\/#breadcrumb"},"inLanguage":"en-US","potentialAction":[{"@type":"ReadAction","target":["https:\/\/www.arhammar.se\/blog\/onsdag-den-21-augusti-1912-jag-har-aldrig-upplevat-en-sa-rolig-sommar-som-1912\/"]}]},{"@type":"ImageObject","inLanguage":"en-US","@id":"https:\/\/www.arhammar.se\/blog\/onsdag-den-21-augusti-1912-jag-har-aldrig-upplevat-en-sa-rolig-sommar-som-1912\/#primaryimage","url":"https:\/\/www.arhammar.se\/blog\/wp-content\/uploads\/2020\/10\/augusti1912.jpg","contentUrl":"https:\/\/www.arhammar.se\/blog\/wp-content\/uploads\/2020\/10\/augusti1912.jpg","width":640,"height":480},{"@type":"BreadcrumbList","@id":"https:\/\/www.arhammar.se\/blog\/onsdag-den-21-augusti-1912-jag-har-aldrig-upplevat-en-sa-rolig-sommar-som-1912\/#breadcrumb","itemListElement":[{"@type":"ListItem","position":1,"name":"Home","item":"https:\/\/www.arhammar.se\/blog\/"},{"@type":"ListItem","position":2,"name":"Onsdag den 21 augusti 1912. Jag har aldrig upplevat en s\u00e5 rolig sommar som 1912!"}]},{"@type":"WebSite","@id":"https:\/\/www.arhammar.se\/blog\/#website","url":"https:\/\/www.arhammar.se\/blog\/","name":"@Arhammar bokstavligen","description":"Fr\u00e5n min penna och panna","potentialAction":[{"@type":"SearchAction","target":{"@type":"EntryPoint","urlTemplate":"https:\/\/www.arhammar.se\/blog\/?s={search_term_string}"},"query-input":{"@type":"PropertyValueSpecification","valueRequired":true,"valueName":"search_term_string"}}],"inLanguage":"en-US"},{"@type":"Person","@id":"https:\/\/www.arhammar.se\/blog\/#\/schema\/person\/061984c1d884b363e2c91550f2e00d1d","name":"Anders Arhammar","image":{"@type":"ImageObject","inLanguage":"en-US","@id":"https:\/\/secure.gravatar.com\/avatar\/784b5b36cfe145ae19a52340f405285a939bcc08d4a21136b3a81f9e378ffae0?s=96&d=mm&r=g","url":"https:\/\/secure.gravatar.com\/avatar\/784b5b36cfe145ae19a52340f405285a939bcc08d4a21136b3a81f9e378ffae0?s=96&d=mm&r=g","contentUrl":"https:\/\/secure.gravatar.com\/avatar\/784b5b36cfe145ae19a52340f405285a939bcc08d4a21136b3a81f9e378ffae0?s=96&d=mm&r=g","caption":"Anders Arhammar"},"url":"https:\/\/www.arhammar.se\/blog\/author\/anders\/"}]}},"_links":{"self":[{"href":"https:\/\/www.arhammar.se\/blog\/wp-json\/wp\/v2\/posts\/26408","targetHints":{"allow":["GET"]}}],"collection":[{"href":"https:\/\/www.arhammar.se\/blog\/wp-json\/wp\/v2\/posts"}],"about":[{"href":"https:\/\/www.arhammar.se\/blog\/wp-json\/wp\/v2\/types\/post"}],"author":[{"embeddable":true,"href":"https:\/\/www.arhammar.se\/blog\/wp-json\/wp\/v2\/users\/2"}],"replies":[{"embeddable":true,"href":"https:\/\/www.arhammar.se\/blog\/wp-json\/wp\/v2\/comments?post=26408"}],"version-history":[{"count":2,"href":"https:\/\/www.arhammar.se\/blog\/wp-json\/wp\/v2\/posts\/26408\/revisions"}],"predecessor-version":[{"id":26787,"href":"https:\/\/www.arhammar.se\/blog\/wp-json\/wp\/v2\/posts\/26408\/revisions\/26787"}],"wp:featuredmedia":[{"embeddable":true,"href":"https:\/\/www.arhammar.se\/blog\/wp-json\/wp\/v2\/media\/26194"}],"wp:attachment":[{"href":"https:\/\/www.arhammar.se\/blog\/wp-json\/wp\/v2\/media?parent=26408"}],"wp:term":[{"taxonomy":"category","embeddable":true,"href":"https:\/\/www.arhammar.se\/blog\/wp-json\/wp\/v2\/categories?post=26408"},{"taxonomy":"post_tag","embeddable":true,"href":"https:\/\/www.arhammar.se\/blog\/wp-json\/wp\/v2\/tags?post=26408"}],"curies":[{"name":"wp","href":"https:\/\/api.w.org\/{rel}","templated":true}]}}