{"id":26407,"date":"2020-02-26T23:37:13","date_gmt":"2020-02-26T22:37:13","guid":{"rendered":"https:\/\/www.arhammar.se\/blog\/?p=26407"},"modified":"2020-03-07T22:37:05","modified_gmt":"2020-03-07T21:37:05","slug":"lordag-den-24-augusti-1912-tank-om-nagon-far-tag-i-boken-och-laser-det","status":"publish","type":"post","link":"https:\/\/www.arhammar.se\/blog\/lordag-den-24-augusti-1912-tank-om-nagon-far-tag-i-boken-och-laser-det\/","title":{"rendered":"L\u00f6rdag den 24 augusti 1912. T\u00e4nk, om n\u00e5gon f\u00e5r tag i boken och l\u00e4ser det!"},"content":{"rendered":"<p>Usch, s\u00e5 dum jag m\u00e5tte ha varit, n\u00e4r jag skrev det sista! T\u00e4nk, om n\u00e5gon f\u00e5r tag i boken och l\u00e4ser det! Bevara mig v\u00e4l, d\u00e5 stode jag d\u00e4r vackert. <\/p>\n<p>P\u00e5 onsdag kv\u00e4ll trodde vi att Greta och Rut skulle komma, s\u00e5 att vi, Carl, Albin, K.S. och jag gingo \u00e4nda till \u201dgrinden&#8221; f\u00f6r att m\u00f6ta. D\u00e4r v\u00e4nde vi och gick nya landsv\u00e4gen tillbaka. N\u00e4r vi kom till &#8220;tv\u00e4ttst\u00e4llet&#8221; l\u00e5g d\u00e4r \u00e4nnu gl\u00f6d kvar efter den sista tv\u00e4tten och Karl och Arvid t\u00e4nde p\u00e5, s\u00e5 att l\u00e5gorna slogo h\u00f6gt mot skyn. Jag var hemskt r\u00e4dd, att n\u00e5gon skulle komma dit. Rut och Greta kommo inte. <\/p>\n<p>P\u00e5 torsdag st\u00f6rtregnade det hela f\u00f6rmiddagen men p\u00e5 eftermiddagen var det vackert. Flickorna kommo med sext\u00e5get. P\u00e5 kv\u00e4llen stog vi under pilarna borta i v\u00e4gen och pratade med pojkarna, d\u00e5 Valborg kom. Vi v\u00e4nde oss bort. Ig\u00e5r voro Greta och jag fr\u00e5n klockan ett till fyra i skogen och plockade hallon. Vi fingo tre liter ungef\u00e4r. P\u00e5 hemv\u00e4gen voro vi inne hos Anna i Torpet och fick saft och spelade cittra och sj\u00f6ng. P\u00e5 kv\u00e4llen l\u00e5nade Rut och jag pojkarnas cyklar och cyklade med lyktorna t\u00e4nda bort till vagnsbacken. Sen gick vi alla in i bers\u00e5n och satte oss och lekte nummerleken och hade livat.<\/p>\n<!-- AddThis Advanced Settings generic via filter on the_content --><!-- AddThis Share Buttons generic via filter on the_content -->","protected":false},"excerpt":{"rendered":"<p>Usch, s\u00e5 dum jag m\u00e5tte ha varit, n\u00e4r jag skrev det sista! T\u00e4nk, om n\u00e5gon f\u00e5r tag i boken och l\u00e4ser det! Bevara mig v\u00e4l, d\u00e5 stode jag d\u00e4r vackert. P\u00e5 onsdag kv\u00e4ll trodde vi att Greta och Rut skulle komma, s\u00e5 att vi, Carl, Albin, K.S. och jag gingo \u00e4nda till \u201dgrinden&#8221; f\u00f6r att [&hellip;]<!-- AddThis Advanced Settings generic via filter on wp_trim_excerpt --><!-- AddThis Share Buttons generic via filter on wp_trim_excerpt --><\/p>\n","protected":false},"author":2,"featured_media":26194,"comment_status":"open","ping_status":"open","sticky":false,"template":"","format":"standard","meta":{"footnotes":""},"categories":[3437,3425],"tags":[],"class_list":["post-26407","post","type-post","status-publish","format-standard","has-post-thumbnail","hentry","category-3437","category-mormors-dagbok"],"yoast_head":"<!-- This site is optimized with the Yoast SEO plugin v27.4 - https:\/\/yoast.com\/product\/yoast-seo-wordpress\/ -->\n<title>L\u00f6rdag den 24 augusti 1912. T\u00e4nk, om n\u00e5gon f\u00e5r tag i boken och l\u00e4ser det! - @Arhammar bokstavligen<\/title>\n<meta name=\"robots\" content=\"index, follow, max-snippet:-1, max-image-preview:large, max-video-preview:-1\" \/>\n<link rel=\"canonical\" href=\"https:\/\/www.arhammar.se\/blog\/lordag-den-24-augusti-1912-tank-om-nagon-far-tag-i-boken-och-laser-det\/\" \/>\n<meta property=\"og:locale\" content=\"en_US\" \/>\n<meta property=\"og:type\" content=\"article\" \/>\n<meta property=\"og:title\" content=\"L\u00f6rdag den 24 augusti 1912. T\u00e4nk, om n\u00e5gon f\u00e5r tag i boken och l\u00e4ser det! - @Arhammar bokstavligen\" \/>\n<meta property=\"og:description\" content=\"Usch, s\u00e5 dum jag m\u00e5tte ha varit, n\u00e4r jag skrev det sista! T\u00e4nk, om n\u00e5gon f\u00e5r tag i boken och l\u00e4ser det! Bevara mig v\u00e4l, d\u00e5 stode jag d\u00e4r vackert. P\u00e5 onsdag kv\u00e4ll trodde vi att Greta och Rut skulle komma, s\u00e5 att vi, Carl, Albin, K.S. och jag gingo \u00e4nda till \u201dgrinden&#8221; f\u00f6r att [&hellip;]\" \/>\n<meta property=\"og:url\" content=\"https:\/\/www.arhammar.se\/blog\/lordag-den-24-augusti-1912-tank-om-nagon-far-tag-i-boken-och-laser-det\/\" \/>\n<meta property=\"og:site_name\" content=\"@Arhammar bokstavligen\" \/>\n<meta property=\"article:published_time\" content=\"2020-02-26T22:37:13+00:00\" \/>\n<meta property=\"article:modified_time\" content=\"2020-03-07T21:37:05+00:00\" \/>\n<meta property=\"og:image\" content=\"https:\/\/www.arhammar.se\/blog\/wp-content\/uploads\/2020\/10\/augusti1912.jpg\" \/>\n\t<meta property=\"og:image:width\" content=\"640\" \/>\n\t<meta property=\"og:image:height\" content=\"480\" \/>\n\t<meta property=\"og:image:type\" content=\"image\/jpeg\" \/>\n<meta name=\"author\" content=\"Anders Arhammar\" \/>\n<meta name=\"twitter:card\" content=\"summary_large_image\" \/>\n<meta name=\"twitter:label1\" content=\"Written by\" \/>\n\t<meta name=\"twitter:data1\" content=\"Anders Arhammar\" \/>\n\t<meta name=\"twitter:label2\" content=\"Est. reading time\" \/>\n\t<meta name=\"twitter:data2\" content=\"1 minute\" \/>\n<script type=\"application\/ld+json\" class=\"yoast-schema-graph\">{\"@context\":\"https:\\\/\\\/schema.org\",\"@graph\":[{\"@type\":\"Article\",\"@id\":\"https:\\\/\\\/www.arhammar.se\\\/blog\\\/lordag-den-24-augusti-1912-tank-om-nagon-far-tag-i-boken-och-laser-det\\\/#article\",\"isPartOf\":{\"@id\":\"https:\\\/\\\/www.arhammar.se\\\/blog\\\/lordag-den-24-augusti-1912-tank-om-nagon-far-tag-i-boken-och-laser-det\\\/\"},\"author\":{\"name\":\"Anders Arhammar\",\"@id\":\"https:\\\/\\\/www.arhammar.se\\\/blog\\\/#\\\/schema\\\/person\\\/061984c1d884b363e2c91550f2e00d1d\"},\"headline\":\"L\u00f6rdag den 24 augusti 1912. T\u00e4nk, om n\u00e5gon f\u00e5r tag i boken och l\u00e4ser det!\",\"datePublished\":\"2020-02-26T22:37:13+00:00\",\"dateModified\":\"2020-03-07T21:37:05+00:00\",\"mainEntityOfPage\":{\"@id\":\"https:\\\/\\\/www.arhammar.se\\\/blog\\\/lordag-den-24-augusti-1912-tank-om-nagon-far-tag-i-boken-och-laser-det\\\/\"},\"wordCount\":270,\"commentCount\":0,\"image\":{\"@id\":\"https:\\\/\\\/www.arhammar.se\\\/blog\\\/lordag-den-24-augusti-1912-tank-om-nagon-far-tag-i-boken-och-laser-det\\\/#primaryimage\"},\"thumbnailUrl\":\"https:\\\/\\\/www.arhammar.se\\\/blog\\\/wp-content\\\/uploads\\\/2020\\\/10\\\/augusti1912.jpg\",\"articleSection\":[\"1912\",\"mormors dagbok\"],\"inLanguage\":\"en-US\",\"potentialAction\":[{\"@type\":\"CommentAction\",\"name\":\"Comment\",\"target\":[\"https:\\\/\\\/www.arhammar.se\\\/blog\\\/lordag-den-24-augusti-1912-tank-om-nagon-far-tag-i-boken-och-laser-det\\\/#respond\"]}]},{\"@type\":\"WebPage\",\"@id\":\"https:\\\/\\\/www.arhammar.se\\\/blog\\\/lordag-den-24-augusti-1912-tank-om-nagon-far-tag-i-boken-och-laser-det\\\/\",\"url\":\"https:\\\/\\\/www.arhammar.se\\\/blog\\\/lordag-den-24-augusti-1912-tank-om-nagon-far-tag-i-boken-och-laser-det\\\/\",\"name\":\"L\u00f6rdag den 24 augusti 1912. T\u00e4nk, om n\u00e5gon f\u00e5r tag i boken och l\u00e4ser det! - @Arhammar bokstavligen\",\"isPartOf\":{\"@id\":\"https:\\\/\\\/www.arhammar.se\\\/blog\\\/#website\"},\"primaryImageOfPage\":{\"@id\":\"https:\\\/\\\/www.arhammar.se\\\/blog\\\/lordag-den-24-augusti-1912-tank-om-nagon-far-tag-i-boken-och-laser-det\\\/#primaryimage\"},\"image\":{\"@id\":\"https:\\\/\\\/www.arhammar.se\\\/blog\\\/lordag-den-24-augusti-1912-tank-om-nagon-far-tag-i-boken-och-laser-det\\\/#primaryimage\"},\"thumbnailUrl\":\"https:\\\/\\\/www.arhammar.se\\\/blog\\\/wp-content\\\/uploads\\\/2020\\\/10\\\/augusti1912.jpg\",\"datePublished\":\"2020-02-26T22:37:13+00:00\",\"dateModified\":\"2020-03-07T21:37:05+00:00\",\"author\":{\"@id\":\"https:\\\/\\\/www.arhammar.se\\\/blog\\\/#\\\/schema\\\/person\\\/061984c1d884b363e2c91550f2e00d1d\"},\"breadcrumb\":{\"@id\":\"https:\\\/\\\/www.arhammar.se\\\/blog\\\/lordag-den-24-augusti-1912-tank-om-nagon-far-tag-i-boken-och-laser-det\\\/#breadcrumb\"},\"inLanguage\":\"en-US\",\"potentialAction\":[{\"@type\":\"ReadAction\",\"target\":[\"https:\\\/\\\/www.arhammar.se\\\/blog\\\/lordag-den-24-augusti-1912-tank-om-nagon-far-tag-i-boken-och-laser-det\\\/\"]}]},{\"@type\":\"ImageObject\",\"inLanguage\":\"en-US\",\"@id\":\"https:\\\/\\\/www.arhammar.se\\\/blog\\\/lordag-den-24-augusti-1912-tank-om-nagon-far-tag-i-boken-och-laser-det\\\/#primaryimage\",\"url\":\"https:\\\/\\\/www.arhammar.se\\\/blog\\\/wp-content\\\/uploads\\\/2020\\\/10\\\/augusti1912.jpg\",\"contentUrl\":\"https:\\\/\\\/www.arhammar.se\\\/blog\\\/wp-content\\\/uploads\\\/2020\\\/10\\\/augusti1912.jpg\",\"width\":640,\"height\":480},{\"@type\":\"BreadcrumbList\",\"@id\":\"https:\\\/\\\/www.arhammar.se\\\/blog\\\/lordag-den-24-augusti-1912-tank-om-nagon-far-tag-i-boken-och-laser-det\\\/#breadcrumb\",\"itemListElement\":[{\"@type\":\"ListItem\",\"position\":1,\"name\":\"Home\",\"item\":\"https:\\\/\\\/www.arhammar.se\\\/blog\\\/\"},{\"@type\":\"ListItem\",\"position\":2,\"name\":\"L\u00f6rdag den 24 augusti 1912. T\u00e4nk, om n\u00e5gon f\u00e5r tag i boken och l\u00e4ser det!\"}]},{\"@type\":\"WebSite\",\"@id\":\"https:\\\/\\\/www.arhammar.se\\\/blog\\\/#website\",\"url\":\"https:\\\/\\\/www.arhammar.se\\\/blog\\\/\",\"name\":\"@Arhammar bokstavligen\",\"description\":\"Fr\u00e5n min penna och panna\",\"potentialAction\":[{\"@type\":\"SearchAction\",\"target\":{\"@type\":\"EntryPoint\",\"urlTemplate\":\"https:\\\/\\\/www.arhammar.se\\\/blog\\\/?s={search_term_string}\"},\"query-input\":{\"@type\":\"PropertyValueSpecification\",\"valueRequired\":true,\"valueName\":\"search_term_string\"}}],\"inLanguage\":\"en-US\"},{\"@type\":\"Person\",\"@id\":\"https:\\\/\\\/www.arhammar.se\\\/blog\\\/#\\\/schema\\\/person\\\/061984c1d884b363e2c91550f2e00d1d\",\"name\":\"Anders Arhammar\",\"image\":{\"@type\":\"ImageObject\",\"inLanguage\":\"en-US\",\"@id\":\"https:\\\/\\\/secure.gravatar.com\\\/avatar\\\/784b5b36cfe145ae19a52340f405285a939bcc08d4a21136b3a81f9e378ffae0?s=96&d=mm&r=g\",\"url\":\"https:\\\/\\\/secure.gravatar.com\\\/avatar\\\/784b5b36cfe145ae19a52340f405285a939bcc08d4a21136b3a81f9e378ffae0?s=96&d=mm&r=g\",\"contentUrl\":\"https:\\\/\\\/secure.gravatar.com\\\/avatar\\\/784b5b36cfe145ae19a52340f405285a939bcc08d4a21136b3a81f9e378ffae0?s=96&d=mm&r=g\",\"caption\":\"Anders Arhammar\"},\"url\":\"https:\\\/\\\/www.arhammar.se\\\/blog\\\/author\\\/anders\\\/\"}]}<\/script>\n<!-- \/ Yoast SEO plugin. -->","yoast_head_json":{"title":"L\u00f6rdag den 24 augusti 1912. T\u00e4nk, om n\u00e5gon f\u00e5r tag i boken och l\u00e4ser det! - @Arhammar bokstavligen","robots":{"index":"index","follow":"follow","max-snippet":"max-snippet:-1","max-image-preview":"max-image-preview:large","max-video-preview":"max-video-preview:-1"},"canonical":"https:\/\/www.arhammar.se\/blog\/lordag-den-24-augusti-1912-tank-om-nagon-far-tag-i-boken-och-laser-det\/","og_locale":"en_US","og_type":"article","og_title":"L\u00f6rdag den 24 augusti 1912. T\u00e4nk, om n\u00e5gon f\u00e5r tag i boken och l\u00e4ser det! - @Arhammar bokstavligen","og_description":"Usch, s\u00e5 dum jag m\u00e5tte ha varit, n\u00e4r jag skrev det sista! T\u00e4nk, om n\u00e5gon f\u00e5r tag i boken och l\u00e4ser det! Bevara mig v\u00e4l, d\u00e5 stode jag d\u00e4r vackert. P\u00e5 onsdag kv\u00e4ll trodde vi att Greta och Rut skulle komma, s\u00e5 att vi, Carl, Albin, K.S. och jag gingo \u00e4nda till \u201dgrinden&#8221; f\u00f6r att [&hellip;]","og_url":"https:\/\/www.arhammar.se\/blog\/lordag-den-24-augusti-1912-tank-om-nagon-far-tag-i-boken-och-laser-det\/","og_site_name":"@Arhammar bokstavligen","article_published_time":"2020-02-26T22:37:13+00:00","article_modified_time":"2020-03-07T21:37:05+00:00","og_image":[{"width":640,"height":480,"url":"https:\/\/www.arhammar.se\/blog\/wp-content\/uploads\/2020\/10\/augusti1912.jpg","type":"image\/jpeg"}],"author":"Anders Arhammar","twitter_card":"summary_large_image","twitter_misc":{"Written by":"Anders Arhammar","Est. reading time":"1 minute"},"schema":{"@context":"https:\/\/schema.org","@graph":[{"@type":"Article","@id":"https:\/\/www.arhammar.se\/blog\/lordag-den-24-augusti-1912-tank-om-nagon-far-tag-i-boken-och-laser-det\/#article","isPartOf":{"@id":"https:\/\/www.arhammar.se\/blog\/lordag-den-24-augusti-1912-tank-om-nagon-far-tag-i-boken-och-laser-det\/"},"author":{"name":"Anders Arhammar","@id":"https:\/\/www.arhammar.se\/blog\/#\/schema\/person\/061984c1d884b363e2c91550f2e00d1d"},"headline":"L\u00f6rdag den 24 augusti 1912. T\u00e4nk, om n\u00e5gon f\u00e5r tag i boken och l\u00e4ser det!","datePublished":"2020-02-26T22:37:13+00:00","dateModified":"2020-03-07T21:37:05+00:00","mainEntityOfPage":{"@id":"https:\/\/www.arhammar.se\/blog\/lordag-den-24-augusti-1912-tank-om-nagon-far-tag-i-boken-och-laser-det\/"},"wordCount":270,"commentCount":0,"image":{"@id":"https:\/\/www.arhammar.se\/blog\/lordag-den-24-augusti-1912-tank-om-nagon-far-tag-i-boken-och-laser-det\/#primaryimage"},"thumbnailUrl":"https:\/\/www.arhammar.se\/blog\/wp-content\/uploads\/2020\/10\/augusti1912.jpg","articleSection":["1912","mormors dagbok"],"inLanguage":"en-US","potentialAction":[{"@type":"CommentAction","name":"Comment","target":["https:\/\/www.arhammar.se\/blog\/lordag-den-24-augusti-1912-tank-om-nagon-far-tag-i-boken-och-laser-det\/#respond"]}]},{"@type":"WebPage","@id":"https:\/\/www.arhammar.se\/blog\/lordag-den-24-augusti-1912-tank-om-nagon-far-tag-i-boken-och-laser-det\/","url":"https:\/\/www.arhammar.se\/blog\/lordag-den-24-augusti-1912-tank-om-nagon-far-tag-i-boken-och-laser-det\/","name":"L\u00f6rdag den 24 augusti 1912. T\u00e4nk, om n\u00e5gon f\u00e5r tag i boken och l\u00e4ser det! - @Arhammar bokstavligen","isPartOf":{"@id":"https:\/\/www.arhammar.se\/blog\/#website"},"primaryImageOfPage":{"@id":"https:\/\/www.arhammar.se\/blog\/lordag-den-24-augusti-1912-tank-om-nagon-far-tag-i-boken-och-laser-det\/#primaryimage"},"image":{"@id":"https:\/\/www.arhammar.se\/blog\/lordag-den-24-augusti-1912-tank-om-nagon-far-tag-i-boken-och-laser-det\/#primaryimage"},"thumbnailUrl":"https:\/\/www.arhammar.se\/blog\/wp-content\/uploads\/2020\/10\/augusti1912.jpg","datePublished":"2020-02-26T22:37:13+00:00","dateModified":"2020-03-07T21:37:05+00:00","author":{"@id":"https:\/\/www.arhammar.se\/blog\/#\/schema\/person\/061984c1d884b363e2c91550f2e00d1d"},"breadcrumb":{"@id":"https:\/\/www.arhammar.se\/blog\/lordag-den-24-augusti-1912-tank-om-nagon-far-tag-i-boken-och-laser-det\/#breadcrumb"},"inLanguage":"en-US","potentialAction":[{"@type":"ReadAction","target":["https:\/\/www.arhammar.se\/blog\/lordag-den-24-augusti-1912-tank-om-nagon-far-tag-i-boken-och-laser-det\/"]}]},{"@type":"ImageObject","inLanguage":"en-US","@id":"https:\/\/www.arhammar.se\/blog\/lordag-den-24-augusti-1912-tank-om-nagon-far-tag-i-boken-och-laser-det\/#primaryimage","url":"https:\/\/www.arhammar.se\/blog\/wp-content\/uploads\/2020\/10\/augusti1912.jpg","contentUrl":"https:\/\/www.arhammar.se\/blog\/wp-content\/uploads\/2020\/10\/augusti1912.jpg","width":640,"height":480},{"@type":"BreadcrumbList","@id":"https:\/\/www.arhammar.se\/blog\/lordag-den-24-augusti-1912-tank-om-nagon-far-tag-i-boken-och-laser-det\/#breadcrumb","itemListElement":[{"@type":"ListItem","position":1,"name":"Home","item":"https:\/\/www.arhammar.se\/blog\/"},{"@type":"ListItem","position":2,"name":"L\u00f6rdag den 24 augusti 1912. T\u00e4nk, om n\u00e5gon f\u00e5r tag i boken och l\u00e4ser det!"}]},{"@type":"WebSite","@id":"https:\/\/www.arhammar.se\/blog\/#website","url":"https:\/\/www.arhammar.se\/blog\/","name":"@Arhammar bokstavligen","description":"Fr\u00e5n min penna och panna","potentialAction":[{"@type":"SearchAction","target":{"@type":"EntryPoint","urlTemplate":"https:\/\/www.arhammar.se\/blog\/?s={search_term_string}"},"query-input":{"@type":"PropertyValueSpecification","valueRequired":true,"valueName":"search_term_string"}}],"inLanguage":"en-US"},{"@type":"Person","@id":"https:\/\/www.arhammar.se\/blog\/#\/schema\/person\/061984c1d884b363e2c91550f2e00d1d","name":"Anders Arhammar","image":{"@type":"ImageObject","inLanguage":"en-US","@id":"https:\/\/secure.gravatar.com\/avatar\/784b5b36cfe145ae19a52340f405285a939bcc08d4a21136b3a81f9e378ffae0?s=96&d=mm&r=g","url":"https:\/\/secure.gravatar.com\/avatar\/784b5b36cfe145ae19a52340f405285a939bcc08d4a21136b3a81f9e378ffae0?s=96&d=mm&r=g","contentUrl":"https:\/\/secure.gravatar.com\/avatar\/784b5b36cfe145ae19a52340f405285a939bcc08d4a21136b3a81f9e378ffae0?s=96&d=mm&r=g","caption":"Anders Arhammar"},"url":"https:\/\/www.arhammar.se\/blog\/author\/anders\/"}]}},"_links":{"self":[{"href":"https:\/\/www.arhammar.se\/blog\/wp-json\/wp\/v2\/posts\/26407","targetHints":{"allow":["GET"]}}],"collection":[{"href":"https:\/\/www.arhammar.se\/blog\/wp-json\/wp\/v2\/posts"}],"about":[{"href":"https:\/\/www.arhammar.se\/blog\/wp-json\/wp\/v2\/types\/post"}],"author":[{"embeddable":true,"href":"https:\/\/www.arhammar.se\/blog\/wp-json\/wp\/v2\/users\/2"}],"replies":[{"embeddable":true,"href":"https:\/\/www.arhammar.se\/blog\/wp-json\/wp\/v2\/comments?post=26407"}],"version-history":[{"count":3,"href":"https:\/\/www.arhammar.se\/blog\/wp-json\/wp\/v2\/posts\/26407\/revisions"}],"predecessor-version":[{"id":26788,"href":"https:\/\/www.arhammar.se\/blog\/wp-json\/wp\/v2\/posts\/26407\/revisions\/26788"}],"wp:featuredmedia":[{"embeddable":true,"href":"https:\/\/www.arhammar.se\/blog\/wp-json\/wp\/v2\/media\/26194"}],"wp:attachment":[{"href":"https:\/\/www.arhammar.se\/blog\/wp-json\/wp\/v2\/media?parent=26407"}],"wp:term":[{"taxonomy":"category","embeddable":true,"href":"https:\/\/www.arhammar.se\/blog\/wp-json\/wp\/v2\/categories?post=26407"},{"taxonomy":"post_tag","embeddable":true,"href":"https:\/\/www.arhammar.se\/blog\/wp-json\/wp\/v2\/tags?post=26407"}],"curies":[{"name":"wp","href":"https:\/\/api.w.org\/{rel}","templated":true}]}}