{"id":26406,"date":"2020-02-26T23:30:44","date_gmt":"2020-02-26T22:30:44","guid":{"rendered":"https:\/\/www.arhammar.se\/blog\/?p=26406"},"modified":"2020-03-07T22:33:03","modified_gmt":"2020-03-07T21:33:03","slug":"tisdagen-den-20-augusti-1912-han-hangde-i-koksfonstret-och-spionerade","status":"publish","type":"post","link":"https:\/\/www.arhammar.se\/blog\/tisdagen-den-20-augusti-1912-han-hangde-i-koksfonstret-och-spionerade\/","title":{"rendered":"Tisdagen den 20 augusti 1912. Han h\u00e4ngde i k\u00f6ksf\u00f6nstret och spionerade."},"content":{"rendered":"<p>Regnigt idag liksom ig\u00e5r. Usch, s\u00e5 tr\u00e5kigt. Ig\u00e5r gingo vi inne och d\u00e5sade n\u00e4stan hela dagen. Vi voro ute en stund p\u00e5 kv\u00e4llen. D\u00e5 l\u00e5nade Rut och jag Karls och Albins cyklar och cyklade n\u00e4stan till Vagnsbacken. Det var alldeles m\u00f6rkt, men vi hade lyktor p\u00e5 cyklarna. V\u00e4ldigt skoj. Sen stodo vi och pratade med pojkarna ner i v\u00e4gen och &#8220;pfefte&#8221; ocks\u00e5. T.o.m. Rut. <\/p>\n<p>Vi voro gr\u00e4sligt r\u00e4dda att Josef, (som varit h\u00e4r sedan i l\u00f6rdags \u00e5tta dar) skulle se oss. Han h\u00e4ngde i k\u00f6ksf\u00f6nstret och spionerade. Idag gick Greta, Rut och jag upp klockan halv sex. De skulle n\u00e4mligen med 7.54-t\u00e5get till Fryksta f\u00f6r att forts\u00e4tta p\u00e5 en turistf\u00e4rd genom \u201dG\u00f6sta Berlings land&#8221;. Lyckliga ostar. Jag skjutsade dem till stationen. Hem fick en k\u00e4ring fr\u00e5n Lillevik \u00e5ka med. Idag har ocks\u00e5 Josef rest. han reste med b\u00e5ten till Arvika f\u00f6r att sedan, likaledes med b\u00e5t, forts\u00e4tta till G\u00f6teborg. Usch, vad det regnar!<\/p>\n<!-- AddThis Advanced Settings generic via filter on the_content --><!-- AddThis Share Buttons generic via filter on the_content -->","protected":false},"excerpt":{"rendered":"<p>Regnigt idag liksom ig\u00e5r. Usch, s\u00e5 tr\u00e5kigt. Ig\u00e5r gingo vi inne och d\u00e5sade n\u00e4stan hela dagen. Vi voro ute en stund p\u00e5 kv\u00e4llen. D\u00e5 l\u00e5nade Rut och jag Karls och Albins cyklar och cyklade n\u00e4stan till Vagnsbacken. Det var alldeles m\u00f6rkt, men vi hade lyktor p\u00e5 cyklarna. V\u00e4ldigt skoj. Sen stodo vi och pratade med [&hellip;]<!-- AddThis Advanced Settings generic via filter on wp_trim_excerpt --><!-- AddThis Share Buttons generic via filter on wp_trim_excerpt --><\/p>\n","protected":false},"author":2,"featured_media":26194,"comment_status":"open","ping_status":"open","sticky":false,"template":"","format":"standard","meta":{"footnotes":""},"categories":[3437,3425],"tags":[],"class_list":["post-26406","post","type-post","status-publish","format-standard","has-post-thumbnail","hentry","category-3437","category-mormors-dagbok"],"yoast_head":"<!-- This site is optimized with the Yoast SEO plugin v27.4 - https:\/\/yoast.com\/product\/yoast-seo-wordpress\/ -->\n<title>Tisdagen den 20 augusti 1912. Han h\u00e4ngde i k\u00f6ksf\u00f6nstret och spionerade. - @Arhammar bokstavligen<\/title>\n<meta name=\"robots\" content=\"index, follow, max-snippet:-1, max-image-preview:large, max-video-preview:-1\" \/>\n<link rel=\"canonical\" href=\"https:\/\/www.arhammar.se\/blog\/tisdagen-den-20-augusti-1912-han-hangde-i-koksfonstret-och-spionerade\/\" \/>\n<meta property=\"og:locale\" content=\"en_US\" \/>\n<meta property=\"og:type\" content=\"article\" \/>\n<meta property=\"og:title\" content=\"Tisdagen den 20 augusti 1912. Han h\u00e4ngde i k\u00f6ksf\u00f6nstret och spionerade. - @Arhammar bokstavligen\" \/>\n<meta property=\"og:description\" content=\"Regnigt idag liksom ig\u00e5r. Usch, s\u00e5 tr\u00e5kigt. Ig\u00e5r gingo vi inne och d\u00e5sade n\u00e4stan hela dagen. Vi voro ute en stund p\u00e5 kv\u00e4llen. D\u00e5 l\u00e5nade Rut och jag Karls och Albins cyklar och cyklade n\u00e4stan till Vagnsbacken. Det var alldeles m\u00f6rkt, men vi hade lyktor p\u00e5 cyklarna. V\u00e4ldigt skoj. Sen stodo vi och pratade med [&hellip;]\" \/>\n<meta property=\"og:url\" content=\"https:\/\/www.arhammar.se\/blog\/tisdagen-den-20-augusti-1912-han-hangde-i-koksfonstret-och-spionerade\/\" \/>\n<meta property=\"og:site_name\" content=\"@Arhammar bokstavligen\" \/>\n<meta property=\"article:published_time\" content=\"2020-02-26T22:30:44+00:00\" \/>\n<meta property=\"article:modified_time\" content=\"2020-03-07T21:33:03+00:00\" \/>\n<meta property=\"og:image\" content=\"https:\/\/www.arhammar.se\/blog\/wp-content\/uploads\/2020\/10\/augusti1912.jpg\" \/>\n\t<meta property=\"og:image:width\" content=\"640\" \/>\n\t<meta property=\"og:image:height\" content=\"480\" \/>\n\t<meta property=\"og:image:type\" content=\"image\/jpeg\" \/>\n<meta name=\"author\" content=\"Anders Arhammar\" \/>\n<meta name=\"twitter:card\" content=\"summary_large_image\" \/>\n<meta name=\"twitter:label1\" content=\"Written by\" \/>\n\t<meta name=\"twitter:data1\" content=\"Anders Arhammar\" \/>\n\t<meta name=\"twitter:label2\" content=\"Est. reading time\" \/>\n\t<meta name=\"twitter:data2\" content=\"1 minute\" \/>\n<script type=\"application\/ld+json\" class=\"yoast-schema-graph\">{\"@context\":\"https:\\\/\\\/schema.org\",\"@graph\":[{\"@type\":\"Article\",\"@id\":\"https:\\\/\\\/www.arhammar.se\\\/blog\\\/tisdagen-den-20-augusti-1912-han-hangde-i-koksfonstret-och-spionerade\\\/#article\",\"isPartOf\":{\"@id\":\"https:\\\/\\\/www.arhammar.se\\\/blog\\\/tisdagen-den-20-augusti-1912-han-hangde-i-koksfonstret-och-spionerade\\\/\"},\"author\":{\"name\":\"Anders Arhammar\",\"@id\":\"https:\\\/\\\/www.arhammar.se\\\/blog\\\/#\\\/schema\\\/person\\\/061984c1d884b363e2c91550f2e00d1d\"},\"headline\":\"Tisdagen den 20 augusti 1912. Han h\u00e4ngde i k\u00f6ksf\u00f6nstret och spionerade.\",\"datePublished\":\"2020-02-26T22:30:44+00:00\",\"dateModified\":\"2020-03-07T21:33:03+00:00\",\"mainEntityOfPage\":{\"@id\":\"https:\\\/\\\/www.arhammar.se\\\/blog\\\/tisdagen-den-20-augusti-1912-han-hangde-i-koksfonstret-och-spionerade\\\/\"},\"wordCount\":198,\"commentCount\":0,\"image\":{\"@id\":\"https:\\\/\\\/www.arhammar.se\\\/blog\\\/tisdagen-den-20-augusti-1912-han-hangde-i-koksfonstret-och-spionerade\\\/#primaryimage\"},\"thumbnailUrl\":\"https:\\\/\\\/www.arhammar.se\\\/blog\\\/wp-content\\\/uploads\\\/2020\\\/10\\\/augusti1912.jpg\",\"articleSection\":[\"1912\",\"mormors dagbok\"],\"inLanguage\":\"en-US\",\"potentialAction\":[{\"@type\":\"CommentAction\",\"name\":\"Comment\",\"target\":[\"https:\\\/\\\/www.arhammar.se\\\/blog\\\/tisdagen-den-20-augusti-1912-han-hangde-i-koksfonstret-och-spionerade\\\/#respond\"]}]},{\"@type\":\"WebPage\",\"@id\":\"https:\\\/\\\/www.arhammar.se\\\/blog\\\/tisdagen-den-20-augusti-1912-han-hangde-i-koksfonstret-och-spionerade\\\/\",\"url\":\"https:\\\/\\\/www.arhammar.se\\\/blog\\\/tisdagen-den-20-augusti-1912-han-hangde-i-koksfonstret-och-spionerade\\\/\",\"name\":\"Tisdagen den 20 augusti 1912. Han h\u00e4ngde i k\u00f6ksf\u00f6nstret och spionerade. - @Arhammar bokstavligen\",\"isPartOf\":{\"@id\":\"https:\\\/\\\/www.arhammar.se\\\/blog\\\/#website\"},\"primaryImageOfPage\":{\"@id\":\"https:\\\/\\\/www.arhammar.se\\\/blog\\\/tisdagen-den-20-augusti-1912-han-hangde-i-koksfonstret-och-spionerade\\\/#primaryimage\"},\"image\":{\"@id\":\"https:\\\/\\\/www.arhammar.se\\\/blog\\\/tisdagen-den-20-augusti-1912-han-hangde-i-koksfonstret-och-spionerade\\\/#primaryimage\"},\"thumbnailUrl\":\"https:\\\/\\\/www.arhammar.se\\\/blog\\\/wp-content\\\/uploads\\\/2020\\\/10\\\/augusti1912.jpg\",\"datePublished\":\"2020-02-26T22:30:44+00:00\",\"dateModified\":\"2020-03-07T21:33:03+00:00\",\"author\":{\"@id\":\"https:\\\/\\\/www.arhammar.se\\\/blog\\\/#\\\/schema\\\/person\\\/061984c1d884b363e2c91550f2e00d1d\"},\"breadcrumb\":{\"@id\":\"https:\\\/\\\/www.arhammar.se\\\/blog\\\/tisdagen-den-20-augusti-1912-han-hangde-i-koksfonstret-och-spionerade\\\/#breadcrumb\"},\"inLanguage\":\"en-US\",\"potentialAction\":[{\"@type\":\"ReadAction\",\"target\":[\"https:\\\/\\\/www.arhammar.se\\\/blog\\\/tisdagen-den-20-augusti-1912-han-hangde-i-koksfonstret-och-spionerade\\\/\"]}]},{\"@type\":\"ImageObject\",\"inLanguage\":\"en-US\",\"@id\":\"https:\\\/\\\/www.arhammar.se\\\/blog\\\/tisdagen-den-20-augusti-1912-han-hangde-i-koksfonstret-och-spionerade\\\/#primaryimage\",\"url\":\"https:\\\/\\\/www.arhammar.se\\\/blog\\\/wp-content\\\/uploads\\\/2020\\\/10\\\/augusti1912.jpg\",\"contentUrl\":\"https:\\\/\\\/www.arhammar.se\\\/blog\\\/wp-content\\\/uploads\\\/2020\\\/10\\\/augusti1912.jpg\",\"width\":640,\"height\":480},{\"@type\":\"BreadcrumbList\",\"@id\":\"https:\\\/\\\/www.arhammar.se\\\/blog\\\/tisdagen-den-20-augusti-1912-han-hangde-i-koksfonstret-och-spionerade\\\/#breadcrumb\",\"itemListElement\":[{\"@type\":\"ListItem\",\"position\":1,\"name\":\"Home\",\"item\":\"https:\\\/\\\/www.arhammar.se\\\/blog\\\/\"},{\"@type\":\"ListItem\",\"position\":2,\"name\":\"Tisdagen den 20 augusti 1912. Han h\u00e4ngde i k\u00f6ksf\u00f6nstret och spionerade.\"}]},{\"@type\":\"WebSite\",\"@id\":\"https:\\\/\\\/www.arhammar.se\\\/blog\\\/#website\",\"url\":\"https:\\\/\\\/www.arhammar.se\\\/blog\\\/\",\"name\":\"@Arhammar bokstavligen\",\"description\":\"Fr\u00e5n min penna och panna\",\"potentialAction\":[{\"@type\":\"SearchAction\",\"target\":{\"@type\":\"EntryPoint\",\"urlTemplate\":\"https:\\\/\\\/www.arhammar.se\\\/blog\\\/?s={search_term_string}\"},\"query-input\":{\"@type\":\"PropertyValueSpecification\",\"valueRequired\":true,\"valueName\":\"search_term_string\"}}],\"inLanguage\":\"en-US\"},{\"@type\":\"Person\",\"@id\":\"https:\\\/\\\/www.arhammar.se\\\/blog\\\/#\\\/schema\\\/person\\\/061984c1d884b363e2c91550f2e00d1d\",\"name\":\"Anders Arhammar\",\"image\":{\"@type\":\"ImageObject\",\"inLanguage\":\"en-US\",\"@id\":\"https:\\\/\\\/secure.gravatar.com\\\/avatar\\\/784b5b36cfe145ae19a52340f405285a939bcc08d4a21136b3a81f9e378ffae0?s=96&d=mm&r=g\",\"url\":\"https:\\\/\\\/secure.gravatar.com\\\/avatar\\\/784b5b36cfe145ae19a52340f405285a939bcc08d4a21136b3a81f9e378ffae0?s=96&d=mm&r=g\",\"contentUrl\":\"https:\\\/\\\/secure.gravatar.com\\\/avatar\\\/784b5b36cfe145ae19a52340f405285a939bcc08d4a21136b3a81f9e378ffae0?s=96&d=mm&r=g\",\"caption\":\"Anders Arhammar\"},\"url\":\"https:\\\/\\\/www.arhammar.se\\\/blog\\\/author\\\/anders\\\/\"}]}<\/script>\n<!-- \/ Yoast SEO plugin. -->","yoast_head_json":{"title":"Tisdagen den 20 augusti 1912. Han h\u00e4ngde i k\u00f6ksf\u00f6nstret och spionerade. - @Arhammar bokstavligen","robots":{"index":"index","follow":"follow","max-snippet":"max-snippet:-1","max-image-preview":"max-image-preview:large","max-video-preview":"max-video-preview:-1"},"canonical":"https:\/\/www.arhammar.se\/blog\/tisdagen-den-20-augusti-1912-han-hangde-i-koksfonstret-och-spionerade\/","og_locale":"en_US","og_type":"article","og_title":"Tisdagen den 20 augusti 1912. Han h\u00e4ngde i k\u00f6ksf\u00f6nstret och spionerade. - @Arhammar bokstavligen","og_description":"Regnigt idag liksom ig\u00e5r. Usch, s\u00e5 tr\u00e5kigt. Ig\u00e5r gingo vi inne och d\u00e5sade n\u00e4stan hela dagen. Vi voro ute en stund p\u00e5 kv\u00e4llen. D\u00e5 l\u00e5nade Rut och jag Karls och Albins cyklar och cyklade n\u00e4stan till Vagnsbacken. Det var alldeles m\u00f6rkt, men vi hade lyktor p\u00e5 cyklarna. V\u00e4ldigt skoj. Sen stodo vi och pratade med [&hellip;]","og_url":"https:\/\/www.arhammar.se\/blog\/tisdagen-den-20-augusti-1912-han-hangde-i-koksfonstret-och-spionerade\/","og_site_name":"@Arhammar bokstavligen","article_published_time":"2020-02-26T22:30:44+00:00","article_modified_time":"2020-03-07T21:33:03+00:00","og_image":[{"width":640,"height":480,"url":"https:\/\/www.arhammar.se\/blog\/wp-content\/uploads\/2020\/10\/augusti1912.jpg","type":"image\/jpeg"}],"author":"Anders Arhammar","twitter_card":"summary_large_image","twitter_misc":{"Written by":"Anders Arhammar","Est. reading time":"1 minute"},"schema":{"@context":"https:\/\/schema.org","@graph":[{"@type":"Article","@id":"https:\/\/www.arhammar.se\/blog\/tisdagen-den-20-augusti-1912-han-hangde-i-koksfonstret-och-spionerade\/#article","isPartOf":{"@id":"https:\/\/www.arhammar.se\/blog\/tisdagen-den-20-augusti-1912-han-hangde-i-koksfonstret-och-spionerade\/"},"author":{"name":"Anders Arhammar","@id":"https:\/\/www.arhammar.se\/blog\/#\/schema\/person\/061984c1d884b363e2c91550f2e00d1d"},"headline":"Tisdagen den 20 augusti 1912. Han h\u00e4ngde i k\u00f6ksf\u00f6nstret och spionerade.","datePublished":"2020-02-26T22:30:44+00:00","dateModified":"2020-03-07T21:33:03+00:00","mainEntityOfPage":{"@id":"https:\/\/www.arhammar.se\/blog\/tisdagen-den-20-augusti-1912-han-hangde-i-koksfonstret-och-spionerade\/"},"wordCount":198,"commentCount":0,"image":{"@id":"https:\/\/www.arhammar.se\/blog\/tisdagen-den-20-augusti-1912-han-hangde-i-koksfonstret-och-spionerade\/#primaryimage"},"thumbnailUrl":"https:\/\/www.arhammar.se\/blog\/wp-content\/uploads\/2020\/10\/augusti1912.jpg","articleSection":["1912","mormors dagbok"],"inLanguage":"en-US","potentialAction":[{"@type":"CommentAction","name":"Comment","target":["https:\/\/www.arhammar.se\/blog\/tisdagen-den-20-augusti-1912-han-hangde-i-koksfonstret-och-spionerade\/#respond"]}]},{"@type":"WebPage","@id":"https:\/\/www.arhammar.se\/blog\/tisdagen-den-20-augusti-1912-han-hangde-i-koksfonstret-och-spionerade\/","url":"https:\/\/www.arhammar.se\/blog\/tisdagen-den-20-augusti-1912-han-hangde-i-koksfonstret-och-spionerade\/","name":"Tisdagen den 20 augusti 1912. Han h\u00e4ngde i k\u00f6ksf\u00f6nstret och spionerade. - @Arhammar bokstavligen","isPartOf":{"@id":"https:\/\/www.arhammar.se\/blog\/#website"},"primaryImageOfPage":{"@id":"https:\/\/www.arhammar.se\/blog\/tisdagen-den-20-augusti-1912-han-hangde-i-koksfonstret-och-spionerade\/#primaryimage"},"image":{"@id":"https:\/\/www.arhammar.se\/blog\/tisdagen-den-20-augusti-1912-han-hangde-i-koksfonstret-och-spionerade\/#primaryimage"},"thumbnailUrl":"https:\/\/www.arhammar.se\/blog\/wp-content\/uploads\/2020\/10\/augusti1912.jpg","datePublished":"2020-02-26T22:30:44+00:00","dateModified":"2020-03-07T21:33:03+00:00","author":{"@id":"https:\/\/www.arhammar.se\/blog\/#\/schema\/person\/061984c1d884b363e2c91550f2e00d1d"},"breadcrumb":{"@id":"https:\/\/www.arhammar.se\/blog\/tisdagen-den-20-augusti-1912-han-hangde-i-koksfonstret-och-spionerade\/#breadcrumb"},"inLanguage":"en-US","potentialAction":[{"@type":"ReadAction","target":["https:\/\/www.arhammar.se\/blog\/tisdagen-den-20-augusti-1912-han-hangde-i-koksfonstret-och-spionerade\/"]}]},{"@type":"ImageObject","inLanguage":"en-US","@id":"https:\/\/www.arhammar.se\/blog\/tisdagen-den-20-augusti-1912-han-hangde-i-koksfonstret-och-spionerade\/#primaryimage","url":"https:\/\/www.arhammar.se\/blog\/wp-content\/uploads\/2020\/10\/augusti1912.jpg","contentUrl":"https:\/\/www.arhammar.se\/blog\/wp-content\/uploads\/2020\/10\/augusti1912.jpg","width":640,"height":480},{"@type":"BreadcrumbList","@id":"https:\/\/www.arhammar.se\/blog\/tisdagen-den-20-augusti-1912-han-hangde-i-koksfonstret-och-spionerade\/#breadcrumb","itemListElement":[{"@type":"ListItem","position":1,"name":"Home","item":"https:\/\/www.arhammar.se\/blog\/"},{"@type":"ListItem","position":2,"name":"Tisdagen den 20 augusti 1912. Han h\u00e4ngde i k\u00f6ksf\u00f6nstret och spionerade."}]},{"@type":"WebSite","@id":"https:\/\/www.arhammar.se\/blog\/#website","url":"https:\/\/www.arhammar.se\/blog\/","name":"@Arhammar bokstavligen","description":"Fr\u00e5n min penna och panna","potentialAction":[{"@type":"SearchAction","target":{"@type":"EntryPoint","urlTemplate":"https:\/\/www.arhammar.se\/blog\/?s={search_term_string}"},"query-input":{"@type":"PropertyValueSpecification","valueRequired":true,"valueName":"search_term_string"}}],"inLanguage":"en-US"},{"@type":"Person","@id":"https:\/\/www.arhammar.se\/blog\/#\/schema\/person\/061984c1d884b363e2c91550f2e00d1d","name":"Anders Arhammar","image":{"@type":"ImageObject","inLanguage":"en-US","@id":"https:\/\/secure.gravatar.com\/avatar\/784b5b36cfe145ae19a52340f405285a939bcc08d4a21136b3a81f9e378ffae0?s=96&d=mm&r=g","url":"https:\/\/secure.gravatar.com\/avatar\/784b5b36cfe145ae19a52340f405285a939bcc08d4a21136b3a81f9e378ffae0?s=96&d=mm&r=g","contentUrl":"https:\/\/secure.gravatar.com\/avatar\/784b5b36cfe145ae19a52340f405285a939bcc08d4a21136b3a81f9e378ffae0?s=96&d=mm&r=g","caption":"Anders Arhammar"},"url":"https:\/\/www.arhammar.se\/blog\/author\/anders\/"}]}},"_links":{"self":[{"href":"https:\/\/www.arhammar.se\/blog\/wp-json\/wp\/v2\/posts\/26406","targetHints":{"allow":["GET"]}}],"collection":[{"href":"https:\/\/www.arhammar.se\/blog\/wp-json\/wp\/v2\/posts"}],"about":[{"href":"https:\/\/www.arhammar.se\/blog\/wp-json\/wp\/v2\/types\/post"}],"author":[{"embeddable":true,"href":"https:\/\/www.arhammar.se\/blog\/wp-json\/wp\/v2\/users\/2"}],"replies":[{"embeddable":true,"href":"https:\/\/www.arhammar.se\/blog\/wp-json\/wp\/v2\/comments?post=26406"}],"version-history":[{"count":2,"href":"https:\/\/www.arhammar.se\/blog\/wp-json\/wp\/v2\/posts\/26406\/revisions"}],"predecessor-version":[{"id":26786,"href":"https:\/\/www.arhammar.se\/blog\/wp-json\/wp\/v2\/posts\/26406\/revisions\/26786"}],"wp:featuredmedia":[{"embeddable":true,"href":"https:\/\/www.arhammar.se\/blog\/wp-json\/wp\/v2\/media\/26194"}],"wp:attachment":[{"href":"https:\/\/www.arhammar.se\/blog\/wp-json\/wp\/v2\/media?parent=26406"}],"wp:term":[{"taxonomy":"category","embeddable":true,"href":"https:\/\/www.arhammar.se\/blog\/wp-json\/wp\/v2\/categories?post=26406"},{"taxonomy":"post_tag","embeddable":true,"href":"https:\/\/www.arhammar.se\/blog\/wp-json\/wp\/v2\/tags?post=26406"}],"curies":[{"name":"wp","href":"https:\/\/api.w.org\/{rel}","templated":true}]}}