{"id":26405,"date":"2020-02-26T23:25:12","date_gmt":"2020-02-26T22:25:12","guid":{"rendered":"https:\/\/www.arhammar.se\/blog\/?p=26405"},"modified":"2020-03-07T22:29:30","modified_gmt":"2020-03-07T21:29:30","slug":"mandagen-den-19-augusti-1912-vi-dopte-stallet-till-alvornas-silversloja","status":"publish","type":"post","link":"https:\/\/www.arhammar.se\/blog\/mandagen-den-19-augusti-1912-vi-dopte-stallet-till-alvornas-silversloja\/","title":{"rendered":"M\u00e5ndagen den 19 augusti 1912. Vi d\u00f6pte st\u00e4llet till \u201d\u00c4lvornas silversl\u00f6ja&#8221;."},"content":{"rendered":"<p>Hemma i Sulvik igen. H\u00e4r \u00e4r sig likt som vanligt. Efter att ha tagit adj\u00f6 fr\u00e5n allt och alla p\u00e5 Warpn\u00e4s reste jag fr\u00e5n V\u00e5lbergs anhalt Klockan 7.40 p\u00e5 fredag eftermiddag. Tora f\u00f6ljde mig till stationen. Vid framkomsten m\u00f6tte mig Janne, Greta och Rut. <\/p>\n<p>Sen vi \u00e4tit litet n\u00e4r vi kommit fram, gick vi och lade oss meddetsamma. P\u00e5 l\u00f6rdag sam jag till Bergshagen p\u00e5 45 minuter. Det var ju inget rekord just, men det var ju en dryg bit. P\u00e5 kv\u00e4llen kl\u00e4dde Josef och jag ut oss (bytte kl\u00e4der) och s\u00e5 sprang vi i landsv\u00e4gen och lyste med en ficklampa p\u00e5 alla som vi m\u00f6tte. Somliga blevo s\u00e5 r\u00e4dda att de skrek och la iv\u00e4g med en v\u00e4ldig fart. <\/p>\n<p>P\u00e5 s\u00f6ndag hade Greta och jag livat. Vi gick ut strax efter middag, och fick d\u00e5 se en gubbe, Nils Andersson i Stridsbol med en kabriol och vi bad att f\u00e5 \u00e5ka med. Det fick vi och s\u00e5 \u00e5kte vi barhuvade \u00e4nda till kyrkan, d\u00e4r vi gick och ordnade med gravarna. S\u00e5 fick vi se kyrkoherden och bad honom att f\u00e5 komma in. Han sl\u00e4ppte in oss och visade oss gamla tavlor och den f\u00f6rtjusande brudkronan. S\u00e5 spelade vi p\u00e5 orgeln och sen voro vi allra h\u00f6gst uppe i tornet, s\u00e5 h\u00f6gt vi kunde komma. Vi fingo kl\u00e4ttra p\u00e5 stegar och till sist en spira med pinnar p\u00e5 och kl\u00e4mma oss igenom smala h\u00e5l. Men skoj var det. Hem gick vi hela v\u00e4gen. <\/p>\n<p>N\u00e4r vi g\u00e5tt halvv\u00e4gs ungef\u00e4r, kom vi till ett litet f\u00f6rtjusande vattenfall i en b\u00e4ck. Ormbunkar h\u00e4ngde ned \u00f6ver det och i dem satt spindelv\u00e4var med daggdroppar, som gnistrade som diamanter. P\u00e5 sidorna voro f\u00f6rtjusande sm\u00e5 gr\u00f6na kullar, kl\u00e4dda med m\u00f6rkgr\u00f6n mossa och violblad, omgivna av gr\u00f6na tr\u00e4d och buskar. D\u00e4r var verkligen idylliskt. Vi d\u00f6pte st\u00e4llet till \u201d\u00c4lvornas silversl\u00f6ja&#8221;. Vattnet s\u00e5g s\u00e5 sk\u00f6nt och svalt ut att vi inte kunde motst\u00e5 frestelsen att ta oss ett h\u00e4rligt fotbad. Jag torkade mig p\u00e5 underkjolen (den vita, finaste). <\/p>\n<p>Hemma hade de undrat mycket var vi hade varit. P\u00e5 kv\u00e4llen kl\u00e4dde vi ut oss igen och m\u00f6tte i v\u00e4gen Janne, Ingerg\u00e5rd, Albert och Fridolf, vilka skrattade v\u00e4ldigt \u00e5t oss. S\u00e5 var vi hos l\u00e4rarinnan. D\u00e4r var Emma, Olga och Valborg. D\u00e4refter sprang vi och lyste med ficklampan p\u00e5 Verners lillstugf\u00f6nster, d\u00e4r satt han och n\u00e5gra pojkar och flickor. Idag tr\u00e4ffade jag Verner och han kunde inte f\u00f6rst\u00e5 vad det var f\u00f6r uslingar som hade lyst p\u00e5 f\u00f6nstret och jag h\u00f6ll med honom f\u00f6rst\u00e5s.<\/p>\n<!-- AddThis Advanced Settings generic via filter on the_content --><!-- AddThis Share Buttons generic via filter on the_content -->","protected":false},"excerpt":{"rendered":"<p>Hemma i Sulvik igen. H\u00e4r \u00e4r sig likt som vanligt. Efter att ha tagit adj\u00f6 fr\u00e5n allt och alla p\u00e5 Warpn\u00e4s reste jag fr\u00e5n V\u00e5lbergs anhalt Klockan 7.40 p\u00e5 fredag eftermiddag. Tora f\u00f6ljde mig till stationen. Vid framkomsten m\u00f6tte mig Janne, Greta och Rut. Sen vi \u00e4tit litet n\u00e4r vi kommit fram, gick vi och [&hellip;]<!-- AddThis Advanced Settings generic via filter on wp_trim_excerpt --><!-- AddThis Share Buttons generic via filter on wp_trim_excerpt --><\/p>\n","protected":false},"author":2,"featured_media":26194,"comment_status":"open","ping_status":"open","sticky":false,"template":"","format":"standard","meta":{"footnotes":""},"categories":[3437,3425],"tags":[],"class_list":["post-26405","post","type-post","status-publish","format-standard","has-post-thumbnail","hentry","category-3437","category-mormors-dagbok"],"yoast_head":"<!-- This site is optimized with the Yoast SEO plugin v27.4 - https:\/\/yoast.com\/product\/yoast-seo-wordpress\/ -->\n<title>M\u00e5ndagen den 19 augusti 1912. Vi d\u00f6pte st\u00e4llet till \u201d\u00c4lvornas silversl\u00f6ja&quot;. - @Arhammar bokstavligen<\/title>\n<meta name=\"robots\" content=\"index, follow, max-snippet:-1, max-image-preview:large, max-video-preview:-1\" \/>\n<link rel=\"canonical\" href=\"https:\/\/www.arhammar.se\/blog\/mandagen-den-19-augusti-1912-vi-dopte-stallet-till-alvornas-silversloja\/\" \/>\n<meta property=\"og:locale\" content=\"en_US\" \/>\n<meta property=\"og:type\" content=\"article\" \/>\n<meta property=\"og:title\" content=\"M\u00e5ndagen den 19 augusti 1912. Vi d\u00f6pte st\u00e4llet till \u201d\u00c4lvornas silversl\u00f6ja&quot;. - @Arhammar bokstavligen\" \/>\n<meta property=\"og:description\" content=\"Hemma i Sulvik igen. H\u00e4r \u00e4r sig likt som vanligt. Efter att ha tagit adj\u00f6 fr\u00e5n allt och alla p\u00e5 Warpn\u00e4s reste jag fr\u00e5n V\u00e5lbergs anhalt Klockan 7.40 p\u00e5 fredag eftermiddag. Tora f\u00f6ljde mig till stationen. Vid framkomsten m\u00f6tte mig Janne, Greta och Rut. Sen vi \u00e4tit litet n\u00e4r vi kommit fram, gick vi och [&hellip;]\" \/>\n<meta property=\"og:url\" content=\"https:\/\/www.arhammar.se\/blog\/mandagen-den-19-augusti-1912-vi-dopte-stallet-till-alvornas-silversloja\/\" \/>\n<meta property=\"og:site_name\" content=\"@Arhammar bokstavligen\" \/>\n<meta property=\"article:published_time\" content=\"2020-02-26T22:25:12+00:00\" \/>\n<meta property=\"article:modified_time\" content=\"2020-03-07T21:29:30+00:00\" \/>\n<meta property=\"og:image\" content=\"https:\/\/www.arhammar.se\/blog\/wp-content\/uploads\/2020\/10\/augusti1912.jpg\" \/>\n\t<meta property=\"og:image:width\" content=\"640\" \/>\n\t<meta property=\"og:image:height\" content=\"480\" \/>\n\t<meta property=\"og:image:type\" content=\"image\/jpeg\" \/>\n<meta name=\"author\" content=\"Anders Arhammar\" \/>\n<meta name=\"twitter:card\" content=\"summary_large_image\" \/>\n<meta name=\"twitter:label1\" content=\"Written by\" \/>\n\t<meta name=\"twitter:data1\" content=\"Anders Arhammar\" \/>\n\t<meta name=\"twitter:label2\" content=\"Est. reading time\" \/>\n\t<meta name=\"twitter:data2\" content=\"2 minutes\" \/>\n<script type=\"application\/ld+json\" class=\"yoast-schema-graph\">{\"@context\":\"https:\\\/\\\/schema.org\",\"@graph\":[{\"@type\":\"Article\",\"@id\":\"https:\\\/\\\/www.arhammar.se\\\/blog\\\/mandagen-den-19-augusti-1912-vi-dopte-stallet-till-alvornas-silversloja\\\/#article\",\"isPartOf\":{\"@id\":\"https:\\\/\\\/www.arhammar.se\\\/blog\\\/mandagen-den-19-augusti-1912-vi-dopte-stallet-till-alvornas-silversloja\\\/\"},\"author\":{\"name\":\"Anders Arhammar\",\"@id\":\"https:\\\/\\\/www.arhammar.se\\\/blog\\\/#\\\/schema\\\/person\\\/061984c1d884b363e2c91550f2e00d1d\"},\"headline\":\"M\u00e5ndagen den 19 augusti 1912. Vi d\u00f6pte st\u00e4llet till \u201d\u00c4lvornas silversl\u00f6ja&#8221;.\",\"datePublished\":\"2020-02-26T22:25:12+00:00\",\"dateModified\":\"2020-03-07T21:29:30+00:00\",\"mainEntityOfPage\":{\"@id\":\"https:\\\/\\\/www.arhammar.se\\\/blog\\\/mandagen-den-19-augusti-1912-vi-dopte-stallet-till-alvornas-silversloja\\\/\"},\"wordCount\":493,\"commentCount\":0,\"image\":{\"@id\":\"https:\\\/\\\/www.arhammar.se\\\/blog\\\/mandagen-den-19-augusti-1912-vi-dopte-stallet-till-alvornas-silversloja\\\/#primaryimage\"},\"thumbnailUrl\":\"https:\\\/\\\/www.arhammar.se\\\/blog\\\/wp-content\\\/uploads\\\/2020\\\/10\\\/augusti1912.jpg\",\"articleSection\":[\"1912\",\"mormors dagbok\"],\"inLanguage\":\"en-US\",\"potentialAction\":[{\"@type\":\"CommentAction\",\"name\":\"Comment\",\"target\":[\"https:\\\/\\\/www.arhammar.se\\\/blog\\\/mandagen-den-19-augusti-1912-vi-dopte-stallet-till-alvornas-silversloja\\\/#respond\"]}]},{\"@type\":\"WebPage\",\"@id\":\"https:\\\/\\\/www.arhammar.se\\\/blog\\\/mandagen-den-19-augusti-1912-vi-dopte-stallet-till-alvornas-silversloja\\\/\",\"url\":\"https:\\\/\\\/www.arhammar.se\\\/blog\\\/mandagen-den-19-augusti-1912-vi-dopte-stallet-till-alvornas-silversloja\\\/\",\"name\":\"M\u00e5ndagen den 19 augusti 1912. Vi d\u00f6pte st\u00e4llet till \u201d\u00c4lvornas silversl\u00f6ja\\\". - @Arhammar bokstavligen\",\"isPartOf\":{\"@id\":\"https:\\\/\\\/www.arhammar.se\\\/blog\\\/#website\"},\"primaryImageOfPage\":{\"@id\":\"https:\\\/\\\/www.arhammar.se\\\/blog\\\/mandagen-den-19-augusti-1912-vi-dopte-stallet-till-alvornas-silversloja\\\/#primaryimage\"},\"image\":{\"@id\":\"https:\\\/\\\/www.arhammar.se\\\/blog\\\/mandagen-den-19-augusti-1912-vi-dopte-stallet-till-alvornas-silversloja\\\/#primaryimage\"},\"thumbnailUrl\":\"https:\\\/\\\/www.arhammar.se\\\/blog\\\/wp-content\\\/uploads\\\/2020\\\/10\\\/augusti1912.jpg\",\"datePublished\":\"2020-02-26T22:25:12+00:00\",\"dateModified\":\"2020-03-07T21:29:30+00:00\",\"author\":{\"@id\":\"https:\\\/\\\/www.arhammar.se\\\/blog\\\/#\\\/schema\\\/person\\\/061984c1d884b363e2c91550f2e00d1d\"},\"breadcrumb\":{\"@id\":\"https:\\\/\\\/www.arhammar.se\\\/blog\\\/mandagen-den-19-augusti-1912-vi-dopte-stallet-till-alvornas-silversloja\\\/#breadcrumb\"},\"inLanguage\":\"en-US\",\"potentialAction\":[{\"@type\":\"ReadAction\",\"target\":[\"https:\\\/\\\/www.arhammar.se\\\/blog\\\/mandagen-den-19-augusti-1912-vi-dopte-stallet-till-alvornas-silversloja\\\/\"]}]},{\"@type\":\"ImageObject\",\"inLanguage\":\"en-US\",\"@id\":\"https:\\\/\\\/www.arhammar.se\\\/blog\\\/mandagen-den-19-augusti-1912-vi-dopte-stallet-till-alvornas-silversloja\\\/#primaryimage\",\"url\":\"https:\\\/\\\/www.arhammar.se\\\/blog\\\/wp-content\\\/uploads\\\/2020\\\/10\\\/augusti1912.jpg\",\"contentUrl\":\"https:\\\/\\\/www.arhammar.se\\\/blog\\\/wp-content\\\/uploads\\\/2020\\\/10\\\/augusti1912.jpg\",\"width\":640,\"height\":480},{\"@type\":\"BreadcrumbList\",\"@id\":\"https:\\\/\\\/www.arhammar.se\\\/blog\\\/mandagen-den-19-augusti-1912-vi-dopte-stallet-till-alvornas-silversloja\\\/#breadcrumb\",\"itemListElement\":[{\"@type\":\"ListItem\",\"position\":1,\"name\":\"Home\",\"item\":\"https:\\\/\\\/www.arhammar.se\\\/blog\\\/\"},{\"@type\":\"ListItem\",\"position\":2,\"name\":\"M\u00e5ndagen den 19 augusti 1912. Vi d\u00f6pte st\u00e4llet till \u201d\u00c4lvornas silversl\u00f6ja&#8221;.\"}]},{\"@type\":\"WebSite\",\"@id\":\"https:\\\/\\\/www.arhammar.se\\\/blog\\\/#website\",\"url\":\"https:\\\/\\\/www.arhammar.se\\\/blog\\\/\",\"name\":\"@Arhammar bokstavligen\",\"description\":\"Fr\u00e5n min penna och panna\",\"potentialAction\":[{\"@type\":\"SearchAction\",\"target\":{\"@type\":\"EntryPoint\",\"urlTemplate\":\"https:\\\/\\\/www.arhammar.se\\\/blog\\\/?s={search_term_string}\"},\"query-input\":{\"@type\":\"PropertyValueSpecification\",\"valueRequired\":true,\"valueName\":\"search_term_string\"}}],\"inLanguage\":\"en-US\"},{\"@type\":\"Person\",\"@id\":\"https:\\\/\\\/www.arhammar.se\\\/blog\\\/#\\\/schema\\\/person\\\/061984c1d884b363e2c91550f2e00d1d\",\"name\":\"Anders Arhammar\",\"image\":{\"@type\":\"ImageObject\",\"inLanguage\":\"en-US\",\"@id\":\"https:\\\/\\\/secure.gravatar.com\\\/avatar\\\/784b5b36cfe145ae19a52340f405285a939bcc08d4a21136b3a81f9e378ffae0?s=96&d=mm&r=g\",\"url\":\"https:\\\/\\\/secure.gravatar.com\\\/avatar\\\/784b5b36cfe145ae19a52340f405285a939bcc08d4a21136b3a81f9e378ffae0?s=96&d=mm&r=g\",\"contentUrl\":\"https:\\\/\\\/secure.gravatar.com\\\/avatar\\\/784b5b36cfe145ae19a52340f405285a939bcc08d4a21136b3a81f9e378ffae0?s=96&d=mm&r=g\",\"caption\":\"Anders Arhammar\"},\"url\":\"https:\\\/\\\/www.arhammar.se\\\/blog\\\/author\\\/anders\\\/\"}]}<\/script>\n<!-- \/ Yoast SEO plugin. -->","yoast_head_json":{"title":"M\u00e5ndagen den 19 augusti 1912. Vi d\u00f6pte st\u00e4llet till \u201d\u00c4lvornas silversl\u00f6ja\". - @Arhammar bokstavligen","robots":{"index":"index","follow":"follow","max-snippet":"max-snippet:-1","max-image-preview":"max-image-preview:large","max-video-preview":"max-video-preview:-1"},"canonical":"https:\/\/www.arhammar.se\/blog\/mandagen-den-19-augusti-1912-vi-dopte-stallet-till-alvornas-silversloja\/","og_locale":"en_US","og_type":"article","og_title":"M\u00e5ndagen den 19 augusti 1912. Vi d\u00f6pte st\u00e4llet till \u201d\u00c4lvornas silversl\u00f6ja\". - @Arhammar bokstavligen","og_description":"Hemma i Sulvik igen. H\u00e4r \u00e4r sig likt som vanligt. Efter att ha tagit adj\u00f6 fr\u00e5n allt och alla p\u00e5 Warpn\u00e4s reste jag fr\u00e5n V\u00e5lbergs anhalt Klockan 7.40 p\u00e5 fredag eftermiddag. Tora f\u00f6ljde mig till stationen. Vid framkomsten m\u00f6tte mig Janne, Greta och Rut. Sen vi \u00e4tit litet n\u00e4r vi kommit fram, gick vi och [&hellip;]","og_url":"https:\/\/www.arhammar.se\/blog\/mandagen-den-19-augusti-1912-vi-dopte-stallet-till-alvornas-silversloja\/","og_site_name":"@Arhammar bokstavligen","article_published_time":"2020-02-26T22:25:12+00:00","article_modified_time":"2020-03-07T21:29:30+00:00","og_image":[{"width":640,"height":480,"url":"https:\/\/www.arhammar.se\/blog\/wp-content\/uploads\/2020\/10\/augusti1912.jpg","type":"image\/jpeg"}],"author":"Anders Arhammar","twitter_card":"summary_large_image","twitter_misc":{"Written by":"Anders Arhammar","Est. reading time":"2 minutes"},"schema":{"@context":"https:\/\/schema.org","@graph":[{"@type":"Article","@id":"https:\/\/www.arhammar.se\/blog\/mandagen-den-19-augusti-1912-vi-dopte-stallet-till-alvornas-silversloja\/#article","isPartOf":{"@id":"https:\/\/www.arhammar.se\/blog\/mandagen-den-19-augusti-1912-vi-dopte-stallet-till-alvornas-silversloja\/"},"author":{"name":"Anders Arhammar","@id":"https:\/\/www.arhammar.se\/blog\/#\/schema\/person\/061984c1d884b363e2c91550f2e00d1d"},"headline":"M\u00e5ndagen den 19 augusti 1912. Vi d\u00f6pte st\u00e4llet till \u201d\u00c4lvornas silversl\u00f6ja&#8221;.","datePublished":"2020-02-26T22:25:12+00:00","dateModified":"2020-03-07T21:29:30+00:00","mainEntityOfPage":{"@id":"https:\/\/www.arhammar.se\/blog\/mandagen-den-19-augusti-1912-vi-dopte-stallet-till-alvornas-silversloja\/"},"wordCount":493,"commentCount":0,"image":{"@id":"https:\/\/www.arhammar.se\/blog\/mandagen-den-19-augusti-1912-vi-dopte-stallet-till-alvornas-silversloja\/#primaryimage"},"thumbnailUrl":"https:\/\/www.arhammar.se\/blog\/wp-content\/uploads\/2020\/10\/augusti1912.jpg","articleSection":["1912","mormors dagbok"],"inLanguage":"en-US","potentialAction":[{"@type":"CommentAction","name":"Comment","target":["https:\/\/www.arhammar.se\/blog\/mandagen-den-19-augusti-1912-vi-dopte-stallet-till-alvornas-silversloja\/#respond"]}]},{"@type":"WebPage","@id":"https:\/\/www.arhammar.se\/blog\/mandagen-den-19-augusti-1912-vi-dopte-stallet-till-alvornas-silversloja\/","url":"https:\/\/www.arhammar.se\/blog\/mandagen-den-19-augusti-1912-vi-dopte-stallet-till-alvornas-silversloja\/","name":"M\u00e5ndagen den 19 augusti 1912. Vi d\u00f6pte st\u00e4llet till \u201d\u00c4lvornas silversl\u00f6ja\". - @Arhammar bokstavligen","isPartOf":{"@id":"https:\/\/www.arhammar.se\/blog\/#website"},"primaryImageOfPage":{"@id":"https:\/\/www.arhammar.se\/blog\/mandagen-den-19-augusti-1912-vi-dopte-stallet-till-alvornas-silversloja\/#primaryimage"},"image":{"@id":"https:\/\/www.arhammar.se\/blog\/mandagen-den-19-augusti-1912-vi-dopte-stallet-till-alvornas-silversloja\/#primaryimage"},"thumbnailUrl":"https:\/\/www.arhammar.se\/blog\/wp-content\/uploads\/2020\/10\/augusti1912.jpg","datePublished":"2020-02-26T22:25:12+00:00","dateModified":"2020-03-07T21:29:30+00:00","author":{"@id":"https:\/\/www.arhammar.se\/blog\/#\/schema\/person\/061984c1d884b363e2c91550f2e00d1d"},"breadcrumb":{"@id":"https:\/\/www.arhammar.se\/blog\/mandagen-den-19-augusti-1912-vi-dopte-stallet-till-alvornas-silversloja\/#breadcrumb"},"inLanguage":"en-US","potentialAction":[{"@type":"ReadAction","target":["https:\/\/www.arhammar.se\/blog\/mandagen-den-19-augusti-1912-vi-dopte-stallet-till-alvornas-silversloja\/"]}]},{"@type":"ImageObject","inLanguage":"en-US","@id":"https:\/\/www.arhammar.se\/blog\/mandagen-den-19-augusti-1912-vi-dopte-stallet-till-alvornas-silversloja\/#primaryimage","url":"https:\/\/www.arhammar.se\/blog\/wp-content\/uploads\/2020\/10\/augusti1912.jpg","contentUrl":"https:\/\/www.arhammar.se\/blog\/wp-content\/uploads\/2020\/10\/augusti1912.jpg","width":640,"height":480},{"@type":"BreadcrumbList","@id":"https:\/\/www.arhammar.se\/blog\/mandagen-den-19-augusti-1912-vi-dopte-stallet-till-alvornas-silversloja\/#breadcrumb","itemListElement":[{"@type":"ListItem","position":1,"name":"Home","item":"https:\/\/www.arhammar.se\/blog\/"},{"@type":"ListItem","position":2,"name":"M\u00e5ndagen den 19 augusti 1912. Vi d\u00f6pte st\u00e4llet till \u201d\u00c4lvornas silversl\u00f6ja&#8221;."}]},{"@type":"WebSite","@id":"https:\/\/www.arhammar.se\/blog\/#website","url":"https:\/\/www.arhammar.se\/blog\/","name":"@Arhammar bokstavligen","description":"Fr\u00e5n min penna och panna","potentialAction":[{"@type":"SearchAction","target":{"@type":"EntryPoint","urlTemplate":"https:\/\/www.arhammar.se\/blog\/?s={search_term_string}"},"query-input":{"@type":"PropertyValueSpecification","valueRequired":true,"valueName":"search_term_string"}}],"inLanguage":"en-US"},{"@type":"Person","@id":"https:\/\/www.arhammar.se\/blog\/#\/schema\/person\/061984c1d884b363e2c91550f2e00d1d","name":"Anders Arhammar","image":{"@type":"ImageObject","inLanguage":"en-US","@id":"https:\/\/secure.gravatar.com\/avatar\/784b5b36cfe145ae19a52340f405285a939bcc08d4a21136b3a81f9e378ffae0?s=96&d=mm&r=g","url":"https:\/\/secure.gravatar.com\/avatar\/784b5b36cfe145ae19a52340f405285a939bcc08d4a21136b3a81f9e378ffae0?s=96&d=mm&r=g","contentUrl":"https:\/\/secure.gravatar.com\/avatar\/784b5b36cfe145ae19a52340f405285a939bcc08d4a21136b3a81f9e378ffae0?s=96&d=mm&r=g","caption":"Anders Arhammar"},"url":"https:\/\/www.arhammar.se\/blog\/author\/anders\/"}]}},"_links":{"self":[{"href":"https:\/\/www.arhammar.se\/blog\/wp-json\/wp\/v2\/posts\/26405","targetHints":{"allow":["GET"]}}],"collection":[{"href":"https:\/\/www.arhammar.se\/blog\/wp-json\/wp\/v2\/posts"}],"about":[{"href":"https:\/\/www.arhammar.se\/blog\/wp-json\/wp\/v2\/types\/post"}],"author":[{"embeddable":true,"href":"https:\/\/www.arhammar.se\/blog\/wp-json\/wp\/v2\/users\/2"}],"replies":[{"embeddable":true,"href":"https:\/\/www.arhammar.se\/blog\/wp-json\/wp\/v2\/comments?post=26405"}],"version-history":[{"count":2,"href":"https:\/\/www.arhammar.se\/blog\/wp-json\/wp\/v2\/posts\/26405\/revisions"}],"predecessor-version":[{"id":26785,"href":"https:\/\/www.arhammar.se\/blog\/wp-json\/wp\/v2\/posts\/26405\/revisions\/26785"}],"wp:featuredmedia":[{"embeddable":true,"href":"https:\/\/www.arhammar.se\/blog\/wp-json\/wp\/v2\/media\/26194"}],"wp:attachment":[{"href":"https:\/\/www.arhammar.se\/blog\/wp-json\/wp\/v2\/media?parent=26405"}],"wp:term":[{"taxonomy":"category","embeddable":true,"href":"https:\/\/www.arhammar.se\/blog\/wp-json\/wp\/v2\/categories?post=26405"},{"taxonomy":"post_tag","embeddable":true,"href":"https:\/\/www.arhammar.se\/blog\/wp-json\/wp\/v2\/tags?post=26405"}],"curies":[{"name":"wp","href":"https:\/\/api.w.org\/{rel}","templated":true}]}}