{"id":26391,"date":"2020-02-26T23:15:40","date_gmt":"2020-02-26T22:15:40","guid":{"rendered":"https:\/\/www.arhammar.se\/blog\/?p=26391"},"modified":"2020-03-07T22:23:07","modified_gmt":"2020-03-07T21:23:07","slug":"onsdagen-den-14-augusti-1912-sen-blevo-vi-goda-vanner-igen-forstass","status":"publish","type":"post","link":"https:\/\/www.arhammar.se\/blog\/onsdagen-den-14-augusti-1912-sen-blevo-vi-goda-vanner-igen-forstass\/","title":{"rendered":"Onsdagen den 14 augusti 1912. Sen blevo vi goda v\u00e4nner igen f\u00f6rst\u00e5ss."},"content":{"rendered":"<p>Uppeh\u00e5llsv\u00e4der hela dagen. Ovanligt nog. P\u00e5 f\u00f6rmiddagen gick fr\u00f6ken, Tora och jag till Nor efter posten och d\u00e4r blev jag s\u00e5 arg p\u00e5 Tora att jag gick i f\u00f6rv\u00e4g hem och promenerade omkring en l\u00e5ng stund ute i skogen f\u00f6r att lugna mina uppr\u00f6rda k\u00e4nslor. N\u00e4r detta n\u00e5gorlunda lyckats klev jag iv\u00e4g ner till g\u00e5rden och d\u00e4r satt Tora och l\u00e5tsades som om inget hade h\u00e4nt och b\u00f6rjade prata. Jag slog mig ner vid samma bord och b\u00f6rjade nysta en rysligt trasslig h\u00e4rva garn, som jag dock fick reda p\u00e5 till slut. <\/p>\n<p>Sen blevo vi goda v\u00e4nner igen f\u00f6rst\u00e5ss. P\u00e5 eftermiddagen voro vi alla ute och plockade svamp. Vi funno sm\u00f6rsvampar, kantareller och n\u00e5gra Karl-Johansvampar. Sen rensade vi dem. Usch, vad det var &#8220;klifsigt&#8221;. P\u00e5 kv\u00e4llen var fru Vikstr\u00f6m samt Karin och Erik, en rysligt tjock och l\u00e5ng pojk, h\u00e4r. Vi lekte &#8220;dunk&#8221; och hade ganska roligt.<\/p>\n<!-- AddThis Advanced Settings generic via filter on the_content --><!-- AddThis Share Buttons generic via filter on the_content -->","protected":false},"excerpt":{"rendered":"<p>Uppeh\u00e5llsv\u00e4der hela dagen. Ovanligt nog. P\u00e5 f\u00f6rmiddagen gick fr\u00f6ken, Tora och jag till Nor efter posten och d\u00e4r blev jag s\u00e5 arg p\u00e5 Tora att jag gick i f\u00f6rv\u00e4g hem och promenerade omkring en l\u00e5ng stund ute i skogen f\u00f6r att lugna mina uppr\u00f6rda k\u00e4nslor. N\u00e4r detta n\u00e5gorlunda lyckats klev jag iv\u00e4g ner till g\u00e5rden [&hellip;]<!-- AddThis Advanced Settings generic via filter on wp_trim_excerpt --><!-- AddThis Share Buttons generic via filter on wp_trim_excerpt --><\/p>\n","protected":false},"author":2,"featured_media":26194,"comment_status":"open","ping_status":"open","sticky":false,"template":"","format":"standard","meta":{"footnotes":""},"categories":[3437,3425],"tags":[],"class_list":["post-26391","post","type-post","status-publish","format-standard","has-post-thumbnail","hentry","category-3437","category-mormors-dagbok"],"yoast_head":"<!-- This site is optimized with the Yoast SEO plugin v27.4 - https:\/\/yoast.com\/product\/yoast-seo-wordpress\/ -->\n<title>Onsdagen den 14 augusti 1912. Sen blevo vi goda v\u00e4nner igen f\u00f6rst\u00e5ss. - @Arhammar bokstavligen<\/title>\n<meta name=\"robots\" content=\"index, follow, max-snippet:-1, max-image-preview:large, max-video-preview:-1\" \/>\n<link rel=\"canonical\" href=\"https:\/\/www.arhammar.se\/blog\/onsdagen-den-14-augusti-1912-sen-blevo-vi-goda-vanner-igen-forstass\/\" \/>\n<meta property=\"og:locale\" content=\"en_US\" \/>\n<meta property=\"og:type\" content=\"article\" \/>\n<meta property=\"og:title\" content=\"Onsdagen den 14 augusti 1912. Sen blevo vi goda v\u00e4nner igen f\u00f6rst\u00e5ss. - @Arhammar bokstavligen\" \/>\n<meta property=\"og:description\" content=\"Uppeh\u00e5llsv\u00e4der hela dagen. Ovanligt nog. P\u00e5 f\u00f6rmiddagen gick fr\u00f6ken, Tora och jag till Nor efter posten och d\u00e4r blev jag s\u00e5 arg p\u00e5 Tora att jag gick i f\u00f6rv\u00e4g hem och promenerade omkring en l\u00e5ng stund ute i skogen f\u00f6r att lugna mina uppr\u00f6rda k\u00e4nslor. N\u00e4r detta n\u00e5gorlunda lyckats klev jag iv\u00e4g ner till g\u00e5rden [&hellip;]\" \/>\n<meta property=\"og:url\" content=\"https:\/\/www.arhammar.se\/blog\/onsdagen-den-14-augusti-1912-sen-blevo-vi-goda-vanner-igen-forstass\/\" \/>\n<meta property=\"og:site_name\" content=\"@Arhammar bokstavligen\" \/>\n<meta property=\"article:published_time\" content=\"2020-02-26T22:15:40+00:00\" \/>\n<meta property=\"article:modified_time\" content=\"2020-03-07T21:23:07+00:00\" \/>\n<meta property=\"og:image\" content=\"https:\/\/www.arhammar.se\/blog\/wp-content\/uploads\/2020\/10\/augusti1912.jpg\" \/>\n\t<meta property=\"og:image:width\" content=\"640\" \/>\n\t<meta property=\"og:image:height\" content=\"480\" \/>\n\t<meta property=\"og:image:type\" content=\"image\/jpeg\" \/>\n<meta name=\"author\" content=\"Anders Arhammar\" \/>\n<meta name=\"twitter:card\" content=\"summary_large_image\" \/>\n<meta name=\"twitter:label1\" content=\"Written by\" \/>\n\t<meta name=\"twitter:data1\" content=\"Anders Arhammar\" \/>\n\t<meta name=\"twitter:label2\" content=\"Est. reading time\" \/>\n\t<meta name=\"twitter:data2\" content=\"1 minute\" \/>\n<script type=\"application\/ld+json\" class=\"yoast-schema-graph\">{\"@context\":\"https:\\\/\\\/schema.org\",\"@graph\":[{\"@type\":\"Article\",\"@id\":\"https:\\\/\\\/www.arhammar.se\\\/blog\\\/onsdagen-den-14-augusti-1912-sen-blevo-vi-goda-vanner-igen-forstass\\\/#article\",\"isPartOf\":{\"@id\":\"https:\\\/\\\/www.arhammar.se\\\/blog\\\/onsdagen-den-14-augusti-1912-sen-blevo-vi-goda-vanner-igen-forstass\\\/\"},\"author\":{\"name\":\"Anders Arhammar\",\"@id\":\"https:\\\/\\\/www.arhammar.se\\\/blog\\\/#\\\/schema\\\/person\\\/061984c1d884b363e2c91550f2e00d1d\"},\"headline\":\"Onsdagen den 14 augusti 1912. Sen blevo vi goda v\u00e4nner igen f\u00f6rst\u00e5ss.\",\"datePublished\":\"2020-02-26T22:15:40+00:00\",\"dateModified\":\"2020-03-07T21:23:07+00:00\",\"mainEntityOfPage\":{\"@id\":\"https:\\\/\\\/www.arhammar.se\\\/blog\\\/onsdagen-den-14-augusti-1912-sen-blevo-vi-goda-vanner-igen-forstass\\\/\"},\"wordCount\":190,\"commentCount\":0,\"image\":{\"@id\":\"https:\\\/\\\/www.arhammar.se\\\/blog\\\/onsdagen-den-14-augusti-1912-sen-blevo-vi-goda-vanner-igen-forstass\\\/#primaryimage\"},\"thumbnailUrl\":\"https:\\\/\\\/www.arhammar.se\\\/blog\\\/wp-content\\\/uploads\\\/2020\\\/10\\\/augusti1912.jpg\",\"articleSection\":[\"1912\",\"mormors dagbok\"],\"inLanguage\":\"en-US\",\"potentialAction\":[{\"@type\":\"CommentAction\",\"name\":\"Comment\",\"target\":[\"https:\\\/\\\/www.arhammar.se\\\/blog\\\/onsdagen-den-14-augusti-1912-sen-blevo-vi-goda-vanner-igen-forstass\\\/#respond\"]}]},{\"@type\":\"WebPage\",\"@id\":\"https:\\\/\\\/www.arhammar.se\\\/blog\\\/onsdagen-den-14-augusti-1912-sen-blevo-vi-goda-vanner-igen-forstass\\\/\",\"url\":\"https:\\\/\\\/www.arhammar.se\\\/blog\\\/onsdagen-den-14-augusti-1912-sen-blevo-vi-goda-vanner-igen-forstass\\\/\",\"name\":\"Onsdagen den 14 augusti 1912. Sen blevo vi goda v\u00e4nner igen f\u00f6rst\u00e5ss. - @Arhammar bokstavligen\",\"isPartOf\":{\"@id\":\"https:\\\/\\\/www.arhammar.se\\\/blog\\\/#website\"},\"primaryImageOfPage\":{\"@id\":\"https:\\\/\\\/www.arhammar.se\\\/blog\\\/onsdagen-den-14-augusti-1912-sen-blevo-vi-goda-vanner-igen-forstass\\\/#primaryimage\"},\"image\":{\"@id\":\"https:\\\/\\\/www.arhammar.se\\\/blog\\\/onsdagen-den-14-augusti-1912-sen-blevo-vi-goda-vanner-igen-forstass\\\/#primaryimage\"},\"thumbnailUrl\":\"https:\\\/\\\/www.arhammar.se\\\/blog\\\/wp-content\\\/uploads\\\/2020\\\/10\\\/augusti1912.jpg\",\"datePublished\":\"2020-02-26T22:15:40+00:00\",\"dateModified\":\"2020-03-07T21:23:07+00:00\",\"author\":{\"@id\":\"https:\\\/\\\/www.arhammar.se\\\/blog\\\/#\\\/schema\\\/person\\\/061984c1d884b363e2c91550f2e00d1d\"},\"breadcrumb\":{\"@id\":\"https:\\\/\\\/www.arhammar.se\\\/blog\\\/onsdagen-den-14-augusti-1912-sen-blevo-vi-goda-vanner-igen-forstass\\\/#breadcrumb\"},\"inLanguage\":\"en-US\",\"potentialAction\":[{\"@type\":\"ReadAction\",\"target\":[\"https:\\\/\\\/www.arhammar.se\\\/blog\\\/onsdagen-den-14-augusti-1912-sen-blevo-vi-goda-vanner-igen-forstass\\\/\"]}]},{\"@type\":\"ImageObject\",\"inLanguage\":\"en-US\",\"@id\":\"https:\\\/\\\/www.arhammar.se\\\/blog\\\/onsdagen-den-14-augusti-1912-sen-blevo-vi-goda-vanner-igen-forstass\\\/#primaryimage\",\"url\":\"https:\\\/\\\/www.arhammar.se\\\/blog\\\/wp-content\\\/uploads\\\/2020\\\/10\\\/augusti1912.jpg\",\"contentUrl\":\"https:\\\/\\\/www.arhammar.se\\\/blog\\\/wp-content\\\/uploads\\\/2020\\\/10\\\/augusti1912.jpg\",\"width\":640,\"height\":480},{\"@type\":\"BreadcrumbList\",\"@id\":\"https:\\\/\\\/www.arhammar.se\\\/blog\\\/onsdagen-den-14-augusti-1912-sen-blevo-vi-goda-vanner-igen-forstass\\\/#breadcrumb\",\"itemListElement\":[{\"@type\":\"ListItem\",\"position\":1,\"name\":\"Home\",\"item\":\"https:\\\/\\\/www.arhammar.se\\\/blog\\\/\"},{\"@type\":\"ListItem\",\"position\":2,\"name\":\"Onsdagen den 14 augusti 1912. Sen blevo vi goda v\u00e4nner igen f\u00f6rst\u00e5ss.\"}]},{\"@type\":\"WebSite\",\"@id\":\"https:\\\/\\\/www.arhammar.se\\\/blog\\\/#website\",\"url\":\"https:\\\/\\\/www.arhammar.se\\\/blog\\\/\",\"name\":\"@Arhammar bokstavligen\",\"description\":\"Fr\u00e5n min penna och panna\",\"potentialAction\":[{\"@type\":\"SearchAction\",\"target\":{\"@type\":\"EntryPoint\",\"urlTemplate\":\"https:\\\/\\\/www.arhammar.se\\\/blog\\\/?s={search_term_string}\"},\"query-input\":{\"@type\":\"PropertyValueSpecification\",\"valueRequired\":true,\"valueName\":\"search_term_string\"}}],\"inLanguage\":\"en-US\"},{\"@type\":\"Person\",\"@id\":\"https:\\\/\\\/www.arhammar.se\\\/blog\\\/#\\\/schema\\\/person\\\/061984c1d884b363e2c91550f2e00d1d\",\"name\":\"Anders Arhammar\",\"image\":{\"@type\":\"ImageObject\",\"inLanguage\":\"en-US\",\"@id\":\"https:\\\/\\\/secure.gravatar.com\\\/avatar\\\/784b5b36cfe145ae19a52340f405285a939bcc08d4a21136b3a81f9e378ffae0?s=96&d=mm&r=g\",\"url\":\"https:\\\/\\\/secure.gravatar.com\\\/avatar\\\/784b5b36cfe145ae19a52340f405285a939bcc08d4a21136b3a81f9e378ffae0?s=96&d=mm&r=g\",\"contentUrl\":\"https:\\\/\\\/secure.gravatar.com\\\/avatar\\\/784b5b36cfe145ae19a52340f405285a939bcc08d4a21136b3a81f9e378ffae0?s=96&d=mm&r=g\",\"caption\":\"Anders Arhammar\"},\"url\":\"https:\\\/\\\/www.arhammar.se\\\/blog\\\/author\\\/anders\\\/\"}]}<\/script>\n<!-- \/ Yoast SEO plugin. -->","yoast_head_json":{"title":"Onsdagen den 14 augusti 1912. Sen blevo vi goda v\u00e4nner igen f\u00f6rst\u00e5ss. - @Arhammar bokstavligen","robots":{"index":"index","follow":"follow","max-snippet":"max-snippet:-1","max-image-preview":"max-image-preview:large","max-video-preview":"max-video-preview:-1"},"canonical":"https:\/\/www.arhammar.se\/blog\/onsdagen-den-14-augusti-1912-sen-blevo-vi-goda-vanner-igen-forstass\/","og_locale":"en_US","og_type":"article","og_title":"Onsdagen den 14 augusti 1912. Sen blevo vi goda v\u00e4nner igen f\u00f6rst\u00e5ss. - @Arhammar bokstavligen","og_description":"Uppeh\u00e5llsv\u00e4der hela dagen. Ovanligt nog. P\u00e5 f\u00f6rmiddagen gick fr\u00f6ken, Tora och jag till Nor efter posten och d\u00e4r blev jag s\u00e5 arg p\u00e5 Tora att jag gick i f\u00f6rv\u00e4g hem och promenerade omkring en l\u00e5ng stund ute i skogen f\u00f6r att lugna mina uppr\u00f6rda k\u00e4nslor. N\u00e4r detta n\u00e5gorlunda lyckats klev jag iv\u00e4g ner till g\u00e5rden [&hellip;]","og_url":"https:\/\/www.arhammar.se\/blog\/onsdagen-den-14-augusti-1912-sen-blevo-vi-goda-vanner-igen-forstass\/","og_site_name":"@Arhammar bokstavligen","article_published_time":"2020-02-26T22:15:40+00:00","article_modified_time":"2020-03-07T21:23:07+00:00","og_image":[{"width":640,"height":480,"url":"https:\/\/www.arhammar.se\/blog\/wp-content\/uploads\/2020\/10\/augusti1912.jpg","type":"image\/jpeg"}],"author":"Anders Arhammar","twitter_card":"summary_large_image","twitter_misc":{"Written by":"Anders Arhammar","Est. reading time":"1 minute"},"schema":{"@context":"https:\/\/schema.org","@graph":[{"@type":"Article","@id":"https:\/\/www.arhammar.se\/blog\/onsdagen-den-14-augusti-1912-sen-blevo-vi-goda-vanner-igen-forstass\/#article","isPartOf":{"@id":"https:\/\/www.arhammar.se\/blog\/onsdagen-den-14-augusti-1912-sen-blevo-vi-goda-vanner-igen-forstass\/"},"author":{"name":"Anders Arhammar","@id":"https:\/\/www.arhammar.se\/blog\/#\/schema\/person\/061984c1d884b363e2c91550f2e00d1d"},"headline":"Onsdagen den 14 augusti 1912. Sen blevo vi goda v\u00e4nner igen f\u00f6rst\u00e5ss.","datePublished":"2020-02-26T22:15:40+00:00","dateModified":"2020-03-07T21:23:07+00:00","mainEntityOfPage":{"@id":"https:\/\/www.arhammar.se\/blog\/onsdagen-den-14-augusti-1912-sen-blevo-vi-goda-vanner-igen-forstass\/"},"wordCount":190,"commentCount":0,"image":{"@id":"https:\/\/www.arhammar.se\/blog\/onsdagen-den-14-augusti-1912-sen-blevo-vi-goda-vanner-igen-forstass\/#primaryimage"},"thumbnailUrl":"https:\/\/www.arhammar.se\/blog\/wp-content\/uploads\/2020\/10\/augusti1912.jpg","articleSection":["1912","mormors dagbok"],"inLanguage":"en-US","potentialAction":[{"@type":"CommentAction","name":"Comment","target":["https:\/\/www.arhammar.se\/blog\/onsdagen-den-14-augusti-1912-sen-blevo-vi-goda-vanner-igen-forstass\/#respond"]}]},{"@type":"WebPage","@id":"https:\/\/www.arhammar.se\/blog\/onsdagen-den-14-augusti-1912-sen-blevo-vi-goda-vanner-igen-forstass\/","url":"https:\/\/www.arhammar.se\/blog\/onsdagen-den-14-augusti-1912-sen-blevo-vi-goda-vanner-igen-forstass\/","name":"Onsdagen den 14 augusti 1912. Sen blevo vi goda v\u00e4nner igen f\u00f6rst\u00e5ss. - @Arhammar bokstavligen","isPartOf":{"@id":"https:\/\/www.arhammar.se\/blog\/#website"},"primaryImageOfPage":{"@id":"https:\/\/www.arhammar.se\/blog\/onsdagen-den-14-augusti-1912-sen-blevo-vi-goda-vanner-igen-forstass\/#primaryimage"},"image":{"@id":"https:\/\/www.arhammar.se\/blog\/onsdagen-den-14-augusti-1912-sen-blevo-vi-goda-vanner-igen-forstass\/#primaryimage"},"thumbnailUrl":"https:\/\/www.arhammar.se\/blog\/wp-content\/uploads\/2020\/10\/augusti1912.jpg","datePublished":"2020-02-26T22:15:40+00:00","dateModified":"2020-03-07T21:23:07+00:00","author":{"@id":"https:\/\/www.arhammar.se\/blog\/#\/schema\/person\/061984c1d884b363e2c91550f2e00d1d"},"breadcrumb":{"@id":"https:\/\/www.arhammar.se\/blog\/onsdagen-den-14-augusti-1912-sen-blevo-vi-goda-vanner-igen-forstass\/#breadcrumb"},"inLanguage":"en-US","potentialAction":[{"@type":"ReadAction","target":["https:\/\/www.arhammar.se\/blog\/onsdagen-den-14-augusti-1912-sen-blevo-vi-goda-vanner-igen-forstass\/"]}]},{"@type":"ImageObject","inLanguage":"en-US","@id":"https:\/\/www.arhammar.se\/blog\/onsdagen-den-14-augusti-1912-sen-blevo-vi-goda-vanner-igen-forstass\/#primaryimage","url":"https:\/\/www.arhammar.se\/blog\/wp-content\/uploads\/2020\/10\/augusti1912.jpg","contentUrl":"https:\/\/www.arhammar.se\/blog\/wp-content\/uploads\/2020\/10\/augusti1912.jpg","width":640,"height":480},{"@type":"BreadcrumbList","@id":"https:\/\/www.arhammar.se\/blog\/onsdagen-den-14-augusti-1912-sen-blevo-vi-goda-vanner-igen-forstass\/#breadcrumb","itemListElement":[{"@type":"ListItem","position":1,"name":"Home","item":"https:\/\/www.arhammar.se\/blog\/"},{"@type":"ListItem","position":2,"name":"Onsdagen den 14 augusti 1912. Sen blevo vi goda v\u00e4nner igen f\u00f6rst\u00e5ss."}]},{"@type":"WebSite","@id":"https:\/\/www.arhammar.se\/blog\/#website","url":"https:\/\/www.arhammar.se\/blog\/","name":"@Arhammar bokstavligen","description":"Fr\u00e5n min penna och panna","potentialAction":[{"@type":"SearchAction","target":{"@type":"EntryPoint","urlTemplate":"https:\/\/www.arhammar.se\/blog\/?s={search_term_string}"},"query-input":{"@type":"PropertyValueSpecification","valueRequired":true,"valueName":"search_term_string"}}],"inLanguage":"en-US"},{"@type":"Person","@id":"https:\/\/www.arhammar.se\/blog\/#\/schema\/person\/061984c1d884b363e2c91550f2e00d1d","name":"Anders Arhammar","image":{"@type":"ImageObject","inLanguage":"en-US","@id":"https:\/\/secure.gravatar.com\/avatar\/784b5b36cfe145ae19a52340f405285a939bcc08d4a21136b3a81f9e378ffae0?s=96&d=mm&r=g","url":"https:\/\/secure.gravatar.com\/avatar\/784b5b36cfe145ae19a52340f405285a939bcc08d4a21136b3a81f9e378ffae0?s=96&d=mm&r=g","contentUrl":"https:\/\/secure.gravatar.com\/avatar\/784b5b36cfe145ae19a52340f405285a939bcc08d4a21136b3a81f9e378ffae0?s=96&d=mm&r=g","caption":"Anders Arhammar"},"url":"https:\/\/www.arhammar.se\/blog\/author\/anders\/"}]}},"_links":{"self":[{"href":"https:\/\/www.arhammar.se\/blog\/wp-json\/wp\/v2\/posts\/26391","targetHints":{"allow":["GET"]}}],"collection":[{"href":"https:\/\/www.arhammar.se\/blog\/wp-json\/wp\/v2\/posts"}],"about":[{"href":"https:\/\/www.arhammar.se\/blog\/wp-json\/wp\/v2\/types\/post"}],"author":[{"embeddable":true,"href":"https:\/\/www.arhammar.se\/blog\/wp-json\/wp\/v2\/users\/2"}],"replies":[{"embeddable":true,"href":"https:\/\/www.arhammar.se\/blog\/wp-json\/wp\/v2\/comments?post=26391"}],"version-history":[{"count":2,"href":"https:\/\/www.arhammar.se\/blog\/wp-json\/wp\/v2\/posts\/26391\/revisions"}],"predecessor-version":[{"id":26783,"href":"https:\/\/www.arhammar.se\/blog\/wp-json\/wp\/v2\/posts\/26391\/revisions\/26783"}],"wp:featuredmedia":[{"embeddable":true,"href":"https:\/\/www.arhammar.se\/blog\/wp-json\/wp\/v2\/media\/26194"}],"wp:attachment":[{"href":"https:\/\/www.arhammar.se\/blog\/wp-json\/wp\/v2\/media?parent=26391"}],"wp:term":[{"taxonomy":"category","embeddable":true,"href":"https:\/\/www.arhammar.se\/blog\/wp-json\/wp\/v2\/categories?post=26391"},{"taxonomy":"post_tag","embeddable":true,"href":"https:\/\/www.arhammar.se\/blog\/wp-json\/wp\/v2\/tags?post=26391"}],"curies":[{"name":"wp","href":"https:\/\/api.w.org\/{rel}","templated":true}]}}