{"id":26390,"date":"2020-02-26T23:10:08","date_gmt":"2020-02-26T22:10:08","guid":{"rendered":"https:\/\/www.arhammar.se\/blog\/?p=26390"},"modified":"2020-03-07T22:20:29","modified_gmt":"2020-03-07T21:20:29","slug":"tisdag-den-13-augusti-1912-naturligtvis-bara-for-att-en-viss-var-dar","status":"publish","type":"post","link":"https:\/\/www.arhammar.se\/blog\/tisdag-den-13-augusti-1912-naturligtvis-bara-for-att-en-viss-var-dar\/","title":{"rendered":"Tisdag den 13 augusti 1912. Naturligtvis bara f\u00f6r att &#8220;en viss&#8221; var d\u00e4r."},"content":{"rendered":"<p>Ja, imorgon hade jag \u00e4mnat fara, men det vilja de h\u00e4r inte. S\u00e5 jag far v\u00e4l inte f\u00f6rr\u00e4n till fredag eller l\u00f6rdag. Idag har det varit lika regnigt som de andra dagarna. Usch, usch! P\u00e5 uppeh\u00e5llsstunderna spankulerade vi ute, hos Ander, d\u00e4r hade de f\u00e5tt hem ny choklad och sen voro vi i ladug\u00e5rden och s\u00e5g p\u00e5 mj\u00f6lkningen, naturligtvis bara f\u00f6r att &#8220;en viss&#8221; var d\u00e4r. <\/p>\n<p>P\u00e5 f\u00f6rmiddagen voro vi p\u00e5 &#8220;tolvte&#8221; p\u00e5 Lillerud ist\u00e4llet f\u00f6r ig\u00e5r. Ikv\u00e4ll ha vi spelat kort och Gunnar narrade oss i skratt, s\u00e5 vi kunde kikna med sitt &#8220;ge emot&#8221;,&#8221;gi im\u00e4ut\u201d.<\/p>\n<!-- AddThis Advanced Settings generic via filter on the_content --><!-- AddThis Share Buttons generic via filter on the_content -->","protected":false},"excerpt":{"rendered":"<p>Ja, imorgon hade jag \u00e4mnat fara, men det vilja de h\u00e4r inte. S\u00e5 jag far v\u00e4l inte f\u00f6rr\u00e4n till fredag eller l\u00f6rdag. Idag har det varit lika regnigt som de andra dagarna. Usch, usch! P\u00e5 uppeh\u00e5llsstunderna spankulerade vi ute, hos Ander, d\u00e4r hade de f\u00e5tt hem ny choklad och sen voro vi i ladug\u00e5rden och [&hellip;]<!-- AddThis Advanced Settings generic via filter on wp_trim_excerpt --><!-- AddThis Share Buttons generic via filter on wp_trim_excerpt --><\/p>\n","protected":false},"author":2,"featured_media":26194,"comment_status":"open","ping_status":"open","sticky":false,"template":"","format":"standard","meta":{"footnotes":""},"categories":[3437,3425],"tags":[],"class_list":["post-26390","post","type-post","status-publish","format-standard","has-post-thumbnail","hentry","category-3437","category-mormors-dagbok"],"yoast_head":"<!-- This site is optimized with the Yoast SEO plugin v27.4 - https:\/\/yoast.com\/product\/yoast-seo-wordpress\/ -->\n<title>Tisdag den 13 augusti 1912. Naturligtvis bara f\u00f6r att &quot;en viss&quot; var d\u00e4r. - @Arhammar bokstavligen<\/title>\n<meta name=\"robots\" content=\"index, follow, max-snippet:-1, max-image-preview:large, max-video-preview:-1\" \/>\n<link rel=\"canonical\" href=\"https:\/\/www.arhammar.se\/blog\/tisdag-den-13-augusti-1912-naturligtvis-bara-for-att-en-viss-var-dar\/\" \/>\n<meta property=\"og:locale\" content=\"en_US\" \/>\n<meta property=\"og:type\" content=\"article\" \/>\n<meta property=\"og:title\" content=\"Tisdag den 13 augusti 1912. Naturligtvis bara f\u00f6r att &quot;en viss&quot; var d\u00e4r. - @Arhammar bokstavligen\" \/>\n<meta property=\"og:description\" content=\"Ja, imorgon hade jag \u00e4mnat fara, men det vilja de h\u00e4r inte. S\u00e5 jag far v\u00e4l inte f\u00f6rr\u00e4n till fredag eller l\u00f6rdag. Idag har det varit lika regnigt som de andra dagarna. Usch, usch! P\u00e5 uppeh\u00e5llsstunderna spankulerade vi ute, hos Ander, d\u00e4r hade de f\u00e5tt hem ny choklad och sen voro vi i ladug\u00e5rden och [&hellip;]\" \/>\n<meta property=\"og:url\" content=\"https:\/\/www.arhammar.se\/blog\/tisdag-den-13-augusti-1912-naturligtvis-bara-for-att-en-viss-var-dar\/\" \/>\n<meta property=\"og:site_name\" content=\"@Arhammar bokstavligen\" \/>\n<meta property=\"article:published_time\" content=\"2020-02-26T22:10:08+00:00\" \/>\n<meta property=\"article:modified_time\" content=\"2020-03-07T21:20:29+00:00\" \/>\n<meta property=\"og:image\" content=\"https:\/\/www.arhammar.se\/blog\/wp-content\/uploads\/2020\/10\/augusti1912.jpg\" \/>\n\t<meta property=\"og:image:width\" content=\"640\" \/>\n\t<meta property=\"og:image:height\" content=\"480\" \/>\n\t<meta property=\"og:image:type\" content=\"image\/jpeg\" \/>\n<meta name=\"author\" content=\"Anders Arhammar\" \/>\n<meta name=\"twitter:card\" content=\"summary_large_image\" \/>\n<meta name=\"twitter:label1\" content=\"Written by\" \/>\n\t<meta name=\"twitter:data1\" content=\"Anders Arhammar\" \/>\n\t<meta name=\"twitter:label2\" content=\"Est. reading time\" \/>\n\t<meta name=\"twitter:data2\" content=\"1 minute\" \/>\n<script type=\"application\/ld+json\" class=\"yoast-schema-graph\">{\"@context\":\"https:\\\/\\\/schema.org\",\"@graph\":[{\"@type\":\"Article\",\"@id\":\"https:\\\/\\\/www.arhammar.se\\\/blog\\\/tisdag-den-13-augusti-1912-naturligtvis-bara-for-att-en-viss-var-dar\\\/#article\",\"isPartOf\":{\"@id\":\"https:\\\/\\\/www.arhammar.se\\\/blog\\\/tisdag-den-13-augusti-1912-naturligtvis-bara-for-att-en-viss-var-dar\\\/\"},\"author\":{\"name\":\"Anders Arhammar\",\"@id\":\"https:\\\/\\\/www.arhammar.se\\\/blog\\\/#\\\/schema\\\/person\\\/061984c1d884b363e2c91550f2e00d1d\"},\"headline\":\"Tisdag den 13 augusti 1912. Naturligtvis bara f\u00f6r att &#8220;en viss&#8221; var d\u00e4r.\",\"datePublished\":\"2020-02-26T22:10:08+00:00\",\"dateModified\":\"2020-03-07T21:20:29+00:00\",\"mainEntityOfPage\":{\"@id\":\"https:\\\/\\\/www.arhammar.se\\\/blog\\\/tisdag-den-13-augusti-1912-naturligtvis-bara-for-att-en-viss-var-dar\\\/\"},\"wordCount\":130,\"commentCount\":0,\"image\":{\"@id\":\"https:\\\/\\\/www.arhammar.se\\\/blog\\\/tisdag-den-13-augusti-1912-naturligtvis-bara-for-att-en-viss-var-dar\\\/#primaryimage\"},\"thumbnailUrl\":\"https:\\\/\\\/www.arhammar.se\\\/blog\\\/wp-content\\\/uploads\\\/2020\\\/10\\\/augusti1912.jpg\",\"articleSection\":[\"1912\",\"mormors dagbok\"],\"inLanguage\":\"en-US\",\"potentialAction\":[{\"@type\":\"CommentAction\",\"name\":\"Comment\",\"target\":[\"https:\\\/\\\/www.arhammar.se\\\/blog\\\/tisdag-den-13-augusti-1912-naturligtvis-bara-for-att-en-viss-var-dar\\\/#respond\"]}]},{\"@type\":\"WebPage\",\"@id\":\"https:\\\/\\\/www.arhammar.se\\\/blog\\\/tisdag-den-13-augusti-1912-naturligtvis-bara-for-att-en-viss-var-dar\\\/\",\"url\":\"https:\\\/\\\/www.arhammar.se\\\/blog\\\/tisdag-den-13-augusti-1912-naturligtvis-bara-for-att-en-viss-var-dar\\\/\",\"name\":\"Tisdag den 13 augusti 1912. Naturligtvis bara f\u00f6r att \\\"en viss\\\" var d\u00e4r. - @Arhammar bokstavligen\",\"isPartOf\":{\"@id\":\"https:\\\/\\\/www.arhammar.se\\\/blog\\\/#website\"},\"primaryImageOfPage\":{\"@id\":\"https:\\\/\\\/www.arhammar.se\\\/blog\\\/tisdag-den-13-augusti-1912-naturligtvis-bara-for-att-en-viss-var-dar\\\/#primaryimage\"},\"image\":{\"@id\":\"https:\\\/\\\/www.arhammar.se\\\/blog\\\/tisdag-den-13-augusti-1912-naturligtvis-bara-for-att-en-viss-var-dar\\\/#primaryimage\"},\"thumbnailUrl\":\"https:\\\/\\\/www.arhammar.se\\\/blog\\\/wp-content\\\/uploads\\\/2020\\\/10\\\/augusti1912.jpg\",\"datePublished\":\"2020-02-26T22:10:08+00:00\",\"dateModified\":\"2020-03-07T21:20:29+00:00\",\"author\":{\"@id\":\"https:\\\/\\\/www.arhammar.se\\\/blog\\\/#\\\/schema\\\/person\\\/061984c1d884b363e2c91550f2e00d1d\"},\"breadcrumb\":{\"@id\":\"https:\\\/\\\/www.arhammar.se\\\/blog\\\/tisdag-den-13-augusti-1912-naturligtvis-bara-for-att-en-viss-var-dar\\\/#breadcrumb\"},\"inLanguage\":\"en-US\",\"potentialAction\":[{\"@type\":\"ReadAction\",\"target\":[\"https:\\\/\\\/www.arhammar.se\\\/blog\\\/tisdag-den-13-augusti-1912-naturligtvis-bara-for-att-en-viss-var-dar\\\/\"]}]},{\"@type\":\"ImageObject\",\"inLanguage\":\"en-US\",\"@id\":\"https:\\\/\\\/www.arhammar.se\\\/blog\\\/tisdag-den-13-augusti-1912-naturligtvis-bara-for-att-en-viss-var-dar\\\/#primaryimage\",\"url\":\"https:\\\/\\\/www.arhammar.se\\\/blog\\\/wp-content\\\/uploads\\\/2020\\\/10\\\/augusti1912.jpg\",\"contentUrl\":\"https:\\\/\\\/www.arhammar.se\\\/blog\\\/wp-content\\\/uploads\\\/2020\\\/10\\\/augusti1912.jpg\",\"width\":640,\"height\":480},{\"@type\":\"BreadcrumbList\",\"@id\":\"https:\\\/\\\/www.arhammar.se\\\/blog\\\/tisdag-den-13-augusti-1912-naturligtvis-bara-for-att-en-viss-var-dar\\\/#breadcrumb\",\"itemListElement\":[{\"@type\":\"ListItem\",\"position\":1,\"name\":\"Home\",\"item\":\"https:\\\/\\\/www.arhammar.se\\\/blog\\\/\"},{\"@type\":\"ListItem\",\"position\":2,\"name\":\"Tisdag den 13 augusti 1912. Naturligtvis bara f\u00f6r att &#8220;en viss&#8221; var d\u00e4r.\"}]},{\"@type\":\"WebSite\",\"@id\":\"https:\\\/\\\/www.arhammar.se\\\/blog\\\/#website\",\"url\":\"https:\\\/\\\/www.arhammar.se\\\/blog\\\/\",\"name\":\"@Arhammar bokstavligen\",\"description\":\"Fr\u00e5n min penna och panna\",\"potentialAction\":[{\"@type\":\"SearchAction\",\"target\":{\"@type\":\"EntryPoint\",\"urlTemplate\":\"https:\\\/\\\/www.arhammar.se\\\/blog\\\/?s={search_term_string}\"},\"query-input\":{\"@type\":\"PropertyValueSpecification\",\"valueRequired\":true,\"valueName\":\"search_term_string\"}}],\"inLanguage\":\"en-US\"},{\"@type\":\"Person\",\"@id\":\"https:\\\/\\\/www.arhammar.se\\\/blog\\\/#\\\/schema\\\/person\\\/061984c1d884b363e2c91550f2e00d1d\",\"name\":\"Anders Arhammar\",\"image\":{\"@type\":\"ImageObject\",\"inLanguage\":\"en-US\",\"@id\":\"https:\\\/\\\/secure.gravatar.com\\\/avatar\\\/784b5b36cfe145ae19a52340f405285a939bcc08d4a21136b3a81f9e378ffae0?s=96&d=mm&r=g\",\"url\":\"https:\\\/\\\/secure.gravatar.com\\\/avatar\\\/784b5b36cfe145ae19a52340f405285a939bcc08d4a21136b3a81f9e378ffae0?s=96&d=mm&r=g\",\"contentUrl\":\"https:\\\/\\\/secure.gravatar.com\\\/avatar\\\/784b5b36cfe145ae19a52340f405285a939bcc08d4a21136b3a81f9e378ffae0?s=96&d=mm&r=g\",\"caption\":\"Anders Arhammar\"},\"url\":\"https:\\\/\\\/www.arhammar.se\\\/blog\\\/author\\\/anders\\\/\"}]}<\/script>\n<!-- \/ Yoast SEO plugin. -->","yoast_head_json":{"title":"Tisdag den 13 augusti 1912. Naturligtvis bara f\u00f6r att \"en viss\" var d\u00e4r. - @Arhammar bokstavligen","robots":{"index":"index","follow":"follow","max-snippet":"max-snippet:-1","max-image-preview":"max-image-preview:large","max-video-preview":"max-video-preview:-1"},"canonical":"https:\/\/www.arhammar.se\/blog\/tisdag-den-13-augusti-1912-naturligtvis-bara-for-att-en-viss-var-dar\/","og_locale":"en_US","og_type":"article","og_title":"Tisdag den 13 augusti 1912. Naturligtvis bara f\u00f6r att \"en viss\" var d\u00e4r. - @Arhammar bokstavligen","og_description":"Ja, imorgon hade jag \u00e4mnat fara, men det vilja de h\u00e4r inte. S\u00e5 jag far v\u00e4l inte f\u00f6rr\u00e4n till fredag eller l\u00f6rdag. Idag har det varit lika regnigt som de andra dagarna. Usch, usch! P\u00e5 uppeh\u00e5llsstunderna spankulerade vi ute, hos Ander, d\u00e4r hade de f\u00e5tt hem ny choklad och sen voro vi i ladug\u00e5rden och [&hellip;]","og_url":"https:\/\/www.arhammar.se\/blog\/tisdag-den-13-augusti-1912-naturligtvis-bara-for-att-en-viss-var-dar\/","og_site_name":"@Arhammar bokstavligen","article_published_time":"2020-02-26T22:10:08+00:00","article_modified_time":"2020-03-07T21:20:29+00:00","og_image":[{"width":640,"height":480,"url":"https:\/\/www.arhammar.se\/blog\/wp-content\/uploads\/2020\/10\/augusti1912.jpg","type":"image\/jpeg"}],"author":"Anders Arhammar","twitter_card":"summary_large_image","twitter_misc":{"Written by":"Anders Arhammar","Est. reading time":"1 minute"},"schema":{"@context":"https:\/\/schema.org","@graph":[{"@type":"Article","@id":"https:\/\/www.arhammar.se\/blog\/tisdag-den-13-augusti-1912-naturligtvis-bara-for-att-en-viss-var-dar\/#article","isPartOf":{"@id":"https:\/\/www.arhammar.se\/blog\/tisdag-den-13-augusti-1912-naturligtvis-bara-for-att-en-viss-var-dar\/"},"author":{"name":"Anders Arhammar","@id":"https:\/\/www.arhammar.se\/blog\/#\/schema\/person\/061984c1d884b363e2c91550f2e00d1d"},"headline":"Tisdag den 13 augusti 1912. Naturligtvis bara f\u00f6r att &#8220;en viss&#8221; var d\u00e4r.","datePublished":"2020-02-26T22:10:08+00:00","dateModified":"2020-03-07T21:20:29+00:00","mainEntityOfPage":{"@id":"https:\/\/www.arhammar.se\/blog\/tisdag-den-13-augusti-1912-naturligtvis-bara-for-att-en-viss-var-dar\/"},"wordCount":130,"commentCount":0,"image":{"@id":"https:\/\/www.arhammar.se\/blog\/tisdag-den-13-augusti-1912-naturligtvis-bara-for-att-en-viss-var-dar\/#primaryimage"},"thumbnailUrl":"https:\/\/www.arhammar.se\/blog\/wp-content\/uploads\/2020\/10\/augusti1912.jpg","articleSection":["1912","mormors dagbok"],"inLanguage":"en-US","potentialAction":[{"@type":"CommentAction","name":"Comment","target":["https:\/\/www.arhammar.se\/blog\/tisdag-den-13-augusti-1912-naturligtvis-bara-for-att-en-viss-var-dar\/#respond"]}]},{"@type":"WebPage","@id":"https:\/\/www.arhammar.se\/blog\/tisdag-den-13-augusti-1912-naturligtvis-bara-for-att-en-viss-var-dar\/","url":"https:\/\/www.arhammar.se\/blog\/tisdag-den-13-augusti-1912-naturligtvis-bara-for-att-en-viss-var-dar\/","name":"Tisdag den 13 augusti 1912. Naturligtvis bara f\u00f6r att \"en viss\" var d\u00e4r. - @Arhammar bokstavligen","isPartOf":{"@id":"https:\/\/www.arhammar.se\/blog\/#website"},"primaryImageOfPage":{"@id":"https:\/\/www.arhammar.se\/blog\/tisdag-den-13-augusti-1912-naturligtvis-bara-for-att-en-viss-var-dar\/#primaryimage"},"image":{"@id":"https:\/\/www.arhammar.se\/blog\/tisdag-den-13-augusti-1912-naturligtvis-bara-for-att-en-viss-var-dar\/#primaryimage"},"thumbnailUrl":"https:\/\/www.arhammar.se\/blog\/wp-content\/uploads\/2020\/10\/augusti1912.jpg","datePublished":"2020-02-26T22:10:08+00:00","dateModified":"2020-03-07T21:20:29+00:00","author":{"@id":"https:\/\/www.arhammar.se\/blog\/#\/schema\/person\/061984c1d884b363e2c91550f2e00d1d"},"breadcrumb":{"@id":"https:\/\/www.arhammar.se\/blog\/tisdag-den-13-augusti-1912-naturligtvis-bara-for-att-en-viss-var-dar\/#breadcrumb"},"inLanguage":"en-US","potentialAction":[{"@type":"ReadAction","target":["https:\/\/www.arhammar.se\/blog\/tisdag-den-13-augusti-1912-naturligtvis-bara-for-att-en-viss-var-dar\/"]}]},{"@type":"ImageObject","inLanguage":"en-US","@id":"https:\/\/www.arhammar.se\/blog\/tisdag-den-13-augusti-1912-naturligtvis-bara-for-att-en-viss-var-dar\/#primaryimage","url":"https:\/\/www.arhammar.se\/blog\/wp-content\/uploads\/2020\/10\/augusti1912.jpg","contentUrl":"https:\/\/www.arhammar.se\/blog\/wp-content\/uploads\/2020\/10\/augusti1912.jpg","width":640,"height":480},{"@type":"BreadcrumbList","@id":"https:\/\/www.arhammar.se\/blog\/tisdag-den-13-augusti-1912-naturligtvis-bara-for-att-en-viss-var-dar\/#breadcrumb","itemListElement":[{"@type":"ListItem","position":1,"name":"Home","item":"https:\/\/www.arhammar.se\/blog\/"},{"@type":"ListItem","position":2,"name":"Tisdag den 13 augusti 1912. Naturligtvis bara f\u00f6r att &#8220;en viss&#8221; var d\u00e4r."}]},{"@type":"WebSite","@id":"https:\/\/www.arhammar.se\/blog\/#website","url":"https:\/\/www.arhammar.se\/blog\/","name":"@Arhammar bokstavligen","description":"Fr\u00e5n min penna och panna","potentialAction":[{"@type":"SearchAction","target":{"@type":"EntryPoint","urlTemplate":"https:\/\/www.arhammar.se\/blog\/?s={search_term_string}"},"query-input":{"@type":"PropertyValueSpecification","valueRequired":true,"valueName":"search_term_string"}}],"inLanguage":"en-US"},{"@type":"Person","@id":"https:\/\/www.arhammar.se\/blog\/#\/schema\/person\/061984c1d884b363e2c91550f2e00d1d","name":"Anders Arhammar","image":{"@type":"ImageObject","inLanguage":"en-US","@id":"https:\/\/secure.gravatar.com\/avatar\/784b5b36cfe145ae19a52340f405285a939bcc08d4a21136b3a81f9e378ffae0?s=96&d=mm&r=g","url":"https:\/\/secure.gravatar.com\/avatar\/784b5b36cfe145ae19a52340f405285a939bcc08d4a21136b3a81f9e378ffae0?s=96&d=mm&r=g","contentUrl":"https:\/\/secure.gravatar.com\/avatar\/784b5b36cfe145ae19a52340f405285a939bcc08d4a21136b3a81f9e378ffae0?s=96&d=mm&r=g","caption":"Anders Arhammar"},"url":"https:\/\/www.arhammar.se\/blog\/author\/anders\/"}]}},"_links":{"self":[{"href":"https:\/\/www.arhammar.se\/blog\/wp-json\/wp\/v2\/posts\/26390","targetHints":{"allow":["GET"]}}],"collection":[{"href":"https:\/\/www.arhammar.se\/blog\/wp-json\/wp\/v2\/posts"}],"about":[{"href":"https:\/\/www.arhammar.se\/blog\/wp-json\/wp\/v2\/types\/post"}],"author":[{"embeddable":true,"href":"https:\/\/www.arhammar.se\/blog\/wp-json\/wp\/v2\/users\/2"}],"replies":[{"embeddable":true,"href":"https:\/\/www.arhammar.se\/blog\/wp-json\/wp\/v2\/comments?post=26390"}],"version-history":[{"count":2,"href":"https:\/\/www.arhammar.se\/blog\/wp-json\/wp\/v2\/posts\/26390\/revisions"}],"predecessor-version":[{"id":26782,"href":"https:\/\/www.arhammar.se\/blog\/wp-json\/wp\/v2\/posts\/26390\/revisions\/26782"}],"wp:featuredmedia":[{"embeddable":true,"href":"https:\/\/www.arhammar.se\/blog\/wp-json\/wp\/v2\/media\/26194"}],"wp:attachment":[{"href":"https:\/\/www.arhammar.se\/blog\/wp-json\/wp\/v2\/media?parent=26390"}],"wp:term":[{"taxonomy":"category","embeddable":true,"href":"https:\/\/www.arhammar.se\/blog\/wp-json\/wp\/v2\/categories?post=26390"},{"taxonomy":"post_tag","embeddable":true,"href":"https:\/\/www.arhammar.se\/blog\/wp-json\/wp\/v2\/tags?post=26390"}],"curies":[{"name":"wp","href":"https:\/\/api.w.org\/{rel}","templated":true}]}}