{"id":26389,"date":"2020-02-26T23:05:35","date_gmt":"2020-02-26T22:05:35","guid":{"rendered":"https:\/\/www.arhammar.se\/blog\/?p=26389"},"modified":"2020-03-07T22:18:14","modified_gmt":"2020-03-07T21:18:14","slug":"mandag-den-12-augusti-1912-vi-fingo-inte-fara-ensamma-for-direktoren","status":"publish","type":"post","link":"https:\/\/www.arhammar.se\/blog\/mandag-den-12-augusti-1912-vi-fingo-inte-fara-ensamma-for-direktoren\/","title":{"rendered":"M\u00e5ndag den 12 augusti 1912. Vi fingo inte fara ensamma f\u00f6r direkt\u00f6ren."},"content":{"rendered":"<p>Oh, vad arga Tora och jag voro ig\u00e5r. Inte p\u00e5 morron, jag \u00e5tminstone, ty d\u00e5 fick jag ett brev fr\u00e5n pappa med en femma i och det var ju utm\u00e4rkt. Men p\u00e5 eftermiddagen. <\/p>\n<p>Vi skulle ha farit till Trossn\u00e4s och sett p\u00e5 dansen och dansat ocks\u00e5 kanske och s\u00e5 \u00e5skade det och st\u00f6rtregnade s\u00e5 att vi naturligtvis inte kunde fara. Vi sutto inne och l\u00e4ste och spela kort hela eftermiddagen n\u00e4stan. Kunde bara vara ute en liten stund. Idag har det ocks\u00e5 regnat p\u00e5 f\u00f6rmiddagen, men i eftermiddags har det varit klart. P\u00e5 samma g\u00e5ng Tora och jag voro efter posten, gick vi till s\u00e5gverks\u00e4gare Persson och l\u00e4mnade honom h\u00e4lsningar, som pappa skickat i sitt brev. Sen plockade vi vinb\u00e4r och rensade dem p\u00e5 eftermiddagen. Det var en faslig massa. <\/p>\n<p>P\u00e5 eftermiddagen voro vi bjudna p\u00e5 en utflykt till Rondviken med Vikstr\u00f6ms, det var Karins f\u00f6delsedag, men fr\u00f6ken Hagstr\u00f6m hade inte tid att f\u00f6lja med och vi fingo inte fara ensamma f\u00f6r direkt\u00f6ren. Vi va hemskt arga. Men sen p\u00e5 kv\u00e4llen spelade vi en oerh\u00f6rt sp\u00e4nnande krocketmatch, v\u00e4nner och ov\u00e4nner och sen voro vi vid minnesm\u00e4rket.<\/p>\n<!-- AddThis Advanced Settings generic via filter on the_content --><!-- AddThis Share Buttons generic via filter on the_content -->","protected":false},"excerpt":{"rendered":"<p>Oh, vad arga Tora och jag voro ig\u00e5r. Inte p\u00e5 morron, jag \u00e5tminstone, ty d\u00e5 fick jag ett brev fr\u00e5n pappa med en femma i och det var ju utm\u00e4rkt. Men p\u00e5 eftermiddagen. Vi skulle ha farit till Trossn\u00e4s och sett p\u00e5 dansen och dansat ocks\u00e5 kanske och s\u00e5 \u00e5skade det och st\u00f6rtregnade s\u00e5 att [&hellip;]<!-- AddThis Advanced Settings generic via filter on wp_trim_excerpt --><!-- AddThis Share Buttons generic via filter on wp_trim_excerpt --><\/p>\n","protected":false},"author":2,"featured_media":26194,"comment_status":"open","ping_status":"open","sticky":false,"template":"","format":"standard","meta":{"footnotes":""},"categories":[3437,3425],"tags":[],"class_list":["post-26389","post","type-post","status-publish","format-standard","has-post-thumbnail","hentry","category-3437","category-mormors-dagbok"],"yoast_head":"<!-- This site is optimized with the Yoast SEO plugin v27.4 - https:\/\/yoast.com\/product\/yoast-seo-wordpress\/ -->\n<title>M\u00e5ndag den 12 augusti 1912. Vi fingo inte fara ensamma f\u00f6r direkt\u00f6ren. - @Arhammar bokstavligen<\/title>\n<meta name=\"robots\" content=\"index, follow, max-snippet:-1, max-image-preview:large, max-video-preview:-1\" \/>\n<link rel=\"canonical\" href=\"https:\/\/www.arhammar.se\/blog\/mandag-den-12-augusti-1912-vi-fingo-inte-fara-ensamma-for-direktoren\/\" \/>\n<meta property=\"og:locale\" content=\"en_US\" \/>\n<meta property=\"og:type\" content=\"article\" \/>\n<meta property=\"og:title\" content=\"M\u00e5ndag den 12 augusti 1912. Vi fingo inte fara ensamma f\u00f6r direkt\u00f6ren. - @Arhammar bokstavligen\" \/>\n<meta property=\"og:description\" content=\"Oh, vad arga Tora och jag voro ig\u00e5r. Inte p\u00e5 morron, jag \u00e5tminstone, ty d\u00e5 fick jag ett brev fr\u00e5n pappa med en femma i och det var ju utm\u00e4rkt. Men p\u00e5 eftermiddagen. Vi skulle ha farit till Trossn\u00e4s och sett p\u00e5 dansen och dansat ocks\u00e5 kanske och s\u00e5 \u00e5skade det och st\u00f6rtregnade s\u00e5 att [&hellip;]\" \/>\n<meta property=\"og:url\" content=\"https:\/\/www.arhammar.se\/blog\/mandag-den-12-augusti-1912-vi-fingo-inte-fara-ensamma-for-direktoren\/\" \/>\n<meta property=\"og:site_name\" content=\"@Arhammar bokstavligen\" \/>\n<meta property=\"article:published_time\" content=\"2020-02-26T22:05:35+00:00\" \/>\n<meta property=\"article:modified_time\" content=\"2020-03-07T21:18:14+00:00\" \/>\n<meta property=\"og:image\" content=\"https:\/\/www.arhammar.se\/blog\/wp-content\/uploads\/2020\/10\/augusti1912.jpg\" \/>\n\t<meta property=\"og:image:width\" content=\"640\" \/>\n\t<meta property=\"og:image:height\" content=\"480\" \/>\n\t<meta property=\"og:image:type\" content=\"image\/jpeg\" \/>\n<meta name=\"author\" content=\"Anders Arhammar\" \/>\n<meta name=\"twitter:card\" content=\"summary_large_image\" \/>\n<meta name=\"twitter:label1\" content=\"Written by\" \/>\n\t<meta name=\"twitter:data1\" content=\"Anders Arhammar\" \/>\n\t<meta name=\"twitter:label2\" content=\"Est. reading time\" \/>\n\t<meta name=\"twitter:data2\" content=\"1 minute\" \/>\n<script type=\"application\/ld+json\" class=\"yoast-schema-graph\">{\"@context\":\"https:\\\/\\\/schema.org\",\"@graph\":[{\"@type\":\"Article\",\"@id\":\"https:\\\/\\\/www.arhammar.se\\\/blog\\\/mandag-den-12-augusti-1912-vi-fingo-inte-fara-ensamma-for-direktoren\\\/#article\",\"isPartOf\":{\"@id\":\"https:\\\/\\\/www.arhammar.se\\\/blog\\\/mandag-den-12-augusti-1912-vi-fingo-inte-fara-ensamma-for-direktoren\\\/\"},\"author\":{\"name\":\"Anders Arhammar\",\"@id\":\"https:\\\/\\\/www.arhammar.se\\\/blog\\\/#\\\/schema\\\/person\\\/061984c1d884b363e2c91550f2e00d1d\"},\"headline\":\"M\u00e5ndag den 12 augusti 1912. Vi fingo inte fara ensamma f\u00f6r direkt\u00f6ren.\",\"datePublished\":\"2020-02-26T22:05:35+00:00\",\"dateModified\":\"2020-03-07T21:18:14+00:00\",\"mainEntityOfPage\":{\"@id\":\"https:\\\/\\\/www.arhammar.se\\\/blog\\\/mandag-den-12-augusti-1912-vi-fingo-inte-fara-ensamma-for-direktoren\\\/\"},\"wordCount\":226,\"commentCount\":0,\"image\":{\"@id\":\"https:\\\/\\\/www.arhammar.se\\\/blog\\\/mandag-den-12-augusti-1912-vi-fingo-inte-fara-ensamma-for-direktoren\\\/#primaryimage\"},\"thumbnailUrl\":\"https:\\\/\\\/www.arhammar.se\\\/blog\\\/wp-content\\\/uploads\\\/2020\\\/10\\\/augusti1912.jpg\",\"articleSection\":[\"1912\",\"mormors dagbok\"],\"inLanguage\":\"en-US\",\"potentialAction\":[{\"@type\":\"CommentAction\",\"name\":\"Comment\",\"target\":[\"https:\\\/\\\/www.arhammar.se\\\/blog\\\/mandag-den-12-augusti-1912-vi-fingo-inte-fara-ensamma-for-direktoren\\\/#respond\"]}]},{\"@type\":\"WebPage\",\"@id\":\"https:\\\/\\\/www.arhammar.se\\\/blog\\\/mandag-den-12-augusti-1912-vi-fingo-inte-fara-ensamma-for-direktoren\\\/\",\"url\":\"https:\\\/\\\/www.arhammar.se\\\/blog\\\/mandag-den-12-augusti-1912-vi-fingo-inte-fara-ensamma-for-direktoren\\\/\",\"name\":\"M\u00e5ndag den 12 augusti 1912. Vi fingo inte fara ensamma f\u00f6r direkt\u00f6ren. - @Arhammar bokstavligen\",\"isPartOf\":{\"@id\":\"https:\\\/\\\/www.arhammar.se\\\/blog\\\/#website\"},\"primaryImageOfPage\":{\"@id\":\"https:\\\/\\\/www.arhammar.se\\\/blog\\\/mandag-den-12-augusti-1912-vi-fingo-inte-fara-ensamma-for-direktoren\\\/#primaryimage\"},\"image\":{\"@id\":\"https:\\\/\\\/www.arhammar.se\\\/blog\\\/mandag-den-12-augusti-1912-vi-fingo-inte-fara-ensamma-for-direktoren\\\/#primaryimage\"},\"thumbnailUrl\":\"https:\\\/\\\/www.arhammar.se\\\/blog\\\/wp-content\\\/uploads\\\/2020\\\/10\\\/augusti1912.jpg\",\"datePublished\":\"2020-02-26T22:05:35+00:00\",\"dateModified\":\"2020-03-07T21:18:14+00:00\",\"author\":{\"@id\":\"https:\\\/\\\/www.arhammar.se\\\/blog\\\/#\\\/schema\\\/person\\\/061984c1d884b363e2c91550f2e00d1d\"},\"breadcrumb\":{\"@id\":\"https:\\\/\\\/www.arhammar.se\\\/blog\\\/mandag-den-12-augusti-1912-vi-fingo-inte-fara-ensamma-for-direktoren\\\/#breadcrumb\"},\"inLanguage\":\"en-US\",\"potentialAction\":[{\"@type\":\"ReadAction\",\"target\":[\"https:\\\/\\\/www.arhammar.se\\\/blog\\\/mandag-den-12-augusti-1912-vi-fingo-inte-fara-ensamma-for-direktoren\\\/\"]}]},{\"@type\":\"ImageObject\",\"inLanguage\":\"en-US\",\"@id\":\"https:\\\/\\\/www.arhammar.se\\\/blog\\\/mandag-den-12-augusti-1912-vi-fingo-inte-fara-ensamma-for-direktoren\\\/#primaryimage\",\"url\":\"https:\\\/\\\/www.arhammar.se\\\/blog\\\/wp-content\\\/uploads\\\/2020\\\/10\\\/augusti1912.jpg\",\"contentUrl\":\"https:\\\/\\\/www.arhammar.se\\\/blog\\\/wp-content\\\/uploads\\\/2020\\\/10\\\/augusti1912.jpg\",\"width\":640,\"height\":480},{\"@type\":\"BreadcrumbList\",\"@id\":\"https:\\\/\\\/www.arhammar.se\\\/blog\\\/mandag-den-12-augusti-1912-vi-fingo-inte-fara-ensamma-for-direktoren\\\/#breadcrumb\",\"itemListElement\":[{\"@type\":\"ListItem\",\"position\":1,\"name\":\"Home\",\"item\":\"https:\\\/\\\/www.arhammar.se\\\/blog\\\/\"},{\"@type\":\"ListItem\",\"position\":2,\"name\":\"M\u00e5ndag den 12 augusti 1912. Vi fingo inte fara ensamma f\u00f6r direkt\u00f6ren.\"}]},{\"@type\":\"WebSite\",\"@id\":\"https:\\\/\\\/www.arhammar.se\\\/blog\\\/#website\",\"url\":\"https:\\\/\\\/www.arhammar.se\\\/blog\\\/\",\"name\":\"@Arhammar bokstavligen\",\"description\":\"Fr\u00e5n min penna och panna\",\"potentialAction\":[{\"@type\":\"SearchAction\",\"target\":{\"@type\":\"EntryPoint\",\"urlTemplate\":\"https:\\\/\\\/www.arhammar.se\\\/blog\\\/?s={search_term_string}\"},\"query-input\":{\"@type\":\"PropertyValueSpecification\",\"valueRequired\":true,\"valueName\":\"search_term_string\"}}],\"inLanguage\":\"en-US\"},{\"@type\":\"Person\",\"@id\":\"https:\\\/\\\/www.arhammar.se\\\/blog\\\/#\\\/schema\\\/person\\\/061984c1d884b363e2c91550f2e00d1d\",\"name\":\"Anders Arhammar\",\"image\":{\"@type\":\"ImageObject\",\"inLanguage\":\"en-US\",\"@id\":\"https:\\\/\\\/secure.gravatar.com\\\/avatar\\\/784b5b36cfe145ae19a52340f405285a939bcc08d4a21136b3a81f9e378ffae0?s=96&d=mm&r=g\",\"url\":\"https:\\\/\\\/secure.gravatar.com\\\/avatar\\\/784b5b36cfe145ae19a52340f405285a939bcc08d4a21136b3a81f9e378ffae0?s=96&d=mm&r=g\",\"contentUrl\":\"https:\\\/\\\/secure.gravatar.com\\\/avatar\\\/784b5b36cfe145ae19a52340f405285a939bcc08d4a21136b3a81f9e378ffae0?s=96&d=mm&r=g\",\"caption\":\"Anders Arhammar\"},\"url\":\"https:\\\/\\\/www.arhammar.se\\\/blog\\\/author\\\/anders\\\/\"}]}<\/script>\n<!-- \/ Yoast SEO plugin. -->","yoast_head_json":{"title":"M\u00e5ndag den 12 augusti 1912. Vi fingo inte fara ensamma f\u00f6r direkt\u00f6ren. - @Arhammar bokstavligen","robots":{"index":"index","follow":"follow","max-snippet":"max-snippet:-1","max-image-preview":"max-image-preview:large","max-video-preview":"max-video-preview:-1"},"canonical":"https:\/\/www.arhammar.se\/blog\/mandag-den-12-augusti-1912-vi-fingo-inte-fara-ensamma-for-direktoren\/","og_locale":"en_US","og_type":"article","og_title":"M\u00e5ndag den 12 augusti 1912. Vi fingo inte fara ensamma f\u00f6r direkt\u00f6ren. - @Arhammar bokstavligen","og_description":"Oh, vad arga Tora och jag voro ig\u00e5r. Inte p\u00e5 morron, jag \u00e5tminstone, ty d\u00e5 fick jag ett brev fr\u00e5n pappa med en femma i och det var ju utm\u00e4rkt. Men p\u00e5 eftermiddagen. Vi skulle ha farit till Trossn\u00e4s och sett p\u00e5 dansen och dansat ocks\u00e5 kanske och s\u00e5 \u00e5skade det och st\u00f6rtregnade s\u00e5 att [&hellip;]","og_url":"https:\/\/www.arhammar.se\/blog\/mandag-den-12-augusti-1912-vi-fingo-inte-fara-ensamma-for-direktoren\/","og_site_name":"@Arhammar bokstavligen","article_published_time":"2020-02-26T22:05:35+00:00","article_modified_time":"2020-03-07T21:18:14+00:00","og_image":[{"width":640,"height":480,"url":"https:\/\/www.arhammar.se\/blog\/wp-content\/uploads\/2020\/10\/augusti1912.jpg","type":"image\/jpeg"}],"author":"Anders Arhammar","twitter_card":"summary_large_image","twitter_misc":{"Written by":"Anders Arhammar","Est. reading time":"1 minute"},"schema":{"@context":"https:\/\/schema.org","@graph":[{"@type":"Article","@id":"https:\/\/www.arhammar.se\/blog\/mandag-den-12-augusti-1912-vi-fingo-inte-fara-ensamma-for-direktoren\/#article","isPartOf":{"@id":"https:\/\/www.arhammar.se\/blog\/mandag-den-12-augusti-1912-vi-fingo-inte-fara-ensamma-for-direktoren\/"},"author":{"name":"Anders Arhammar","@id":"https:\/\/www.arhammar.se\/blog\/#\/schema\/person\/061984c1d884b363e2c91550f2e00d1d"},"headline":"M\u00e5ndag den 12 augusti 1912. Vi fingo inte fara ensamma f\u00f6r direkt\u00f6ren.","datePublished":"2020-02-26T22:05:35+00:00","dateModified":"2020-03-07T21:18:14+00:00","mainEntityOfPage":{"@id":"https:\/\/www.arhammar.se\/blog\/mandag-den-12-augusti-1912-vi-fingo-inte-fara-ensamma-for-direktoren\/"},"wordCount":226,"commentCount":0,"image":{"@id":"https:\/\/www.arhammar.se\/blog\/mandag-den-12-augusti-1912-vi-fingo-inte-fara-ensamma-for-direktoren\/#primaryimage"},"thumbnailUrl":"https:\/\/www.arhammar.se\/blog\/wp-content\/uploads\/2020\/10\/augusti1912.jpg","articleSection":["1912","mormors dagbok"],"inLanguage":"en-US","potentialAction":[{"@type":"CommentAction","name":"Comment","target":["https:\/\/www.arhammar.se\/blog\/mandag-den-12-augusti-1912-vi-fingo-inte-fara-ensamma-for-direktoren\/#respond"]}]},{"@type":"WebPage","@id":"https:\/\/www.arhammar.se\/blog\/mandag-den-12-augusti-1912-vi-fingo-inte-fara-ensamma-for-direktoren\/","url":"https:\/\/www.arhammar.se\/blog\/mandag-den-12-augusti-1912-vi-fingo-inte-fara-ensamma-for-direktoren\/","name":"M\u00e5ndag den 12 augusti 1912. Vi fingo inte fara ensamma f\u00f6r direkt\u00f6ren. - @Arhammar bokstavligen","isPartOf":{"@id":"https:\/\/www.arhammar.se\/blog\/#website"},"primaryImageOfPage":{"@id":"https:\/\/www.arhammar.se\/blog\/mandag-den-12-augusti-1912-vi-fingo-inte-fara-ensamma-for-direktoren\/#primaryimage"},"image":{"@id":"https:\/\/www.arhammar.se\/blog\/mandag-den-12-augusti-1912-vi-fingo-inte-fara-ensamma-for-direktoren\/#primaryimage"},"thumbnailUrl":"https:\/\/www.arhammar.se\/blog\/wp-content\/uploads\/2020\/10\/augusti1912.jpg","datePublished":"2020-02-26T22:05:35+00:00","dateModified":"2020-03-07T21:18:14+00:00","author":{"@id":"https:\/\/www.arhammar.se\/blog\/#\/schema\/person\/061984c1d884b363e2c91550f2e00d1d"},"breadcrumb":{"@id":"https:\/\/www.arhammar.se\/blog\/mandag-den-12-augusti-1912-vi-fingo-inte-fara-ensamma-for-direktoren\/#breadcrumb"},"inLanguage":"en-US","potentialAction":[{"@type":"ReadAction","target":["https:\/\/www.arhammar.se\/blog\/mandag-den-12-augusti-1912-vi-fingo-inte-fara-ensamma-for-direktoren\/"]}]},{"@type":"ImageObject","inLanguage":"en-US","@id":"https:\/\/www.arhammar.se\/blog\/mandag-den-12-augusti-1912-vi-fingo-inte-fara-ensamma-for-direktoren\/#primaryimage","url":"https:\/\/www.arhammar.se\/blog\/wp-content\/uploads\/2020\/10\/augusti1912.jpg","contentUrl":"https:\/\/www.arhammar.se\/blog\/wp-content\/uploads\/2020\/10\/augusti1912.jpg","width":640,"height":480},{"@type":"BreadcrumbList","@id":"https:\/\/www.arhammar.se\/blog\/mandag-den-12-augusti-1912-vi-fingo-inte-fara-ensamma-for-direktoren\/#breadcrumb","itemListElement":[{"@type":"ListItem","position":1,"name":"Home","item":"https:\/\/www.arhammar.se\/blog\/"},{"@type":"ListItem","position":2,"name":"M\u00e5ndag den 12 augusti 1912. Vi fingo inte fara ensamma f\u00f6r direkt\u00f6ren."}]},{"@type":"WebSite","@id":"https:\/\/www.arhammar.se\/blog\/#website","url":"https:\/\/www.arhammar.se\/blog\/","name":"@Arhammar bokstavligen","description":"Fr\u00e5n min penna och panna","potentialAction":[{"@type":"SearchAction","target":{"@type":"EntryPoint","urlTemplate":"https:\/\/www.arhammar.se\/blog\/?s={search_term_string}"},"query-input":{"@type":"PropertyValueSpecification","valueRequired":true,"valueName":"search_term_string"}}],"inLanguage":"en-US"},{"@type":"Person","@id":"https:\/\/www.arhammar.se\/blog\/#\/schema\/person\/061984c1d884b363e2c91550f2e00d1d","name":"Anders Arhammar","image":{"@type":"ImageObject","inLanguage":"en-US","@id":"https:\/\/secure.gravatar.com\/avatar\/784b5b36cfe145ae19a52340f405285a939bcc08d4a21136b3a81f9e378ffae0?s=96&d=mm&r=g","url":"https:\/\/secure.gravatar.com\/avatar\/784b5b36cfe145ae19a52340f405285a939bcc08d4a21136b3a81f9e378ffae0?s=96&d=mm&r=g","contentUrl":"https:\/\/secure.gravatar.com\/avatar\/784b5b36cfe145ae19a52340f405285a939bcc08d4a21136b3a81f9e378ffae0?s=96&d=mm&r=g","caption":"Anders Arhammar"},"url":"https:\/\/www.arhammar.se\/blog\/author\/anders\/"}]}},"_links":{"self":[{"href":"https:\/\/www.arhammar.se\/blog\/wp-json\/wp\/v2\/posts\/26389","targetHints":{"allow":["GET"]}}],"collection":[{"href":"https:\/\/www.arhammar.se\/blog\/wp-json\/wp\/v2\/posts"}],"about":[{"href":"https:\/\/www.arhammar.se\/blog\/wp-json\/wp\/v2\/types\/post"}],"author":[{"embeddable":true,"href":"https:\/\/www.arhammar.se\/blog\/wp-json\/wp\/v2\/users\/2"}],"replies":[{"embeddable":true,"href":"https:\/\/www.arhammar.se\/blog\/wp-json\/wp\/v2\/comments?post=26389"}],"version-history":[{"count":2,"href":"https:\/\/www.arhammar.se\/blog\/wp-json\/wp\/v2\/posts\/26389\/revisions"}],"predecessor-version":[{"id":26781,"href":"https:\/\/www.arhammar.se\/blog\/wp-json\/wp\/v2\/posts\/26389\/revisions\/26781"}],"wp:featuredmedia":[{"embeddable":true,"href":"https:\/\/www.arhammar.se\/blog\/wp-json\/wp\/v2\/media\/26194"}],"wp:attachment":[{"href":"https:\/\/www.arhammar.se\/blog\/wp-json\/wp\/v2\/media?parent=26389"}],"wp:term":[{"taxonomy":"category","embeddable":true,"href":"https:\/\/www.arhammar.se\/blog\/wp-json\/wp\/v2\/categories?post=26389"},{"taxonomy":"post_tag","embeddable":true,"href":"https:\/\/www.arhammar.se\/blog\/wp-json\/wp\/v2\/tags?post=26389"}],"curies":[{"name":"wp","href":"https:\/\/api.w.org\/{rel}","templated":true}]}}