{"id":26388,"date":"2020-02-26T22:59:23","date_gmt":"2020-02-26T21:59:23","guid":{"rendered":"https:\/\/www.arhammar.se\/blog\/?p=26388"},"modified":"2020-03-07T22:15:26","modified_gmt":"2020-03-07T21:15:26","slug":"lordagen-den-10-augusti-1912-vikstromskarringa-hade-skvallrat","status":"publish","type":"post","link":"https:\/\/www.arhammar.se\/blog\/lordagen-den-10-augusti-1912-vikstromskarringa-hade-skvallrat\/","title":{"rendered":"L\u00f6rdagen den 10 augusti 1912. Vikstr\u00f6msk\u00e4rringa hade skvallrat."},"content":{"rendered":"<p>Klockan \u00e4r 10. Regnat n\u00e4stan hela dan: Rysligt! Usch! Hela f\u00f6rmiddagen sutto Tora och jag i hennes rum och skrevo brev, l\u00e4ste och stoppade strumpor. Fr\u00f6ken Hagstr\u00f6m var p\u00e5 Tora vid middagen f\u00f6r att vi hade st\u00e4ngt in oss s\u00e5 och f\u00f6r att vi hade varit uppe p\u00e5 Lillerud och dansat den d\u00e4r kv\u00e4llen. Vikstr\u00f6msk\u00e4rringa hade skvallrat. Attan ocks\u00e5. <\/p>\n<p>P\u00e5 eftermiddagen promenerade Tora och jag till &#8220;Sanna&#8221;, en stuga som ligger en bit h\u00e4rifr\u00e5n och d\u00e4r l\u00e4rlingarna ska ha bal ikv\u00e4ll. P\u00e5 kv\u00e4llen voro vi som vanligt vid minnesm\u00e4rket och utf\u00f6rde en indiandans omkring det. Det var livat. I eftermiddags kom herr Ingestr\u00f6m hem, han reste in till Karlstad med oss p\u00e5 fredag. Nu skall jag g\u00e5 och l\u00e4gga mig. Jag undrar ved de g\u00f6ra uppe i Sulvik just nu. Det skulle vara roligt att veta. Godnatt.<\/p>\n<!-- AddThis Advanced Settings generic via filter on the_content --><!-- AddThis Share Buttons generic via filter on the_content -->","protected":false},"excerpt":{"rendered":"<p>Klockan \u00e4r 10. Regnat n\u00e4stan hela dan: Rysligt! Usch! Hela f\u00f6rmiddagen sutto Tora och jag i hennes rum och skrevo brev, l\u00e4ste och stoppade strumpor. Fr\u00f6ken Hagstr\u00f6m var p\u00e5 Tora vid middagen f\u00f6r att vi hade st\u00e4ngt in oss s\u00e5 och f\u00f6r att vi hade varit uppe p\u00e5 Lillerud och dansat den d\u00e4r kv\u00e4llen. Vikstr\u00f6msk\u00e4rringa [&hellip;]<!-- AddThis Advanced Settings generic via filter on wp_trim_excerpt --><!-- AddThis Share Buttons generic via filter on wp_trim_excerpt --><\/p>\n","protected":false},"author":2,"featured_media":26194,"comment_status":"open","ping_status":"open","sticky":false,"template":"","format":"standard","meta":{"footnotes":""},"categories":[3437,3425],"tags":[],"class_list":["post-26388","post","type-post","status-publish","format-standard","has-post-thumbnail","hentry","category-3437","category-mormors-dagbok"],"yoast_head":"<!-- This site is optimized with the Yoast SEO plugin v27.4 - https:\/\/yoast.com\/product\/yoast-seo-wordpress\/ -->\n<title>L\u00f6rdagen den 10 augusti 1912. Vikstr\u00f6msk\u00e4rringa hade skvallrat. - @Arhammar bokstavligen<\/title>\n<meta name=\"robots\" content=\"index, follow, max-snippet:-1, max-image-preview:large, max-video-preview:-1\" \/>\n<link rel=\"canonical\" href=\"https:\/\/www.arhammar.se\/blog\/lordagen-den-10-augusti-1912-vikstromskarringa-hade-skvallrat\/\" \/>\n<meta property=\"og:locale\" content=\"en_US\" \/>\n<meta property=\"og:type\" content=\"article\" \/>\n<meta property=\"og:title\" content=\"L\u00f6rdagen den 10 augusti 1912. Vikstr\u00f6msk\u00e4rringa hade skvallrat. - @Arhammar bokstavligen\" \/>\n<meta property=\"og:description\" content=\"Klockan \u00e4r 10. Regnat n\u00e4stan hela dan: Rysligt! Usch! Hela f\u00f6rmiddagen sutto Tora och jag i hennes rum och skrevo brev, l\u00e4ste och stoppade strumpor. Fr\u00f6ken Hagstr\u00f6m var p\u00e5 Tora vid middagen f\u00f6r att vi hade st\u00e4ngt in oss s\u00e5 och f\u00f6r att vi hade varit uppe p\u00e5 Lillerud och dansat den d\u00e4r kv\u00e4llen. Vikstr\u00f6msk\u00e4rringa [&hellip;]\" \/>\n<meta property=\"og:url\" content=\"https:\/\/www.arhammar.se\/blog\/lordagen-den-10-augusti-1912-vikstromskarringa-hade-skvallrat\/\" \/>\n<meta property=\"og:site_name\" content=\"@Arhammar bokstavligen\" \/>\n<meta property=\"article:published_time\" content=\"2020-02-26T21:59:23+00:00\" \/>\n<meta property=\"article:modified_time\" content=\"2020-03-07T21:15:26+00:00\" \/>\n<meta property=\"og:image\" content=\"https:\/\/www.arhammar.se\/blog\/wp-content\/uploads\/2020\/10\/augusti1912.jpg\" \/>\n\t<meta property=\"og:image:width\" content=\"640\" \/>\n\t<meta property=\"og:image:height\" content=\"480\" \/>\n\t<meta property=\"og:image:type\" content=\"image\/jpeg\" \/>\n<meta name=\"author\" content=\"Anders Arhammar\" \/>\n<meta name=\"twitter:card\" content=\"summary_large_image\" \/>\n<meta name=\"twitter:label1\" content=\"Written by\" \/>\n\t<meta name=\"twitter:data1\" content=\"Anders Arhammar\" \/>\n\t<meta name=\"twitter:label2\" content=\"Est. reading time\" \/>\n\t<meta name=\"twitter:data2\" content=\"1 minute\" \/>\n<script type=\"application\/ld+json\" class=\"yoast-schema-graph\">{\"@context\":\"https:\\\/\\\/schema.org\",\"@graph\":[{\"@type\":\"Article\",\"@id\":\"https:\\\/\\\/www.arhammar.se\\\/blog\\\/lordagen-den-10-augusti-1912-vikstromskarringa-hade-skvallrat\\\/#article\",\"isPartOf\":{\"@id\":\"https:\\\/\\\/www.arhammar.se\\\/blog\\\/lordagen-den-10-augusti-1912-vikstromskarringa-hade-skvallrat\\\/\"},\"author\":{\"name\":\"Anders Arhammar\",\"@id\":\"https:\\\/\\\/www.arhammar.se\\\/blog\\\/#\\\/schema\\\/person\\\/061984c1d884b363e2c91550f2e00d1d\"},\"headline\":\"L\u00f6rdagen den 10 augusti 1912. Vikstr\u00f6msk\u00e4rringa hade skvallrat.\",\"datePublished\":\"2020-02-26T21:59:23+00:00\",\"dateModified\":\"2020-03-07T21:15:26+00:00\",\"mainEntityOfPage\":{\"@id\":\"https:\\\/\\\/www.arhammar.se\\\/blog\\\/lordagen-den-10-augusti-1912-vikstromskarringa-hade-skvallrat\\\/\"},\"wordCount\":168,\"commentCount\":0,\"image\":{\"@id\":\"https:\\\/\\\/www.arhammar.se\\\/blog\\\/lordagen-den-10-augusti-1912-vikstromskarringa-hade-skvallrat\\\/#primaryimage\"},\"thumbnailUrl\":\"https:\\\/\\\/www.arhammar.se\\\/blog\\\/wp-content\\\/uploads\\\/2020\\\/10\\\/augusti1912.jpg\",\"articleSection\":[\"1912\",\"mormors dagbok\"],\"inLanguage\":\"en-US\",\"potentialAction\":[{\"@type\":\"CommentAction\",\"name\":\"Comment\",\"target\":[\"https:\\\/\\\/www.arhammar.se\\\/blog\\\/lordagen-den-10-augusti-1912-vikstromskarringa-hade-skvallrat\\\/#respond\"]}]},{\"@type\":\"WebPage\",\"@id\":\"https:\\\/\\\/www.arhammar.se\\\/blog\\\/lordagen-den-10-augusti-1912-vikstromskarringa-hade-skvallrat\\\/\",\"url\":\"https:\\\/\\\/www.arhammar.se\\\/blog\\\/lordagen-den-10-augusti-1912-vikstromskarringa-hade-skvallrat\\\/\",\"name\":\"L\u00f6rdagen den 10 augusti 1912. Vikstr\u00f6msk\u00e4rringa hade skvallrat. - @Arhammar bokstavligen\",\"isPartOf\":{\"@id\":\"https:\\\/\\\/www.arhammar.se\\\/blog\\\/#website\"},\"primaryImageOfPage\":{\"@id\":\"https:\\\/\\\/www.arhammar.se\\\/blog\\\/lordagen-den-10-augusti-1912-vikstromskarringa-hade-skvallrat\\\/#primaryimage\"},\"image\":{\"@id\":\"https:\\\/\\\/www.arhammar.se\\\/blog\\\/lordagen-den-10-augusti-1912-vikstromskarringa-hade-skvallrat\\\/#primaryimage\"},\"thumbnailUrl\":\"https:\\\/\\\/www.arhammar.se\\\/blog\\\/wp-content\\\/uploads\\\/2020\\\/10\\\/augusti1912.jpg\",\"datePublished\":\"2020-02-26T21:59:23+00:00\",\"dateModified\":\"2020-03-07T21:15:26+00:00\",\"author\":{\"@id\":\"https:\\\/\\\/www.arhammar.se\\\/blog\\\/#\\\/schema\\\/person\\\/061984c1d884b363e2c91550f2e00d1d\"},\"breadcrumb\":{\"@id\":\"https:\\\/\\\/www.arhammar.se\\\/blog\\\/lordagen-den-10-augusti-1912-vikstromskarringa-hade-skvallrat\\\/#breadcrumb\"},\"inLanguage\":\"en-US\",\"potentialAction\":[{\"@type\":\"ReadAction\",\"target\":[\"https:\\\/\\\/www.arhammar.se\\\/blog\\\/lordagen-den-10-augusti-1912-vikstromskarringa-hade-skvallrat\\\/\"]}]},{\"@type\":\"ImageObject\",\"inLanguage\":\"en-US\",\"@id\":\"https:\\\/\\\/www.arhammar.se\\\/blog\\\/lordagen-den-10-augusti-1912-vikstromskarringa-hade-skvallrat\\\/#primaryimage\",\"url\":\"https:\\\/\\\/www.arhammar.se\\\/blog\\\/wp-content\\\/uploads\\\/2020\\\/10\\\/augusti1912.jpg\",\"contentUrl\":\"https:\\\/\\\/www.arhammar.se\\\/blog\\\/wp-content\\\/uploads\\\/2020\\\/10\\\/augusti1912.jpg\",\"width\":640,\"height\":480},{\"@type\":\"BreadcrumbList\",\"@id\":\"https:\\\/\\\/www.arhammar.se\\\/blog\\\/lordagen-den-10-augusti-1912-vikstromskarringa-hade-skvallrat\\\/#breadcrumb\",\"itemListElement\":[{\"@type\":\"ListItem\",\"position\":1,\"name\":\"Home\",\"item\":\"https:\\\/\\\/www.arhammar.se\\\/blog\\\/\"},{\"@type\":\"ListItem\",\"position\":2,\"name\":\"L\u00f6rdagen den 10 augusti 1912. Vikstr\u00f6msk\u00e4rringa hade skvallrat.\"}]},{\"@type\":\"WebSite\",\"@id\":\"https:\\\/\\\/www.arhammar.se\\\/blog\\\/#website\",\"url\":\"https:\\\/\\\/www.arhammar.se\\\/blog\\\/\",\"name\":\"@Arhammar bokstavligen\",\"description\":\"Fr\u00e5n min penna och panna\",\"potentialAction\":[{\"@type\":\"SearchAction\",\"target\":{\"@type\":\"EntryPoint\",\"urlTemplate\":\"https:\\\/\\\/www.arhammar.se\\\/blog\\\/?s={search_term_string}\"},\"query-input\":{\"@type\":\"PropertyValueSpecification\",\"valueRequired\":true,\"valueName\":\"search_term_string\"}}],\"inLanguage\":\"en-US\"},{\"@type\":\"Person\",\"@id\":\"https:\\\/\\\/www.arhammar.se\\\/blog\\\/#\\\/schema\\\/person\\\/061984c1d884b363e2c91550f2e00d1d\",\"name\":\"Anders Arhammar\",\"image\":{\"@type\":\"ImageObject\",\"inLanguage\":\"en-US\",\"@id\":\"https:\\\/\\\/secure.gravatar.com\\\/avatar\\\/784b5b36cfe145ae19a52340f405285a939bcc08d4a21136b3a81f9e378ffae0?s=96&d=mm&r=g\",\"url\":\"https:\\\/\\\/secure.gravatar.com\\\/avatar\\\/784b5b36cfe145ae19a52340f405285a939bcc08d4a21136b3a81f9e378ffae0?s=96&d=mm&r=g\",\"contentUrl\":\"https:\\\/\\\/secure.gravatar.com\\\/avatar\\\/784b5b36cfe145ae19a52340f405285a939bcc08d4a21136b3a81f9e378ffae0?s=96&d=mm&r=g\",\"caption\":\"Anders Arhammar\"},\"url\":\"https:\\\/\\\/www.arhammar.se\\\/blog\\\/author\\\/anders\\\/\"}]}<\/script>\n<!-- \/ Yoast SEO plugin. -->","yoast_head_json":{"title":"L\u00f6rdagen den 10 augusti 1912. Vikstr\u00f6msk\u00e4rringa hade skvallrat. - @Arhammar bokstavligen","robots":{"index":"index","follow":"follow","max-snippet":"max-snippet:-1","max-image-preview":"max-image-preview:large","max-video-preview":"max-video-preview:-1"},"canonical":"https:\/\/www.arhammar.se\/blog\/lordagen-den-10-augusti-1912-vikstromskarringa-hade-skvallrat\/","og_locale":"en_US","og_type":"article","og_title":"L\u00f6rdagen den 10 augusti 1912. Vikstr\u00f6msk\u00e4rringa hade skvallrat. - @Arhammar bokstavligen","og_description":"Klockan \u00e4r 10. Regnat n\u00e4stan hela dan: Rysligt! Usch! Hela f\u00f6rmiddagen sutto Tora och jag i hennes rum och skrevo brev, l\u00e4ste och stoppade strumpor. Fr\u00f6ken Hagstr\u00f6m var p\u00e5 Tora vid middagen f\u00f6r att vi hade st\u00e4ngt in oss s\u00e5 och f\u00f6r att vi hade varit uppe p\u00e5 Lillerud och dansat den d\u00e4r kv\u00e4llen. Vikstr\u00f6msk\u00e4rringa [&hellip;]","og_url":"https:\/\/www.arhammar.se\/blog\/lordagen-den-10-augusti-1912-vikstromskarringa-hade-skvallrat\/","og_site_name":"@Arhammar bokstavligen","article_published_time":"2020-02-26T21:59:23+00:00","article_modified_time":"2020-03-07T21:15:26+00:00","og_image":[{"width":640,"height":480,"url":"https:\/\/www.arhammar.se\/blog\/wp-content\/uploads\/2020\/10\/augusti1912.jpg","type":"image\/jpeg"}],"author":"Anders Arhammar","twitter_card":"summary_large_image","twitter_misc":{"Written by":"Anders Arhammar","Est. reading time":"1 minute"},"schema":{"@context":"https:\/\/schema.org","@graph":[{"@type":"Article","@id":"https:\/\/www.arhammar.se\/blog\/lordagen-den-10-augusti-1912-vikstromskarringa-hade-skvallrat\/#article","isPartOf":{"@id":"https:\/\/www.arhammar.se\/blog\/lordagen-den-10-augusti-1912-vikstromskarringa-hade-skvallrat\/"},"author":{"name":"Anders Arhammar","@id":"https:\/\/www.arhammar.se\/blog\/#\/schema\/person\/061984c1d884b363e2c91550f2e00d1d"},"headline":"L\u00f6rdagen den 10 augusti 1912. Vikstr\u00f6msk\u00e4rringa hade skvallrat.","datePublished":"2020-02-26T21:59:23+00:00","dateModified":"2020-03-07T21:15:26+00:00","mainEntityOfPage":{"@id":"https:\/\/www.arhammar.se\/blog\/lordagen-den-10-augusti-1912-vikstromskarringa-hade-skvallrat\/"},"wordCount":168,"commentCount":0,"image":{"@id":"https:\/\/www.arhammar.se\/blog\/lordagen-den-10-augusti-1912-vikstromskarringa-hade-skvallrat\/#primaryimage"},"thumbnailUrl":"https:\/\/www.arhammar.se\/blog\/wp-content\/uploads\/2020\/10\/augusti1912.jpg","articleSection":["1912","mormors dagbok"],"inLanguage":"en-US","potentialAction":[{"@type":"CommentAction","name":"Comment","target":["https:\/\/www.arhammar.se\/blog\/lordagen-den-10-augusti-1912-vikstromskarringa-hade-skvallrat\/#respond"]}]},{"@type":"WebPage","@id":"https:\/\/www.arhammar.se\/blog\/lordagen-den-10-augusti-1912-vikstromskarringa-hade-skvallrat\/","url":"https:\/\/www.arhammar.se\/blog\/lordagen-den-10-augusti-1912-vikstromskarringa-hade-skvallrat\/","name":"L\u00f6rdagen den 10 augusti 1912. Vikstr\u00f6msk\u00e4rringa hade skvallrat. - @Arhammar bokstavligen","isPartOf":{"@id":"https:\/\/www.arhammar.se\/blog\/#website"},"primaryImageOfPage":{"@id":"https:\/\/www.arhammar.se\/blog\/lordagen-den-10-augusti-1912-vikstromskarringa-hade-skvallrat\/#primaryimage"},"image":{"@id":"https:\/\/www.arhammar.se\/blog\/lordagen-den-10-augusti-1912-vikstromskarringa-hade-skvallrat\/#primaryimage"},"thumbnailUrl":"https:\/\/www.arhammar.se\/blog\/wp-content\/uploads\/2020\/10\/augusti1912.jpg","datePublished":"2020-02-26T21:59:23+00:00","dateModified":"2020-03-07T21:15:26+00:00","author":{"@id":"https:\/\/www.arhammar.se\/blog\/#\/schema\/person\/061984c1d884b363e2c91550f2e00d1d"},"breadcrumb":{"@id":"https:\/\/www.arhammar.se\/blog\/lordagen-den-10-augusti-1912-vikstromskarringa-hade-skvallrat\/#breadcrumb"},"inLanguage":"en-US","potentialAction":[{"@type":"ReadAction","target":["https:\/\/www.arhammar.se\/blog\/lordagen-den-10-augusti-1912-vikstromskarringa-hade-skvallrat\/"]}]},{"@type":"ImageObject","inLanguage":"en-US","@id":"https:\/\/www.arhammar.se\/blog\/lordagen-den-10-augusti-1912-vikstromskarringa-hade-skvallrat\/#primaryimage","url":"https:\/\/www.arhammar.se\/blog\/wp-content\/uploads\/2020\/10\/augusti1912.jpg","contentUrl":"https:\/\/www.arhammar.se\/blog\/wp-content\/uploads\/2020\/10\/augusti1912.jpg","width":640,"height":480},{"@type":"BreadcrumbList","@id":"https:\/\/www.arhammar.se\/blog\/lordagen-den-10-augusti-1912-vikstromskarringa-hade-skvallrat\/#breadcrumb","itemListElement":[{"@type":"ListItem","position":1,"name":"Home","item":"https:\/\/www.arhammar.se\/blog\/"},{"@type":"ListItem","position":2,"name":"L\u00f6rdagen den 10 augusti 1912. Vikstr\u00f6msk\u00e4rringa hade skvallrat."}]},{"@type":"WebSite","@id":"https:\/\/www.arhammar.se\/blog\/#website","url":"https:\/\/www.arhammar.se\/blog\/","name":"@Arhammar bokstavligen","description":"Fr\u00e5n min penna och panna","potentialAction":[{"@type":"SearchAction","target":{"@type":"EntryPoint","urlTemplate":"https:\/\/www.arhammar.se\/blog\/?s={search_term_string}"},"query-input":{"@type":"PropertyValueSpecification","valueRequired":true,"valueName":"search_term_string"}}],"inLanguage":"en-US"},{"@type":"Person","@id":"https:\/\/www.arhammar.se\/blog\/#\/schema\/person\/061984c1d884b363e2c91550f2e00d1d","name":"Anders Arhammar","image":{"@type":"ImageObject","inLanguage":"en-US","@id":"https:\/\/secure.gravatar.com\/avatar\/784b5b36cfe145ae19a52340f405285a939bcc08d4a21136b3a81f9e378ffae0?s=96&d=mm&r=g","url":"https:\/\/secure.gravatar.com\/avatar\/784b5b36cfe145ae19a52340f405285a939bcc08d4a21136b3a81f9e378ffae0?s=96&d=mm&r=g","contentUrl":"https:\/\/secure.gravatar.com\/avatar\/784b5b36cfe145ae19a52340f405285a939bcc08d4a21136b3a81f9e378ffae0?s=96&d=mm&r=g","caption":"Anders Arhammar"},"url":"https:\/\/www.arhammar.se\/blog\/author\/anders\/"}]}},"_links":{"self":[{"href":"https:\/\/www.arhammar.se\/blog\/wp-json\/wp\/v2\/posts\/26388","targetHints":{"allow":["GET"]}}],"collection":[{"href":"https:\/\/www.arhammar.se\/blog\/wp-json\/wp\/v2\/posts"}],"about":[{"href":"https:\/\/www.arhammar.se\/blog\/wp-json\/wp\/v2\/types\/post"}],"author":[{"embeddable":true,"href":"https:\/\/www.arhammar.se\/blog\/wp-json\/wp\/v2\/users\/2"}],"replies":[{"embeddable":true,"href":"https:\/\/www.arhammar.se\/blog\/wp-json\/wp\/v2\/comments?post=26388"}],"version-history":[{"count":2,"href":"https:\/\/www.arhammar.se\/blog\/wp-json\/wp\/v2\/posts\/26388\/revisions"}],"predecessor-version":[{"id":26780,"href":"https:\/\/www.arhammar.se\/blog\/wp-json\/wp\/v2\/posts\/26388\/revisions\/26780"}],"wp:featuredmedia":[{"embeddable":true,"href":"https:\/\/www.arhammar.se\/blog\/wp-json\/wp\/v2\/media\/26194"}],"wp:attachment":[{"href":"https:\/\/www.arhammar.se\/blog\/wp-json\/wp\/v2\/media?parent=26388"}],"wp:term":[{"taxonomy":"category","embeddable":true,"href":"https:\/\/www.arhammar.se\/blog\/wp-json\/wp\/v2\/categories?post=26388"},{"taxonomy":"post_tag","embeddable":true,"href":"https:\/\/www.arhammar.se\/blog\/wp-json\/wp\/v2\/tags?post=26388"}],"curies":[{"name":"wp","href":"https:\/\/api.w.org\/{rel}","templated":true}]}}