{"id":26386,"date":"2020-02-26T22:50:26","date_gmt":"2020-02-26T21:50:26","guid":{"rendered":"https:\/\/www.arhammar.se\/blog\/?p=26386"},"modified":"2020-03-07T20:16:50","modified_gmt":"2020-03-07T19:16:50","slug":"torsdag-den-8-augusti-1912","status":"publish","type":"post","link":"https:\/\/www.arhammar.se\/blog\/torsdag-den-8-augusti-1912\/","title":{"rendered":"Torsdag den 8 augusti 1912. Farv\u00e4l alla trevliga aftonstunder i salongen!"},"content":{"rendered":"<p>Sj\u00e4lva Herrg\u00e5rdsbyggningen \u00e4r vit med tv\u00e5 stora verandor. P\u00e5 tre sidor om den ligger parken med stora lummiga tr\u00e5d. Mitt framf\u00f6r ligger tr\u00e4dg\u00e5rden, d\u00e4r det finns fullt med b\u00e4r av alla slag, vilka vi flitigt \u00e5to av. Uthusen \u00e4ro mycket stora, tidsenliga och mycket bra. S\u00e4rskilt logen, stor som ett st\u00f6rre dansgolv och ladug\u00e5rdsr\u00e4nnet, d\u00e4r en bred k\u00f6rg\u00e5ng g\u00e5r runt omkring r\u00e4nnet h\u00f6gt upp. Det finns 150 kor och 40 h\u00e4rliga h\u00e4star. Putte \u00e4r en liten s\u00f6t en, som Tora och jag var dag k\u00f6r efter posten med. S\u00e5 \u00e4r det de stora vagnsh\u00e4starna, Conny och Jarl, och ridh\u00e4sten, Fingal, och s\u00e5 alla arbetsh\u00e4starna, Cato och Tell, Frey, Freja, Greven, Countess o.s.v .o.s.v.  <\/p>\n<p>Toras br\u00f6der, Gunnar och Johan \u00e4ro mycket sn\u00e4lla och artiga. Jag tycker n\u00e4stan b\u00e4st om Gunnar. Han har en hel massa kaniner och jag har f\u00e5tt en liten f\u00f6rtjusande gr\u00e5 och vit kaninunge, som jag d\u00f6pt till Kalle. N\u00e4r Tora och jag kom fram p\u00e5 m\u00e5ndag eftermiddag drucko vi f\u00f6rst kaffe. Sedan bes\u00e5go vi uthusen och var i &#8220;Anders kontantaff\u00e4r&#8221; och pojkarna bj\u00f6do p\u00e5 &#8220;godis&#8221;. N\u00e4r vi \u00e4tit kv\u00e4ll gingo vi ut och promenerade (fast det var ganska sent) varken fr\u00f6ken Hagstr\u00f6m, hush\u00e5llsfr\u00f6ken, eller direkt\u00f6ren sj\u00e4lv voro hemma, se. <\/p>\n<p>N\u00e4r vi kommit tillbaka slogo vi oss ner i salongen och \u00e5to melon. Det var livat. Sen gingo vi upp och lade oss efter en stunds &#8220;r\u00e4nnande&#8221; mellan rummen. N\u00e4r jag legat en stund fick jag h\u00f6ra Tora ropa &#8220;Gunnar&#8221;, men han svarade inte. D\u00e5 fr\u00e5gade jag vad det var. Jo, hon hade h\u00f6rt steg ute i hallen alldeles tydligt och var s\u00e5 r\u00e4dd. Jag bad henne komma in till mig och vi kr\u00f6po ner i samma s\u00e4ng och somnade snart. Jag har ett s\u00e5 rart rum med tv\u00e5 f\u00f6nster och utsikt \u00e5t ink\u00f6rsv\u00e4gen. M\u00f6beln, som g\u00e5r i ljusgr\u00e5tt best\u00e5r av en toilettspegel, ett skrivbord, en kommod, en soffa, ett bord, tv\u00e5 stolar, en bokhylla och en stor sk\u00f6n h\u00f6rns\u00e4ng. <\/p>\n<p>P\u00e5 tisdag voro vi ute n\u00e4stan hela dagen, utom n\u00e4r vi \u00e5to. Bara inne litet och spelade p\u00e5 flygeln ett slag ibland. P\u00e5 kv\u00e4llen kl\u00e4dde Gunnar ut sig till flicka och vi gick fram och tillbaka mitt f\u00f6r n\u00e4san p\u00e5 lantbruksl\u00e4rlingarna. (Det finns n\u00e4mligen en lantbruksskola h\u00e4r p\u00e5 Warpn\u00e4s). Sen kila vi bort till Lillerud, en egendom, som direkt\u00f6ren nyss k\u00f6pt, och h\u00e4lsa p\u00e5 ett par sm\u00e5t\u00f6ser, som skulle ligga lekstugan. N\u00e4r vi varit d\u00e4r &#8220;boyscoutade&#8221; vi hem och slog oss ner i salongen och vispade \u00e4gg och \u00e5t gott och spelade. Men snart m\u00e5ste vi g\u00e5 och l\u00e4gga oss, ty klockan var mycket. Tora l\u00e5g p\u00e5 soffan i mitt rum, och jag l\u00e5g och l\u00e4ste en l\u00e5ng stund, fast\u00e4n det var s\u00e5 sent. <\/p>\n<p>P\u00e5 onsdag eftermiddag kom en flicka nerifr\u00e5n Trossn\u00e4s, Karin Alstr\u00f6m, hit p\u00e5 bes\u00f6k och d\u00e5 r\u00e4nde vi omkring med henne \u00f6verallt. Senare p\u00e5 eftermiddagen kom direkt\u00f6rn sj\u00e4lv hem. Farv\u00e4l alla trevliga aftonstunder i salongen! Men vi fingo g\u00e5 till Lillerud, fru Vickstr\u00f6m, husmodern d\u00e4r, kom hit och bad f\u00f6r oss, och d\u00e4r lekte vi &#8220;dunk\u201d, och sen voro vi uppe i en stor h\u00e4rlig salong och dansade. Gunnar dansar inte alls illa. N\u00e4r vi kommo fr\u00e5n Lillerud, var klockan halv tio, och vi fick g\u00e5 och v\u00e4cka Hjalmar, kusken, s\u00e5 att han skulle skjutsa Karin hem. &#8220;Ovanligt nog&#8221;, som Tora sa, fick vi f\u00f6lja med och det var en h\u00e4rlig \u00e5ktur. <\/p>\n<p>Vi reste f\u00f6rbi officersm\u00e4ssen och d\u00e4r var bal, det var v\u00e4ldigt stiligt, flera stora ljuskronor, officerare i snobbiga uniformer, damer i ljusa eleganta toiletter och h\u00e4rlig musik av \u201dKungliga V\u00e4rmlands&#8221;. Idag har vi inte gjort n\u00e5got s\u00e4rskilt. Varit efter posten, varit i tr\u00e4dg\u00e5rn och \u00e4tit b\u00e4r och h\u00e4lsat p\u00e5 h\u00e4starna. S\u00e5 ha Tora och jag gemensamt skrivit kort till flera klasskamrater.<\/p>\n<!-- AddThis Advanced Settings generic via filter on the_content --><!-- AddThis Share Buttons generic via filter on the_content -->","protected":false},"excerpt":{"rendered":"<p>Sj\u00e4lva Herrg\u00e5rdsbyggningen \u00e4r vit med tv\u00e5 stora verandor. P\u00e5 tre sidor om den ligger parken med stora lummiga tr\u00e5d. Mitt framf\u00f6r ligger tr\u00e4dg\u00e5rden, d\u00e4r det finns fullt med b\u00e4r av alla slag, vilka vi flitigt \u00e5to av. Uthusen \u00e4ro mycket stora, tidsenliga och mycket bra. S\u00e4rskilt logen, stor som ett st\u00f6rre dansgolv och ladug\u00e5rdsr\u00e4nnet, d\u00e4r [&hellip;]<!-- AddThis Advanced Settings generic via filter on wp_trim_excerpt --><!-- AddThis Share Buttons generic via filter on wp_trim_excerpt --><\/p>\n","protected":false},"author":2,"featured_media":26194,"comment_status":"open","ping_status":"open","sticky":false,"template":"","format":"standard","meta":{"footnotes":""},"categories":[3437,3425],"tags":[],"class_list":["post-26386","post","type-post","status-publish","format-standard","has-post-thumbnail","hentry","category-3437","category-mormors-dagbok"],"yoast_head":"<!-- This site is optimized with the Yoast SEO plugin v27.4 - https:\/\/yoast.com\/product\/yoast-seo-wordpress\/ -->\n<title>Torsdag den 8 augusti 1912. Farv\u00e4l alla trevliga aftonstunder i salongen! - @Arhammar bokstavligen<\/title>\n<meta name=\"robots\" content=\"index, follow, max-snippet:-1, max-image-preview:large, max-video-preview:-1\" \/>\n<link rel=\"canonical\" href=\"https:\/\/www.arhammar.se\/blog\/torsdag-den-8-augusti-1912\/\" \/>\n<meta property=\"og:locale\" content=\"en_US\" \/>\n<meta property=\"og:type\" content=\"article\" \/>\n<meta property=\"og:title\" content=\"Torsdag den 8 augusti 1912. Farv\u00e4l alla trevliga aftonstunder i salongen! - @Arhammar bokstavligen\" \/>\n<meta property=\"og:description\" content=\"Sj\u00e4lva Herrg\u00e5rdsbyggningen \u00e4r vit med tv\u00e5 stora verandor. P\u00e5 tre sidor om den ligger parken med stora lummiga tr\u00e5d. Mitt framf\u00f6r ligger tr\u00e4dg\u00e5rden, d\u00e4r det finns fullt med b\u00e4r av alla slag, vilka vi flitigt \u00e5to av. Uthusen \u00e4ro mycket stora, tidsenliga och mycket bra. S\u00e4rskilt logen, stor som ett st\u00f6rre dansgolv och ladug\u00e5rdsr\u00e4nnet, d\u00e4r [&hellip;]\" \/>\n<meta property=\"og:url\" content=\"https:\/\/www.arhammar.se\/blog\/torsdag-den-8-augusti-1912\/\" \/>\n<meta property=\"og:site_name\" content=\"@Arhammar bokstavligen\" \/>\n<meta property=\"article:published_time\" content=\"2020-02-26T21:50:26+00:00\" \/>\n<meta property=\"article:modified_time\" content=\"2020-03-07T19:16:50+00:00\" \/>\n<meta property=\"og:image\" content=\"https:\/\/www.arhammar.se\/blog\/wp-content\/uploads\/2020\/10\/augusti1912.jpg\" \/>\n\t<meta property=\"og:image:width\" content=\"640\" \/>\n\t<meta property=\"og:image:height\" content=\"480\" \/>\n\t<meta property=\"og:image:type\" content=\"image\/jpeg\" \/>\n<meta name=\"author\" content=\"Anders Arhammar\" \/>\n<meta name=\"twitter:card\" content=\"summary_large_image\" \/>\n<meta name=\"twitter:label1\" content=\"Written by\" \/>\n\t<meta name=\"twitter:data1\" content=\"Anders Arhammar\" \/>\n\t<meta name=\"twitter:label2\" content=\"Est. reading time\" \/>\n\t<meta name=\"twitter:data2\" content=\"4 minutes\" \/>\n<script type=\"application\/ld+json\" class=\"yoast-schema-graph\">{\"@context\":\"https:\\\/\\\/schema.org\",\"@graph\":[{\"@type\":\"Article\",\"@id\":\"https:\\\/\\\/www.arhammar.se\\\/blog\\\/torsdag-den-8-augusti-1912\\\/#article\",\"isPartOf\":{\"@id\":\"https:\\\/\\\/www.arhammar.se\\\/blog\\\/torsdag-den-8-augusti-1912\\\/\"},\"author\":{\"name\":\"Anders Arhammar\",\"@id\":\"https:\\\/\\\/www.arhammar.se\\\/blog\\\/#\\\/schema\\\/person\\\/061984c1d884b363e2c91550f2e00d1d\"},\"headline\":\"Torsdag den 8 augusti 1912. Farv\u00e4l alla trevliga aftonstunder i salongen!\",\"datePublished\":\"2020-02-26T21:50:26+00:00\",\"dateModified\":\"2020-03-07T19:16:50+00:00\",\"mainEntityOfPage\":{\"@id\":\"https:\\\/\\\/www.arhammar.se\\\/blog\\\/torsdag-den-8-augusti-1912\\\/\"},\"wordCount\":750,\"commentCount\":0,\"image\":{\"@id\":\"https:\\\/\\\/www.arhammar.se\\\/blog\\\/torsdag-den-8-augusti-1912\\\/#primaryimage\"},\"thumbnailUrl\":\"https:\\\/\\\/www.arhammar.se\\\/blog\\\/wp-content\\\/uploads\\\/2020\\\/10\\\/augusti1912.jpg\",\"articleSection\":[\"1912\",\"mormors dagbok\"],\"inLanguage\":\"en-US\",\"potentialAction\":[{\"@type\":\"CommentAction\",\"name\":\"Comment\",\"target\":[\"https:\\\/\\\/www.arhammar.se\\\/blog\\\/torsdag-den-8-augusti-1912\\\/#respond\"]}]},{\"@type\":\"WebPage\",\"@id\":\"https:\\\/\\\/www.arhammar.se\\\/blog\\\/torsdag-den-8-augusti-1912\\\/\",\"url\":\"https:\\\/\\\/www.arhammar.se\\\/blog\\\/torsdag-den-8-augusti-1912\\\/\",\"name\":\"Torsdag den 8 augusti 1912. Farv\u00e4l alla trevliga aftonstunder i salongen! - @Arhammar bokstavligen\",\"isPartOf\":{\"@id\":\"https:\\\/\\\/www.arhammar.se\\\/blog\\\/#website\"},\"primaryImageOfPage\":{\"@id\":\"https:\\\/\\\/www.arhammar.se\\\/blog\\\/torsdag-den-8-augusti-1912\\\/#primaryimage\"},\"image\":{\"@id\":\"https:\\\/\\\/www.arhammar.se\\\/blog\\\/torsdag-den-8-augusti-1912\\\/#primaryimage\"},\"thumbnailUrl\":\"https:\\\/\\\/www.arhammar.se\\\/blog\\\/wp-content\\\/uploads\\\/2020\\\/10\\\/augusti1912.jpg\",\"datePublished\":\"2020-02-26T21:50:26+00:00\",\"dateModified\":\"2020-03-07T19:16:50+00:00\",\"author\":{\"@id\":\"https:\\\/\\\/www.arhammar.se\\\/blog\\\/#\\\/schema\\\/person\\\/061984c1d884b363e2c91550f2e00d1d\"},\"breadcrumb\":{\"@id\":\"https:\\\/\\\/www.arhammar.se\\\/blog\\\/torsdag-den-8-augusti-1912\\\/#breadcrumb\"},\"inLanguage\":\"en-US\",\"potentialAction\":[{\"@type\":\"ReadAction\",\"target\":[\"https:\\\/\\\/www.arhammar.se\\\/blog\\\/torsdag-den-8-augusti-1912\\\/\"]}]},{\"@type\":\"ImageObject\",\"inLanguage\":\"en-US\",\"@id\":\"https:\\\/\\\/www.arhammar.se\\\/blog\\\/torsdag-den-8-augusti-1912\\\/#primaryimage\",\"url\":\"https:\\\/\\\/www.arhammar.se\\\/blog\\\/wp-content\\\/uploads\\\/2020\\\/10\\\/augusti1912.jpg\",\"contentUrl\":\"https:\\\/\\\/www.arhammar.se\\\/blog\\\/wp-content\\\/uploads\\\/2020\\\/10\\\/augusti1912.jpg\",\"width\":640,\"height\":480},{\"@type\":\"BreadcrumbList\",\"@id\":\"https:\\\/\\\/www.arhammar.se\\\/blog\\\/torsdag-den-8-augusti-1912\\\/#breadcrumb\",\"itemListElement\":[{\"@type\":\"ListItem\",\"position\":1,\"name\":\"Home\",\"item\":\"https:\\\/\\\/www.arhammar.se\\\/blog\\\/\"},{\"@type\":\"ListItem\",\"position\":2,\"name\":\"Torsdag den 8 augusti 1912. Farv\u00e4l alla trevliga aftonstunder i salongen!\"}]},{\"@type\":\"WebSite\",\"@id\":\"https:\\\/\\\/www.arhammar.se\\\/blog\\\/#website\",\"url\":\"https:\\\/\\\/www.arhammar.se\\\/blog\\\/\",\"name\":\"@Arhammar bokstavligen\",\"description\":\"Fr\u00e5n min penna och panna\",\"potentialAction\":[{\"@type\":\"SearchAction\",\"target\":{\"@type\":\"EntryPoint\",\"urlTemplate\":\"https:\\\/\\\/www.arhammar.se\\\/blog\\\/?s={search_term_string}\"},\"query-input\":{\"@type\":\"PropertyValueSpecification\",\"valueRequired\":true,\"valueName\":\"search_term_string\"}}],\"inLanguage\":\"en-US\"},{\"@type\":\"Person\",\"@id\":\"https:\\\/\\\/www.arhammar.se\\\/blog\\\/#\\\/schema\\\/person\\\/061984c1d884b363e2c91550f2e00d1d\",\"name\":\"Anders Arhammar\",\"image\":{\"@type\":\"ImageObject\",\"inLanguage\":\"en-US\",\"@id\":\"https:\\\/\\\/secure.gravatar.com\\\/avatar\\\/784b5b36cfe145ae19a52340f405285a939bcc08d4a21136b3a81f9e378ffae0?s=96&d=mm&r=g\",\"url\":\"https:\\\/\\\/secure.gravatar.com\\\/avatar\\\/784b5b36cfe145ae19a52340f405285a939bcc08d4a21136b3a81f9e378ffae0?s=96&d=mm&r=g\",\"contentUrl\":\"https:\\\/\\\/secure.gravatar.com\\\/avatar\\\/784b5b36cfe145ae19a52340f405285a939bcc08d4a21136b3a81f9e378ffae0?s=96&d=mm&r=g\",\"caption\":\"Anders Arhammar\"},\"url\":\"https:\\\/\\\/www.arhammar.se\\\/blog\\\/author\\\/anders\\\/\"}]}<\/script>\n<!-- \/ Yoast SEO plugin. -->","yoast_head_json":{"title":"Torsdag den 8 augusti 1912. Farv\u00e4l alla trevliga aftonstunder i salongen! - @Arhammar bokstavligen","robots":{"index":"index","follow":"follow","max-snippet":"max-snippet:-1","max-image-preview":"max-image-preview:large","max-video-preview":"max-video-preview:-1"},"canonical":"https:\/\/www.arhammar.se\/blog\/torsdag-den-8-augusti-1912\/","og_locale":"en_US","og_type":"article","og_title":"Torsdag den 8 augusti 1912. Farv\u00e4l alla trevliga aftonstunder i salongen! - @Arhammar bokstavligen","og_description":"Sj\u00e4lva Herrg\u00e5rdsbyggningen \u00e4r vit med tv\u00e5 stora verandor. P\u00e5 tre sidor om den ligger parken med stora lummiga tr\u00e5d. Mitt framf\u00f6r ligger tr\u00e4dg\u00e5rden, d\u00e4r det finns fullt med b\u00e4r av alla slag, vilka vi flitigt \u00e5to av. Uthusen \u00e4ro mycket stora, tidsenliga och mycket bra. S\u00e4rskilt logen, stor som ett st\u00f6rre dansgolv och ladug\u00e5rdsr\u00e4nnet, d\u00e4r [&hellip;]","og_url":"https:\/\/www.arhammar.se\/blog\/torsdag-den-8-augusti-1912\/","og_site_name":"@Arhammar bokstavligen","article_published_time":"2020-02-26T21:50:26+00:00","article_modified_time":"2020-03-07T19:16:50+00:00","og_image":[{"width":640,"height":480,"url":"https:\/\/www.arhammar.se\/blog\/wp-content\/uploads\/2020\/10\/augusti1912.jpg","type":"image\/jpeg"}],"author":"Anders Arhammar","twitter_card":"summary_large_image","twitter_misc":{"Written by":"Anders Arhammar","Est. reading time":"4 minutes"},"schema":{"@context":"https:\/\/schema.org","@graph":[{"@type":"Article","@id":"https:\/\/www.arhammar.se\/blog\/torsdag-den-8-augusti-1912\/#article","isPartOf":{"@id":"https:\/\/www.arhammar.se\/blog\/torsdag-den-8-augusti-1912\/"},"author":{"name":"Anders Arhammar","@id":"https:\/\/www.arhammar.se\/blog\/#\/schema\/person\/061984c1d884b363e2c91550f2e00d1d"},"headline":"Torsdag den 8 augusti 1912. Farv\u00e4l alla trevliga aftonstunder i salongen!","datePublished":"2020-02-26T21:50:26+00:00","dateModified":"2020-03-07T19:16:50+00:00","mainEntityOfPage":{"@id":"https:\/\/www.arhammar.se\/blog\/torsdag-den-8-augusti-1912\/"},"wordCount":750,"commentCount":0,"image":{"@id":"https:\/\/www.arhammar.se\/blog\/torsdag-den-8-augusti-1912\/#primaryimage"},"thumbnailUrl":"https:\/\/www.arhammar.se\/blog\/wp-content\/uploads\/2020\/10\/augusti1912.jpg","articleSection":["1912","mormors dagbok"],"inLanguage":"en-US","potentialAction":[{"@type":"CommentAction","name":"Comment","target":["https:\/\/www.arhammar.se\/blog\/torsdag-den-8-augusti-1912\/#respond"]}]},{"@type":"WebPage","@id":"https:\/\/www.arhammar.se\/blog\/torsdag-den-8-augusti-1912\/","url":"https:\/\/www.arhammar.se\/blog\/torsdag-den-8-augusti-1912\/","name":"Torsdag den 8 augusti 1912. Farv\u00e4l alla trevliga aftonstunder i salongen! - @Arhammar bokstavligen","isPartOf":{"@id":"https:\/\/www.arhammar.se\/blog\/#website"},"primaryImageOfPage":{"@id":"https:\/\/www.arhammar.se\/blog\/torsdag-den-8-augusti-1912\/#primaryimage"},"image":{"@id":"https:\/\/www.arhammar.se\/blog\/torsdag-den-8-augusti-1912\/#primaryimage"},"thumbnailUrl":"https:\/\/www.arhammar.se\/blog\/wp-content\/uploads\/2020\/10\/augusti1912.jpg","datePublished":"2020-02-26T21:50:26+00:00","dateModified":"2020-03-07T19:16:50+00:00","author":{"@id":"https:\/\/www.arhammar.se\/blog\/#\/schema\/person\/061984c1d884b363e2c91550f2e00d1d"},"breadcrumb":{"@id":"https:\/\/www.arhammar.se\/blog\/torsdag-den-8-augusti-1912\/#breadcrumb"},"inLanguage":"en-US","potentialAction":[{"@type":"ReadAction","target":["https:\/\/www.arhammar.se\/blog\/torsdag-den-8-augusti-1912\/"]}]},{"@type":"ImageObject","inLanguage":"en-US","@id":"https:\/\/www.arhammar.se\/blog\/torsdag-den-8-augusti-1912\/#primaryimage","url":"https:\/\/www.arhammar.se\/blog\/wp-content\/uploads\/2020\/10\/augusti1912.jpg","contentUrl":"https:\/\/www.arhammar.se\/blog\/wp-content\/uploads\/2020\/10\/augusti1912.jpg","width":640,"height":480},{"@type":"BreadcrumbList","@id":"https:\/\/www.arhammar.se\/blog\/torsdag-den-8-augusti-1912\/#breadcrumb","itemListElement":[{"@type":"ListItem","position":1,"name":"Home","item":"https:\/\/www.arhammar.se\/blog\/"},{"@type":"ListItem","position":2,"name":"Torsdag den 8 augusti 1912. Farv\u00e4l alla trevliga aftonstunder i salongen!"}]},{"@type":"WebSite","@id":"https:\/\/www.arhammar.se\/blog\/#website","url":"https:\/\/www.arhammar.se\/blog\/","name":"@Arhammar bokstavligen","description":"Fr\u00e5n min penna och panna","potentialAction":[{"@type":"SearchAction","target":{"@type":"EntryPoint","urlTemplate":"https:\/\/www.arhammar.se\/blog\/?s={search_term_string}"},"query-input":{"@type":"PropertyValueSpecification","valueRequired":true,"valueName":"search_term_string"}}],"inLanguage":"en-US"},{"@type":"Person","@id":"https:\/\/www.arhammar.se\/blog\/#\/schema\/person\/061984c1d884b363e2c91550f2e00d1d","name":"Anders Arhammar","image":{"@type":"ImageObject","inLanguage":"en-US","@id":"https:\/\/secure.gravatar.com\/avatar\/784b5b36cfe145ae19a52340f405285a939bcc08d4a21136b3a81f9e378ffae0?s=96&d=mm&r=g","url":"https:\/\/secure.gravatar.com\/avatar\/784b5b36cfe145ae19a52340f405285a939bcc08d4a21136b3a81f9e378ffae0?s=96&d=mm&r=g","contentUrl":"https:\/\/secure.gravatar.com\/avatar\/784b5b36cfe145ae19a52340f405285a939bcc08d4a21136b3a81f9e378ffae0?s=96&d=mm&r=g","caption":"Anders Arhammar"},"url":"https:\/\/www.arhammar.se\/blog\/author\/anders\/"}]}},"_links":{"self":[{"href":"https:\/\/www.arhammar.se\/blog\/wp-json\/wp\/v2\/posts\/26386","targetHints":{"allow":["GET"]}}],"collection":[{"href":"https:\/\/www.arhammar.se\/blog\/wp-json\/wp\/v2\/posts"}],"about":[{"href":"https:\/\/www.arhammar.se\/blog\/wp-json\/wp\/v2\/types\/post"}],"author":[{"embeddable":true,"href":"https:\/\/www.arhammar.se\/blog\/wp-json\/wp\/v2\/users\/2"}],"replies":[{"embeddable":true,"href":"https:\/\/www.arhammar.se\/blog\/wp-json\/wp\/v2\/comments?post=26386"}],"version-history":[{"count":3,"href":"https:\/\/www.arhammar.se\/blog\/wp-json\/wp\/v2\/posts\/26386\/revisions"}],"predecessor-version":[{"id":26778,"href":"https:\/\/www.arhammar.se\/blog\/wp-json\/wp\/v2\/posts\/26386\/revisions\/26778"}],"wp:featuredmedia":[{"embeddable":true,"href":"https:\/\/www.arhammar.se\/blog\/wp-json\/wp\/v2\/media\/26194"}],"wp:attachment":[{"href":"https:\/\/www.arhammar.se\/blog\/wp-json\/wp\/v2\/media?parent=26386"}],"wp:term":[{"taxonomy":"category","embeddable":true,"href":"https:\/\/www.arhammar.se\/blog\/wp-json\/wp\/v2\/categories?post=26386"},{"taxonomy":"post_tag","embeddable":true,"href":"https:\/\/www.arhammar.se\/blog\/wp-json\/wp\/v2\/tags?post=26386"}],"curies":[{"name":"wp","href":"https:\/\/api.w.org\/{rel}","templated":true}]}}