{"id":26385,"date":"2020-02-26T22:45:39","date_gmt":"2020-02-26T21:45:39","guid":{"rendered":"https:\/\/www.arhammar.se\/blog\/?p=26385"},"modified":"2020-03-25T19:55:17","modified_gmt":"2020-03-25T18:55:17","slug":"sondag-den-4-augusti-1912-ah-va-pigera-va-arga","status":"publish","type":"post","link":"https:\/\/www.arhammar.se\/blog\/sondag-den-4-augusti-1912-ah-va-pigera-va-arga\/","title":{"rendered":"S\u00f6ndag den 4 augusti 1912. \u00c5h, va \u201dpigera\u201c va arga!"},"content":{"rendered":"<p>S\u00f6ndag klockan halv 2. Nu har jag haft mycket livat sen jag skrev i boken sist. P\u00e5 fredag kommo vi i tillf\u00e4lle att &#8220;br\u00e4cka&#8221; av &#8220;pigera&#8221; riktigt. Helga hade kommit till Verner under dagen och genast r\u00e4nde hon iv\u00e4g till Selma men kom hit gjorde hon inte. S\u00e5 vi blev arga p\u00e5 henne. N\u00e5v\u00e4l p\u00e5 kv\u00e4llen satte sig hon och &#8220;pigera&#8221; p\u00e5 verandan i tydlig v\u00e4ntan p\u00e5 &#8220;pojkarna\u201d. Men &#8220;pojkarna&#8221; som alltid annars bruka g\u00e5 ner till Verner reste bara f\u00f6rbi och satte sig p\u00e5 &#8220;s\u00e5gbocken&#8221; i v\u00e4ntan p\u00e5 oss, som kommo nerifr\u00e5n sj\u00f6n. Och s\u00e5 rodde vi ut. <\/p>\n<p>N\u00e4r vi kommo tillbaka tog vi Godnatt och gingo in och pojkarna gingo ner. Men snart gick vi ut igen f\u00f6r att kika p\u00e5 m\u00e5nen och d\u00e5 kom pojkarna genast upp till oss igen. \u00c5h, va \u201dpigera\u201c va arga! P\u00e5 l\u00f6rdag reste jag till Arvika med b\u00e5ten. Jag hade s\u00e4llskap med Ingeg\u00e4rd och vi sutto uppe p\u00e5 d\u00e4ck och pratade hela tiden. N\u00e4r vi kommo till Arvika, bj\u00f6d hon p\u00e5 kaffe och bakelser p\u00e5 &#8220;kondis&#8221;. D\u00e4r fanns ett piano och jag spelade en hel massa stycken. Vi sutto d\u00e4r ganska l\u00e4nge och hade mycket trevligt. D\u00e4rifr\u00e5n gingo vi till &#8220;Arvika folkpark&#8221; och satt d\u00e4r en stund. S\u00e5 f\u00f6ljde Ingeg\u00e4rd mig till &#8220;Hulterans villa&#8221;, d\u00e4r Almqvists bor. D\u00e4r blev jag s\u00e4rdeles v\u00e4l mottagen, fast Elsa var borta p\u00e5 Styrs\u00f6. Fick kaffe och pratade och spelade, s\u00e5 att jag gl\u00f6mde att se p\u00e5 klockan och f\u00f6rsummade b\u00e5ten. D\u00e5 skulle jag resa med sista t\u00e5get. Men det ville inte fru Almqvist utan hon ville att jag skulle ligga d\u00e4r \u00f6ver natten, vilket jag ocks\u00e5 gjorde. <\/p>\n<p>P\u00e5 s\u00f6ndag f\u00f6rmiddag var Erik och jag ute och rodde, sen f\u00f6ljde han mig till 11.30 t\u00e5get och jag reste iv\u00e4g. Gick fr\u00e5n Ottebol. Var rysligt tr\u00f6tt n\u00e4r jag kom hem, ty jag hade &#8220;mina saker&#8221;, vilket ju alltid tr\u00f6ttar. P\u00e5 s\u00f6ndag eftermiddag voro Greta, Albin, Calle, &#8220;Arve&#8221; och jag p\u00e5 Snipa. H\u00e4rlig utsikt. Gudomlig, rent av. D\u00e4r fanns v\u00e4ldigt med bl\u00e5b\u00e4r och jag \u00e5t v\u00e4rre. N\u00e4r vi kommo hem, bj\u00f6d vi pojkarna p\u00e5 kaffe i bers\u00e5n och &#8220;pigera&#8221; satt p\u00e5 Verners veranda och va rasande. <\/p>\n<p>P\u00e5 kv\u00e4llen voro vi ute och gick. P\u00e5 m\u00e5ndag f\u00f6rmiddag packade jag in mina saker, Greta och Rut f\u00f6ljde mig och s\u00e5 gingo vi \u00e5ter till Ottebol. Nu f\u00f6r att resa till Warpn\u00e4s. Vid Kil fick jag v\u00e4nta i tre timmar och det var gr\u00e4sligt tr\u00e5kigt. Jag gick och drack kaffe med bakelser f\u00f6r att n\u00e5gorlunda f\u00f6rdriva tiden. Vid framkomsten till Edsvalla m\u00f6tte Tora med ekipage, tv\u00e5 stiliga h\u00e4star, droska och kusk i livr\u00e9. Efter en h\u00e4rlig \u00e5ktur bl.a. f\u00f6rbi Trossn\u00e4s, anl\u00e4nde vi hit till Warpn\u00e4s och h\u00e4r \u00e4r f\u00f6rtjusande. <\/p>\n<!-- AddThis Advanced Settings generic via filter on the_content --><!-- AddThis Share Buttons generic via filter on the_content -->","protected":false},"excerpt":{"rendered":"<p>S\u00f6ndag klockan halv 2. Nu har jag haft mycket livat sen jag skrev i boken sist. P\u00e5 fredag kommo vi i tillf\u00e4lle att &#8220;br\u00e4cka&#8221; av &#8220;pigera&#8221; riktigt. Helga hade kommit till Verner under dagen och genast r\u00e4nde hon iv\u00e4g till Selma men kom hit gjorde hon inte. S\u00e5 vi blev arga p\u00e5 henne. N\u00e5v\u00e4l p\u00e5 [&hellip;]<!-- AddThis Advanced Settings generic via filter on wp_trim_excerpt --><!-- AddThis Share Buttons generic via filter on wp_trim_excerpt --><\/p>\n","protected":false},"author":2,"featured_media":26775,"comment_status":"open","ping_status":"open","sticky":false,"template":"","format":"standard","meta":{"footnotes":""},"categories":[3437,3425],"tags":[],"class_list":["post-26385","post","type-post","status-publish","format-standard","has-post-thumbnail","hentry","category-3437","category-mormors-dagbok"],"yoast_head":"<!-- This site is optimized with the Yoast SEO plugin v27.4 - https:\/\/yoast.com\/product\/yoast-seo-wordpress\/ -->\n<title>S\u00f6ndag den 4 augusti 1912. \u00c5h, va \u201dpigera\u201c va arga! - @Arhammar bokstavligen<\/title>\n<meta name=\"robots\" content=\"index, follow, max-snippet:-1, max-image-preview:large, max-video-preview:-1\" \/>\n<link rel=\"canonical\" href=\"https:\/\/www.arhammar.se\/blog\/sondag-den-4-augusti-1912-ah-va-pigera-va-arga\/\" \/>\n<meta property=\"og:locale\" content=\"en_US\" \/>\n<meta property=\"og:type\" content=\"article\" \/>\n<meta property=\"og:title\" content=\"S\u00f6ndag den 4 augusti 1912. \u00c5h, va \u201dpigera\u201c va arga! - @Arhammar bokstavligen\" \/>\n<meta property=\"og:description\" content=\"S\u00f6ndag klockan halv 2. Nu har jag haft mycket livat sen jag skrev i boken sist. P\u00e5 fredag kommo vi i tillf\u00e4lle att &#8220;br\u00e4cka&#8221; av &#8220;pigera&#8221; riktigt. Helga hade kommit till Verner under dagen och genast r\u00e4nde hon iv\u00e4g till Selma men kom hit gjorde hon inte. S\u00e5 vi blev arga p\u00e5 henne. N\u00e5v\u00e4l p\u00e5 [&hellip;]\" \/>\n<meta property=\"og:url\" content=\"https:\/\/www.arhammar.se\/blog\/sondag-den-4-augusti-1912-ah-va-pigera-va-arga\/\" \/>\n<meta property=\"og:site_name\" content=\"@Arhammar bokstavligen\" \/>\n<meta property=\"article:published_time\" content=\"2020-02-26T21:45:39+00:00\" \/>\n<meta property=\"article:modified_time\" content=\"2020-03-25T18:55:17+00:00\" \/>\n<meta property=\"og:image\" content=\"https:\/\/www.arhammar.se\/blog\/wp-content\/uploads\/2020\/02\/dbwarpna\u0308s.jpg\" \/>\n\t<meta property=\"og:image:width\" content=\"640\" \/>\n\t<meta property=\"og:image:height\" content=\"480\" \/>\n\t<meta property=\"og:image:type\" content=\"image\/jpeg\" \/>\n<meta name=\"author\" content=\"Anders Arhammar\" \/>\n<meta name=\"twitter:card\" content=\"summary_large_image\" \/>\n<meta name=\"twitter:label1\" content=\"Written by\" \/>\n\t<meta name=\"twitter:data1\" content=\"Anders Arhammar\" \/>\n\t<meta name=\"twitter:label2\" content=\"Est. reading time\" \/>\n\t<meta name=\"twitter:data2\" content=\"3 minutes\" \/>\n<script type=\"application\/ld+json\" class=\"yoast-schema-graph\">{\"@context\":\"https:\\\/\\\/schema.org\",\"@graph\":[{\"@type\":\"Article\",\"@id\":\"https:\\\/\\\/www.arhammar.se\\\/blog\\\/sondag-den-4-augusti-1912-ah-va-pigera-va-arga\\\/#article\",\"isPartOf\":{\"@id\":\"https:\\\/\\\/www.arhammar.se\\\/blog\\\/sondag-den-4-augusti-1912-ah-va-pigera-va-arga\\\/\"},\"author\":{\"name\":\"Anders Arhammar\",\"@id\":\"https:\\\/\\\/www.arhammar.se\\\/blog\\\/#\\\/schema\\\/person\\\/061984c1d884b363e2c91550f2e00d1d\"},\"headline\":\"S\u00f6ndag den 4 augusti 1912. \u00c5h, va \u201dpigera\u201c va arga!\",\"datePublished\":\"2020-02-26T21:45:39+00:00\",\"dateModified\":\"2020-03-25T18:55:17+00:00\",\"mainEntityOfPage\":{\"@id\":\"https:\\\/\\\/www.arhammar.se\\\/blog\\\/sondag-den-4-augusti-1912-ah-va-pigera-va-arga\\\/\"},\"wordCount\":536,\"commentCount\":0,\"image\":{\"@id\":\"https:\\\/\\\/www.arhammar.se\\\/blog\\\/sondag-den-4-augusti-1912-ah-va-pigera-va-arga\\\/#primaryimage\"},\"thumbnailUrl\":\"https:\\\/\\\/www.arhammar.se\\\/blog\\\/wp-content\\\/uploads\\\/2020\\\/02\\\/dbwarpna\u0308s.jpg\",\"articleSection\":[\"1912\",\"mormors dagbok\"],\"inLanguage\":\"en-US\",\"potentialAction\":[{\"@type\":\"CommentAction\",\"name\":\"Comment\",\"target\":[\"https:\\\/\\\/www.arhammar.se\\\/blog\\\/sondag-den-4-augusti-1912-ah-va-pigera-va-arga\\\/#respond\"]}]},{\"@type\":\"WebPage\",\"@id\":\"https:\\\/\\\/www.arhammar.se\\\/blog\\\/sondag-den-4-augusti-1912-ah-va-pigera-va-arga\\\/\",\"url\":\"https:\\\/\\\/www.arhammar.se\\\/blog\\\/sondag-den-4-augusti-1912-ah-va-pigera-va-arga\\\/\",\"name\":\"S\u00f6ndag den 4 augusti 1912. \u00c5h, va \u201dpigera\u201c va arga! - @Arhammar bokstavligen\",\"isPartOf\":{\"@id\":\"https:\\\/\\\/www.arhammar.se\\\/blog\\\/#website\"},\"primaryImageOfPage\":{\"@id\":\"https:\\\/\\\/www.arhammar.se\\\/blog\\\/sondag-den-4-augusti-1912-ah-va-pigera-va-arga\\\/#primaryimage\"},\"image\":{\"@id\":\"https:\\\/\\\/www.arhammar.se\\\/blog\\\/sondag-den-4-augusti-1912-ah-va-pigera-va-arga\\\/#primaryimage\"},\"thumbnailUrl\":\"https:\\\/\\\/www.arhammar.se\\\/blog\\\/wp-content\\\/uploads\\\/2020\\\/02\\\/dbwarpna\u0308s.jpg\",\"datePublished\":\"2020-02-26T21:45:39+00:00\",\"dateModified\":\"2020-03-25T18:55:17+00:00\",\"author\":{\"@id\":\"https:\\\/\\\/www.arhammar.se\\\/blog\\\/#\\\/schema\\\/person\\\/061984c1d884b363e2c91550f2e00d1d\"},\"breadcrumb\":{\"@id\":\"https:\\\/\\\/www.arhammar.se\\\/blog\\\/sondag-den-4-augusti-1912-ah-va-pigera-va-arga\\\/#breadcrumb\"},\"inLanguage\":\"en-US\",\"potentialAction\":[{\"@type\":\"ReadAction\",\"target\":[\"https:\\\/\\\/www.arhammar.se\\\/blog\\\/sondag-den-4-augusti-1912-ah-va-pigera-va-arga\\\/\"]}]},{\"@type\":\"ImageObject\",\"inLanguage\":\"en-US\",\"@id\":\"https:\\\/\\\/www.arhammar.se\\\/blog\\\/sondag-den-4-augusti-1912-ah-va-pigera-va-arga\\\/#primaryimage\",\"url\":\"https:\\\/\\\/www.arhammar.se\\\/blog\\\/wp-content\\\/uploads\\\/2020\\\/02\\\/dbwarpna\u0308s.jpg\",\"contentUrl\":\"https:\\\/\\\/www.arhammar.se\\\/blog\\\/wp-content\\\/uploads\\\/2020\\\/02\\\/dbwarpna\u0308s.jpg\",\"width\":640,\"height\":480,\"caption\":\"Warpn\u00e4s g\u00e5rd\"},{\"@type\":\"BreadcrumbList\",\"@id\":\"https:\\\/\\\/www.arhammar.se\\\/blog\\\/sondag-den-4-augusti-1912-ah-va-pigera-va-arga\\\/#breadcrumb\",\"itemListElement\":[{\"@type\":\"ListItem\",\"position\":1,\"name\":\"Home\",\"item\":\"https:\\\/\\\/www.arhammar.se\\\/blog\\\/\"},{\"@type\":\"ListItem\",\"position\":2,\"name\":\"S\u00f6ndag den 4 augusti 1912. \u00c5h, va \u201dpigera\u201c va arga!\"}]},{\"@type\":\"WebSite\",\"@id\":\"https:\\\/\\\/www.arhammar.se\\\/blog\\\/#website\",\"url\":\"https:\\\/\\\/www.arhammar.se\\\/blog\\\/\",\"name\":\"@Arhammar bokstavligen\",\"description\":\"Fr\u00e5n min penna och panna\",\"potentialAction\":[{\"@type\":\"SearchAction\",\"target\":{\"@type\":\"EntryPoint\",\"urlTemplate\":\"https:\\\/\\\/www.arhammar.se\\\/blog\\\/?s={search_term_string}\"},\"query-input\":{\"@type\":\"PropertyValueSpecification\",\"valueRequired\":true,\"valueName\":\"search_term_string\"}}],\"inLanguage\":\"en-US\"},{\"@type\":\"Person\",\"@id\":\"https:\\\/\\\/www.arhammar.se\\\/blog\\\/#\\\/schema\\\/person\\\/061984c1d884b363e2c91550f2e00d1d\",\"name\":\"Anders Arhammar\",\"image\":{\"@type\":\"ImageObject\",\"inLanguage\":\"en-US\",\"@id\":\"https:\\\/\\\/secure.gravatar.com\\\/avatar\\\/784b5b36cfe145ae19a52340f405285a939bcc08d4a21136b3a81f9e378ffae0?s=96&d=mm&r=g\",\"url\":\"https:\\\/\\\/secure.gravatar.com\\\/avatar\\\/784b5b36cfe145ae19a52340f405285a939bcc08d4a21136b3a81f9e378ffae0?s=96&d=mm&r=g\",\"contentUrl\":\"https:\\\/\\\/secure.gravatar.com\\\/avatar\\\/784b5b36cfe145ae19a52340f405285a939bcc08d4a21136b3a81f9e378ffae0?s=96&d=mm&r=g\",\"caption\":\"Anders Arhammar\"},\"url\":\"https:\\\/\\\/www.arhammar.se\\\/blog\\\/author\\\/anders\\\/\"}]}<\/script>\n<!-- \/ Yoast SEO plugin. -->","yoast_head_json":{"title":"S\u00f6ndag den 4 augusti 1912. \u00c5h, va \u201dpigera\u201c va arga! - @Arhammar bokstavligen","robots":{"index":"index","follow":"follow","max-snippet":"max-snippet:-1","max-image-preview":"max-image-preview:large","max-video-preview":"max-video-preview:-1"},"canonical":"https:\/\/www.arhammar.se\/blog\/sondag-den-4-augusti-1912-ah-va-pigera-va-arga\/","og_locale":"en_US","og_type":"article","og_title":"S\u00f6ndag den 4 augusti 1912. \u00c5h, va \u201dpigera\u201c va arga! - @Arhammar bokstavligen","og_description":"S\u00f6ndag klockan halv 2. Nu har jag haft mycket livat sen jag skrev i boken sist. P\u00e5 fredag kommo vi i tillf\u00e4lle att &#8220;br\u00e4cka&#8221; av &#8220;pigera&#8221; riktigt. Helga hade kommit till Verner under dagen och genast r\u00e4nde hon iv\u00e4g till Selma men kom hit gjorde hon inte. S\u00e5 vi blev arga p\u00e5 henne. N\u00e5v\u00e4l p\u00e5 [&hellip;]","og_url":"https:\/\/www.arhammar.se\/blog\/sondag-den-4-augusti-1912-ah-va-pigera-va-arga\/","og_site_name":"@Arhammar bokstavligen","article_published_time":"2020-02-26T21:45:39+00:00","article_modified_time":"2020-03-25T18:55:17+00:00","og_image":[{"width":640,"height":480,"url":"https:\/\/www.arhammar.se\/blog\/wp-content\/uploads\/2020\/02\/dbwarpna\u0308s.jpg","type":"image\/jpeg"}],"author":"Anders Arhammar","twitter_card":"summary_large_image","twitter_misc":{"Written by":"Anders Arhammar","Est. reading time":"3 minutes"},"schema":{"@context":"https:\/\/schema.org","@graph":[{"@type":"Article","@id":"https:\/\/www.arhammar.se\/blog\/sondag-den-4-augusti-1912-ah-va-pigera-va-arga\/#article","isPartOf":{"@id":"https:\/\/www.arhammar.se\/blog\/sondag-den-4-augusti-1912-ah-va-pigera-va-arga\/"},"author":{"name":"Anders Arhammar","@id":"https:\/\/www.arhammar.se\/blog\/#\/schema\/person\/061984c1d884b363e2c91550f2e00d1d"},"headline":"S\u00f6ndag den 4 augusti 1912. \u00c5h, va \u201dpigera\u201c va arga!","datePublished":"2020-02-26T21:45:39+00:00","dateModified":"2020-03-25T18:55:17+00:00","mainEntityOfPage":{"@id":"https:\/\/www.arhammar.se\/blog\/sondag-den-4-augusti-1912-ah-va-pigera-va-arga\/"},"wordCount":536,"commentCount":0,"image":{"@id":"https:\/\/www.arhammar.se\/blog\/sondag-den-4-augusti-1912-ah-va-pigera-va-arga\/#primaryimage"},"thumbnailUrl":"https:\/\/www.arhammar.se\/blog\/wp-content\/uploads\/2020\/02\/dbwarpna\u0308s.jpg","articleSection":["1912","mormors dagbok"],"inLanguage":"en-US","potentialAction":[{"@type":"CommentAction","name":"Comment","target":["https:\/\/www.arhammar.se\/blog\/sondag-den-4-augusti-1912-ah-va-pigera-va-arga\/#respond"]}]},{"@type":"WebPage","@id":"https:\/\/www.arhammar.se\/blog\/sondag-den-4-augusti-1912-ah-va-pigera-va-arga\/","url":"https:\/\/www.arhammar.se\/blog\/sondag-den-4-augusti-1912-ah-va-pigera-va-arga\/","name":"S\u00f6ndag den 4 augusti 1912. \u00c5h, va \u201dpigera\u201c va arga! - @Arhammar bokstavligen","isPartOf":{"@id":"https:\/\/www.arhammar.se\/blog\/#website"},"primaryImageOfPage":{"@id":"https:\/\/www.arhammar.se\/blog\/sondag-den-4-augusti-1912-ah-va-pigera-va-arga\/#primaryimage"},"image":{"@id":"https:\/\/www.arhammar.se\/blog\/sondag-den-4-augusti-1912-ah-va-pigera-va-arga\/#primaryimage"},"thumbnailUrl":"https:\/\/www.arhammar.se\/blog\/wp-content\/uploads\/2020\/02\/dbwarpna\u0308s.jpg","datePublished":"2020-02-26T21:45:39+00:00","dateModified":"2020-03-25T18:55:17+00:00","author":{"@id":"https:\/\/www.arhammar.se\/blog\/#\/schema\/person\/061984c1d884b363e2c91550f2e00d1d"},"breadcrumb":{"@id":"https:\/\/www.arhammar.se\/blog\/sondag-den-4-augusti-1912-ah-va-pigera-va-arga\/#breadcrumb"},"inLanguage":"en-US","potentialAction":[{"@type":"ReadAction","target":["https:\/\/www.arhammar.se\/blog\/sondag-den-4-augusti-1912-ah-va-pigera-va-arga\/"]}]},{"@type":"ImageObject","inLanguage":"en-US","@id":"https:\/\/www.arhammar.se\/blog\/sondag-den-4-augusti-1912-ah-va-pigera-va-arga\/#primaryimage","url":"https:\/\/www.arhammar.se\/blog\/wp-content\/uploads\/2020\/02\/dbwarpna\u0308s.jpg","contentUrl":"https:\/\/www.arhammar.se\/blog\/wp-content\/uploads\/2020\/02\/dbwarpna\u0308s.jpg","width":640,"height":480,"caption":"Warpn\u00e4s g\u00e5rd"},{"@type":"BreadcrumbList","@id":"https:\/\/www.arhammar.se\/blog\/sondag-den-4-augusti-1912-ah-va-pigera-va-arga\/#breadcrumb","itemListElement":[{"@type":"ListItem","position":1,"name":"Home","item":"https:\/\/www.arhammar.se\/blog\/"},{"@type":"ListItem","position":2,"name":"S\u00f6ndag den 4 augusti 1912. \u00c5h, va \u201dpigera\u201c va arga!"}]},{"@type":"WebSite","@id":"https:\/\/www.arhammar.se\/blog\/#website","url":"https:\/\/www.arhammar.se\/blog\/","name":"@Arhammar bokstavligen","description":"Fr\u00e5n min penna och panna","potentialAction":[{"@type":"SearchAction","target":{"@type":"EntryPoint","urlTemplate":"https:\/\/www.arhammar.se\/blog\/?s={search_term_string}"},"query-input":{"@type":"PropertyValueSpecification","valueRequired":true,"valueName":"search_term_string"}}],"inLanguage":"en-US"},{"@type":"Person","@id":"https:\/\/www.arhammar.se\/blog\/#\/schema\/person\/061984c1d884b363e2c91550f2e00d1d","name":"Anders Arhammar","image":{"@type":"ImageObject","inLanguage":"en-US","@id":"https:\/\/secure.gravatar.com\/avatar\/784b5b36cfe145ae19a52340f405285a939bcc08d4a21136b3a81f9e378ffae0?s=96&d=mm&r=g","url":"https:\/\/secure.gravatar.com\/avatar\/784b5b36cfe145ae19a52340f405285a939bcc08d4a21136b3a81f9e378ffae0?s=96&d=mm&r=g","contentUrl":"https:\/\/secure.gravatar.com\/avatar\/784b5b36cfe145ae19a52340f405285a939bcc08d4a21136b3a81f9e378ffae0?s=96&d=mm&r=g","caption":"Anders Arhammar"},"url":"https:\/\/www.arhammar.se\/blog\/author\/anders\/"}]}},"_links":{"self":[{"href":"https:\/\/www.arhammar.se\/blog\/wp-json\/wp\/v2\/posts\/26385","targetHints":{"allow":["GET"]}}],"collection":[{"href":"https:\/\/www.arhammar.se\/blog\/wp-json\/wp\/v2\/posts"}],"about":[{"href":"https:\/\/www.arhammar.se\/blog\/wp-json\/wp\/v2\/types\/post"}],"author":[{"embeddable":true,"href":"https:\/\/www.arhammar.se\/blog\/wp-json\/wp\/v2\/users\/2"}],"replies":[{"embeddable":true,"href":"https:\/\/www.arhammar.se\/blog\/wp-json\/wp\/v2\/comments?post=26385"}],"version-history":[{"count":4,"href":"https:\/\/www.arhammar.se\/blog\/wp-json\/wp\/v2\/posts\/26385\/revisions"}],"predecessor-version":[{"id":27796,"href":"https:\/\/www.arhammar.se\/blog\/wp-json\/wp\/v2\/posts\/26385\/revisions\/27796"}],"wp:featuredmedia":[{"embeddable":true,"href":"https:\/\/www.arhammar.se\/blog\/wp-json\/wp\/v2\/media\/26775"}],"wp:attachment":[{"href":"https:\/\/www.arhammar.se\/blog\/wp-json\/wp\/v2\/media?parent=26385"}],"wp:term":[{"taxonomy":"category","embeddable":true,"href":"https:\/\/www.arhammar.se\/blog\/wp-json\/wp\/v2\/categories?post=26385"},{"taxonomy":"post_tag","embeddable":true,"href":"https:\/\/www.arhammar.se\/blog\/wp-json\/wp\/v2\/tags?post=26385"}],"curies":[{"name":"wp","href":"https:\/\/api.w.org\/{rel}","templated":true}]}}