{"id":26362,"date":"2020-02-26T21:56:40","date_gmt":"2020-02-26T20:56:40","guid":{"rendered":"https:\/\/www.arhammar.se\/blog\/?p=26362"},"modified":"2020-07-31T10:56:17","modified_gmt":"2020-07-31T09:56:17","slug":"fredag-den-19-juli-1912-lekte-nummerleken-hela-kvallen","status":"publish","type":"post","link":"https:\/\/www.arhammar.se\/blog\/fredag-den-19-juli-1912-lekte-nummerleken-hela-kvallen\/","title":{"rendered":"Fredag den 19 juli 1912. Lekte &#8220;nummerleken&#8221; hela kv\u00e4llen."},"content":{"rendered":"<p>F\u00f6rsta dagen i &#8220;fruntimmersveckan&#8221;. Och vackert v\u00e4der, ovanligt nog. Ig\u00e5r och f\u00f6rrg\u00e5r var det riktigt kallt. <\/p>\n<p>P\u00e5 kv\u00e4llen, n\u00e4r pojkarna kommo, var Karl Persson med dem och f\u00f6r att slippa undan honom, gingo vi andra bort till skolhuset. Om en stund kom han efter, men d\u00e5 brusto vi ut i gapskratt mitt i ansiktet p\u00e5 honom och gingo genast hem igen och satte oss i bers\u00e5n och lekte &#8220;nummerleken&#8221; hela kv\u00e4llen. <\/p>\n<p>Ig\u00e5r regnade det v\u00e4ldigt ett tag p\u00e5 f\u00f6rmiddagen och d\u00e5 kom Greta p\u00e5 den goda id\u00e9n att vi skulle g\u00e5 och bada. F\u00f6r att inte kl\u00e4derna skulle bli v\u00e5ta togo vi av oss h\u00e4r hemma, satte p\u00e5 oss baddr\u00e4kter och m\u00f6ssor och s\u00e5 l\u00e5nga kappor, och s\u00e5 kl\u00e4dda gingo vi ner och badade. Det var ganska kallt. Men s\u00e5 som vi s\u00e5g ut, n\u00e4r vi kommo hem! Det var verkligen en syn f\u00f6r gudar! <\/p>\n<p>P\u00e5 kv\u00e4llen lekte vi &#8220;nummerleken&#8221; i bers\u00e5n \u00e4nda till klockan 11. Det \u00e4r nu Karl, Albin, (Herbert och Verner) och Arvid, som regelbundet kommer hit varje kv\u00e4ll och ibland Yngve. Det var ju torsdag ig\u00e5r och n\u00e4r vi tagit godnatt av pojkarna skulle Greta, Naemi och jag baka dr\u00f6mpannkaka. <\/p>\n<p>Vid tolvtiden kl\u00e4dde vi av oss i linnena, tog fram stekpanna, salt, mj\u00f6l och vatten och t\u00e4nde eld i spisen. Allihop fattade tag i skeden f\u00f6r att \u00f6sa mj\u00f6let i koppen. Vi ville nog l\u00e5ta bli att skratta, men n\u00e4r vi \u00f6st i en sked h\u00f6llo vi p\u00e5 att kikna av skratt och s\u00e5 gick det 5, 6 g\u00e5nger. D\u00e5 \u00e4ntligen fingo vi \u00f6st i tre skedar mj\u00f6l, tre skedar vatten (allihop h\u00f6llo i skeden) utan att flina n\u00e4mnv\u00e4rt. <\/p>\n<p>S\u00e5 r\u00f6rde vi om och v\u00e4lte r\u00f6ran i stekpannan. Om en stund skulle vi h\u00e5lla i kniven och v\u00e4nda pannkakan, men d\u00e5 var det slut med Greta. Hon sj\u00f6nk ner i en stol och formligen hoppade av skratt, men inte ett ljud kom \u00f6ver hennes l\u00e4ppar. Naemi och jag v\u00e4nde kakan under tystnad och sedan sprang Greta fram och tillbaka mellan spisen och stolen, f\u00f6r att h\u00e5lla i kniven och skratta. <\/p>\n<p>\u00c4ntligen v\u00e4lte vi upp kakan p\u00e5 ett fat under kv\u00e4vda fnissningar och delade den i tre delar, satte oss p\u00e5 var sin tr\u00f6skel och \u00e5t upp det under djup och h\u00f6gtidlig tystnad. Det var f\u00f6rf\u00e4rligt vad den var salt. Sen gingo vi direkt och lade oss utan ett ord. Men jag kunde inte somna. Jag h\u00f6rde hur Greta n\u00e4stan storskrattade borta i sin s\u00e4ng, och s\u00e5 l\u00e5g jag s\u00e5 fasligt illa. <\/p>\n<p>Bort\u00e5t tre-tiden somnade jag \u00e4ntligen efter att ha varit uppe och b\u00e4ddat om min s\u00e4ng tv\u00e5 g\u00e5nger. Jag dr\u00f6mde att vi och alla pojkarna voro i Vik p\u00e5 en auktion och att jag d\u00e4r gick in i ett hus och drack tv\u00e5 liter vatten! S\u00e5 det blev ju ingen, som bj\u00f6d mig. Men det var kanske d\u00e4rf\u00f6r att vi fnissade. N\u00e4sta torsdag ska vi g\u00f6ra om det ordentligt.<\/p>\n<!-- AddThis Advanced Settings generic via filter on the_content --><!-- AddThis Share Buttons generic via filter on the_content -->","protected":false},"excerpt":{"rendered":"<p>F\u00f6rsta dagen i &#8220;fruntimmersveckan&#8221;. Och vackert v\u00e4der, ovanligt nog. Ig\u00e5r och f\u00f6rrg\u00e5r var det riktigt kallt. P\u00e5 kv\u00e4llen, n\u00e4r pojkarna kommo, var Karl Persson med dem och f\u00f6r att slippa undan honom, gingo vi andra bort till skolhuset. Om en stund kom han efter, men d\u00e5 brusto vi ut i gapskratt mitt i ansiktet p\u00e5 [&hellip;]<!-- AddThis Advanced Settings generic via filter on wp_trim_excerpt --><!-- AddThis Share Buttons generic via filter on wp_trim_excerpt --><\/p>\n","protected":false},"author":2,"featured_media":26216,"comment_status":"open","ping_status":"open","sticky":false,"template":"","format":"standard","meta":{"footnotes":""},"categories":[3437,3425],"tags":[],"class_list":["post-26362","post","type-post","status-publish","format-standard","has-post-thumbnail","hentry","category-3437","category-mormors-dagbok"],"yoast_head":"<!-- This site is optimized with the Yoast SEO plugin v27.4 - https:\/\/yoast.com\/product\/yoast-seo-wordpress\/ -->\n<title>Fredag den 19 juli 1912. Lekte &quot;nummerleken&quot; hela kv\u00e4llen. - @Arhammar bokstavligen<\/title>\n<meta name=\"robots\" content=\"index, follow, max-snippet:-1, max-image-preview:large, max-video-preview:-1\" \/>\n<link rel=\"canonical\" href=\"https:\/\/www.arhammar.se\/blog\/fredag-den-19-juli-1912-lekte-nummerleken-hela-kvallen\/\" \/>\n<meta property=\"og:locale\" content=\"en_US\" \/>\n<meta property=\"og:type\" content=\"article\" \/>\n<meta property=\"og:title\" content=\"Fredag den 19 juli 1912. Lekte &quot;nummerleken&quot; hela kv\u00e4llen. - @Arhammar bokstavligen\" \/>\n<meta property=\"og:description\" content=\"F\u00f6rsta dagen i &#8220;fruntimmersveckan&#8221;. Och vackert v\u00e4der, ovanligt nog. Ig\u00e5r och f\u00f6rrg\u00e5r var det riktigt kallt. P\u00e5 kv\u00e4llen, n\u00e4r pojkarna kommo, var Karl Persson med dem och f\u00f6r att slippa undan honom, gingo vi andra bort till skolhuset. Om en stund kom han efter, men d\u00e5 brusto vi ut i gapskratt mitt i ansiktet p\u00e5 [&hellip;]\" \/>\n<meta property=\"og:url\" content=\"https:\/\/www.arhammar.se\/blog\/fredag-den-19-juli-1912-lekte-nummerleken-hela-kvallen\/\" \/>\n<meta property=\"og:site_name\" content=\"@Arhammar bokstavligen\" \/>\n<meta property=\"article:published_time\" content=\"2020-02-26T20:56:40+00:00\" \/>\n<meta property=\"article:modified_time\" content=\"2020-07-31T09:56:17+00:00\" \/>\n<meta property=\"og:image\" content=\"https:\/\/www.arhammar.se\/blog\/wp-content\/uploads\/2020\/10\/juli1912.jpg\" \/>\n\t<meta property=\"og:image:width\" content=\"640\" \/>\n\t<meta property=\"og:image:height\" content=\"480\" \/>\n\t<meta property=\"og:image:type\" content=\"image\/jpeg\" \/>\n<meta name=\"author\" content=\"Anders Arhammar\" \/>\n<meta name=\"twitter:card\" content=\"summary_large_image\" \/>\n<meta name=\"twitter:label1\" content=\"Written by\" \/>\n\t<meta name=\"twitter:data1\" content=\"Anders Arhammar\" \/>\n\t<meta name=\"twitter:label2\" content=\"Est. reading time\" \/>\n\t<meta name=\"twitter:data2\" content=\"3 minutes\" \/>\n<script type=\"application\/ld+json\" class=\"yoast-schema-graph\">{\"@context\":\"https:\\\/\\\/schema.org\",\"@graph\":[{\"@type\":\"Article\",\"@id\":\"https:\\\/\\\/www.arhammar.se\\\/blog\\\/fredag-den-19-juli-1912-lekte-nummerleken-hela-kvallen\\\/#article\",\"isPartOf\":{\"@id\":\"https:\\\/\\\/www.arhammar.se\\\/blog\\\/fredag-den-19-juli-1912-lekte-nummerleken-hela-kvallen\\\/\"},\"author\":{\"name\":\"Anders Arhammar\",\"@id\":\"https:\\\/\\\/www.arhammar.se\\\/blog\\\/#\\\/schema\\\/person\\\/061984c1d884b363e2c91550f2e00d1d\"},\"headline\":\"Fredag den 19 juli 1912. Lekte &#8220;nummerleken&#8221; hela kv\u00e4llen.\",\"datePublished\":\"2020-02-26T20:56:40+00:00\",\"dateModified\":\"2020-07-31T09:56:17+00:00\",\"mainEntityOfPage\":{\"@id\":\"https:\\\/\\\/www.arhammar.se\\\/blog\\\/fredag-den-19-juli-1912-lekte-nummerleken-hela-kvallen\\\/\"},\"wordCount\":563,\"commentCount\":0,\"image\":{\"@id\":\"https:\\\/\\\/www.arhammar.se\\\/blog\\\/fredag-den-19-juli-1912-lekte-nummerleken-hela-kvallen\\\/#primaryimage\"},\"thumbnailUrl\":\"https:\\\/\\\/www.arhammar.se\\\/blog\\\/wp-content\\\/uploads\\\/2020\\\/10\\\/juli1912.jpg\",\"articleSection\":[\"1912\",\"mormors dagbok\"],\"inLanguage\":\"en-US\",\"potentialAction\":[{\"@type\":\"CommentAction\",\"name\":\"Comment\",\"target\":[\"https:\\\/\\\/www.arhammar.se\\\/blog\\\/fredag-den-19-juli-1912-lekte-nummerleken-hela-kvallen\\\/#respond\"]}]},{\"@type\":\"WebPage\",\"@id\":\"https:\\\/\\\/www.arhammar.se\\\/blog\\\/fredag-den-19-juli-1912-lekte-nummerleken-hela-kvallen\\\/\",\"url\":\"https:\\\/\\\/www.arhammar.se\\\/blog\\\/fredag-den-19-juli-1912-lekte-nummerleken-hela-kvallen\\\/\",\"name\":\"Fredag den 19 juli 1912. Lekte \\\"nummerleken\\\" hela kv\u00e4llen. - @Arhammar bokstavligen\",\"isPartOf\":{\"@id\":\"https:\\\/\\\/www.arhammar.se\\\/blog\\\/#website\"},\"primaryImageOfPage\":{\"@id\":\"https:\\\/\\\/www.arhammar.se\\\/blog\\\/fredag-den-19-juli-1912-lekte-nummerleken-hela-kvallen\\\/#primaryimage\"},\"image\":{\"@id\":\"https:\\\/\\\/www.arhammar.se\\\/blog\\\/fredag-den-19-juli-1912-lekte-nummerleken-hela-kvallen\\\/#primaryimage\"},\"thumbnailUrl\":\"https:\\\/\\\/www.arhammar.se\\\/blog\\\/wp-content\\\/uploads\\\/2020\\\/10\\\/juli1912.jpg\",\"datePublished\":\"2020-02-26T20:56:40+00:00\",\"dateModified\":\"2020-07-31T09:56:17+00:00\",\"author\":{\"@id\":\"https:\\\/\\\/www.arhammar.se\\\/blog\\\/#\\\/schema\\\/person\\\/061984c1d884b363e2c91550f2e00d1d\"},\"breadcrumb\":{\"@id\":\"https:\\\/\\\/www.arhammar.se\\\/blog\\\/fredag-den-19-juli-1912-lekte-nummerleken-hela-kvallen\\\/#breadcrumb\"},\"inLanguage\":\"en-US\",\"potentialAction\":[{\"@type\":\"ReadAction\",\"target\":[\"https:\\\/\\\/www.arhammar.se\\\/blog\\\/fredag-den-19-juli-1912-lekte-nummerleken-hela-kvallen\\\/\"]}]},{\"@type\":\"ImageObject\",\"inLanguage\":\"en-US\",\"@id\":\"https:\\\/\\\/www.arhammar.se\\\/blog\\\/fredag-den-19-juli-1912-lekte-nummerleken-hela-kvallen\\\/#primaryimage\",\"url\":\"https:\\\/\\\/www.arhammar.se\\\/blog\\\/wp-content\\\/uploads\\\/2020\\\/10\\\/juli1912.jpg\",\"contentUrl\":\"https:\\\/\\\/www.arhammar.se\\\/blog\\\/wp-content\\\/uploads\\\/2020\\\/10\\\/juli1912.jpg\",\"width\":640,\"height\":480},{\"@type\":\"BreadcrumbList\",\"@id\":\"https:\\\/\\\/www.arhammar.se\\\/blog\\\/fredag-den-19-juli-1912-lekte-nummerleken-hela-kvallen\\\/#breadcrumb\",\"itemListElement\":[{\"@type\":\"ListItem\",\"position\":1,\"name\":\"Home\",\"item\":\"https:\\\/\\\/www.arhammar.se\\\/blog\\\/\"},{\"@type\":\"ListItem\",\"position\":2,\"name\":\"Fredag den 19 juli 1912. Lekte &#8220;nummerleken&#8221; hela kv\u00e4llen.\"}]},{\"@type\":\"WebSite\",\"@id\":\"https:\\\/\\\/www.arhammar.se\\\/blog\\\/#website\",\"url\":\"https:\\\/\\\/www.arhammar.se\\\/blog\\\/\",\"name\":\"@Arhammar bokstavligen\",\"description\":\"Fr\u00e5n min penna och panna\",\"potentialAction\":[{\"@type\":\"SearchAction\",\"target\":{\"@type\":\"EntryPoint\",\"urlTemplate\":\"https:\\\/\\\/www.arhammar.se\\\/blog\\\/?s={search_term_string}\"},\"query-input\":{\"@type\":\"PropertyValueSpecification\",\"valueRequired\":true,\"valueName\":\"search_term_string\"}}],\"inLanguage\":\"en-US\"},{\"@type\":\"Person\",\"@id\":\"https:\\\/\\\/www.arhammar.se\\\/blog\\\/#\\\/schema\\\/person\\\/061984c1d884b363e2c91550f2e00d1d\",\"name\":\"Anders Arhammar\",\"image\":{\"@type\":\"ImageObject\",\"inLanguage\":\"en-US\",\"@id\":\"https:\\\/\\\/secure.gravatar.com\\\/avatar\\\/784b5b36cfe145ae19a52340f405285a939bcc08d4a21136b3a81f9e378ffae0?s=96&d=mm&r=g\",\"url\":\"https:\\\/\\\/secure.gravatar.com\\\/avatar\\\/784b5b36cfe145ae19a52340f405285a939bcc08d4a21136b3a81f9e378ffae0?s=96&d=mm&r=g\",\"contentUrl\":\"https:\\\/\\\/secure.gravatar.com\\\/avatar\\\/784b5b36cfe145ae19a52340f405285a939bcc08d4a21136b3a81f9e378ffae0?s=96&d=mm&r=g\",\"caption\":\"Anders Arhammar\"},\"url\":\"https:\\\/\\\/www.arhammar.se\\\/blog\\\/author\\\/anders\\\/\"}]}<\/script>\n<!-- \/ Yoast SEO plugin. -->","yoast_head_json":{"title":"Fredag den 19 juli 1912. Lekte \"nummerleken\" hela kv\u00e4llen. - @Arhammar bokstavligen","robots":{"index":"index","follow":"follow","max-snippet":"max-snippet:-1","max-image-preview":"max-image-preview:large","max-video-preview":"max-video-preview:-1"},"canonical":"https:\/\/www.arhammar.se\/blog\/fredag-den-19-juli-1912-lekte-nummerleken-hela-kvallen\/","og_locale":"en_US","og_type":"article","og_title":"Fredag den 19 juli 1912. Lekte \"nummerleken\" hela kv\u00e4llen. - @Arhammar bokstavligen","og_description":"F\u00f6rsta dagen i &#8220;fruntimmersveckan&#8221;. Och vackert v\u00e4der, ovanligt nog. Ig\u00e5r och f\u00f6rrg\u00e5r var det riktigt kallt. P\u00e5 kv\u00e4llen, n\u00e4r pojkarna kommo, var Karl Persson med dem och f\u00f6r att slippa undan honom, gingo vi andra bort till skolhuset. Om en stund kom han efter, men d\u00e5 brusto vi ut i gapskratt mitt i ansiktet p\u00e5 [&hellip;]","og_url":"https:\/\/www.arhammar.se\/blog\/fredag-den-19-juli-1912-lekte-nummerleken-hela-kvallen\/","og_site_name":"@Arhammar bokstavligen","article_published_time":"2020-02-26T20:56:40+00:00","article_modified_time":"2020-07-31T09:56:17+00:00","og_image":[{"width":640,"height":480,"url":"https:\/\/www.arhammar.se\/blog\/wp-content\/uploads\/2020\/10\/juli1912.jpg","type":"image\/jpeg"}],"author":"Anders Arhammar","twitter_card":"summary_large_image","twitter_misc":{"Written by":"Anders Arhammar","Est. reading time":"3 minutes"},"schema":{"@context":"https:\/\/schema.org","@graph":[{"@type":"Article","@id":"https:\/\/www.arhammar.se\/blog\/fredag-den-19-juli-1912-lekte-nummerleken-hela-kvallen\/#article","isPartOf":{"@id":"https:\/\/www.arhammar.se\/blog\/fredag-den-19-juli-1912-lekte-nummerleken-hela-kvallen\/"},"author":{"name":"Anders Arhammar","@id":"https:\/\/www.arhammar.se\/blog\/#\/schema\/person\/061984c1d884b363e2c91550f2e00d1d"},"headline":"Fredag den 19 juli 1912. Lekte &#8220;nummerleken&#8221; hela kv\u00e4llen.","datePublished":"2020-02-26T20:56:40+00:00","dateModified":"2020-07-31T09:56:17+00:00","mainEntityOfPage":{"@id":"https:\/\/www.arhammar.se\/blog\/fredag-den-19-juli-1912-lekte-nummerleken-hela-kvallen\/"},"wordCount":563,"commentCount":0,"image":{"@id":"https:\/\/www.arhammar.se\/blog\/fredag-den-19-juli-1912-lekte-nummerleken-hela-kvallen\/#primaryimage"},"thumbnailUrl":"https:\/\/www.arhammar.se\/blog\/wp-content\/uploads\/2020\/10\/juli1912.jpg","articleSection":["1912","mormors dagbok"],"inLanguage":"en-US","potentialAction":[{"@type":"CommentAction","name":"Comment","target":["https:\/\/www.arhammar.se\/blog\/fredag-den-19-juli-1912-lekte-nummerleken-hela-kvallen\/#respond"]}]},{"@type":"WebPage","@id":"https:\/\/www.arhammar.se\/blog\/fredag-den-19-juli-1912-lekte-nummerleken-hela-kvallen\/","url":"https:\/\/www.arhammar.se\/blog\/fredag-den-19-juli-1912-lekte-nummerleken-hela-kvallen\/","name":"Fredag den 19 juli 1912. Lekte \"nummerleken\" hela kv\u00e4llen. - @Arhammar bokstavligen","isPartOf":{"@id":"https:\/\/www.arhammar.se\/blog\/#website"},"primaryImageOfPage":{"@id":"https:\/\/www.arhammar.se\/blog\/fredag-den-19-juli-1912-lekte-nummerleken-hela-kvallen\/#primaryimage"},"image":{"@id":"https:\/\/www.arhammar.se\/blog\/fredag-den-19-juli-1912-lekte-nummerleken-hela-kvallen\/#primaryimage"},"thumbnailUrl":"https:\/\/www.arhammar.se\/blog\/wp-content\/uploads\/2020\/10\/juli1912.jpg","datePublished":"2020-02-26T20:56:40+00:00","dateModified":"2020-07-31T09:56:17+00:00","author":{"@id":"https:\/\/www.arhammar.se\/blog\/#\/schema\/person\/061984c1d884b363e2c91550f2e00d1d"},"breadcrumb":{"@id":"https:\/\/www.arhammar.se\/blog\/fredag-den-19-juli-1912-lekte-nummerleken-hela-kvallen\/#breadcrumb"},"inLanguage":"en-US","potentialAction":[{"@type":"ReadAction","target":["https:\/\/www.arhammar.se\/blog\/fredag-den-19-juli-1912-lekte-nummerleken-hela-kvallen\/"]}]},{"@type":"ImageObject","inLanguage":"en-US","@id":"https:\/\/www.arhammar.se\/blog\/fredag-den-19-juli-1912-lekte-nummerleken-hela-kvallen\/#primaryimage","url":"https:\/\/www.arhammar.se\/blog\/wp-content\/uploads\/2020\/10\/juli1912.jpg","contentUrl":"https:\/\/www.arhammar.se\/blog\/wp-content\/uploads\/2020\/10\/juli1912.jpg","width":640,"height":480},{"@type":"BreadcrumbList","@id":"https:\/\/www.arhammar.se\/blog\/fredag-den-19-juli-1912-lekte-nummerleken-hela-kvallen\/#breadcrumb","itemListElement":[{"@type":"ListItem","position":1,"name":"Home","item":"https:\/\/www.arhammar.se\/blog\/"},{"@type":"ListItem","position":2,"name":"Fredag den 19 juli 1912. Lekte &#8220;nummerleken&#8221; hela kv\u00e4llen."}]},{"@type":"WebSite","@id":"https:\/\/www.arhammar.se\/blog\/#website","url":"https:\/\/www.arhammar.se\/blog\/","name":"@Arhammar bokstavligen","description":"Fr\u00e5n min penna och panna","potentialAction":[{"@type":"SearchAction","target":{"@type":"EntryPoint","urlTemplate":"https:\/\/www.arhammar.se\/blog\/?s={search_term_string}"},"query-input":{"@type":"PropertyValueSpecification","valueRequired":true,"valueName":"search_term_string"}}],"inLanguage":"en-US"},{"@type":"Person","@id":"https:\/\/www.arhammar.se\/blog\/#\/schema\/person\/061984c1d884b363e2c91550f2e00d1d","name":"Anders Arhammar","image":{"@type":"ImageObject","inLanguage":"en-US","@id":"https:\/\/secure.gravatar.com\/avatar\/784b5b36cfe145ae19a52340f405285a939bcc08d4a21136b3a81f9e378ffae0?s=96&d=mm&r=g","url":"https:\/\/secure.gravatar.com\/avatar\/784b5b36cfe145ae19a52340f405285a939bcc08d4a21136b3a81f9e378ffae0?s=96&d=mm&r=g","contentUrl":"https:\/\/secure.gravatar.com\/avatar\/784b5b36cfe145ae19a52340f405285a939bcc08d4a21136b3a81f9e378ffae0?s=96&d=mm&r=g","caption":"Anders Arhammar"},"url":"https:\/\/www.arhammar.se\/blog\/author\/anders\/"}]}},"_links":{"self":[{"href":"https:\/\/www.arhammar.se\/blog\/wp-json\/wp\/v2\/posts\/26362","targetHints":{"allow":["GET"]}}],"collection":[{"href":"https:\/\/www.arhammar.se\/blog\/wp-json\/wp\/v2\/posts"}],"about":[{"href":"https:\/\/www.arhammar.se\/blog\/wp-json\/wp\/v2\/types\/post"}],"author":[{"embeddable":true,"href":"https:\/\/www.arhammar.se\/blog\/wp-json\/wp\/v2\/users\/2"}],"replies":[{"embeddable":true,"href":"https:\/\/www.arhammar.se\/blog\/wp-json\/wp\/v2\/comments?post=26362"}],"version-history":[{"count":3,"href":"https:\/\/www.arhammar.se\/blog\/wp-json\/wp\/v2\/posts\/26362\/revisions"}],"predecessor-version":[{"id":26769,"href":"https:\/\/www.arhammar.se\/blog\/wp-json\/wp\/v2\/posts\/26362\/revisions\/26769"}],"wp:featuredmedia":[{"embeddable":true,"href":"https:\/\/www.arhammar.se\/blog\/wp-json\/wp\/v2\/media\/26216"}],"wp:attachment":[{"href":"https:\/\/www.arhammar.se\/blog\/wp-json\/wp\/v2\/media?parent=26362"}],"wp:term":[{"taxonomy":"category","embeddable":true,"href":"https:\/\/www.arhammar.se\/blog\/wp-json\/wp\/v2\/categories?post=26362"},{"taxonomy":"post_tag","embeddable":true,"href":"https:\/\/www.arhammar.se\/blog\/wp-json\/wp\/v2\/tags?post=26362"}],"curies":[{"name":"wp","href":"https:\/\/api.w.org\/{rel}","templated":true}]}}