{"id":26361,"date":"2020-02-26T21:54:55","date_gmt":"2020-02-26T20:54:55","guid":{"rendered":"https:\/\/www.arhammar.se\/blog\/?p=26361"},"modified":"2020-03-25T18:26:56","modified_gmt":"2020-03-25T17:26:56","slug":"onsdag-den-17-juli-1912-men-jag-stannade-for-en-annans-skull","status":"publish","type":"post","link":"https:\/\/www.arhammar.se\/blog\/onsdag-den-17-juli-1912-men-jag-stannade-for-en-annans-skull\/","title":{"rendered":"Onsdag den 17 juli 1912. Men jag stannade f\u00f6r en annans skull."},"content":{"rendered":"<p>T\u00e4nk, att det blev regn \u00e4nd\u00e5! Regn och riktigt kallt. Ja, man f\u00e5r v\u00e4l inte klaga, n\u00e4r v\u00e4dret har varit s\u00e5 f\u00f6rtjusande en s\u00e5 pass l\u00e5ng tid. <\/p>\n<p>Ig\u00e5r kv\u00e4ll infann sig pojkarna f\u00f6rst\u00e5s och vi lekte &#8220;\u00e4nkeleken&#8221; och &#8220;nummerleken&#8221; och &#8220;dunk&#8221; och hade ganska roligt. Men inte s\u00e5 roligt som vanligt ty den d\u00e4r otrevlige Karl Persson hade h\u00e4ngt sig p\u00e5 oss. Vi voro n\u00e4ra att g\u00e5 upp f\u00f6r hans skull. Men jag stannade f\u00f6r en annans skull. <\/p>\n<p>Idag har jag f\u00e5tt ett s\u00e5 tokigt brev fr\u00e5n AL, vari hon visar sig s\u00e4rdeles bekymrad \u00f6ver att jag \u00e4r \u201dblixtk\u00e4r\u201d i Bertil. Inte beh\u00f6ver hon vara r\u00e4dd f\u00f6r det inte! Snarare d\u00e5 f\u00f6r en annan.<\/p>\n<!-- AddThis Advanced Settings generic via filter on the_content --><!-- AddThis Share Buttons generic via filter on the_content -->","protected":false},"excerpt":{"rendered":"<p>T\u00e4nk, att det blev regn \u00e4nd\u00e5! Regn och riktigt kallt. Ja, man f\u00e5r v\u00e4l inte klaga, n\u00e4r v\u00e4dret har varit s\u00e5 f\u00f6rtjusande en s\u00e5 pass l\u00e5ng tid. Ig\u00e5r kv\u00e4ll infann sig pojkarna f\u00f6rst\u00e5s och vi lekte &#8220;\u00e4nkeleken&#8221; och &#8220;nummerleken&#8221; och &#8220;dunk&#8221; och hade ganska roligt. Men inte s\u00e5 roligt som vanligt ty den d\u00e4r otrevlige [&hellip;]<!-- AddThis Advanced Settings generic via filter on wp_trim_excerpt --><!-- AddThis Share Buttons generic via filter on wp_trim_excerpt --><\/p>\n","protected":false},"author":2,"featured_media":26216,"comment_status":"open","ping_status":"open","sticky":false,"template":"","format":"standard","meta":{"footnotes":""},"categories":[3437,3425],"tags":[],"class_list":["post-26361","post","type-post","status-publish","format-standard","has-post-thumbnail","hentry","category-3437","category-mormors-dagbok"],"yoast_head":"<!-- This site is optimized with the Yoast SEO plugin v27.4 - https:\/\/yoast.com\/product\/yoast-seo-wordpress\/ -->\n<title>Onsdag den 17 juli 1912. Men jag stannade f\u00f6r en annans skull. - @Arhammar bokstavligen<\/title>\n<meta name=\"robots\" content=\"index, follow, max-snippet:-1, max-image-preview:large, max-video-preview:-1\" \/>\n<link rel=\"canonical\" href=\"https:\/\/www.arhammar.se\/blog\/onsdag-den-17-juli-1912-men-jag-stannade-for-en-annans-skull\/\" \/>\n<meta property=\"og:locale\" content=\"en_US\" \/>\n<meta property=\"og:type\" content=\"article\" \/>\n<meta property=\"og:title\" content=\"Onsdag den 17 juli 1912. Men jag stannade f\u00f6r en annans skull. - @Arhammar bokstavligen\" \/>\n<meta property=\"og:description\" content=\"T\u00e4nk, att det blev regn \u00e4nd\u00e5! Regn och riktigt kallt. Ja, man f\u00e5r v\u00e4l inte klaga, n\u00e4r v\u00e4dret har varit s\u00e5 f\u00f6rtjusande en s\u00e5 pass l\u00e5ng tid. Ig\u00e5r kv\u00e4ll infann sig pojkarna f\u00f6rst\u00e5s och vi lekte &#8220;\u00e4nkeleken&#8221; och &#8220;nummerleken&#8221; och &#8220;dunk&#8221; och hade ganska roligt. Men inte s\u00e5 roligt som vanligt ty den d\u00e4r otrevlige [&hellip;]\" \/>\n<meta property=\"og:url\" content=\"https:\/\/www.arhammar.se\/blog\/onsdag-den-17-juli-1912-men-jag-stannade-for-en-annans-skull\/\" \/>\n<meta property=\"og:site_name\" content=\"@Arhammar bokstavligen\" \/>\n<meta property=\"article:published_time\" content=\"2020-02-26T20:54:55+00:00\" \/>\n<meta property=\"article:modified_time\" content=\"2020-03-25T17:26:56+00:00\" \/>\n<meta property=\"og:image\" content=\"https:\/\/www.arhammar.se\/blog\/wp-content\/uploads\/2020\/10\/juli1912.jpg\" \/>\n\t<meta property=\"og:image:width\" content=\"640\" \/>\n\t<meta property=\"og:image:height\" content=\"480\" \/>\n\t<meta property=\"og:image:type\" content=\"image\/jpeg\" \/>\n<meta name=\"author\" content=\"Anders Arhammar\" \/>\n<meta name=\"twitter:card\" content=\"summary_large_image\" \/>\n<meta name=\"twitter:label1\" content=\"Written by\" \/>\n\t<meta name=\"twitter:data1\" content=\"Anders Arhammar\" \/>\n\t<meta name=\"twitter:label2\" content=\"Est. reading time\" \/>\n\t<meta name=\"twitter:data2\" content=\"1 minute\" \/>\n<script type=\"application\/ld+json\" class=\"yoast-schema-graph\">{\"@context\":\"https:\\\/\\\/schema.org\",\"@graph\":[{\"@type\":\"Article\",\"@id\":\"https:\\\/\\\/www.arhammar.se\\\/blog\\\/onsdag-den-17-juli-1912-men-jag-stannade-for-en-annans-skull\\\/#article\",\"isPartOf\":{\"@id\":\"https:\\\/\\\/www.arhammar.se\\\/blog\\\/onsdag-den-17-juli-1912-men-jag-stannade-for-en-annans-skull\\\/\"},\"author\":{\"name\":\"Anders Arhammar\",\"@id\":\"https:\\\/\\\/www.arhammar.se\\\/blog\\\/#\\\/schema\\\/person\\\/061984c1d884b363e2c91550f2e00d1d\"},\"headline\":\"Onsdag den 17 juli 1912. Men jag stannade f\u00f6r en annans skull.\",\"datePublished\":\"2020-02-26T20:54:55+00:00\",\"dateModified\":\"2020-03-25T17:26:56+00:00\",\"mainEntityOfPage\":{\"@id\":\"https:\\\/\\\/www.arhammar.se\\\/blog\\\/onsdag-den-17-juli-1912-men-jag-stannade-for-en-annans-skull\\\/\"},\"wordCount\":149,\"commentCount\":0,\"image\":{\"@id\":\"https:\\\/\\\/www.arhammar.se\\\/blog\\\/onsdag-den-17-juli-1912-men-jag-stannade-for-en-annans-skull\\\/#primaryimage\"},\"thumbnailUrl\":\"https:\\\/\\\/www.arhammar.se\\\/blog\\\/wp-content\\\/uploads\\\/2020\\\/10\\\/juli1912.jpg\",\"articleSection\":[\"1912\",\"mormors dagbok\"],\"inLanguage\":\"en-US\",\"potentialAction\":[{\"@type\":\"CommentAction\",\"name\":\"Comment\",\"target\":[\"https:\\\/\\\/www.arhammar.se\\\/blog\\\/onsdag-den-17-juli-1912-men-jag-stannade-for-en-annans-skull\\\/#respond\"]}]},{\"@type\":\"WebPage\",\"@id\":\"https:\\\/\\\/www.arhammar.se\\\/blog\\\/onsdag-den-17-juli-1912-men-jag-stannade-for-en-annans-skull\\\/\",\"url\":\"https:\\\/\\\/www.arhammar.se\\\/blog\\\/onsdag-den-17-juli-1912-men-jag-stannade-for-en-annans-skull\\\/\",\"name\":\"Onsdag den 17 juli 1912. Men jag stannade f\u00f6r en annans skull. - @Arhammar bokstavligen\",\"isPartOf\":{\"@id\":\"https:\\\/\\\/www.arhammar.se\\\/blog\\\/#website\"},\"primaryImageOfPage\":{\"@id\":\"https:\\\/\\\/www.arhammar.se\\\/blog\\\/onsdag-den-17-juli-1912-men-jag-stannade-for-en-annans-skull\\\/#primaryimage\"},\"image\":{\"@id\":\"https:\\\/\\\/www.arhammar.se\\\/blog\\\/onsdag-den-17-juli-1912-men-jag-stannade-for-en-annans-skull\\\/#primaryimage\"},\"thumbnailUrl\":\"https:\\\/\\\/www.arhammar.se\\\/blog\\\/wp-content\\\/uploads\\\/2020\\\/10\\\/juli1912.jpg\",\"datePublished\":\"2020-02-26T20:54:55+00:00\",\"dateModified\":\"2020-03-25T17:26:56+00:00\",\"author\":{\"@id\":\"https:\\\/\\\/www.arhammar.se\\\/blog\\\/#\\\/schema\\\/person\\\/061984c1d884b363e2c91550f2e00d1d\"},\"breadcrumb\":{\"@id\":\"https:\\\/\\\/www.arhammar.se\\\/blog\\\/onsdag-den-17-juli-1912-men-jag-stannade-for-en-annans-skull\\\/#breadcrumb\"},\"inLanguage\":\"en-US\",\"potentialAction\":[{\"@type\":\"ReadAction\",\"target\":[\"https:\\\/\\\/www.arhammar.se\\\/blog\\\/onsdag-den-17-juli-1912-men-jag-stannade-for-en-annans-skull\\\/\"]}]},{\"@type\":\"ImageObject\",\"inLanguage\":\"en-US\",\"@id\":\"https:\\\/\\\/www.arhammar.se\\\/blog\\\/onsdag-den-17-juli-1912-men-jag-stannade-for-en-annans-skull\\\/#primaryimage\",\"url\":\"https:\\\/\\\/www.arhammar.se\\\/blog\\\/wp-content\\\/uploads\\\/2020\\\/10\\\/juli1912.jpg\",\"contentUrl\":\"https:\\\/\\\/www.arhammar.se\\\/blog\\\/wp-content\\\/uploads\\\/2020\\\/10\\\/juli1912.jpg\",\"width\":640,\"height\":480},{\"@type\":\"BreadcrumbList\",\"@id\":\"https:\\\/\\\/www.arhammar.se\\\/blog\\\/onsdag-den-17-juli-1912-men-jag-stannade-for-en-annans-skull\\\/#breadcrumb\",\"itemListElement\":[{\"@type\":\"ListItem\",\"position\":1,\"name\":\"Home\",\"item\":\"https:\\\/\\\/www.arhammar.se\\\/blog\\\/\"},{\"@type\":\"ListItem\",\"position\":2,\"name\":\"Onsdag den 17 juli 1912. Men jag stannade f\u00f6r en annans skull.\"}]},{\"@type\":\"WebSite\",\"@id\":\"https:\\\/\\\/www.arhammar.se\\\/blog\\\/#website\",\"url\":\"https:\\\/\\\/www.arhammar.se\\\/blog\\\/\",\"name\":\"@Arhammar bokstavligen\",\"description\":\"Fr\u00e5n min penna och panna\",\"potentialAction\":[{\"@type\":\"SearchAction\",\"target\":{\"@type\":\"EntryPoint\",\"urlTemplate\":\"https:\\\/\\\/www.arhammar.se\\\/blog\\\/?s={search_term_string}\"},\"query-input\":{\"@type\":\"PropertyValueSpecification\",\"valueRequired\":true,\"valueName\":\"search_term_string\"}}],\"inLanguage\":\"en-US\"},{\"@type\":\"Person\",\"@id\":\"https:\\\/\\\/www.arhammar.se\\\/blog\\\/#\\\/schema\\\/person\\\/061984c1d884b363e2c91550f2e00d1d\",\"name\":\"Anders Arhammar\",\"image\":{\"@type\":\"ImageObject\",\"inLanguage\":\"en-US\",\"@id\":\"https:\\\/\\\/secure.gravatar.com\\\/avatar\\\/784b5b36cfe145ae19a52340f405285a939bcc08d4a21136b3a81f9e378ffae0?s=96&d=mm&r=g\",\"url\":\"https:\\\/\\\/secure.gravatar.com\\\/avatar\\\/784b5b36cfe145ae19a52340f405285a939bcc08d4a21136b3a81f9e378ffae0?s=96&d=mm&r=g\",\"contentUrl\":\"https:\\\/\\\/secure.gravatar.com\\\/avatar\\\/784b5b36cfe145ae19a52340f405285a939bcc08d4a21136b3a81f9e378ffae0?s=96&d=mm&r=g\",\"caption\":\"Anders Arhammar\"},\"url\":\"https:\\\/\\\/www.arhammar.se\\\/blog\\\/author\\\/anders\\\/\"}]}<\/script>\n<!-- \/ Yoast SEO plugin. -->","yoast_head_json":{"title":"Onsdag den 17 juli 1912. Men jag stannade f\u00f6r en annans skull. - @Arhammar bokstavligen","robots":{"index":"index","follow":"follow","max-snippet":"max-snippet:-1","max-image-preview":"max-image-preview:large","max-video-preview":"max-video-preview:-1"},"canonical":"https:\/\/www.arhammar.se\/blog\/onsdag-den-17-juli-1912-men-jag-stannade-for-en-annans-skull\/","og_locale":"en_US","og_type":"article","og_title":"Onsdag den 17 juli 1912. Men jag stannade f\u00f6r en annans skull. - @Arhammar bokstavligen","og_description":"T\u00e4nk, att det blev regn \u00e4nd\u00e5! Regn och riktigt kallt. Ja, man f\u00e5r v\u00e4l inte klaga, n\u00e4r v\u00e4dret har varit s\u00e5 f\u00f6rtjusande en s\u00e5 pass l\u00e5ng tid. Ig\u00e5r kv\u00e4ll infann sig pojkarna f\u00f6rst\u00e5s och vi lekte &#8220;\u00e4nkeleken&#8221; och &#8220;nummerleken&#8221; och &#8220;dunk&#8221; och hade ganska roligt. Men inte s\u00e5 roligt som vanligt ty den d\u00e4r otrevlige [&hellip;]","og_url":"https:\/\/www.arhammar.se\/blog\/onsdag-den-17-juli-1912-men-jag-stannade-for-en-annans-skull\/","og_site_name":"@Arhammar bokstavligen","article_published_time":"2020-02-26T20:54:55+00:00","article_modified_time":"2020-03-25T17:26:56+00:00","og_image":[{"width":640,"height":480,"url":"https:\/\/www.arhammar.se\/blog\/wp-content\/uploads\/2020\/10\/juli1912.jpg","type":"image\/jpeg"}],"author":"Anders Arhammar","twitter_card":"summary_large_image","twitter_misc":{"Written by":"Anders Arhammar","Est. reading time":"1 minute"},"schema":{"@context":"https:\/\/schema.org","@graph":[{"@type":"Article","@id":"https:\/\/www.arhammar.se\/blog\/onsdag-den-17-juli-1912-men-jag-stannade-for-en-annans-skull\/#article","isPartOf":{"@id":"https:\/\/www.arhammar.se\/blog\/onsdag-den-17-juli-1912-men-jag-stannade-for-en-annans-skull\/"},"author":{"name":"Anders Arhammar","@id":"https:\/\/www.arhammar.se\/blog\/#\/schema\/person\/061984c1d884b363e2c91550f2e00d1d"},"headline":"Onsdag den 17 juli 1912. Men jag stannade f\u00f6r en annans skull.","datePublished":"2020-02-26T20:54:55+00:00","dateModified":"2020-03-25T17:26:56+00:00","mainEntityOfPage":{"@id":"https:\/\/www.arhammar.se\/blog\/onsdag-den-17-juli-1912-men-jag-stannade-for-en-annans-skull\/"},"wordCount":149,"commentCount":0,"image":{"@id":"https:\/\/www.arhammar.se\/blog\/onsdag-den-17-juli-1912-men-jag-stannade-for-en-annans-skull\/#primaryimage"},"thumbnailUrl":"https:\/\/www.arhammar.se\/blog\/wp-content\/uploads\/2020\/10\/juli1912.jpg","articleSection":["1912","mormors dagbok"],"inLanguage":"en-US","potentialAction":[{"@type":"CommentAction","name":"Comment","target":["https:\/\/www.arhammar.se\/blog\/onsdag-den-17-juli-1912-men-jag-stannade-for-en-annans-skull\/#respond"]}]},{"@type":"WebPage","@id":"https:\/\/www.arhammar.se\/blog\/onsdag-den-17-juli-1912-men-jag-stannade-for-en-annans-skull\/","url":"https:\/\/www.arhammar.se\/blog\/onsdag-den-17-juli-1912-men-jag-stannade-for-en-annans-skull\/","name":"Onsdag den 17 juli 1912. Men jag stannade f\u00f6r en annans skull. - @Arhammar bokstavligen","isPartOf":{"@id":"https:\/\/www.arhammar.se\/blog\/#website"},"primaryImageOfPage":{"@id":"https:\/\/www.arhammar.se\/blog\/onsdag-den-17-juli-1912-men-jag-stannade-for-en-annans-skull\/#primaryimage"},"image":{"@id":"https:\/\/www.arhammar.se\/blog\/onsdag-den-17-juli-1912-men-jag-stannade-for-en-annans-skull\/#primaryimage"},"thumbnailUrl":"https:\/\/www.arhammar.se\/blog\/wp-content\/uploads\/2020\/10\/juli1912.jpg","datePublished":"2020-02-26T20:54:55+00:00","dateModified":"2020-03-25T17:26:56+00:00","author":{"@id":"https:\/\/www.arhammar.se\/blog\/#\/schema\/person\/061984c1d884b363e2c91550f2e00d1d"},"breadcrumb":{"@id":"https:\/\/www.arhammar.se\/blog\/onsdag-den-17-juli-1912-men-jag-stannade-for-en-annans-skull\/#breadcrumb"},"inLanguage":"en-US","potentialAction":[{"@type":"ReadAction","target":["https:\/\/www.arhammar.se\/blog\/onsdag-den-17-juli-1912-men-jag-stannade-for-en-annans-skull\/"]}]},{"@type":"ImageObject","inLanguage":"en-US","@id":"https:\/\/www.arhammar.se\/blog\/onsdag-den-17-juli-1912-men-jag-stannade-for-en-annans-skull\/#primaryimage","url":"https:\/\/www.arhammar.se\/blog\/wp-content\/uploads\/2020\/10\/juli1912.jpg","contentUrl":"https:\/\/www.arhammar.se\/blog\/wp-content\/uploads\/2020\/10\/juli1912.jpg","width":640,"height":480},{"@type":"BreadcrumbList","@id":"https:\/\/www.arhammar.se\/blog\/onsdag-den-17-juli-1912-men-jag-stannade-for-en-annans-skull\/#breadcrumb","itemListElement":[{"@type":"ListItem","position":1,"name":"Home","item":"https:\/\/www.arhammar.se\/blog\/"},{"@type":"ListItem","position":2,"name":"Onsdag den 17 juli 1912. Men jag stannade f\u00f6r en annans skull."}]},{"@type":"WebSite","@id":"https:\/\/www.arhammar.se\/blog\/#website","url":"https:\/\/www.arhammar.se\/blog\/","name":"@Arhammar bokstavligen","description":"Fr\u00e5n min penna och panna","potentialAction":[{"@type":"SearchAction","target":{"@type":"EntryPoint","urlTemplate":"https:\/\/www.arhammar.se\/blog\/?s={search_term_string}"},"query-input":{"@type":"PropertyValueSpecification","valueRequired":true,"valueName":"search_term_string"}}],"inLanguage":"en-US"},{"@type":"Person","@id":"https:\/\/www.arhammar.se\/blog\/#\/schema\/person\/061984c1d884b363e2c91550f2e00d1d","name":"Anders Arhammar","image":{"@type":"ImageObject","inLanguage":"en-US","@id":"https:\/\/secure.gravatar.com\/avatar\/784b5b36cfe145ae19a52340f405285a939bcc08d4a21136b3a81f9e378ffae0?s=96&d=mm&r=g","url":"https:\/\/secure.gravatar.com\/avatar\/784b5b36cfe145ae19a52340f405285a939bcc08d4a21136b3a81f9e378ffae0?s=96&d=mm&r=g","contentUrl":"https:\/\/secure.gravatar.com\/avatar\/784b5b36cfe145ae19a52340f405285a939bcc08d4a21136b3a81f9e378ffae0?s=96&d=mm&r=g","caption":"Anders Arhammar"},"url":"https:\/\/www.arhammar.se\/blog\/author\/anders\/"}]}},"_links":{"self":[{"href":"https:\/\/www.arhammar.se\/blog\/wp-json\/wp\/v2\/posts\/26361","targetHints":{"allow":["GET"]}}],"collection":[{"href":"https:\/\/www.arhammar.se\/blog\/wp-json\/wp\/v2\/posts"}],"about":[{"href":"https:\/\/www.arhammar.se\/blog\/wp-json\/wp\/v2\/types\/post"}],"author":[{"embeddable":true,"href":"https:\/\/www.arhammar.se\/blog\/wp-json\/wp\/v2\/users\/2"}],"replies":[{"embeddable":true,"href":"https:\/\/www.arhammar.se\/blog\/wp-json\/wp\/v2\/comments?post=26361"}],"version-history":[{"count":2,"href":"https:\/\/www.arhammar.se\/blog\/wp-json\/wp\/v2\/posts\/26361\/revisions"}],"predecessor-version":[{"id":26541,"href":"https:\/\/www.arhammar.se\/blog\/wp-json\/wp\/v2\/posts\/26361\/revisions\/26541"}],"wp:featuredmedia":[{"embeddable":true,"href":"https:\/\/www.arhammar.se\/blog\/wp-json\/wp\/v2\/media\/26216"}],"wp:attachment":[{"href":"https:\/\/www.arhammar.se\/blog\/wp-json\/wp\/v2\/media?parent=26361"}],"wp:term":[{"taxonomy":"category","embeddable":true,"href":"https:\/\/www.arhammar.se\/blog\/wp-json\/wp\/v2\/categories?post=26361"},{"taxonomy":"post_tag","embeddable":true,"href":"https:\/\/www.arhammar.se\/blog\/wp-json\/wp\/v2\/tags?post=26361"}],"curies":[{"name":"wp","href":"https:\/\/api.w.org\/{rel}","templated":true}]}}