{"id":26359,"date":"2020-02-26T21:49:40","date_gmt":"2020-02-26T20:49:40","guid":{"rendered":"https:\/\/www.arhammar.se\/blog\/?p=26359"},"modified":"2020-03-07T18:49:00","modified_gmt":"2020-03-07T17:49:00","slug":"mandag-den-15-juli-1912-herr-kladd-svansen-ville-inte-lamna-oss-i-fred","status":"publish","type":"post","link":"https:\/\/www.arhammar.se\/blog\/mandag-den-15-juli-1912-herr-kladd-svansen-ville-inte-lamna-oss-i-fred\/","title":{"rendered":"M\u00e5ndag den 15 juli 1912. Herr Kladd Svans\u00e9n ville inte l\u00e4mna oss i fred."},"content":{"rendered":"<p>Nu har jag ganska mycket att skriva om. P\u00e5 l\u00f6rdag eftermiddag \u00f6verraskades vi av ett meddelande fr\u00e5n Nyl\u00e9n, att fr\u00f6knarna Almqvist skulle komma till oss med b\u00e5ten p\u00e5 kv\u00e4llen. Vi b\u00f6rjade f\u00f6rst\u00e5s att &#8220;ruscha&#8221; iordning med v\u00e4ldig fart, ty naturligtvis trodde vi att de skulle stanna \u00f6ver natten \u00e5tminstone. S\u00e5 gingo vi ner till b\u00e5ten och med den voro fr\u00f6knarna Hanna, Rakel och M\u00e4rta Kristensson och hela Almqvists familj. Det blev f\u00f6rst\u00e5s ett v\u00e4ldigt h\u00e4lsande och pratande. De kunde dock inte stanna n\u00e5gon av dem, utan vi fingo g\u00e5 hem lika tomh\u00e4nta som vi kommit. <\/p>\n<p>Sedan p\u00e5 kv\u00e4llen voro Yngve, Albin och Karl h\u00e4r och vi drucko &#8220;l\u00e4sk&#8221; och \u00e5to kakor i bers\u00e5n. Sen spelade Albin och Yngve v\u00e4ldigt bra p\u00e5 fiol. Men utanf\u00f6r stodo en massa sm\u00e5pojkar, bl.a. herr Kladd Svans\u00e9n vilka inte ville l\u00e4mna oss i fred. Vi besl\u00f6to oss d\u00e5 f\u00f6r att g\u00e5 till Kolsj\u00f6n, men pojkarna reste till Torp\u00e5sen. Vid Kolsj\u00f6n var det h\u00e4rligt. Alldeles tyst och i dunklet l\u00e5g som en sl\u00f6ja \u00f6ver insj\u00f6n och den lilla \u00f6n i dess mitt. N\u00e4r vi beundrat sceneriet en stund gingo vi hem &#8211; och lade oss! <\/p>\n<p>P\u00e5 s\u00f6ndag var det lika varmt och h\u00e4rligt v\u00e4der som det varit de sista veckorna. P\u00e5 f\u00f6rmiddagen var Marie och Selma p\u00e5 Berget h\u00e4r och drucko kaffe och vi voro och badade. Jag har nu l\u00e4rt mig att dyka p\u00e5 huvudet fr\u00e5n stolpen p\u00e5 bryggan. Det \u00e4r v\u00e4ldigt livat. P\u00e5 eftermiddagen gingo mamma, Rut, Harry och Lillan till Fredrik samt Naemi, Gredy och jag till Nils i Byn. D\u00e4r spelade vi piano f\u00f6rst\u00e5s och fingo kaffe med gott dopp. <\/p>\n<p>N\u00e4r vi kommo hem voro Ingeg\u00e4rd och Nyl\u00e9n h\u00e4r och vi m\u00e5ste f\u00f6rst\u00e5s sjunga f\u00f6r dem. P\u00e5 kv\u00e4llen kommo som vanligt de tre eller &#8220;trion&#8221; och sedan vi \u00e5kt cykel och st\u00e5tt och pratat en l\u00e5ng stund i v\u00e4gen, gingo vi till sj\u00f6n och rodde ut, alla sju i en liten ynklig b\u00e5t. Jag var riktigt r\u00e4dd, men det gick lyckligt. N\u00e4r vi kommo hem gingo vi upp och lade oss meddetsamma. Vi ha \u00e4nnu bara vid &#8220;soluppg\u00e5ngen&#8221; varit ute till \u00f6ver klockan tolv.<\/p>\n<!-- AddThis Advanced Settings generic via filter on the_content --><!-- AddThis Share Buttons generic via filter on the_content -->","protected":false},"excerpt":{"rendered":"<p>Nu har jag ganska mycket att skriva om. P\u00e5 l\u00f6rdag eftermiddag \u00f6verraskades vi av ett meddelande fr\u00e5n Nyl\u00e9n, att fr\u00f6knarna Almqvist skulle komma till oss med b\u00e5ten p\u00e5 kv\u00e4llen. Vi b\u00f6rjade f\u00f6rst\u00e5s att &#8220;ruscha&#8221; iordning med v\u00e4ldig fart, ty naturligtvis trodde vi att de skulle stanna \u00f6ver natten \u00e5tminstone. S\u00e5 gingo vi ner till b\u00e5ten [&hellip;]<!-- AddThis Advanced Settings generic via filter on wp_trim_excerpt --><!-- AddThis Share Buttons generic via filter on wp_trim_excerpt --><\/p>\n","protected":false},"author":2,"featured_media":26216,"comment_status":"open","ping_status":"open","sticky":false,"template":"","format":"standard","meta":{"footnotes":""},"categories":[3437,3425],"tags":[],"class_list":["post-26359","post","type-post","status-publish","format-standard","has-post-thumbnail","hentry","category-3437","category-mormors-dagbok"],"yoast_head":"<!-- This site is optimized with the Yoast SEO plugin v27.4 - https:\/\/yoast.com\/product\/yoast-seo-wordpress\/ -->\n<title>M\u00e5ndag den 15 juli 1912. Herr Kladd Svans\u00e9n ville inte l\u00e4mna oss i fred. - @Arhammar bokstavligen<\/title>\n<meta name=\"robots\" content=\"index, follow, max-snippet:-1, max-image-preview:large, max-video-preview:-1\" \/>\n<link rel=\"canonical\" href=\"https:\/\/www.arhammar.se\/blog\/mandag-den-15-juli-1912-herr-kladd-svansen-ville-inte-lamna-oss-i-fred\/\" \/>\n<meta property=\"og:locale\" content=\"en_US\" \/>\n<meta property=\"og:type\" content=\"article\" \/>\n<meta property=\"og:title\" content=\"M\u00e5ndag den 15 juli 1912. Herr Kladd Svans\u00e9n ville inte l\u00e4mna oss i fred. - @Arhammar bokstavligen\" \/>\n<meta property=\"og:description\" content=\"Nu har jag ganska mycket att skriva om. P\u00e5 l\u00f6rdag eftermiddag \u00f6verraskades vi av ett meddelande fr\u00e5n Nyl\u00e9n, att fr\u00f6knarna Almqvist skulle komma till oss med b\u00e5ten p\u00e5 kv\u00e4llen. Vi b\u00f6rjade f\u00f6rst\u00e5s att &#8220;ruscha&#8221; iordning med v\u00e4ldig fart, ty naturligtvis trodde vi att de skulle stanna \u00f6ver natten \u00e5tminstone. S\u00e5 gingo vi ner till b\u00e5ten [&hellip;]\" \/>\n<meta property=\"og:url\" content=\"https:\/\/www.arhammar.se\/blog\/mandag-den-15-juli-1912-herr-kladd-svansen-ville-inte-lamna-oss-i-fred\/\" \/>\n<meta property=\"og:site_name\" content=\"@Arhammar bokstavligen\" \/>\n<meta property=\"article:published_time\" content=\"2020-02-26T20:49:40+00:00\" \/>\n<meta property=\"article:modified_time\" content=\"2020-03-07T17:49:00+00:00\" \/>\n<meta property=\"og:image\" content=\"https:\/\/www.arhammar.se\/blog\/wp-content\/uploads\/2020\/10\/juli1912.jpg\" \/>\n\t<meta property=\"og:image:width\" content=\"640\" \/>\n\t<meta property=\"og:image:height\" content=\"480\" \/>\n\t<meta property=\"og:image:type\" content=\"image\/jpeg\" \/>\n<meta name=\"author\" content=\"Anders Arhammar\" \/>\n<meta name=\"twitter:card\" content=\"summary_large_image\" \/>\n<meta name=\"twitter:label1\" content=\"Written by\" \/>\n\t<meta name=\"twitter:data1\" content=\"Anders Arhammar\" \/>\n\t<meta name=\"twitter:label2\" content=\"Est. reading time\" \/>\n\t<meta name=\"twitter:data2\" content=\"2 minutes\" \/>\n<script type=\"application\/ld+json\" class=\"yoast-schema-graph\">{\"@context\":\"https:\\\/\\\/schema.org\",\"@graph\":[{\"@type\":\"Article\",\"@id\":\"https:\\\/\\\/www.arhammar.se\\\/blog\\\/mandag-den-15-juli-1912-herr-kladd-svansen-ville-inte-lamna-oss-i-fred\\\/#article\",\"isPartOf\":{\"@id\":\"https:\\\/\\\/www.arhammar.se\\\/blog\\\/mandag-den-15-juli-1912-herr-kladd-svansen-ville-inte-lamna-oss-i-fred\\\/\"},\"author\":{\"name\":\"Anders Arhammar\",\"@id\":\"https:\\\/\\\/www.arhammar.se\\\/blog\\\/#\\\/schema\\\/person\\\/061984c1d884b363e2c91550f2e00d1d\"},\"headline\":\"M\u00e5ndag den 15 juli 1912. Herr Kladd Svans\u00e9n ville inte l\u00e4mna oss i fred.\",\"datePublished\":\"2020-02-26T20:49:40+00:00\",\"dateModified\":\"2020-03-07T17:49:00+00:00\",\"mainEntityOfPage\":{\"@id\":\"https:\\\/\\\/www.arhammar.se\\\/blog\\\/mandag-den-15-juli-1912-herr-kladd-svansen-ville-inte-lamna-oss-i-fred\\\/\"},\"wordCount\":434,\"commentCount\":0,\"image\":{\"@id\":\"https:\\\/\\\/www.arhammar.se\\\/blog\\\/mandag-den-15-juli-1912-herr-kladd-svansen-ville-inte-lamna-oss-i-fred\\\/#primaryimage\"},\"thumbnailUrl\":\"https:\\\/\\\/www.arhammar.se\\\/blog\\\/wp-content\\\/uploads\\\/2020\\\/10\\\/juli1912.jpg\",\"articleSection\":[\"1912\",\"mormors dagbok\"],\"inLanguage\":\"en-US\",\"potentialAction\":[{\"@type\":\"CommentAction\",\"name\":\"Comment\",\"target\":[\"https:\\\/\\\/www.arhammar.se\\\/blog\\\/mandag-den-15-juli-1912-herr-kladd-svansen-ville-inte-lamna-oss-i-fred\\\/#respond\"]}]},{\"@type\":\"WebPage\",\"@id\":\"https:\\\/\\\/www.arhammar.se\\\/blog\\\/mandag-den-15-juli-1912-herr-kladd-svansen-ville-inte-lamna-oss-i-fred\\\/\",\"url\":\"https:\\\/\\\/www.arhammar.se\\\/blog\\\/mandag-den-15-juli-1912-herr-kladd-svansen-ville-inte-lamna-oss-i-fred\\\/\",\"name\":\"M\u00e5ndag den 15 juli 1912. Herr Kladd Svans\u00e9n ville inte l\u00e4mna oss i fred. - @Arhammar bokstavligen\",\"isPartOf\":{\"@id\":\"https:\\\/\\\/www.arhammar.se\\\/blog\\\/#website\"},\"primaryImageOfPage\":{\"@id\":\"https:\\\/\\\/www.arhammar.se\\\/blog\\\/mandag-den-15-juli-1912-herr-kladd-svansen-ville-inte-lamna-oss-i-fred\\\/#primaryimage\"},\"image\":{\"@id\":\"https:\\\/\\\/www.arhammar.se\\\/blog\\\/mandag-den-15-juli-1912-herr-kladd-svansen-ville-inte-lamna-oss-i-fred\\\/#primaryimage\"},\"thumbnailUrl\":\"https:\\\/\\\/www.arhammar.se\\\/blog\\\/wp-content\\\/uploads\\\/2020\\\/10\\\/juli1912.jpg\",\"datePublished\":\"2020-02-26T20:49:40+00:00\",\"dateModified\":\"2020-03-07T17:49:00+00:00\",\"author\":{\"@id\":\"https:\\\/\\\/www.arhammar.se\\\/blog\\\/#\\\/schema\\\/person\\\/061984c1d884b363e2c91550f2e00d1d\"},\"breadcrumb\":{\"@id\":\"https:\\\/\\\/www.arhammar.se\\\/blog\\\/mandag-den-15-juli-1912-herr-kladd-svansen-ville-inte-lamna-oss-i-fred\\\/#breadcrumb\"},\"inLanguage\":\"en-US\",\"potentialAction\":[{\"@type\":\"ReadAction\",\"target\":[\"https:\\\/\\\/www.arhammar.se\\\/blog\\\/mandag-den-15-juli-1912-herr-kladd-svansen-ville-inte-lamna-oss-i-fred\\\/\"]}]},{\"@type\":\"ImageObject\",\"inLanguage\":\"en-US\",\"@id\":\"https:\\\/\\\/www.arhammar.se\\\/blog\\\/mandag-den-15-juli-1912-herr-kladd-svansen-ville-inte-lamna-oss-i-fred\\\/#primaryimage\",\"url\":\"https:\\\/\\\/www.arhammar.se\\\/blog\\\/wp-content\\\/uploads\\\/2020\\\/10\\\/juli1912.jpg\",\"contentUrl\":\"https:\\\/\\\/www.arhammar.se\\\/blog\\\/wp-content\\\/uploads\\\/2020\\\/10\\\/juli1912.jpg\",\"width\":640,\"height\":480},{\"@type\":\"BreadcrumbList\",\"@id\":\"https:\\\/\\\/www.arhammar.se\\\/blog\\\/mandag-den-15-juli-1912-herr-kladd-svansen-ville-inte-lamna-oss-i-fred\\\/#breadcrumb\",\"itemListElement\":[{\"@type\":\"ListItem\",\"position\":1,\"name\":\"Home\",\"item\":\"https:\\\/\\\/www.arhammar.se\\\/blog\\\/\"},{\"@type\":\"ListItem\",\"position\":2,\"name\":\"M\u00e5ndag den 15 juli 1912. Herr Kladd Svans\u00e9n ville inte l\u00e4mna oss i fred.\"}]},{\"@type\":\"WebSite\",\"@id\":\"https:\\\/\\\/www.arhammar.se\\\/blog\\\/#website\",\"url\":\"https:\\\/\\\/www.arhammar.se\\\/blog\\\/\",\"name\":\"@Arhammar bokstavligen\",\"description\":\"Fr\u00e5n min penna och panna\",\"potentialAction\":[{\"@type\":\"SearchAction\",\"target\":{\"@type\":\"EntryPoint\",\"urlTemplate\":\"https:\\\/\\\/www.arhammar.se\\\/blog\\\/?s={search_term_string}\"},\"query-input\":{\"@type\":\"PropertyValueSpecification\",\"valueRequired\":true,\"valueName\":\"search_term_string\"}}],\"inLanguage\":\"en-US\"},{\"@type\":\"Person\",\"@id\":\"https:\\\/\\\/www.arhammar.se\\\/blog\\\/#\\\/schema\\\/person\\\/061984c1d884b363e2c91550f2e00d1d\",\"name\":\"Anders Arhammar\",\"image\":{\"@type\":\"ImageObject\",\"inLanguage\":\"en-US\",\"@id\":\"https:\\\/\\\/secure.gravatar.com\\\/avatar\\\/784b5b36cfe145ae19a52340f405285a939bcc08d4a21136b3a81f9e378ffae0?s=96&d=mm&r=g\",\"url\":\"https:\\\/\\\/secure.gravatar.com\\\/avatar\\\/784b5b36cfe145ae19a52340f405285a939bcc08d4a21136b3a81f9e378ffae0?s=96&d=mm&r=g\",\"contentUrl\":\"https:\\\/\\\/secure.gravatar.com\\\/avatar\\\/784b5b36cfe145ae19a52340f405285a939bcc08d4a21136b3a81f9e378ffae0?s=96&d=mm&r=g\",\"caption\":\"Anders Arhammar\"},\"url\":\"https:\\\/\\\/www.arhammar.se\\\/blog\\\/author\\\/anders\\\/\"}]}<\/script>\n<!-- \/ Yoast SEO plugin. -->","yoast_head_json":{"title":"M\u00e5ndag den 15 juli 1912. Herr Kladd Svans\u00e9n ville inte l\u00e4mna oss i fred. - @Arhammar bokstavligen","robots":{"index":"index","follow":"follow","max-snippet":"max-snippet:-1","max-image-preview":"max-image-preview:large","max-video-preview":"max-video-preview:-1"},"canonical":"https:\/\/www.arhammar.se\/blog\/mandag-den-15-juli-1912-herr-kladd-svansen-ville-inte-lamna-oss-i-fred\/","og_locale":"en_US","og_type":"article","og_title":"M\u00e5ndag den 15 juli 1912. Herr Kladd Svans\u00e9n ville inte l\u00e4mna oss i fred. - @Arhammar bokstavligen","og_description":"Nu har jag ganska mycket att skriva om. P\u00e5 l\u00f6rdag eftermiddag \u00f6verraskades vi av ett meddelande fr\u00e5n Nyl\u00e9n, att fr\u00f6knarna Almqvist skulle komma till oss med b\u00e5ten p\u00e5 kv\u00e4llen. Vi b\u00f6rjade f\u00f6rst\u00e5s att &#8220;ruscha&#8221; iordning med v\u00e4ldig fart, ty naturligtvis trodde vi att de skulle stanna \u00f6ver natten \u00e5tminstone. S\u00e5 gingo vi ner till b\u00e5ten [&hellip;]","og_url":"https:\/\/www.arhammar.se\/blog\/mandag-den-15-juli-1912-herr-kladd-svansen-ville-inte-lamna-oss-i-fred\/","og_site_name":"@Arhammar bokstavligen","article_published_time":"2020-02-26T20:49:40+00:00","article_modified_time":"2020-03-07T17:49:00+00:00","og_image":[{"width":640,"height":480,"url":"https:\/\/www.arhammar.se\/blog\/wp-content\/uploads\/2020\/10\/juli1912.jpg","type":"image\/jpeg"}],"author":"Anders Arhammar","twitter_card":"summary_large_image","twitter_misc":{"Written by":"Anders Arhammar","Est. reading time":"2 minutes"},"schema":{"@context":"https:\/\/schema.org","@graph":[{"@type":"Article","@id":"https:\/\/www.arhammar.se\/blog\/mandag-den-15-juli-1912-herr-kladd-svansen-ville-inte-lamna-oss-i-fred\/#article","isPartOf":{"@id":"https:\/\/www.arhammar.se\/blog\/mandag-den-15-juli-1912-herr-kladd-svansen-ville-inte-lamna-oss-i-fred\/"},"author":{"name":"Anders Arhammar","@id":"https:\/\/www.arhammar.se\/blog\/#\/schema\/person\/061984c1d884b363e2c91550f2e00d1d"},"headline":"M\u00e5ndag den 15 juli 1912. Herr Kladd Svans\u00e9n ville inte l\u00e4mna oss i fred.","datePublished":"2020-02-26T20:49:40+00:00","dateModified":"2020-03-07T17:49:00+00:00","mainEntityOfPage":{"@id":"https:\/\/www.arhammar.se\/blog\/mandag-den-15-juli-1912-herr-kladd-svansen-ville-inte-lamna-oss-i-fred\/"},"wordCount":434,"commentCount":0,"image":{"@id":"https:\/\/www.arhammar.se\/blog\/mandag-den-15-juli-1912-herr-kladd-svansen-ville-inte-lamna-oss-i-fred\/#primaryimage"},"thumbnailUrl":"https:\/\/www.arhammar.se\/blog\/wp-content\/uploads\/2020\/10\/juli1912.jpg","articleSection":["1912","mormors dagbok"],"inLanguage":"en-US","potentialAction":[{"@type":"CommentAction","name":"Comment","target":["https:\/\/www.arhammar.se\/blog\/mandag-den-15-juli-1912-herr-kladd-svansen-ville-inte-lamna-oss-i-fred\/#respond"]}]},{"@type":"WebPage","@id":"https:\/\/www.arhammar.se\/blog\/mandag-den-15-juli-1912-herr-kladd-svansen-ville-inte-lamna-oss-i-fred\/","url":"https:\/\/www.arhammar.se\/blog\/mandag-den-15-juli-1912-herr-kladd-svansen-ville-inte-lamna-oss-i-fred\/","name":"M\u00e5ndag den 15 juli 1912. Herr Kladd Svans\u00e9n ville inte l\u00e4mna oss i fred. - @Arhammar bokstavligen","isPartOf":{"@id":"https:\/\/www.arhammar.se\/blog\/#website"},"primaryImageOfPage":{"@id":"https:\/\/www.arhammar.se\/blog\/mandag-den-15-juli-1912-herr-kladd-svansen-ville-inte-lamna-oss-i-fred\/#primaryimage"},"image":{"@id":"https:\/\/www.arhammar.se\/blog\/mandag-den-15-juli-1912-herr-kladd-svansen-ville-inte-lamna-oss-i-fred\/#primaryimage"},"thumbnailUrl":"https:\/\/www.arhammar.se\/blog\/wp-content\/uploads\/2020\/10\/juli1912.jpg","datePublished":"2020-02-26T20:49:40+00:00","dateModified":"2020-03-07T17:49:00+00:00","author":{"@id":"https:\/\/www.arhammar.se\/blog\/#\/schema\/person\/061984c1d884b363e2c91550f2e00d1d"},"breadcrumb":{"@id":"https:\/\/www.arhammar.se\/blog\/mandag-den-15-juli-1912-herr-kladd-svansen-ville-inte-lamna-oss-i-fred\/#breadcrumb"},"inLanguage":"en-US","potentialAction":[{"@type":"ReadAction","target":["https:\/\/www.arhammar.se\/blog\/mandag-den-15-juli-1912-herr-kladd-svansen-ville-inte-lamna-oss-i-fred\/"]}]},{"@type":"ImageObject","inLanguage":"en-US","@id":"https:\/\/www.arhammar.se\/blog\/mandag-den-15-juli-1912-herr-kladd-svansen-ville-inte-lamna-oss-i-fred\/#primaryimage","url":"https:\/\/www.arhammar.se\/blog\/wp-content\/uploads\/2020\/10\/juli1912.jpg","contentUrl":"https:\/\/www.arhammar.se\/blog\/wp-content\/uploads\/2020\/10\/juli1912.jpg","width":640,"height":480},{"@type":"BreadcrumbList","@id":"https:\/\/www.arhammar.se\/blog\/mandag-den-15-juli-1912-herr-kladd-svansen-ville-inte-lamna-oss-i-fred\/#breadcrumb","itemListElement":[{"@type":"ListItem","position":1,"name":"Home","item":"https:\/\/www.arhammar.se\/blog\/"},{"@type":"ListItem","position":2,"name":"M\u00e5ndag den 15 juli 1912. Herr Kladd Svans\u00e9n ville inte l\u00e4mna oss i fred."}]},{"@type":"WebSite","@id":"https:\/\/www.arhammar.se\/blog\/#website","url":"https:\/\/www.arhammar.se\/blog\/","name":"@Arhammar bokstavligen","description":"Fr\u00e5n min penna och panna","potentialAction":[{"@type":"SearchAction","target":{"@type":"EntryPoint","urlTemplate":"https:\/\/www.arhammar.se\/blog\/?s={search_term_string}"},"query-input":{"@type":"PropertyValueSpecification","valueRequired":true,"valueName":"search_term_string"}}],"inLanguage":"en-US"},{"@type":"Person","@id":"https:\/\/www.arhammar.se\/blog\/#\/schema\/person\/061984c1d884b363e2c91550f2e00d1d","name":"Anders Arhammar","image":{"@type":"ImageObject","inLanguage":"en-US","@id":"https:\/\/secure.gravatar.com\/avatar\/784b5b36cfe145ae19a52340f405285a939bcc08d4a21136b3a81f9e378ffae0?s=96&d=mm&r=g","url":"https:\/\/secure.gravatar.com\/avatar\/784b5b36cfe145ae19a52340f405285a939bcc08d4a21136b3a81f9e378ffae0?s=96&d=mm&r=g","contentUrl":"https:\/\/secure.gravatar.com\/avatar\/784b5b36cfe145ae19a52340f405285a939bcc08d4a21136b3a81f9e378ffae0?s=96&d=mm&r=g","caption":"Anders Arhammar"},"url":"https:\/\/www.arhammar.se\/blog\/author\/anders\/"}]}},"_links":{"self":[{"href":"https:\/\/www.arhammar.se\/blog\/wp-json\/wp\/v2\/posts\/26359","targetHints":{"allow":["GET"]}}],"collection":[{"href":"https:\/\/www.arhammar.se\/blog\/wp-json\/wp\/v2\/posts"}],"about":[{"href":"https:\/\/www.arhammar.se\/blog\/wp-json\/wp\/v2\/types\/post"}],"author":[{"embeddable":true,"href":"https:\/\/www.arhammar.se\/blog\/wp-json\/wp\/v2\/users\/2"}],"replies":[{"embeddable":true,"href":"https:\/\/www.arhammar.se\/blog\/wp-json\/wp\/v2\/comments?post=26359"}],"version-history":[{"count":3,"href":"https:\/\/www.arhammar.se\/blog\/wp-json\/wp\/v2\/posts\/26359\/revisions"}],"predecessor-version":[{"id":26768,"href":"https:\/\/www.arhammar.se\/blog\/wp-json\/wp\/v2\/posts\/26359\/revisions\/26768"}],"wp:featuredmedia":[{"embeddable":true,"href":"https:\/\/www.arhammar.se\/blog\/wp-json\/wp\/v2\/media\/26216"}],"wp:attachment":[{"href":"https:\/\/www.arhammar.se\/blog\/wp-json\/wp\/v2\/media?parent=26359"}],"wp:term":[{"taxonomy":"category","embeddable":true,"href":"https:\/\/www.arhammar.se\/blog\/wp-json\/wp\/v2\/categories?post=26359"},{"taxonomy":"post_tag","embeddable":true,"href":"https:\/\/www.arhammar.se\/blog\/wp-json\/wp\/v2\/tags?post=26359"}],"curies":[{"name":"wp","href":"https:\/\/api.w.org\/{rel}","templated":true}]}}