{"id":26358,"date":"2020-02-26T21:48:58","date_gmt":"2020-02-26T20:48:58","guid":{"rendered":"https:\/\/www.arhammar.se\/blog\/?p=26358"},"modified":"2020-07-31T10:55:04","modified_gmt":"2020-07-31T09:55:04","slug":"lordagen-den-13-juli-1912-igar-badade-vi-som-vanligt-tva-ganger","status":"publish","type":"post","link":"https:\/\/www.arhammar.se\/blog\/lordagen-den-13-juli-1912-igar-badade-vi-som-vanligt-tva-ganger\/","title":{"rendered":"L\u00f6rdagen den 13 juli 1912. Ig\u00e5r badade vi som vanligt tv\u00e5 g\u00e5nger."},"content":{"rendered":"<p>H\u00f6sl\u00e5tter. Var man g\u00e5r p\u00e5 v\u00e4garna, doftar det ljuvligt av nyslaget, torrt h\u00f6. Ig\u00e5r k\u00f6rdes de f\u00f6rsta lassen in h\u00e4r och \u00f6verallt arbetar folket p\u00e5 s\u00e5tning, h\u00e4ssjande och h\u00f6k\u00f6rning. Och p\u00e5 det hela lyser solen klar och str\u00e5lande och v\u00e4rmen blir n\u00e4stan outh\u00e4rdlig fram mot ett-tiden. <\/p>\n<p>Ig\u00e5r badade vi som vanligt tv\u00e5 g\u00e5nger. P\u00e5 eftermiddagen ligga vi i l\u00e4ngst. \u00c5h, vad det \u00e4r sk\u00f6nt! Men n\u00e5got som inte \u00e4r s\u00e5 sk\u00f6nt, det \u00e4r att jag slog min ena t\u00e5 mot bryggkanten, s\u00e5 att den \u00e4r alldeles svullen och bl\u00e5r\u00f6d och gr\u00e4sligt \u00f6m. Usch d\u00e5! <\/p>\n<p>P\u00e5 onsdag kv\u00e4ll reste Janne till &#8220;Olympen&#8221; f\u00f6r att \u00e5h\u00f6ra den stora s\u00e5ngarfesten. Greta och jag f\u00f6ljde honom till stationen, jag k\u00f6rde och det var v\u00e4ldigt skojigt, s\u00e4rskilt p\u00e5 hemv\u00e4gen. P\u00e5 samma g\u00e5ng h\u00e4mtade vi en koffert, som kommit fr\u00e5n Sl\u00e4p till Greta och som inneh\u00f6ll br\u00f6d, ost, kex, karameller, blandad frukt, litet kl\u00e4der och tv\u00e5l. Det var verkligen \u00e5tskilligt. Ig\u00e5r fick jag vykort fr\u00e5n Anna-Lisa. Hon var d\u00e5 vid Riksgr\u00e4nsen p\u00e5 v\u00e4g hem.<\/p>\n<!-- AddThis Advanced Settings generic via filter on the_content --><!-- AddThis Share Buttons generic via filter on the_content -->","protected":false},"excerpt":{"rendered":"<p>H\u00f6sl\u00e5tter. Var man g\u00e5r p\u00e5 v\u00e4garna, doftar det ljuvligt av nyslaget, torrt h\u00f6. Ig\u00e5r k\u00f6rdes de f\u00f6rsta lassen in h\u00e4r och \u00f6verallt arbetar folket p\u00e5 s\u00e5tning, h\u00e4ssjande och h\u00f6k\u00f6rning. Och p\u00e5 det hela lyser solen klar och str\u00e5lande och v\u00e4rmen blir n\u00e4stan outh\u00e4rdlig fram mot ett-tiden. Ig\u00e5r badade vi som vanligt tv\u00e5 g\u00e5nger. P\u00e5 eftermiddagen [&hellip;]<!-- AddThis Advanced Settings generic via filter on wp_trim_excerpt --><!-- AddThis Share Buttons generic via filter on wp_trim_excerpt --><\/p>\n","protected":false},"author":2,"featured_media":26557,"comment_status":"open","ping_status":"open","sticky":false,"template":"","format":"standard","meta":{"footnotes":""},"categories":[3437,3425],"tags":[],"class_list":["post-26358","post","type-post","status-publish","format-standard","has-post-thumbnail","hentry","category-3437","category-mormors-dagbok"],"yoast_head":"<!-- This site is optimized with the Yoast SEO plugin v27.4 - https:\/\/yoast.com\/product\/yoast-seo-wordpress\/ -->\n<title>L\u00f6rdagen den 13 juli 1912. Ig\u00e5r badade vi som vanligt tv\u00e5 g\u00e5nger. - @Arhammar bokstavligen<\/title>\n<meta name=\"robots\" content=\"index, follow, max-snippet:-1, max-image-preview:large, max-video-preview:-1\" \/>\n<link rel=\"canonical\" href=\"https:\/\/www.arhammar.se\/blog\/lordagen-den-13-juli-1912-igar-badade-vi-som-vanligt-tva-ganger\/\" \/>\n<meta property=\"og:locale\" content=\"en_US\" \/>\n<meta property=\"og:type\" content=\"article\" \/>\n<meta property=\"og:title\" content=\"L\u00f6rdagen den 13 juli 1912. Ig\u00e5r badade vi som vanligt tv\u00e5 g\u00e5nger. - @Arhammar bokstavligen\" \/>\n<meta property=\"og:description\" content=\"H\u00f6sl\u00e5tter. Var man g\u00e5r p\u00e5 v\u00e4garna, doftar det ljuvligt av nyslaget, torrt h\u00f6. Ig\u00e5r k\u00f6rdes de f\u00f6rsta lassen in h\u00e4r och \u00f6verallt arbetar folket p\u00e5 s\u00e5tning, h\u00e4ssjande och h\u00f6k\u00f6rning. Och p\u00e5 det hela lyser solen klar och str\u00e5lande och v\u00e4rmen blir n\u00e4stan outh\u00e4rdlig fram mot ett-tiden. Ig\u00e5r badade vi som vanligt tv\u00e5 g\u00e5nger. P\u00e5 eftermiddagen [&hellip;]\" \/>\n<meta property=\"og:url\" content=\"https:\/\/www.arhammar.se\/blog\/lordagen-den-13-juli-1912-igar-badade-vi-som-vanligt-tva-ganger\/\" \/>\n<meta property=\"og:site_name\" content=\"@Arhammar bokstavligen\" \/>\n<meta property=\"article:published_time\" content=\"2020-02-26T20:48:58+00:00\" \/>\n<meta property=\"article:modified_time\" content=\"2020-07-31T09:55:04+00:00\" \/>\n<meta property=\"og:image\" content=\"https:\/\/www.arhammar.se\/blog\/wp-content\/uploads\/2020\/02\/db120713-1.jpg\" \/>\n\t<meta property=\"og:image:width\" content=\"640\" \/>\n\t<meta property=\"og:image:height\" content=\"480\" \/>\n\t<meta property=\"og:image:type\" content=\"image\/jpeg\" \/>\n<meta name=\"author\" content=\"Anders Arhammar\" \/>\n<meta name=\"twitter:card\" content=\"summary_large_image\" \/>\n<meta name=\"twitter:label1\" content=\"Written by\" \/>\n\t<meta name=\"twitter:data1\" content=\"Anders Arhammar\" \/>\n\t<meta name=\"twitter:label2\" content=\"Est. reading time\" \/>\n\t<meta name=\"twitter:data2\" content=\"1 minute\" \/>\n<script type=\"application\/ld+json\" class=\"yoast-schema-graph\">{\"@context\":\"https:\\\/\\\/schema.org\",\"@graph\":[{\"@type\":\"Article\",\"@id\":\"https:\\\/\\\/www.arhammar.se\\\/blog\\\/lordagen-den-13-juli-1912-igar-badade-vi-som-vanligt-tva-ganger\\\/#article\",\"isPartOf\":{\"@id\":\"https:\\\/\\\/www.arhammar.se\\\/blog\\\/lordagen-den-13-juli-1912-igar-badade-vi-som-vanligt-tva-ganger\\\/\"},\"author\":{\"name\":\"Anders Arhammar\",\"@id\":\"https:\\\/\\\/www.arhammar.se\\\/blog\\\/#\\\/schema\\\/person\\\/061984c1d884b363e2c91550f2e00d1d\"},\"headline\":\"L\u00f6rdagen den 13 juli 1912. Ig\u00e5r badade vi som vanligt tv\u00e5 g\u00e5nger.\",\"datePublished\":\"2020-02-26T20:48:58+00:00\",\"dateModified\":\"2020-07-31T09:55:04+00:00\",\"mainEntityOfPage\":{\"@id\":\"https:\\\/\\\/www.arhammar.se\\\/blog\\\/lordagen-den-13-juli-1912-igar-badade-vi-som-vanligt-tva-ganger\\\/\"},\"wordCount\":227,\"commentCount\":0,\"image\":{\"@id\":\"https:\\\/\\\/www.arhammar.se\\\/blog\\\/lordagen-den-13-juli-1912-igar-badade-vi-som-vanligt-tva-ganger\\\/#primaryimage\"},\"thumbnailUrl\":\"https:\\\/\\\/www.arhammar.se\\\/blog\\\/wp-content\\\/uploads\\\/2020\\\/02\\\/db120713-1.jpg\",\"articleSection\":[\"1912\",\"mormors dagbok\"],\"inLanguage\":\"en-US\",\"potentialAction\":[{\"@type\":\"CommentAction\",\"name\":\"Comment\",\"target\":[\"https:\\\/\\\/www.arhammar.se\\\/blog\\\/lordagen-den-13-juli-1912-igar-badade-vi-som-vanligt-tva-ganger\\\/#respond\"]}]},{\"@type\":\"WebPage\",\"@id\":\"https:\\\/\\\/www.arhammar.se\\\/blog\\\/lordagen-den-13-juli-1912-igar-badade-vi-som-vanligt-tva-ganger\\\/\",\"url\":\"https:\\\/\\\/www.arhammar.se\\\/blog\\\/lordagen-den-13-juli-1912-igar-badade-vi-som-vanligt-tva-ganger\\\/\",\"name\":\"L\u00f6rdagen den 13 juli 1912. Ig\u00e5r badade vi som vanligt tv\u00e5 g\u00e5nger. - @Arhammar bokstavligen\",\"isPartOf\":{\"@id\":\"https:\\\/\\\/www.arhammar.se\\\/blog\\\/#website\"},\"primaryImageOfPage\":{\"@id\":\"https:\\\/\\\/www.arhammar.se\\\/blog\\\/lordagen-den-13-juli-1912-igar-badade-vi-som-vanligt-tva-ganger\\\/#primaryimage\"},\"image\":{\"@id\":\"https:\\\/\\\/www.arhammar.se\\\/blog\\\/lordagen-den-13-juli-1912-igar-badade-vi-som-vanligt-tva-ganger\\\/#primaryimage\"},\"thumbnailUrl\":\"https:\\\/\\\/www.arhammar.se\\\/blog\\\/wp-content\\\/uploads\\\/2020\\\/02\\\/db120713-1.jpg\",\"datePublished\":\"2020-02-26T20:48:58+00:00\",\"dateModified\":\"2020-07-31T09:55:04+00:00\",\"author\":{\"@id\":\"https:\\\/\\\/www.arhammar.se\\\/blog\\\/#\\\/schema\\\/person\\\/061984c1d884b363e2c91550f2e00d1d\"},\"breadcrumb\":{\"@id\":\"https:\\\/\\\/www.arhammar.se\\\/blog\\\/lordagen-den-13-juli-1912-igar-badade-vi-som-vanligt-tva-ganger\\\/#breadcrumb\"},\"inLanguage\":\"en-US\",\"potentialAction\":[{\"@type\":\"ReadAction\",\"target\":[\"https:\\\/\\\/www.arhammar.se\\\/blog\\\/lordagen-den-13-juli-1912-igar-badade-vi-som-vanligt-tva-ganger\\\/\"]}]},{\"@type\":\"ImageObject\",\"inLanguage\":\"en-US\",\"@id\":\"https:\\\/\\\/www.arhammar.se\\\/blog\\\/lordagen-den-13-juli-1912-igar-badade-vi-som-vanligt-tva-ganger\\\/#primaryimage\",\"url\":\"https:\\\/\\\/www.arhammar.se\\\/blog\\\/wp-content\\\/uploads\\\/2020\\\/02\\\/db120713-1.jpg\",\"contentUrl\":\"https:\\\/\\\/www.arhammar.se\\\/blog\\\/wp-content\\\/uploads\\\/2020\\\/02\\\/db120713-1.jpg\",\"width\":640,\"height\":480},{\"@type\":\"BreadcrumbList\",\"@id\":\"https:\\\/\\\/www.arhammar.se\\\/blog\\\/lordagen-den-13-juli-1912-igar-badade-vi-som-vanligt-tva-ganger\\\/#breadcrumb\",\"itemListElement\":[{\"@type\":\"ListItem\",\"position\":1,\"name\":\"Home\",\"item\":\"https:\\\/\\\/www.arhammar.se\\\/blog\\\/\"},{\"@type\":\"ListItem\",\"position\":2,\"name\":\"L\u00f6rdagen den 13 juli 1912. Ig\u00e5r badade vi som vanligt tv\u00e5 g\u00e5nger.\"}]},{\"@type\":\"WebSite\",\"@id\":\"https:\\\/\\\/www.arhammar.se\\\/blog\\\/#website\",\"url\":\"https:\\\/\\\/www.arhammar.se\\\/blog\\\/\",\"name\":\"@Arhammar bokstavligen\",\"description\":\"Fr\u00e5n min penna och panna\",\"potentialAction\":[{\"@type\":\"SearchAction\",\"target\":{\"@type\":\"EntryPoint\",\"urlTemplate\":\"https:\\\/\\\/www.arhammar.se\\\/blog\\\/?s={search_term_string}\"},\"query-input\":{\"@type\":\"PropertyValueSpecification\",\"valueRequired\":true,\"valueName\":\"search_term_string\"}}],\"inLanguage\":\"en-US\"},{\"@type\":\"Person\",\"@id\":\"https:\\\/\\\/www.arhammar.se\\\/blog\\\/#\\\/schema\\\/person\\\/061984c1d884b363e2c91550f2e00d1d\",\"name\":\"Anders Arhammar\",\"image\":{\"@type\":\"ImageObject\",\"inLanguage\":\"en-US\",\"@id\":\"https:\\\/\\\/secure.gravatar.com\\\/avatar\\\/784b5b36cfe145ae19a52340f405285a939bcc08d4a21136b3a81f9e378ffae0?s=96&d=mm&r=g\",\"url\":\"https:\\\/\\\/secure.gravatar.com\\\/avatar\\\/784b5b36cfe145ae19a52340f405285a939bcc08d4a21136b3a81f9e378ffae0?s=96&d=mm&r=g\",\"contentUrl\":\"https:\\\/\\\/secure.gravatar.com\\\/avatar\\\/784b5b36cfe145ae19a52340f405285a939bcc08d4a21136b3a81f9e378ffae0?s=96&d=mm&r=g\",\"caption\":\"Anders Arhammar\"},\"url\":\"https:\\\/\\\/www.arhammar.se\\\/blog\\\/author\\\/anders\\\/\"}]}<\/script>\n<!-- \/ Yoast SEO plugin. -->","yoast_head_json":{"title":"L\u00f6rdagen den 13 juli 1912. Ig\u00e5r badade vi som vanligt tv\u00e5 g\u00e5nger. - @Arhammar bokstavligen","robots":{"index":"index","follow":"follow","max-snippet":"max-snippet:-1","max-image-preview":"max-image-preview:large","max-video-preview":"max-video-preview:-1"},"canonical":"https:\/\/www.arhammar.se\/blog\/lordagen-den-13-juli-1912-igar-badade-vi-som-vanligt-tva-ganger\/","og_locale":"en_US","og_type":"article","og_title":"L\u00f6rdagen den 13 juli 1912. Ig\u00e5r badade vi som vanligt tv\u00e5 g\u00e5nger. - @Arhammar bokstavligen","og_description":"H\u00f6sl\u00e5tter. Var man g\u00e5r p\u00e5 v\u00e4garna, doftar det ljuvligt av nyslaget, torrt h\u00f6. Ig\u00e5r k\u00f6rdes de f\u00f6rsta lassen in h\u00e4r och \u00f6verallt arbetar folket p\u00e5 s\u00e5tning, h\u00e4ssjande och h\u00f6k\u00f6rning. Och p\u00e5 det hela lyser solen klar och str\u00e5lande och v\u00e4rmen blir n\u00e4stan outh\u00e4rdlig fram mot ett-tiden. Ig\u00e5r badade vi som vanligt tv\u00e5 g\u00e5nger. P\u00e5 eftermiddagen [&hellip;]","og_url":"https:\/\/www.arhammar.se\/blog\/lordagen-den-13-juli-1912-igar-badade-vi-som-vanligt-tva-ganger\/","og_site_name":"@Arhammar bokstavligen","article_published_time":"2020-02-26T20:48:58+00:00","article_modified_time":"2020-07-31T09:55:04+00:00","og_image":[{"width":640,"height":480,"url":"https:\/\/www.arhammar.se\/blog\/wp-content\/uploads\/2020\/02\/db120713-1.jpg","type":"image\/jpeg"}],"author":"Anders Arhammar","twitter_card":"summary_large_image","twitter_misc":{"Written by":"Anders Arhammar","Est. reading time":"1 minute"},"schema":{"@context":"https:\/\/schema.org","@graph":[{"@type":"Article","@id":"https:\/\/www.arhammar.se\/blog\/lordagen-den-13-juli-1912-igar-badade-vi-som-vanligt-tva-ganger\/#article","isPartOf":{"@id":"https:\/\/www.arhammar.se\/blog\/lordagen-den-13-juli-1912-igar-badade-vi-som-vanligt-tva-ganger\/"},"author":{"name":"Anders Arhammar","@id":"https:\/\/www.arhammar.se\/blog\/#\/schema\/person\/061984c1d884b363e2c91550f2e00d1d"},"headline":"L\u00f6rdagen den 13 juli 1912. Ig\u00e5r badade vi som vanligt tv\u00e5 g\u00e5nger.","datePublished":"2020-02-26T20:48:58+00:00","dateModified":"2020-07-31T09:55:04+00:00","mainEntityOfPage":{"@id":"https:\/\/www.arhammar.se\/blog\/lordagen-den-13-juli-1912-igar-badade-vi-som-vanligt-tva-ganger\/"},"wordCount":227,"commentCount":0,"image":{"@id":"https:\/\/www.arhammar.se\/blog\/lordagen-den-13-juli-1912-igar-badade-vi-som-vanligt-tva-ganger\/#primaryimage"},"thumbnailUrl":"https:\/\/www.arhammar.se\/blog\/wp-content\/uploads\/2020\/02\/db120713-1.jpg","articleSection":["1912","mormors dagbok"],"inLanguage":"en-US","potentialAction":[{"@type":"CommentAction","name":"Comment","target":["https:\/\/www.arhammar.se\/blog\/lordagen-den-13-juli-1912-igar-badade-vi-som-vanligt-tva-ganger\/#respond"]}]},{"@type":"WebPage","@id":"https:\/\/www.arhammar.se\/blog\/lordagen-den-13-juli-1912-igar-badade-vi-som-vanligt-tva-ganger\/","url":"https:\/\/www.arhammar.se\/blog\/lordagen-den-13-juli-1912-igar-badade-vi-som-vanligt-tva-ganger\/","name":"L\u00f6rdagen den 13 juli 1912. Ig\u00e5r badade vi som vanligt tv\u00e5 g\u00e5nger. - @Arhammar bokstavligen","isPartOf":{"@id":"https:\/\/www.arhammar.se\/blog\/#website"},"primaryImageOfPage":{"@id":"https:\/\/www.arhammar.se\/blog\/lordagen-den-13-juli-1912-igar-badade-vi-som-vanligt-tva-ganger\/#primaryimage"},"image":{"@id":"https:\/\/www.arhammar.se\/blog\/lordagen-den-13-juli-1912-igar-badade-vi-som-vanligt-tva-ganger\/#primaryimage"},"thumbnailUrl":"https:\/\/www.arhammar.se\/blog\/wp-content\/uploads\/2020\/02\/db120713-1.jpg","datePublished":"2020-02-26T20:48:58+00:00","dateModified":"2020-07-31T09:55:04+00:00","author":{"@id":"https:\/\/www.arhammar.se\/blog\/#\/schema\/person\/061984c1d884b363e2c91550f2e00d1d"},"breadcrumb":{"@id":"https:\/\/www.arhammar.se\/blog\/lordagen-den-13-juli-1912-igar-badade-vi-som-vanligt-tva-ganger\/#breadcrumb"},"inLanguage":"en-US","potentialAction":[{"@type":"ReadAction","target":["https:\/\/www.arhammar.se\/blog\/lordagen-den-13-juli-1912-igar-badade-vi-som-vanligt-tva-ganger\/"]}]},{"@type":"ImageObject","inLanguage":"en-US","@id":"https:\/\/www.arhammar.se\/blog\/lordagen-den-13-juli-1912-igar-badade-vi-som-vanligt-tva-ganger\/#primaryimage","url":"https:\/\/www.arhammar.se\/blog\/wp-content\/uploads\/2020\/02\/db120713-1.jpg","contentUrl":"https:\/\/www.arhammar.se\/blog\/wp-content\/uploads\/2020\/02\/db120713-1.jpg","width":640,"height":480},{"@type":"BreadcrumbList","@id":"https:\/\/www.arhammar.se\/blog\/lordagen-den-13-juli-1912-igar-badade-vi-som-vanligt-tva-ganger\/#breadcrumb","itemListElement":[{"@type":"ListItem","position":1,"name":"Home","item":"https:\/\/www.arhammar.se\/blog\/"},{"@type":"ListItem","position":2,"name":"L\u00f6rdagen den 13 juli 1912. Ig\u00e5r badade vi som vanligt tv\u00e5 g\u00e5nger."}]},{"@type":"WebSite","@id":"https:\/\/www.arhammar.se\/blog\/#website","url":"https:\/\/www.arhammar.se\/blog\/","name":"@Arhammar bokstavligen","description":"Fr\u00e5n min penna och panna","potentialAction":[{"@type":"SearchAction","target":{"@type":"EntryPoint","urlTemplate":"https:\/\/www.arhammar.se\/blog\/?s={search_term_string}"},"query-input":{"@type":"PropertyValueSpecification","valueRequired":true,"valueName":"search_term_string"}}],"inLanguage":"en-US"},{"@type":"Person","@id":"https:\/\/www.arhammar.se\/blog\/#\/schema\/person\/061984c1d884b363e2c91550f2e00d1d","name":"Anders Arhammar","image":{"@type":"ImageObject","inLanguage":"en-US","@id":"https:\/\/secure.gravatar.com\/avatar\/784b5b36cfe145ae19a52340f405285a939bcc08d4a21136b3a81f9e378ffae0?s=96&d=mm&r=g","url":"https:\/\/secure.gravatar.com\/avatar\/784b5b36cfe145ae19a52340f405285a939bcc08d4a21136b3a81f9e378ffae0?s=96&d=mm&r=g","contentUrl":"https:\/\/secure.gravatar.com\/avatar\/784b5b36cfe145ae19a52340f405285a939bcc08d4a21136b3a81f9e378ffae0?s=96&d=mm&r=g","caption":"Anders Arhammar"},"url":"https:\/\/www.arhammar.se\/blog\/author\/anders\/"}]}},"_links":{"self":[{"href":"https:\/\/www.arhammar.se\/blog\/wp-json\/wp\/v2\/posts\/26358","targetHints":{"allow":["GET"]}}],"collection":[{"href":"https:\/\/www.arhammar.se\/blog\/wp-json\/wp\/v2\/posts"}],"about":[{"href":"https:\/\/www.arhammar.se\/blog\/wp-json\/wp\/v2\/types\/post"}],"author":[{"embeddable":true,"href":"https:\/\/www.arhammar.se\/blog\/wp-json\/wp\/v2\/users\/2"}],"replies":[{"embeddable":true,"href":"https:\/\/www.arhammar.se\/blog\/wp-json\/wp\/v2\/comments?post=26358"}],"version-history":[{"count":2,"href":"https:\/\/www.arhammar.se\/blog\/wp-json\/wp\/v2\/posts\/26358\/revisions"}],"predecessor-version":[{"id":26537,"href":"https:\/\/www.arhammar.se\/blog\/wp-json\/wp\/v2\/posts\/26358\/revisions\/26537"}],"wp:featuredmedia":[{"embeddable":true,"href":"https:\/\/www.arhammar.se\/blog\/wp-json\/wp\/v2\/media\/26557"}],"wp:attachment":[{"href":"https:\/\/www.arhammar.se\/blog\/wp-json\/wp\/v2\/media?parent=26358"}],"wp:term":[{"taxonomy":"category","embeddable":true,"href":"https:\/\/www.arhammar.se\/blog\/wp-json\/wp\/v2\/categories?post=26358"},{"taxonomy":"post_tag","embeddable":true,"href":"https:\/\/www.arhammar.se\/blog\/wp-json\/wp\/v2\/tags?post=26358"}],"curies":[{"name":"wp","href":"https:\/\/api.w.org\/{rel}","templated":true}]}}