{"id":26345,"date":"2020-02-26T21:46:08","date_gmt":"2020-02-26T20:46:08","guid":{"rendered":"https:\/\/www.arhammar.se\/blog\/?p=26345"},"modified":"2020-03-07T18:28:46","modified_gmt":"2020-03-07T17:28:46","slug":"onsdag-den-10-juli-1912-den-otacka-slaktaren","status":"publish","type":"post","link":"https:\/\/www.arhammar.se\/blog\/onsdag-den-10-juli-1912-den-otacka-slaktaren\/","title":{"rendered":"Onsdag den 10 juli 1912. Den ot\u00e4cka slaktaren."},"content":{"rendered":"<p>Vad vi hade livat ig\u00e5r kv\u00e4ll. Vi gingo \u00e4nda till &#8220;Hoxter\u00e4ngen&#8221; och m\u00f6tte Axel, som kom fr\u00e5n Ottebol. Jag fick st\u00e5 bak och k\u00f6ra det var v\u00e4ldigt skoj. <\/p>\n<p>Vid Bergbacken k\u00f6rde vi ikapp Naemi och Greta som g\u00e5tt tillbaka. Vid skolhuset sutto Elin och Selma samt Verner, Carl, \u201dArve&#8221; och Albin och skojade. Vi k\u00f6rde f\u00f6rbi i full trav. Sen kommo Carl, &#8220;Arve&#8221; och Albin upp j\u00e4mte den ot\u00e4cka slaktaren och vi spelade och dansade p\u00e5 g\u00e5rden (inte med pojkarna). <\/p>\n<p>Sen \u00e5kte vi alla fyra med Janne till &#8220;Koppen&#8221; i en dyngk\u00e4rra och n\u00e4r vi kommo tillbaka hem, sutto pojkarna utanf\u00f6r \u00e4nnu. De gingo inte f\u00f6rr\u00e4n vi hade g\u00e5tt upp och lagt oss.<\/p>\n<!-- AddThis Advanced Settings generic via filter on the_content --><!-- AddThis Share Buttons generic via filter on the_content -->","protected":false},"excerpt":{"rendered":"<p>Vad vi hade livat ig\u00e5r kv\u00e4ll. Vi gingo \u00e4nda till &#8220;Hoxter\u00e4ngen&#8221; och m\u00f6tte Axel, som kom fr\u00e5n Ottebol. Jag fick st\u00e5 bak och k\u00f6ra det var v\u00e4ldigt skoj. Vid Bergbacken k\u00f6rde vi ikapp Naemi och Greta som g\u00e5tt tillbaka. Vid skolhuset sutto Elin och Selma samt Verner, Carl, \u201dArve&#8221; och Albin och skojade. Vi k\u00f6rde [&hellip;]<!-- AddThis Advanced Settings generic via filter on wp_trim_excerpt --><!-- AddThis Share Buttons generic via filter on wp_trim_excerpt --><\/p>\n","protected":false},"author":2,"featured_media":26735,"comment_status":"open","ping_status":"open","sticky":false,"template":"","format":"standard","meta":{"footnotes":""},"categories":[3437,3425],"tags":[],"class_list":["post-26345","post","type-post","status-publish","format-standard","has-post-thumbnail","hentry","category-3437","category-mormors-dagbok"],"yoast_head":"<!-- This site is optimized with the Yoast SEO plugin v27.4 - https:\/\/yoast.com\/product\/yoast-seo-wordpress\/ -->\n<title>Onsdag den 10 juli 1912. Den ot\u00e4cka slaktaren. - @Arhammar bokstavligen<\/title>\n<meta name=\"robots\" content=\"index, follow, max-snippet:-1, max-image-preview:large, max-video-preview:-1\" \/>\n<link rel=\"canonical\" href=\"https:\/\/www.arhammar.se\/blog\/onsdag-den-10-juli-1912-den-otacka-slaktaren\/\" \/>\n<meta property=\"og:locale\" content=\"en_US\" \/>\n<meta property=\"og:type\" content=\"article\" \/>\n<meta property=\"og:title\" content=\"Onsdag den 10 juli 1912. Den ot\u00e4cka slaktaren. - @Arhammar bokstavligen\" \/>\n<meta property=\"og:description\" content=\"Vad vi hade livat ig\u00e5r kv\u00e4ll. Vi gingo \u00e4nda till &#8220;Hoxter\u00e4ngen&#8221; och m\u00f6tte Axel, som kom fr\u00e5n Ottebol. Jag fick st\u00e5 bak och k\u00f6ra det var v\u00e4ldigt skoj. Vid Bergbacken k\u00f6rde vi ikapp Naemi och Greta som g\u00e5tt tillbaka. Vid skolhuset sutto Elin och Selma samt Verner, Carl, \u201dArve&#8221; och Albin och skojade. Vi k\u00f6rde [&hellip;]\" \/>\n<meta property=\"og:url\" content=\"https:\/\/www.arhammar.se\/blog\/onsdag-den-10-juli-1912-den-otacka-slaktaren\/\" \/>\n<meta property=\"og:site_name\" content=\"@Arhammar bokstavligen\" \/>\n<meta property=\"article:published_time\" content=\"2020-02-26T20:46:08+00:00\" \/>\n<meta property=\"article:modified_time\" content=\"2020-03-07T17:28:46+00:00\" \/>\n<meta property=\"og:image\" content=\"https:\/\/www.arhammar.se\/blog\/wp-content\/uploads\/2020\/02\/dbjannekusk.jpg\" \/>\n\t<meta property=\"og:image:width\" content=\"640\" \/>\n\t<meta property=\"og:image:height\" content=\"480\" \/>\n\t<meta property=\"og:image:type\" content=\"image\/jpeg\" \/>\n<meta name=\"author\" content=\"Anders Arhammar\" \/>\n<meta name=\"twitter:card\" content=\"summary_large_image\" \/>\n<meta name=\"twitter:label1\" content=\"Written by\" \/>\n\t<meta name=\"twitter:data1\" content=\"Anders Arhammar\" \/>\n\t<meta name=\"twitter:label2\" content=\"Est. reading time\" \/>\n\t<meta name=\"twitter:data2\" content=\"1 minute\" \/>\n<script type=\"application\/ld+json\" class=\"yoast-schema-graph\">{\"@context\":\"https:\\\/\\\/schema.org\",\"@graph\":[{\"@type\":\"Article\",\"@id\":\"https:\\\/\\\/www.arhammar.se\\\/blog\\\/onsdag-den-10-juli-1912-den-otacka-slaktaren\\\/#article\",\"isPartOf\":{\"@id\":\"https:\\\/\\\/www.arhammar.se\\\/blog\\\/onsdag-den-10-juli-1912-den-otacka-slaktaren\\\/\"},\"author\":{\"name\":\"Anders Arhammar\",\"@id\":\"https:\\\/\\\/www.arhammar.se\\\/blog\\\/#\\\/schema\\\/person\\\/061984c1d884b363e2c91550f2e00d1d\"},\"headline\":\"Onsdag den 10 juli 1912. Den ot\u00e4cka slaktaren.\",\"datePublished\":\"2020-02-26T20:46:08+00:00\",\"dateModified\":\"2020-03-07T17:28:46+00:00\",\"mainEntityOfPage\":{\"@id\":\"https:\\\/\\\/www.arhammar.se\\\/blog\\\/onsdag-den-10-juli-1912-den-otacka-slaktaren\\\/\"},\"wordCount\":140,\"commentCount\":0,\"image\":{\"@id\":\"https:\\\/\\\/www.arhammar.se\\\/blog\\\/onsdag-den-10-juli-1912-den-otacka-slaktaren\\\/#primaryimage\"},\"thumbnailUrl\":\"https:\\\/\\\/www.arhammar.se\\\/blog\\\/wp-content\\\/uploads\\\/2020\\\/02\\\/dbjannekusk.jpg\",\"articleSection\":[\"1912\",\"mormors dagbok\"],\"inLanguage\":\"en-US\",\"potentialAction\":[{\"@type\":\"CommentAction\",\"name\":\"Comment\",\"target\":[\"https:\\\/\\\/www.arhammar.se\\\/blog\\\/onsdag-den-10-juli-1912-den-otacka-slaktaren\\\/#respond\"]}]},{\"@type\":\"WebPage\",\"@id\":\"https:\\\/\\\/www.arhammar.se\\\/blog\\\/onsdag-den-10-juli-1912-den-otacka-slaktaren\\\/\",\"url\":\"https:\\\/\\\/www.arhammar.se\\\/blog\\\/onsdag-den-10-juli-1912-den-otacka-slaktaren\\\/\",\"name\":\"Onsdag den 10 juli 1912. Den ot\u00e4cka slaktaren. - @Arhammar bokstavligen\",\"isPartOf\":{\"@id\":\"https:\\\/\\\/www.arhammar.se\\\/blog\\\/#website\"},\"primaryImageOfPage\":{\"@id\":\"https:\\\/\\\/www.arhammar.se\\\/blog\\\/onsdag-den-10-juli-1912-den-otacka-slaktaren\\\/#primaryimage\"},\"image\":{\"@id\":\"https:\\\/\\\/www.arhammar.se\\\/blog\\\/onsdag-den-10-juli-1912-den-otacka-slaktaren\\\/#primaryimage\"},\"thumbnailUrl\":\"https:\\\/\\\/www.arhammar.se\\\/blog\\\/wp-content\\\/uploads\\\/2020\\\/02\\\/dbjannekusk.jpg\",\"datePublished\":\"2020-02-26T20:46:08+00:00\",\"dateModified\":\"2020-03-07T17:28:46+00:00\",\"author\":{\"@id\":\"https:\\\/\\\/www.arhammar.se\\\/blog\\\/#\\\/schema\\\/person\\\/061984c1d884b363e2c91550f2e00d1d\"},\"breadcrumb\":{\"@id\":\"https:\\\/\\\/www.arhammar.se\\\/blog\\\/onsdag-den-10-juli-1912-den-otacka-slaktaren\\\/#breadcrumb\"},\"inLanguage\":\"en-US\",\"potentialAction\":[{\"@type\":\"ReadAction\",\"target\":[\"https:\\\/\\\/www.arhammar.se\\\/blog\\\/onsdag-den-10-juli-1912-den-otacka-slaktaren\\\/\"]}]},{\"@type\":\"ImageObject\",\"inLanguage\":\"en-US\",\"@id\":\"https:\\\/\\\/www.arhammar.se\\\/blog\\\/onsdag-den-10-juli-1912-den-otacka-slaktaren\\\/#primaryimage\",\"url\":\"https:\\\/\\\/www.arhammar.se\\\/blog\\\/wp-content\\\/uploads\\\/2020\\\/02\\\/dbjannekusk.jpg\",\"contentUrl\":\"https:\\\/\\\/www.arhammar.se\\\/blog\\\/wp-content\\\/uploads\\\/2020\\\/02\\\/dbjannekusk.jpg\",\"width\":640,\"height\":480,\"caption\":\"Judits farbror Janne p\u00e5 kuskbocken\"},{\"@type\":\"BreadcrumbList\",\"@id\":\"https:\\\/\\\/www.arhammar.se\\\/blog\\\/onsdag-den-10-juli-1912-den-otacka-slaktaren\\\/#breadcrumb\",\"itemListElement\":[{\"@type\":\"ListItem\",\"position\":1,\"name\":\"Home\",\"item\":\"https:\\\/\\\/www.arhammar.se\\\/blog\\\/\"},{\"@type\":\"ListItem\",\"position\":2,\"name\":\"Onsdag den 10 juli 1912. Den ot\u00e4cka slaktaren.\"}]},{\"@type\":\"WebSite\",\"@id\":\"https:\\\/\\\/www.arhammar.se\\\/blog\\\/#website\",\"url\":\"https:\\\/\\\/www.arhammar.se\\\/blog\\\/\",\"name\":\"@Arhammar bokstavligen\",\"description\":\"Fr\u00e5n min penna och panna\",\"potentialAction\":[{\"@type\":\"SearchAction\",\"target\":{\"@type\":\"EntryPoint\",\"urlTemplate\":\"https:\\\/\\\/www.arhammar.se\\\/blog\\\/?s={search_term_string}\"},\"query-input\":{\"@type\":\"PropertyValueSpecification\",\"valueRequired\":true,\"valueName\":\"search_term_string\"}}],\"inLanguage\":\"en-US\"},{\"@type\":\"Person\",\"@id\":\"https:\\\/\\\/www.arhammar.se\\\/blog\\\/#\\\/schema\\\/person\\\/061984c1d884b363e2c91550f2e00d1d\",\"name\":\"Anders Arhammar\",\"image\":{\"@type\":\"ImageObject\",\"inLanguage\":\"en-US\",\"@id\":\"https:\\\/\\\/secure.gravatar.com\\\/avatar\\\/784b5b36cfe145ae19a52340f405285a939bcc08d4a21136b3a81f9e378ffae0?s=96&d=mm&r=g\",\"url\":\"https:\\\/\\\/secure.gravatar.com\\\/avatar\\\/784b5b36cfe145ae19a52340f405285a939bcc08d4a21136b3a81f9e378ffae0?s=96&d=mm&r=g\",\"contentUrl\":\"https:\\\/\\\/secure.gravatar.com\\\/avatar\\\/784b5b36cfe145ae19a52340f405285a939bcc08d4a21136b3a81f9e378ffae0?s=96&d=mm&r=g\",\"caption\":\"Anders Arhammar\"},\"url\":\"https:\\\/\\\/www.arhammar.se\\\/blog\\\/author\\\/anders\\\/\"}]}<\/script>\n<!-- \/ Yoast SEO plugin. -->","yoast_head_json":{"title":"Onsdag den 10 juli 1912. Den ot\u00e4cka slaktaren. - @Arhammar bokstavligen","robots":{"index":"index","follow":"follow","max-snippet":"max-snippet:-1","max-image-preview":"max-image-preview:large","max-video-preview":"max-video-preview:-1"},"canonical":"https:\/\/www.arhammar.se\/blog\/onsdag-den-10-juli-1912-den-otacka-slaktaren\/","og_locale":"en_US","og_type":"article","og_title":"Onsdag den 10 juli 1912. Den ot\u00e4cka slaktaren. - @Arhammar bokstavligen","og_description":"Vad vi hade livat ig\u00e5r kv\u00e4ll. Vi gingo \u00e4nda till &#8220;Hoxter\u00e4ngen&#8221; och m\u00f6tte Axel, som kom fr\u00e5n Ottebol. Jag fick st\u00e5 bak och k\u00f6ra det var v\u00e4ldigt skoj. Vid Bergbacken k\u00f6rde vi ikapp Naemi och Greta som g\u00e5tt tillbaka. Vid skolhuset sutto Elin och Selma samt Verner, Carl, \u201dArve&#8221; och Albin och skojade. Vi k\u00f6rde [&hellip;]","og_url":"https:\/\/www.arhammar.se\/blog\/onsdag-den-10-juli-1912-den-otacka-slaktaren\/","og_site_name":"@Arhammar bokstavligen","article_published_time":"2020-02-26T20:46:08+00:00","article_modified_time":"2020-03-07T17:28:46+00:00","og_image":[{"width":640,"height":480,"url":"https:\/\/www.arhammar.se\/blog\/wp-content\/uploads\/2020\/02\/dbjannekusk.jpg","type":"image\/jpeg"}],"author":"Anders Arhammar","twitter_card":"summary_large_image","twitter_misc":{"Written by":"Anders Arhammar","Est. reading time":"1 minute"},"schema":{"@context":"https:\/\/schema.org","@graph":[{"@type":"Article","@id":"https:\/\/www.arhammar.se\/blog\/onsdag-den-10-juli-1912-den-otacka-slaktaren\/#article","isPartOf":{"@id":"https:\/\/www.arhammar.se\/blog\/onsdag-den-10-juli-1912-den-otacka-slaktaren\/"},"author":{"name":"Anders Arhammar","@id":"https:\/\/www.arhammar.se\/blog\/#\/schema\/person\/061984c1d884b363e2c91550f2e00d1d"},"headline":"Onsdag den 10 juli 1912. Den ot\u00e4cka slaktaren.","datePublished":"2020-02-26T20:46:08+00:00","dateModified":"2020-03-07T17:28:46+00:00","mainEntityOfPage":{"@id":"https:\/\/www.arhammar.se\/blog\/onsdag-den-10-juli-1912-den-otacka-slaktaren\/"},"wordCount":140,"commentCount":0,"image":{"@id":"https:\/\/www.arhammar.se\/blog\/onsdag-den-10-juli-1912-den-otacka-slaktaren\/#primaryimage"},"thumbnailUrl":"https:\/\/www.arhammar.se\/blog\/wp-content\/uploads\/2020\/02\/dbjannekusk.jpg","articleSection":["1912","mormors dagbok"],"inLanguage":"en-US","potentialAction":[{"@type":"CommentAction","name":"Comment","target":["https:\/\/www.arhammar.se\/blog\/onsdag-den-10-juli-1912-den-otacka-slaktaren\/#respond"]}]},{"@type":"WebPage","@id":"https:\/\/www.arhammar.se\/blog\/onsdag-den-10-juli-1912-den-otacka-slaktaren\/","url":"https:\/\/www.arhammar.se\/blog\/onsdag-den-10-juli-1912-den-otacka-slaktaren\/","name":"Onsdag den 10 juli 1912. Den ot\u00e4cka slaktaren. - @Arhammar bokstavligen","isPartOf":{"@id":"https:\/\/www.arhammar.se\/blog\/#website"},"primaryImageOfPage":{"@id":"https:\/\/www.arhammar.se\/blog\/onsdag-den-10-juli-1912-den-otacka-slaktaren\/#primaryimage"},"image":{"@id":"https:\/\/www.arhammar.se\/blog\/onsdag-den-10-juli-1912-den-otacka-slaktaren\/#primaryimage"},"thumbnailUrl":"https:\/\/www.arhammar.se\/blog\/wp-content\/uploads\/2020\/02\/dbjannekusk.jpg","datePublished":"2020-02-26T20:46:08+00:00","dateModified":"2020-03-07T17:28:46+00:00","author":{"@id":"https:\/\/www.arhammar.se\/blog\/#\/schema\/person\/061984c1d884b363e2c91550f2e00d1d"},"breadcrumb":{"@id":"https:\/\/www.arhammar.se\/blog\/onsdag-den-10-juli-1912-den-otacka-slaktaren\/#breadcrumb"},"inLanguage":"en-US","potentialAction":[{"@type":"ReadAction","target":["https:\/\/www.arhammar.se\/blog\/onsdag-den-10-juli-1912-den-otacka-slaktaren\/"]}]},{"@type":"ImageObject","inLanguage":"en-US","@id":"https:\/\/www.arhammar.se\/blog\/onsdag-den-10-juli-1912-den-otacka-slaktaren\/#primaryimage","url":"https:\/\/www.arhammar.se\/blog\/wp-content\/uploads\/2020\/02\/dbjannekusk.jpg","contentUrl":"https:\/\/www.arhammar.se\/blog\/wp-content\/uploads\/2020\/02\/dbjannekusk.jpg","width":640,"height":480,"caption":"Judits farbror Janne p\u00e5 kuskbocken"},{"@type":"BreadcrumbList","@id":"https:\/\/www.arhammar.se\/blog\/onsdag-den-10-juli-1912-den-otacka-slaktaren\/#breadcrumb","itemListElement":[{"@type":"ListItem","position":1,"name":"Home","item":"https:\/\/www.arhammar.se\/blog\/"},{"@type":"ListItem","position":2,"name":"Onsdag den 10 juli 1912. Den ot\u00e4cka slaktaren."}]},{"@type":"WebSite","@id":"https:\/\/www.arhammar.se\/blog\/#website","url":"https:\/\/www.arhammar.se\/blog\/","name":"@Arhammar bokstavligen","description":"Fr\u00e5n min penna och panna","potentialAction":[{"@type":"SearchAction","target":{"@type":"EntryPoint","urlTemplate":"https:\/\/www.arhammar.se\/blog\/?s={search_term_string}"},"query-input":{"@type":"PropertyValueSpecification","valueRequired":true,"valueName":"search_term_string"}}],"inLanguage":"en-US"},{"@type":"Person","@id":"https:\/\/www.arhammar.se\/blog\/#\/schema\/person\/061984c1d884b363e2c91550f2e00d1d","name":"Anders Arhammar","image":{"@type":"ImageObject","inLanguage":"en-US","@id":"https:\/\/secure.gravatar.com\/avatar\/784b5b36cfe145ae19a52340f405285a939bcc08d4a21136b3a81f9e378ffae0?s=96&d=mm&r=g","url":"https:\/\/secure.gravatar.com\/avatar\/784b5b36cfe145ae19a52340f405285a939bcc08d4a21136b3a81f9e378ffae0?s=96&d=mm&r=g","contentUrl":"https:\/\/secure.gravatar.com\/avatar\/784b5b36cfe145ae19a52340f405285a939bcc08d4a21136b3a81f9e378ffae0?s=96&d=mm&r=g","caption":"Anders Arhammar"},"url":"https:\/\/www.arhammar.se\/blog\/author\/anders\/"}]}},"_links":{"self":[{"href":"https:\/\/www.arhammar.se\/blog\/wp-json\/wp\/v2\/posts\/26345","targetHints":{"allow":["GET"]}}],"collection":[{"href":"https:\/\/www.arhammar.se\/blog\/wp-json\/wp\/v2\/posts"}],"about":[{"href":"https:\/\/www.arhammar.se\/blog\/wp-json\/wp\/v2\/types\/post"}],"author":[{"embeddable":true,"href":"https:\/\/www.arhammar.se\/blog\/wp-json\/wp\/v2\/users\/2"}],"replies":[{"embeddable":true,"href":"https:\/\/www.arhammar.se\/blog\/wp-json\/wp\/v2\/comments?post=26345"}],"version-history":[{"count":2,"href":"https:\/\/www.arhammar.se\/blog\/wp-json\/wp\/v2\/posts\/26345\/revisions"}],"predecessor-version":[{"id":26535,"href":"https:\/\/www.arhammar.se\/blog\/wp-json\/wp\/v2\/posts\/26345\/revisions\/26535"}],"wp:featuredmedia":[{"embeddable":true,"href":"https:\/\/www.arhammar.se\/blog\/wp-json\/wp\/v2\/media\/26735"}],"wp:attachment":[{"href":"https:\/\/www.arhammar.se\/blog\/wp-json\/wp\/v2\/media?parent=26345"}],"wp:term":[{"taxonomy":"category","embeddable":true,"href":"https:\/\/www.arhammar.se\/blog\/wp-json\/wp\/v2\/categories?post=26345"},{"taxonomy":"post_tag","embeddable":true,"href":"https:\/\/www.arhammar.se\/blog\/wp-json\/wp\/v2\/tags?post=26345"}],"curies":[{"name":"wp","href":"https:\/\/api.w.org\/{rel}","templated":true}]}}