{"id":26344,"date":"2020-02-26T21:47:57","date_gmt":"2020-02-26T20:47:57","guid":{"rendered":"https:\/\/www.arhammar.se\/blog\/?p=26344"},"modified":"2020-03-07T14:17:27","modified_gmt":"2020-03-07T13:17:27","slug":"torsdag-den-11-juli-1912-ett-alldeles-uppat-vaggarna-tokigt-brev-fran-bertil","status":"publish","type":"post","link":"https:\/\/www.arhammar.se\/blog\/torsdag-den-11-juli-1912-ett-alldeles-uppat-vaggarna-tokigt-brev-fran-bertil\/","title":{"rendered":"Torsdag den 11 juli 1912. Ett alldeles upp\u00e5t v\u00e4ggarna tokigt brev fr\u00e5n Bertil."},"content":{"rendered":"<p>Ig\u00e5r voro vi och badade n\u00e4stan hela dagen. F\u00f6rst p\u00e5 f\u00f6rmiddagen och sedan p\u00e5 eftermiddagen. Rut och jag l\u00e5go i i ett k\u00f6r fr\u00e5n halv 7 till 8. Det var ljuvligt, men hiskeligt kallt i luften, n\u00e4r vi kommo upp. <\/p>\n<p>P\u00e5 kv\u00e4llen voro pojkarna h\u00e4r igen. Axel, Yngve och Janne spelade och vi andra dansade. Jag dansade ett tag med Albin och han dansade utm\u00e4rkt bra. Stilig pojk f\u00f6rresten! N\u00e4stan lika stilig som Karl. Idag har jag f\u00e5tt ett alldeles upp\u00e5t v\u00e4ggarna tokigt brev fr\u00e5n Bertil. Jag skall skriva och gr\u00e4la p\u00e5 honom f\u00f6r att han skriver s\u00e5 galna brev. Nu tror jag att jag g\u00e5r och badar. Adj\u00f6 p\u00e5 en stund.<\/p>\n<!-- AddThis Advanced Settings generic via filter on the_content --><!-- AddThis Share Buttons generic via filter on the_content -->","protected":false},"excerpt":{"rendered":"<p>Ig\u00e5r voro vi och badade n\u00e4stan hela dagen. F\u00f6rst p\u00e5 f\u00f6rmiddagen och sedan p\u00e5 eftermiddagen. Rut och jag l\u00e5go i i ett k\u00f6r fr\u00e5n halv 7 till 8. Det var ljuvligt, men hiskeligt kallt i luften, n\u00e4r vi kommo upp. P\u00e5 kv\u00e4llen voro pojkarna h\u00e4r igen. Axel, Yngve och Janne spelade och vi andra dansade. [&hellip;]<!-- AddThis Advanced Settings generic via filter on wp_trim_excerpt --><!-- AddThis Share Buttons generic via filter on wp_trim_excerpt --><\/p>\n","protected":false},"author":2,"featured_media":26216,"comment_status":"open","ping_status":"open","sticky":false,"template":"","format":"standard","meta":{"footnotes":""},"categories":[3437,3425],"tags":[],"class_list":["post-26344","post","type-post","status-publish","format-standard","has-post-thumbnail","hentry","category-3437","category-mormors-dagbok"],"yoast_head":"<!-- This site is optimized with the Yoast SEO plugin v27.4 - https:\/\/yoast.com\/product\/yoast-seo-wordpress\/ -->\n<title>Torsdag den 11 juli 1912. Ett alldeles upp\u00e5t v\u00e4ggarna tokigt brev fr\u00e5n Bertil. - @Arhammar bokstavligen<\/title>\n<meta name=\"robots\" content=\"index, follow, max-snippet:-1, max-image-preview:large, max-video-preview:-1\" \/>\n<link rel=\"canonical\" href=\"https:\/\/www.arhammar.se\/blog\/torsdag-den-11-juli-1912-ett-alldeles-uppat-vaggarna-tokigt-brev-fran-bertil\/\" \/>\n<meta property=\"og:locale\" content=\"en_US\" \/>\n<meta property=\"og:type\" content=\"article\" \/>\n<meta property=\"og:title\" content=\"Torsdag den 11 juli 1912. Ett alldeles upp\u00e5t v\u00e4ggarna tokigt brev fr\u00e5n Bertil. - @Arhammar bokstavligen\" \/>\n<meta property=\"og:description\" content=\"Ig\u00e5r voro vi och badade n\u00e4stan hela dagen. F\u00f6rst p\u00e5 f\u00f6rmiddagen och sedan p\u00e5 eftermiddagen. Rut och jag l\u00e5go i i ett k\u00f6r fr\u00e5n halv 7 till 8. Det var ljuvligt, men hiskeligt kallt i luften, n\u00e4r vi kommo upp. P\u00e5 kv\u00e4llen voro pojkarna h\u00e4r igen. Axel, Yngve och Janne spelade och vi andra dansade. [&hellip;]\" \/>\n<meta property=\"og:url\" content=\"https:\/\/www.arhammar.se\/blog\/torsdag-den-11-juli-1912-ett-alldeles-uppat-vaggarna-tokigt-brev-fran-bertil\/\" \/>\n<meta property=\"og:site_name\" content=\"@Arhammar bokstavligen\" \/>\n<meta property=\"article:published_time\" content=\"2020-02-26T20:47:57+00:00\" \/>\n<meta property=\"article:modified_time\" content=\"2020-03-07T13:17:27+00:00\" \/>\n<meta property=\"og:image\" content=\"https:\/\/www.arhammar.se\/blog\/wp-content\/uploads\/2020\/10\/juli1912.jpg\" \/>\n\t<meta property=\"og:image:width\" content=\"640\" \/>\n\t<meta property=\"og:image:height\" content=\"480\" \/>\n\t<meta property=\"og:image:type\" content=\"image\/jpeg\" \/>\n<meta name=\"author\" content=\"Anders Arhammar\" \/>\n<meta name=\"twitter:card\" content=\"summary_large_image\" \/>\n<meta name=\"twitter:label1\" content=\"Written by\" \/>\n\t<meta name=\"twitter:data1\" content=\"Anders Arhammar\" \/>\n\t<meta name=\"twitter:label2\" content=\"Est. reading time\" \/>\n\t<meta name=\"twitter:data2\" content=\"1 minute\" \/>\n<script type=\"application\/ld+json\" class=\"yoast-schema-graph\">{\"@context\":\"https:\\\/\\\/schema.org\",\"@graph\":[{\"@type\":\"Article\",\"@id\":\"https:\\\/\\\/www.arhammar.se\\\/blog\\\/torsdag-den-11-juli-1912-ett-alldeles-uppat-vaggarna-tokigt-brev-fran-bertil\\\/#article\",\"isPartOf\":{\"@id\":\"https:\\\/\\\/www.arhammar.se\\\/blog\\\/torsdag-den-11-juli-1912-ett-alldeles-uppat-vaggarna-tokigt-brev-fran-bertil\\\/\"},\"author\":{\"name\":\"Anders Arhammar\",\"@id\":\"https:\\\/\\\/www.arhammar.se\\\/blog\\\/#\\\/schema\\\/person\\\/061984c1d884b363e2c91550f2e00d1d\"},\"headline\":\"Torsdag den 11 juli 1912. Ett alldeles upp\u00e5t v\u00e4ggarna tokigt brev fr\u00e5n Bertil.\",\"datePublished\":\"2020-02-26T20:47:57+00:00\",\"dateModified\":\"2020-03-07T13:17:27+00:00\",\"mainEntityOfPage\":{\"@id\":\"https:\\\/\\\/www.arhammar.se\\\/blog\\\/torsdag-den-11-juli-1912-ett-alldeles-uppat-vaggarna-tokigt-brev-fran-bertil\\\/\"},\"wordCount\":144,\"commentCount\":0,\"image\":{\"@id\":\"https:\\\/\\\/www.arhammar.se\\\/blog\\\/torsdag-den-11-juli-1912-ett-alldeles-uppat-vaggarna-tokigt-brev-fran-bertil\\\/#primaryimage\"},\"thumbnailUrl\":\"https:\\\/\\\/www.arhammar.se\\\/blog\\\/wp-content\\\/uploads\\\/2020\\\/10\\\/juli1912.jpg\",\"articleSection\":[\"1912\",\"mormors dagbok\"],\"inLanguage\":\"en-US\",\"potentialAction\":[{\"@type\":\"CommentAction\",\"name\":\"Comment\",\"target\":[\"https:\\\/\\\/www.arhammar.se\\\/blog\\\/torsdag-den-11-juli-1912-ett-alldeles-uppat-vaggarna-tokigt-brev-fran-bertil\\\/#respond\"]}]},{\"@type\":\"WebPage\",\"@id\":\"https:\\\/\\\/www.arhammar.se\\\/blog\\\/torsdag-den-11-juli-1912-ett-alldeles-uppat-vaggarna-tokigt-brev-fran-bertil\\\/\",\"url\":\"https:\\\/\\\/www.arhammar.se\\\/blog\\\/torsdag-den-11-juli-1912-ett-alldeles-uppat-vaggarna-tokigt-brev-fran-bertil\\\/\",\"name\":\"Torsdag den 11 juli 1912. Ett alldeles upp\u00e5t v\u00e4ggarna tokigt brev fr\u00e5n Bertil. - @Arhammar bokstavligen\",\"isPartOf\":{\"@id\":\"https:\\\/\\\/www.arhammar.se\\\/blog\\\/#website\"},\"primaryImageOfPage\":{\"@id\":\"https:\\\/\\\/www.arhammar.se\\\/blog\\\/torsdag-den-11-juli-1912-ett-alldeles-uppat-vaggarna-tokigt-brev-fran-bertil\\\/#primaryimage\"},\"image\":{\"@id\":\"https:\\\/\\\/www.arhammar.se\\\/blog\\\/torsdag-den-11-juli-1912-ett-alldeles-uppat-vaggarna-tokigt-brev-fran-bertil\\\/#primaryimage\"},\"thumbnailUrl\":\"https:\\\/\\\/www.arhammar.se\\\/blog\\\/wp-content\\\/uploads\\\/2020\\\/10\\\/juli1912.jpg\",\"datePublished\":\"2020-02-26T20:47:57+00:00\",\"dateModified\":\"2020-03-07T13:17:27+00:00\",\"author\":{\"@id\":\"https:\\\/\\\/www.arhammar.se\\\/blog\\\/#\\\/schema\\\/person\\\/061984c1d884b363e2c91550f2e00d1d\"},\"breadcrumb\":{\"@id\":\"https:\\\/\\\/www.arhammar.se\\\/blog\\\/torsdag-den-11-juli-1912-ett-alldeles-uppat-vaggarna-tokigt-brev-fran-bertil\\\/#breadcrumb\"},\"inLanguage\":\"en-US\",\"potentialAction\":[{\"@type\":\"ReadAction\",\"target\":[\"https:\\\/\\\/www.arhammar.se\\\/blog\\\/torsdag-den-11-juli-1912-ett-alldeles-uppat-vaggarna-tokigt-brev-fran-bertil\\\/\"]}]},{\"@type\":\"ImageObject\",\"inLanguage\":\"en-US\",\"@id\":\"https:\\\/\\\/www.arhammar.se\\\/blog\\\/torsdag-den-11-juli-1912-ett-alldeles-uppat-vaggarna-tokigt-brev-fran-bertil\\\/#primaryimage\",\"url\":\"https:\\\/\\\/www.arhammar.se\\\/blog\\\/wp-content\\\/uploads\\\/2020\\\/10\\\/juli1912.jpg\",\"contentUrl\":\"https:\\\/\\\/www.arhammar.se\\\/blog\\\/wp-content\\\/uploads\\\/2020\\\/10\\\/juli1912.jpg\",\"width\":640,\"height\":480},{\"@type\":\"BreadcrumbList\",\"@id\":\"https:\\\/\\\/www.arhammar.se\\\/blog\\\/torsdag-den-11-juli-1912-ett-alldeles-uppat-vaggarna-tokigt-brev-fran-bertil\\\/#breadcrumb\",\"itemListElement\":[{\"@type\":\"ListItem\",\"position\":1,\"name\":\"Home\",\"item\":\"https:\\\/\\\/www.arhammar.se\\\/blog\\\/\"},{\"@type\":\"ListItem\",\"position\":2,\"name\":\"Torsdag den 11 juli 1912. Ett alldeles upp\u00e5t v\u00e4ggarna tokigt brev fr\u00e5n Bertil.\"}]},{\"@type\":\"WebSite\",\"@id\":\"https:\\\/\\\/www.arhammar.se\\\/blog\\\/#website\",\"url\":\"https:\\\/\\\/www.arhammar.se\\\/blog\\\/\",\"name\":\"@Arhammar bokstavligen\",\"description\":\"Fr\u00e5n min penna och panna\",\"potentialAction\":[{\"@type\":\"SearchAction\",\"target\":{\"@type\":\"EntryPoint\",\"urlTemplate\":\"https:\\\/\\\/www.arhammar.se\\\/blog\\\/?s={search_term_string}\"},\"query-input\":{\"@type\":\"PropertyValueSpecification\",\"valueRequired\":true,\"valueName\":\"search_term_string\"}}],\"inLanguage\":\"en-US\"},{\"@type\":\"Person\",\"@id\":\"https:\\\/\\\/www.arhammar.se\\\/blog\\\/#\\\/schema\\\/person\\\/061984c1d884b363e2c91550f2e00d1d\",\"name\":\"Anders Arhammar\",\"image\":{\"@type\":\"ImageObject\",\"inLanguage\":\"en-US\",\"@id\":\"https:\\\/\\\/secure.gravatar.com\\\/avatar\\\/784b5b36cfe145ae19a52340f405285a939bcc08d4a21136b3a81f9e378ffae0?s=96&d=mm&r=g\",\"url\":\"https:\\\/\\\/secure.gravatar.com\\\/avatar\\\/784b5b36cfe145ae19a52340f405285a939bcc08d4a21136b3a81f9e378ffae0?s=96&d=mm&r=g\",\"contentUrl\":\"https:\\\/\\\/secure.gravatar.com\\\/avatar\\\/784b5b36cfe145ae19a52340f405285a939bcc08d4a21136b3a81f9e378ffae0?s=96&d=mm&r=g\",\"caption\":\"Anders Arhammar\"},\"url\":\"https:\\\/\\\/www.arhammar.se\\\/blog\\\/author\\\/anders\\\/\"}]}<\/script>\n<!-- \/ Yoast SEO plugin. -->","yoast_head_json":{"title":"Torsdag den 11 juli 1912. Ett alldeles upp\u00e5t v\u00e4ggarna tokigt brev fr\u00e5n Bertil. - @Arhammar bokstavligen","robots":{"index":"index","follow":"follow","max-snippet":"max-snippet:-1","max-image-preview":"max-image-preview:large","max-video-preview":"max-video-preview:-1"},"canonical":"https:\/\/www.arhammar.se\/blog\/torsdag-den-11-juli-1912-ett-alldeles-uppat-vaggarna-tokigt-brev-fran-bertil\/","og_locale":"en_US","og_type":"article","og_title":"Torsdag den 11 juli 1912. Ett alldeles upp\u00e5t v\u00e4ggarna tokigt brev fr\u00e5n Bertil. - @Arhammar bokstavligen","og_description":"Ig\u00e5r voro vi och badade n\u00e4stan hela dagen. F\u00f6rst p\u00e5 f\u00f6rmiddagen och sedan p\u00e5 eftermiddagen. Rut och jag l\u00e5go i i ett k\u00f6r fr\u00e5n halv 7 till 8. Det var ljuvligt, men hiskeligt kallt i luften, n\u00e4r vi kommo upp. P\u00e5 kv\u00e4llen voro pojkarna h\u00e4r igen. Axel, Yngve och Janne spelade och vi andra dansade. [&hellip;]","og_url":"https:\/\/www.arhammar.se\/blog\/torsdag-den-11-juli-1912-ett-alldeles-uppat-vaggarna-tokigt-brev-fran-bertil\/","og_site_name":"@Arhammar bokstavligen","article_published_time":"2020-02-26T20:47:57+00:00","article_modified_time":"2020-03-07T13:17:27+00:00","og_image":[{"width":640,"height":480,"url":"https:\/\/www.arhammar.se\/blog\/wp-content\/uploads\/2020\/10\/juli1912.jpg","type":"image\/jpeg"}],"author":"Anders Arhammar","twitter_card":"summary_large_image","twitter_misc":{"Written by":"Anders Arhammar","Est. reading time":"1 minute"},"schema":{"@context":"https:\/\/schema.org","@graph":[{"@type":"Article","@id":"https:\/\/www.arhammar.se\/blog\/torsdag-den-11-juli-1912-ett-alldeles-uppat-vaggarna-tokigt-brev-fran-bertil\/#article","isPartOf":{"@id":"https:\/\/www.arhammar.se\/blog\/torsdag-den-11-juli-1912-ett-alldeles-uppat-vaggarna-tokigt-brev-fran-bertil\/"},"author":{"name":"Anders Arhammar","@id":"https:\/\/www.arhammar.se\/blog\/#\/schema\/person\/061984c1d884b363e2c91550f2e00d1d"},"headline":"Torsdag den 11 juli 1912. Ett alldeles upp\u00e5t v\u00e4ggarna tokigt brev fr\u00e5n Bertil.","datePublished":"2020-02-26T20:47:57+00:00","dateModified":"2020-03-07T13:17:27+00:00","mainEntityOfPage":{"@id":"https:\/\/www.arhammar.se\/blog\/torsdag-den-11-juli-1912-ett-alldeles-uppat-vaggarna-tokigt-brev-fran-bertil\/"},"wordCount":144,"commentCount":0,"image":{"@id":"https:\/\/www.arhammar.se\/blog\/torsdag-den-11-juli-1912-ett-alldeles-uppat-vaggarna-tokigt-brev-fran-bertil\/#primaryimage"},"thumbnailUrl":"https:\/\/www.arhammar.se\/blog\/wp-content\/uploads\/2020\/10\/juli1912.jpg","articleSection":["1912","mormors dagbok"],"inLanguage":"en-US","potentialAction":[{"@type":"CommentAction","name":"Comment","target":["https:\/\/www.arhammar.se\/blog\/torsdag-den-11-juli-1912-ett-alldeles-uppat-vaggarna-tokigt-brev-fran-bertil\/#respond"]}]},{"@type":"WebPage","@id":"https:\/\/www.arhammar.se\/blog\/torsdag-den-11-juli-1912-ett-alldeles-uppat-vaggarna-tokigt-brev-fran-bertil\/","url":"https:\/\/www.arhammar.se\/blog\/torsdag-den-11-juli-1912-ett-alldeles-uppat-vaggarna-tokigt-brev-fran-bertil\/","name":"Torsdag den 11 juli 1912. Ett alldeles upp\u00e5t v\u00e4ggarna tokigt brev fr\u00e5n Bertil. - @Arhammar bokstavligen","isPartOf":{"@id":"https:\/\/www.arhammar.se\/blog\/#website"},"primaryImageOfPage":{"@id":"https:\/\/www.arhammar.se\/blog\/torsdag-den-11-juli-1912-ett-alldeles-uppat-vaggarna-tokigt-brev-fran-bertil\/#primaryimage"},"image":{"@id":"https:\/\/www.arhammar.se\/blog\/torsdag-den-11-juli-1912-ett-alldeles-uppat-vaggarna-tokigt-brev-fran-bertil\/#primaryimage"},"thumbnailUrl":"https:\/\/www.arhammar.se\/blog\/wp-content\/uploads\/2020\/10\/juli1912.jpg","datePublished":"2020-02-26T20:47:57+00:00","dateModified":"2020-03-07T13:17:27+00:00","author":{"@id":"https:\/\/www.arhammar.se\/blog\/#\/schema\/person\/061984c1d884b363e2c91550f2e00d1d"},"breadcrumb":{"@id":"https:\/\/www.arhammar.se\/blog\/torsdag-den-11-juli-1912-ett-alldeles-uppat-vaggarna-tokigt-brev-fran-bertil\/#breadcrumb"},"inLanguage":"en-US","potentialAction":[{"@type":"ReadAction","target":["https:\/\/www.arhammar.se\/blog\/torsdag-den-11-juli-1912-ett-alldeles-uppat-vaggarna-tokigt-brev-fran-bertil\/"]}]},{"@type":"ImageObject","inLanguage":"en-US","@id":"https:\/\/www.arhammar.se\/blog\/torsdag-den-11-juli-1912-ett-alldeles-uppat-vaggarna-tokigt-brev-fran-bertil\/#primaryimage","url":"https:\/\/www.arhammar.se\/blog\/wp-content\/uploads\/2020\/10\/juli1912.jpg","contentUrl":"https:\/\/www.arhammar.se\/blog\/wp-content\/uploads\/2020\/10\/juli1912.jpg","width":640,"height":480},{"@type":"BreadcrumbList","@id":"https:\/\/www.arhammar.se\/blog\/torsdag-den-11-juli-1912-ett-alldeles-uppat-vaggarna-tokigt-brev-fran-bertil\/#breadcrumb","itemListElement":[{"@type":"ListItem","position":1,"name":"Home","item":"https:\/\/www.arhammar.se\/blog\/"},{"@type":"ListItem","position":2,"name":"Torsdag den 11 juli 1912. Ett alldeles upp\u00e5t v\u00e4ggarna tokigt brev fr\u00e5n Bertil."}]},{"@type":"WebSite","@id":"https:\/\/www.arhammar.se\/blog\/#website","url":"https:\/\/www.arhammar.se\/blog\/","name":"@Arhammar bokstavligen","description":"Fr\u00e5n min penna och panna","potentialAction":[{"@type":"SearchAction","target":{"@type":"EntryPoint","urlTemplate":"https:\/\/www.arhammar.se\/blog\/?s={search_term_string}"},"query-input":{"@type":"PropertyValueSpecification","valueRequired":true,"valueName":"search_term_string"}}],"inLanguage":"en-US"},{"@type":"Person","@id":"https:\/\/www.arhammar.se\/blog\/#\/schema\/person\/061984c1d884b363e2c91550f2e00d1d","name":"Anders Arhammar","image":{"@type":"ImageObject","inLanguage":"en-US","@id":"https:\/\/secure.gravatar.com\/avatar\/784b5b36cfe145ae19a52340f405285a939bcc08d4a21136b3a81f9e378ffae0?s=96&d=mm&r=g","url":"https:\/\/secure.gravatar.com\/avatar\/784b5b36cfe145ae19a52340f405285a939bcc08d4a21136b3a81f9e378ffae0?s=96&d=mm&r=g","contentUrl":"https:\/\/secure.gravatar.com\/avatar\/784b5b36cfe145ae19a52340f405285a939bcc08d4a21136b3a81f9e378ffae0?s=96&d=mm&r=g","caption":"Anders Arhammar"},"url":"https:\/\/www.arhammar.se\/blog\/author\/anders\/"}]}},"_links":{"self":[{"href":"https:\/\/www.arhammar.se\/blog\/wp-json\/wp\/v2\/posts\/26344","targetHints":{"allow":["GET"]}}],"collection":[{"href":"https:\/\/www.arhammar.se\/blog\/wp-json\/wp\/v2\/posts"}],"about":[{"href":"https:\/\/www.arhammar.se\/blog\/wp-json\/wp\/v2\/types\/post"}],"author":[{"embeddable":true,"href":"https:\/\/www.arhammar.se\/blog\/wp-json\/wp\/v2\/users\/2"}],"replies":[{"embeddable":true,"href":"https:\/\/www.arhammar.se\/blog\/wp-json\/wp\/v2\/comments?post=26344"}],"version-history":[{"count":2,"href":"https:\/\/www.arhammar.se\/blog\/wp-json\/wp\/v2\/posts\/26344\/revisions"}],"predecessor-version":[{"id":26536,"href":"https:\/\/www.arhammar.se\/blog\/wp-json\/wp\/v2\/posts\/26344\/revisions\/26536"}],"wp:featuredmedia":[{"embeddable":true,"href":"https:\/\/www.arhammar.se\/blog\/wp-json\/wp\/v2\/media\/26216"}],"wp:attachment":[{"href":"https:\/\/www.arhammar.se\/blog\/wp-json\/wp\/v2\/media?parent=26344"}],"wp:term":[{"taxonomy":"category","embeddable":true,"href":"https:\/\/www.arhammar.se\/blog\/wp-json\/wp\/v2\/categories?post=26344"},{"taxonomy":"post_tag","embeddable":true,"href":"https:\/\/www.arhammar.se\/blog\/wp-json\/wp\/v2\/tags?post=26344"}],"curies":[{"name":"wp","href":"https:\/\/api.w.org\/{rel}","templated":true}]}}