{"id":26311,"date":"2020-02-26T09:30:06","date_gmt":"2020-02-26T08:30:06","guid":{"rendered":"https:\/\/www.arhammar.se\/blog\/?p=26311"},"modified":"2020-03-07T14:17:02","modified_gmt":"2020-03-07T13:17:02","slug":"tisdag-den-9-juli-1912-vi-vilja-inte-umgas-med-bondtoserna","status":"publish","type":"post","link":"https:\/\/www.arhammar.se\/blog\/tisdag-den-9-juli-1912-vi-vilja-inte-umgas-med-bondtoserna\/","title":{"rendered":"Tisdag den 9 juli 1912. Vi vilja inte umg\u00e5s med bondt\u00f6serna."},"content":{"rendered":"<p>Nu har jag verkligen blivit riktigt ordentlig med att skriva i dagboken. Tycker du inte det? (Vilken?) <\/p>\n<p>Ig\u00e5r kv\u00e4ll spelade vi som vanligt nere och dansade litet i k\u00f6ket. Sen spatserade vi ett slag vid halv 11-tiden. Nere hos Verner lekte Karl, &#8220;Arve,&#8221; Selma och Elin &#8220;g\u00f6mme&#8221;, men vi brydde oss inte om att g\u00e5 dit, ty vi vilja inte umg\u00e5s med bondt\u00f6serna. <\/p>\n<p>Idag reste &#8220;pappis&#8221; till G\u00f6teborg. De sista dagarna har han roat sig med att skjuta kr\u00e5kor och har till sin stora bel\u00e5tenhet skjutit fyra stycken. Vi ha tv\u00e4ttat vid sj\u00f6n idag, mamma Naemi och jag. Det var riktigt skojigt. Och vi voro s\u00e5 duktiga s\u00e5. Nu f\u00e5r jag v\u00e4l skriva till Eleonore. Det \u00e4r hennes namnsdag i morgon och jag fick brev fr\u00e5n henne f\u00f6r ganska l\u00e4ngesen.<\/p>\n<!-- AddThis Advanced Settings generic via filter on the_content --><!-- AddThis Share Buttons generic via filter on the_content -->","protected":false},"excerpt":{"rendered":"<p>Nu har jag verkligen blivit riktigt ordentlig med att skriva i dagboken. Tycker du inte det? (Vilken?) Ig\u00e5r kv\u00e4ll spelade vi som vanligt nere och dansade litet i k\u00f6ket. Sen spatserade vi ett slag vid halv 11-tiden. Nere hos Verner lekte Karl, &#8220;Arve,&#8221; Selma och Elin &#8220;g\u00f6mme&#8221;, men vi brydde oss inte om att g\u00e5 [&hellip;]<!-- AddThis Advanced Settings generic via filter on wp_trim_excerpt --><!-- AddThis Share Buttons generic via filter on wp_trim_excerpt --><\/p>\n","protected":false},"author":2,"featured_media":26216,"comment_status":"open","ping_status":"open","sticky":false,"template":"","format":"standard","meta":{"footnotes":""},"categories":[3437,3425],"tags":[],"class_list":["post-26311","post","type-post","status-publish","format-standard","has-post-thumbnail","hentry","category-3437","category-mormors-dagbok"],"yoast_head":"<!-- This site is optimized with the Yoast SEO plugin v27.4 - https:\/\/yoast.com\/product\/yoast-seo-wordpress\/ -->\n<title>Tisdag den 9 juli 1912. Vi vilja inte umg\u00e5s med bondt\u00f6serna. - @Arhammar bokstavligen<\/title>\n<meta name=\"robots\" content=\"index, follow, max-snippet:-1, max-image-preview:large, max-video-preview:-1\" \/>\n<link rel=\"canonical\" href=\"https:\/\/www.arhammar.se\/blog\/tisdag-den-9-juli-1912-vi-vilja-inte-umgas-med-bondtoserna\/\" \/>\n<meta property=\"og:locale\" content=\"en_US\" \/>\n<meta property=\"og:type\" content=\"article\" \/>\n<meta property=\"og:title\" content=\"Tisdag den 9 juli 1912. Vi vilja inte umg\u00e5s med bondt\u00f6serna. - @Arhammar bokstavligen\" \/>\n<meta property=\"og:description\" content=\"Nu har jag verkligen blivit riktigt ordentlig med att skriva i dagboken. Tycker du inte det? (Vilken?) Ig\u00e5r kv\u00e4ll spelade vi som vanligt nere och dansade litet i k\u00f6ket. Sen spatserade vi ett slag vid halv 11-tiden. Nere hos Verner lekte Karl, &#8220;Arve,&#8221; Selma och Elin &#8220;g\u00f6mme&#8221;, men vi brydde oss inte om att g\u00e5 [&hellip;]\" \/>\n<meta property=\"og:url\" content=\"https:\/\/www.arhammar.se\/blog\/tisdag-den-9-juli-1912-vi-vilja-inte-umgas-med-bondtoserna\/\" \/>\n<meta property=\"og:site_name\" content=\"@Arhammar bokstavligen\" \/>\n<meta property=\"article:published_time\" content=\"2020-02-26T08:30:06+00:00\" \/>\n<meta property=\"article:modified_time\" content=\"2020-03-07T13:17:02+00:00\" \/>\n<meta property=\"og:image\" content=\"https:\/\/www.arhammar.se\/blog\/wp-content\/uploads\/2020\/10\/juli1912.jpg\" \/>\n\t<meta property=\"og:image:width\" content=\"640\" \/>\n\t<meta property=\"og:image:height\" content=\"480\" \/>\n\t<meta property=\"og:image:type\" content=\"image\/jpeg\" \/>\n<meta name=\"author\" content=\"Anders Arhammar\" \/>\n<meta name=\"twitter:card\" content=\"summary_large_image\" \/>\n<meta name=\"twitter:label1\" content=\"Written by\" \/>\n\t<meta name=\"twitter:data1\" content=\"Anders Arhammar\" \/>\n\t<meta name=\"twitter:label2\" content=\"Est. reading time\" \/>\n\t<meta name=\"twitter:data2\" content=\"1 minute\" \/>\n<script type=\"application\/ld+json\" class=\"yoast-schema-graph\">{\"@context\":\"https:\\\/\\\/schema.org\",\"@graph\":[{\"@type\":\"Article\",\"@id\":\"https:\\\/\\\/www.arhammar.se\\\/blog\\\/tisdag-den-9-juli-1912-vi-vilja-inte-umgas-med-bondtoserna\\\/#article\",\"isPartOf\":{\"@id\":\"https:\\\/\\\/www.arhammar.se\\\/blog\\\/tisdag-den-9-juli-1912-vi-vilja-inte-umgas-med-bondtoserna\\\/\"},\"author\":{\"name\":\"Anders Arhammar\",\"@id\":\"https:\\\/\\\/www.arhammar.se\\\/blog\\\/#\\\/schema\\\/person\\\/061984c1d884b363e2c91550f2e00d1d\"},\"headline\":\"Tisdag den 9 juli 1912. Vi vilja inte umg\u00e5s med bondt\u00f6serna.\",\"datePublished\":\"2020-02-26T08:30:06+00:00\",\"dateModified\":\"2020-03-07T13:17:02+00:00\",\"mainEntityOfPage\":{\"@id\":\"https:\\\/\\\/www.arhammar.se\\\/blog\\\/tisdag-den-9-juli-1912-vi-vilja-inte-umgas-med-bondtoserna\\\/\"},\"wordCount\":157,\"commentCount\":0,\"image\":{\"@id\":\"https:\\\/\\\/www.arhammar.se\\\/blog\\\/tisdag-den-9-juli-1912-vi-vilja-inte-umgas-med-bondtoserna\\\/#primaryimage\"},\"thumbnailUrl\":\"https:\\\/\\\/www.arhammar.se\\\/blog\\\/wp-content\\\/uploads\\\/2020\\\/10\\\/juli1912.jpg\",\"articleSection\":[\"1912\",\"mormors dagbok\"],\"inLanguage\":\"en-US\",\"potentialAction\":[{\"@type\":\"CommentAction\",\"name\":\"Comment\",\"target\":[\"https:\\\/\\\/www.arhammar.se\\\/blog\\\/tisdag-den-9-juli-1912-vi-vilja-inte-umgas-med-bondtoserna\\\/#respond\"]}]},{\"@type\":\"WebPage\",\"@id\":\"https:\\\/\\\/www.arhammar.se\\\/blog\\\/tisdag-den-9-juli-1912-vi-vilja-inte-umgas-med-bondtoserna\\\/\",\"url\":\"https:\\\/\\\/www.arhammar.se\\\/blog\\\/tisdag-den-9-juli-1912-vi-vilja-inte-umgas-med-bondtoserna\\\/\",\"name\":\"Tisdag den 9 juli 1912. Vi vilja inte umg\u00e5s med bondt\u00f6serna. - @Arhammar bokstavligen\",\"isPartOf\":{\"@id\":\"https:\\\/\\\/www.arhammar.se\\\/blog\\\/#website\"},\"primaryImageOfPage\":{\"@id\":\"https:\\\/\\\/www.arhammar.se\\\/blog\\\/tisdag-den-9-juli-1912-vi-vilja-inte-umgas-med-bondtoserna\\\/#primaryimage\"},\"image\":{\"@id\":\"https:\\\/\\\/www.arhammar.se\\\/blog\\\/tisdag-den-9-juli-1912-vi-vilja-inte-umgas-med-bondtoserna\\\/#primaryimage\"},\"thumbnailUrl\":\"https:\\\/\\\/www.arhammar.se\\\/blog\\\/wp-content\\\/uploads\\\/2020\\\/10\\\/juli1912.jpg\",\"datePublished\":\"2020-02-26T08:30:06+00:00\",\"dateModified\":\"2020-03-07T13:17:02+00:00\",\"author\":{\"@id\":\"https:\\\/\\\/www.arhammar.se\\\/blog\\\/#\\\/schema\\\/person\\\/061984c1d884b363e2c91550f2e00d1d\"},\"breadcrumb\":{\"@id\":\"https:\\\/\\\/www.arhammar.se\\\/blog\\\/tisdag-den-9-juli-1912-vi-vilja-inte-umgas-med-bondtoserna\\\/#breadcrumb\"},\"inLanguage\":\"en-US\",\"potentialAction\":[{\"@type\":\"ReadAction\",\"target\":[\"https:\\\/\\\/www.arhammar.se\\\/blog\\\/tisdag-den-9-juli-1912-vi-vilja-inte-umgas-med-bondtoserna\\\/\"]}]},{\"@type\":\"ImageObject\",\"inLanguage\":\"en-US\",\"@id\":\"https:\\\/\\\/www.arhammar.se\\\/blog\\\/tisdag-den-9-juli-1912-vi-vilja-inte-umgas-med-bondtoserna\\\/#primaryimage\",\"url\":\"https:\\\/\\\/www.arhammar.se\\\/blog\\\/wp-content\\\/uploads\\\/2020\\\/10\\\/juli1912.jpg\",\"contentUrl\":\"https:\\\/\\\/www.arhammar.se\\\/blog\\\/wp-content\\\/uploads\\\/2020\\\/10\\\/juli1912.jpg\",\"width\":640,\"height\":480},{\"@type\":\"BreadcrumbList\",\"@id\":\"https:\\\/\\\/www.arhammar.se\\\/blog\\\/tisdag-den-9-juli-1912-vi-vilja-inte-umgas-med-bondtoserna\\\/#breadcrumb\",\"itemListElement\":[{\"@type\":\"ListItem\",\"position\":1,\"name\":\"Home\",\"item\":\"https:\\\/\\\/www.arhammar.se\\\/blog\\\/\"},{\"@type\":\"ListItem\",\"position\":2,\"name\":\"Tisdag den 9 juli 1912. Vi vilja inte umg\u00e5s med bondt\u00f6serna.\"}]},{\"@type\":\"WebSite\",\"@id\":\"https:\\\/\\\/www.arhammar.se\\\/blog\\\/#website\",\"url\":\"https:\\\/\\\/www.arhammar.se\\\/blog\\\/\",\"name\":\"@Arhammar bokstavligen\",\"description\":\"Fr\u00e5n min penna och panna\",\"potentialAction\":[{\"@type\":\"SearchAction\",\"target\":{\"@type\":\"EntryPoint\",\"urlTemplate\":\"https:\\\/\\\/www.arhammar.se\\\/blog\\\/?s={search_term_string}\"},\"query-input\":{\"@type\":\"PropertyValueSpecification\",\"valueRequired\":true,\"valueName\":\"search_term_string\"}}],\"inLanguage\":\"en-US\"},{\"@type\":\"Person\",\"@id\":\"https:\\\/\\\/www.arhammar.se\\\/blog\\\/#\\\/schema\\\/person\\\/061984c1d884b363e2c91550f2e00d1d\",\"name\":\"Anders Arhammar\",\"image\":{\"@type\":\"ImageObject\",\"inLanguage\":\"en-US\",\"@id\":\"https:\\\/\\\/secure.gravatar.com\\\/avatar\\\/784b5b36cfe145ae19a52340f405285a939bcc08d4a21136b3a81f9e378ffae0?s=96&d=mm&r=g\",\"url\":\"https:\\\/\\\/secure.gravatar.com\\\/avatar\\\/784b5b36cfe145ae19a52340f405285a939bcc08d4a21136b3a81f9e378ffae0?s=96&d=mm&r=g\",\"contentUrl\":\"https:\\\/\\\/secure.gravatar.com\\\/avatar\\\/784b5b36cfe145ae19a52340f405285a939bcc08d4a21136b3a81f9e378ffae0?s=96&d=mm&r=g\",\"caption\":\"Anders Arhammar\"},\"url\":\"https:\\\/\\\/www.arhammar.se\\\/blog\\\/author\\\/anders\\\/\"}]}<\/script>\n<!-- \/ Yoast SEO plugin. -->","yoast_head_json":{"title":"Tisdag den 9 juli 1912. Vi vilja inte umg\u00e5s med bondt\u00f6serna. - @Arhammar bokstavligen","robots":{"index":"index","follow":"follow","max-snippet":"max-snippet:-1","max-image-preview":"max-image-preview:large","max-video-preview":"max-video-preview:-1"},"canonical":"https:\/\/www.arhammar.se\/blog\/tisdag-den-9-juli-1912-vi-vilja-inte-umgas-med-bondtoserna\/","og_locale":"en_US","og_type":"article","og_title":"Tisdag den 9 juli 1912. Vi vilja inte umg\u00e5s med bondt\u00f6serna. - @Arhammar bokstavligen","og_description":"Nu har jag verkligen blivit riktigt ordentlig med att skriva i dagboken. Tycker du inte det? (Vilken?) Ig\u00e5r kv\u00e4ll spelade vi som vanligt nere och dansade litet i k\u00f6ket. Sen spatserade vi ett slag vid halv 11-tiden. Nere hos Verner lekte Karl, &#8220;Arve,&#8221; Selma och Elin &#8220;g\u00f6mme&#8221;, men vi brydde oss inte om att g\u00e5 [&hellip;]","og_url":"https:\/\/www.arhammar.se\/blog\/tisdag-den-9-juli-1912-vi-vilja-inte-umgas-med-bondtoserna\/","og_site_name":"@Arhammar bokstavligen","article_published_time":"2020-02-26T08:30:06+00:00","article_modified_time":"2020-03-07T13:17:02+00:00","og_image":[{"width":640,"height":480,"url":"https:\/\/www.arhammar.se\/blog\/wp-content\/uploads\/2020\/10\/juli1912.jpg","type":"image\/jpeg"}],"author":"Anders Arhammar","twitter_card":"summary_large_image","twitter_misc":{"Written by":"Anders Arhammar","Est. reading time":"1 minute"},"schema":{"@context":"https:\/\/schema.org","@graph":[{"@type":"Article","@id":"https:\/\/www.arhammar.se\/blog\/tisdag-den-9-juli-1912-vi-vilja-inte-umgas-med-bondtoserna\/#article","isPartOf":{"@id":"https:\/\/www.arhammar.se\/blog\/tisdag-den-9-juli-1912-vi-vilja-inte-umgas-med-bondtoserna\/"},"author":{"name":"Anders Arhammar","@id":"https:\/\/www.arhammar.se\/blog\/#\/schema\/person\/061984c1d884b363e2c91550f2e00d1d"},"headline":"Tisdag den 9 juli 1912. Vi vilja inte umg\u00e5s med bondt\u00f6serna.","datePublished":"2020-02-26T08:30:06+00:00","dateModified":"2020-03-07T13:17:02+00:00","mainEntityOfPage":{"@id":"https:\/\/www.arhammar.se\/blog\/tisdag-den-9-juli-1912-vi-vilja-inte-umgas-med-bondtoserna\/"},"wordCount":157,"commentCount":0,"image":{"@id":"https:\/\/www.arhammar.se\/blog\/tisdag-den-9-juli-1912-vi-vilja-inte-umgas-med-bondtoserna\/#primaryimage"},"thumbnailUrl":"https:\/\/www.arhammar.se\/blog\/wp-content\/uploads\/2020\/10\/juli1912.jpg","articleSection":["1912","mormors dagbok"],"inLanguage":"en-US","potentialAction":[{"@type":"CommentAction","name":"Comment","target":["https:\/\/www.arhammar.se\/blog\/tisdag-den-9-juli-1912-vi-vilja-inte-umgas-med-bondtoserna\/#respond"]}]},{"@type":"WebPage","@id":"https:\/\/www.arhammar.se\/blog\/tisdag-den-9-juli-1912-vi-vilja-inte-umgas-med-bondtoserna\/","url":"https:\/\/www.arhammar.se\/blog\/tisdag-den-9-juli-1912-vi-vilja-inte-umgas-med-bondtoserna\/","name":"Tisdag den 9 juli 1912. Vi vilja inte umg\u00e5s med bondt\u00f6serna. - @Arhammar bokstavligen","isPartOf":{"@id":"https:\/\/www.arhammar.se\/blog\/#website"},"primaryImageOfPage":{"@id":"https:\/\/www.arhammar.se\/blog\/tisdag-den-9-juli-1912-vi-vilja-inte-umgas-med-bondtoserna\/#primaryimage"},"image":{"@id":"https:\/\/www.arhammar.se\/blog\/tisdag-den-9-juli-1912-vi-vilja-inte-umgas-med-bondtoserna\/#primaryimage"},"thumbnailUrl":"https:\/\/www.arhammar.se\/blog\/wp-content\/uploads\/2020\/10\/juli1912.jpg","datePublished":"2020-02-26T08:30:06+00:00","dateModified":"2020-03-07T13:17:02+00:00","author":{"@id":"https:\/\/www.arhammar.se\/blog\/#\/schema\/person\/061984c1d884b363e2c91550f2e00d1d"},"breadcrumb":{"@id":"https:\/\/www.arhammar.se\/blog\/tisdag-den-9-juli-1912-vi-vilja-inte-umgas-med-bondtoserna\/#breadcrumb"},"inLanguage":"en-US","potentialAction":[{"@type":"ReadAction","target":["https:\/\/www.arhammar.se\/blog\/tisdag-den-9-juli-1912-vi-vilja-inte-umgas-med-bondtoserna\/"]}]},{"@type":"ImageObject","inLanguage":"en-US","@id":"https:\/\/www.arhammar.se\/blog\/tisdag-den-9-juli-1912-vi-vilja-inte-umgas-med-bondtoserna\/#primaryimage","url":"https:\/\/www.arhammar.se\/blog\/wp-content\/uploads\/2020\/10\/juli1912.jpg","contentUrl":"https:\/\/www.arhammar.se\/blog\/wp-content\/uploads\/2020\/10\/juli1912.jpg","width":640,"height":480},{"@type":"BreadcrumbList","@id":"https:\/\/www.arhammar.se\/blog\/tisdag-den-9-juli-1912-vi-vilja-inte-umgas-med-bondtoserna\/#breadcrumb","itemListElement":[{"@type":"ListItem","position":1,"name":"Home","item":"https:\/\/www.arhammar.se\/blog\/"},{"@type":"ListItem","position":2,"name":"Tisdag den 9 juli 1912. Vi vilja inte umg\u00e5s med bondt\u00f6serna."}]},{"@type":"WebSite","@id":"https:\/\/www.arhammar.se\/blog\/#website","url":"https:\/\/www.arhammar.se\/blog\/","name":"@Arhammar bokstavligen","description":"Fr\u00e5n min penna och panna","potentialAction":[{"@type":"SearchAction","target":{"@type":"EntryPoint","urlTemplate":"https:\/\/www.arhammar.se\/blog\/?s={search_term_string}"},"query-input":{"@type":"PropertyValueSpecification","valueRequired":true,"valueName":"search_term_string"}}],"inLanguage":"en-US"},{"@type":"Person","@id":"https:\/\/www.arhammar.se\/blog\/#\/schema\/person\/061984c1d884b363e2c91550f2e00d1d","name":"Anders Arhammar","image":{"@type":"ImageObject","inLanguage":"en-US","@id":"https:\/\/secure.gravatar.com\/avatar\/784b5b36cfe145ae19a52340f405285a939bcc08d4a21136b3a81f9e378ffae0?s=96&d=mm&r=g","url":"https:\/\/secure.gravatar.com\/avatar\/784b5b36cfe145ae19a52340f405285a939bcc08d4a21136b3a81f9e378ffae0?s=96&d=mm&r=g","contentUrl":"https:\/\/secure.gravatar.com\/avatar\/784b5b36cfe145ae19a52340f405285a939bcc08d4a21136b3a81f9e378ffae0?s=96&d=mm&r=g","caption":"Anders Arhammar"},"url":"https:\/\/www.arhammar.se\/blog\/author\/anders\/"}]}},"_links":{"self":[{"href":"https:\/\/www.arhammar.se\/blog\/wp-json\/wp\/v2\/posts\/26311","targetHints":{"allow":["GET"]}}],"collection":[{"href":"https:\/\/www.arhammar.se\/blog\/wp-json\/wp\/v2\/posts"}],"about":[{"href":"https:\/\/www.arhammar.se\/blog\/wp-json\/wp\/v2\/types\/post"}],"author":[{"embeddable":true,"href":"https:\/\/www.arhammar.se\/blog\/wp-json\/wp\/v2\/users\/2"}],"replies":[{"embeddable":true,"href":"https:\/\/www.arhammar.se\/blog\/wp-json\/wp\/v2\/comments?post=26311"}],"version-history":[{"count":2,"href":"https:\/\/www.arhammar.se\/blog\/wp-json\/wp\/v2\/posts\/26311\/revisions"}],"predecessor-version":[{"id":26534,"href":"https:\/\/www.arhammar.se\/blog\/wp-json\/wp\/v2\/posts\/26311\/revisions\/26534"}],"wp:featuredmedia":[{"embeddable":true,"href":"https:\/\/www.arhammar.se\/blog\/wp-json\/wp\/v2\/media\/26216"}],"wp:attachment":[{"href":"https:\/\/www.arhammar.se\/blog\/wp-json\/wp\/v2\/media?parent=26311"}],"wp:term":[{"taxonomy":"category","embeddable":true,"href":"https:\/\/www.arhammar.se\/blog\/wp-json\/wp\/v2\/categories?post=26311"},{"taxonomy":"post_tag","embeddable":true,"href":"https:\/\/www.arhammar.se\/blog\/wp-json\/wp\/v2\/tags?post=26311"}],"curies":[{"name":"wp","href":"https:\/\/api.w.org\/{rel}","templated":true}]}}