{"id":26310,"date":"2020-02-26T07:29:10","date_gmt":"2020-02-26T06:29:10","guid":{"rendered":"https:\/\/www.arhammar.se\/blog\/?p=26310"},"modified":"2020-03-07T14:13:12","modified_gmt":"2020-03-07T13:13:12","slug":"mandag-den-8-juli-1912-vi-fyra-flickor-spelade-for-dem","status":"publish","type":"post","link":"https:\/\/www.arhammar.se\/blog\/mandag-den-8-juli-1912-vi-fyra-flickor-spelade-for-dem\/","title":{"rendered":"M\u00e5ndag den 8 juli 1912. Vi fyra flickor spelade f\u00f6r dem."},"content":{"rendered":"<p>O, vad jag \u00e4r glad. Ty v\u00e4dret \u00e4r ju s\u00e5 bed\u00e5rande h\u00e4rligt. Sol och varmt och sk\u00f6nt. Varenda dag ha vi badat, f\u00f6r det mesta tv\u00e5 g\u00e5nger. Ig\u00e5r t\u00e4nkte jag l\u00e5ta bli att bada, f\u00f6r p\u00e5 s\u00f6ndagarna \u00e4r man ju alltid finkl\u00e4dd, och det \u00e4r ju s\u00e5 besv\u00e4rligt att kl\u00e4 av och p\u00e5 sig, och s\u00e5 man v\u00e4ter ner h\u00e5ret sen. Trots badm\u00f6ssa. <\/p>\n<p>Men s\u00e5 s\u00e5go vi n\u00e5gra, som togo sig ett svalkande bad nere p\u00e5 bryggan, och d\u00e5 kunde vi inte motst\u00e5, utan vi f\u00f6ljde exemplet och plaskade v\u00e4ldeligen. P\u00e5 eftermiddagen var Nils Karlson i Byn, storbonden, h\u00e4r och vi bj\u00f6d p\u00e5 kaffe i bers\u00e5n och han bj\u00f6d oss hem till sig. Dit ska vi d\u00e5 g\u00e5, ty d\u00e4r finns det ju piano, s\u00e5 man kan f\u00e5 spela ett slag. <\/p>\n<p>Karl, Yngve, Albin, Verner och Arvid stodo h\u00e4rutanf\u00f6r en l\u00e5ng stund, men till slut reste de tre f\u00f6rsta till Torp\u00e5sen p\u00e5 dans, men Verner och \u201dArve\u201d stannade kvar och vi fyra flickor spelade f\u00f6r dem. Naemi f\u00f6rste fiol, jag andre, Rut violoncell och Greta guitarr. Det var ljuvligt. Men det gick riktigt bra. Idag gick jag upp klockan 7 igen och kokade kaffe och var och h\u00e4mtade posten. Jag hade brev fr\u00e5n lilla Karin B.<\/p>\n<!-- AddThis Advanced Settings generic via filter on the_content --><!-- AddThis Share Buttons generic via filter on the_content -->","protected":false},"excerpt":{"rendered":"<p>O, vad jag \u00e4r glad. Ty v\u00e4dret \u00e4r ju s\u00e5 bed\u00e5rande h\u00e4rligt. Sol och varmt och sk\u00f6nt. Varenda dag ha vi badat, f\u00f6r det mesta tv\u00e5 g\u00e5nger. Ig\u00e5r t\u00e4nkte jag l\u00e5ta bli att bada, f\u00f6r p\u00e5 s\u00f6ndagarna \u00e4r man ju alltid finkl\u00e4dd, och det \u00e4r ju s\u00e5 besv\u00e4rligt att kl\u00e4 av och p\u00e5 sig, och [&hellip;]<!-- AddThis Advanced Settings generic via filter on wp_trim_excerpt --><!-- AddThis Share Buttons generic via filter on wp_trim_excerpt --><\/p>\n","protected":false},"author":2,"featured_media":26743,"comment_status":"open","ping_status":"open","sticky":false,"template":"","format":"standard","meta":{"footnotes":""},"categories":[3437,3425],"tags":[],"class_list":["post-26310","post","type-post","status-publish","format-standard","has-post-thumbnail","hentry","category-3437","category-mormors-dagbok"],"yoast_head":"<!-- This site is optimized with the Yoast SEO plugin v27.4 - https:\/\/yoast.com\/product\/yoast-seo-wordpress\/ -->\n<title>M\u00e5ndag den 8 juli 1912. Vi fyra flickor spelade f\u00f6r dem. - @Arhammar bokstavligen<\/title>\n<meta name=\"robots\" content=\"index, follow, max-snippet:-1, max-image-preview:large, max-video-preview:-1\" \/>\n<link rel=\"canonical\" href=\"https:\/\/www.arhammar.se\/blog\/mandag-den-8-juli-1912-vi-fyra-flickor-spelade-for-dem\/\" \/>\n<meta property=\"og:locale\" content=\"en_US\" \/>\n<meta property=\"og:type\" content=\"article\" \/>\n<meta property=\"og:title\" content=\"M\u00e5ndag den 8 juli 1912. Vi fyra flickor spelade f\u00f6r dem. - @Arhammar bokstavligen\" \/>\n<meta property=\"og:description\" content=\"O, vad jag \u00e4r glad. Ty v\u00e4dret \u00e4r ju s\u00e5 bed\u00e5rande h\u00e4rligt. Sol och varmt och sk\u00f6nt. Varenda dag ha vi badat, f\u00f6r det mesta tv\u00e5 g\u00e5nger. Ig\u00e5r t\u00e4nkte jag l\u00e5ta bli att bada, f\u00f6r p\u00e5 s\u00f6ndagarna \u00e4r man ju alltid finkl\u00e4dd, och det \u00e4r ju s\u00e5 besv\u00e4rligt att kl\u00e4 av och p\u00e5 sig, och [&hellip;]\" \/>\n<meta property=\"og:url\" content=\"https:\/\/www.arhammar.se\/blog\/mandag-den-8-juli-1912-vi-fyra-flickor-spelade-for-dem\/\" \/>\n<meta property=\"og:site_name\" content=\"@Arhammar bokstavligen\" \/>\n<meta property=\"article:published_time\" content=\"2020-02-26T06:29:10+00:00\" \/>\n<meta property=\"article:modified_time\" content=\"2020-03-07T13:13:12+00:00\" \/>\n<meta property=\"og:image\" content=\"https:\/\/www.arhammar.se\/blog\/wp-content\/uploads\/2020\/02\/dbsulvikhuset.jpg\" \/>\n\t<meta property=\"og:image:width\" content=\"640\" \/>\n\t<meta property=\"og:image:height\" content=\"480\" \/>\n\t<meta property=\"og:image:type\" content=\"image\/jpeg\" \/>\n<meta name=\"author\" content=\"Anders Arhammar\" \/>\n<meta name=\"twitter:card\" content=\"summary_large_image\" \/>\n<meta name=\"twitter:label1\" content=\"Written by\" \/>\n\t<meta name=\"twitter:data1\" content=\"Anders Arhammar\" \/>\n\t<meta name=\"twitter:label2\" content=\"Est. reading time\" \/>\n\t<meta name=\"twitter:data2\" content=\"1 minute\" \/>\n<script type=\"application\/ld+json\" class=\"yoast-schema-graph\">{\"@context\":\"https:\\\/\\\/schema.org\",\"@graph\":[{\"@type\":\"Article\",\"@id\":\"https:\\\/\\\/www.arhammar.se\\\/blog\\\/mandag-den-8-juli-1912-vi-fyra-flickor-spelade-for-dem\\\/#article\",\"isPartOf\":{\"@id\":\"https:\\\/\\\/www.arhammar.se\\\/blog\\\/mandag-den-8-juli-1912-vi-fyra-flickor-spelade-for-dem\\\/\"},\"author\":{\"name\":\"Anders Arhammar\",\"@id\":\"https:\\\/\\\/www.arhammar.se\\\/blog\\\/#\\\/schema\\\/person\\\/061984c1d884b363e2c91550f2e00d1d\"},\"headline\":\"M\u00e5ndag den 8 juli 1912. Vi fyra flickor spelade f\u00f6r dem.\",\"datePublished\":\"2020-02-26T06:29:10+00:00\",\"dateModified\":\"2020-03-07T13:13:12+00:00\",\"mainEntityOfPage\":{\"@id\":\"https:\\\/\\\/www.arhammar.se\\\/blog\\\/mandag-den-8-juli-1912-vi-fyra-flickor-spelade-for-dem\\\/\"},\"wordCount\":250,\"commentCount\":0,\"image\":{\"@id\":\"https:\\\/\\\/www.arhammar.se\\\/blog\\\/mandag-den-8-juli-1912-vi-fyra-flickor-spelade-for-dem\\\/#primaryimage\"},\"thumbnailUrl\":\"https:\\\/\\\/www.arhammar.se\\\/blog\\\/wp-content\\\/uploads\\\/2020\\\/02\\\/dbsulvikhuset.jpg\",\"articleSection\":[\"1912\",\"mormors dagbok\"],\"inLanguage\":\"en-US\",\"potentialAction\":[{\"@type\":\"CommentAction\",\"name\":\"Comment\",\"target\":[\"https:\\\/\\\/www.arhammar.se\\\/blog\\\/mandag-den-8-juli-1912-vi-fyra-flickor-spelade-for-dem\\\/#respond\"]}]},{\"@type\":\"WebPage\",\"@id\":\"https:\\\/\\\/www.arhammar.se\\\/blog\\\/mandag-den-8-juli-1912-vi-fyra-flickor-spelade-for-dem\\\/\",\"url\":\"https:\\\/\\\/www.arhammar.se\\\/blog\\\/mandag-den-8-juli-1912-vi-fyra-flickor-spelade-for-dem\\\/\",\"name\":\"M\u00e5ndag den 8 juli 1912. Vi fyra flickor spelade f\u00f6r dem. - @Arhammar bokstavligen\",\"isPartOf\":{\"@id\":\"https:\\\/\\\/www.arhammar.se\\\/blog\\\/#website\"},\"primaryImageOfPage\":{\"@id\":\"https:\\\/\\\/www.arhammar.se\\\/blog\\\/mandag-den-8-juli-1912-vi-fyra-flickor-spelade-for-dem\\\/#primaryimage\"},\"image\":{\"@id\":\"https:\\\/\\\/www.arhammar.se\\\/blog\\\/mandag-den-8-juli-1912-vi-fyra-flickor-spelade-for-dem\\\/#primaryimage\"},\"thumbnailUrl\":\"https:\\\/\\\/www.arhammar.se\\\/blog\\\/wp-content\\\/uploads\\\/2020\\\/02\\\/dbsulvikhuset.jpg\",\"datePublished\":\"2020-02-26T06:29:10+00:00\",\"dateModified\":\"2020-03-07T13:13:12+00:00\",\"author\":{\"@id\":\"https:\\\/\\\/www.arhammar.se\\\/blog\\\/#\\\/schema\\\/person\\\/061984c1d884b363e2c91550f2e00d1d\"},\"breadcrumb\":{\"@id\":\"https:\\\/\\\/www.arhammar.se\\\/blog\\\/mandag-den-8-juli-1912-vi-fyra-flickor-spelade-for-dem\\\/#breadcrumb\"},\"inLanguage\":\"en-US\",\"potentialAction\":[{\"@type\":\"ReadAction\",\"target\":[\"https:\\\/\\\/www.arhammar.se\\\/blog\\\/mandag-den-8-juli-1912-vi-fyra-flickor-spelade-for-dem\\\/\"]}]},{\"@type\":\"ImageObject\",\"inLanguage\":\"en-US\",\"@id\":\"https:\\\/\\\/www.arhammar.se\\\/blog\\\/mandag-den-8-juli-1912-vi-fyra-flickor-spelade-for-dem\\\/#primaryimage\",\"url\":\"https:\\\/\\\/www.arhammar.se\\\/blog\\\/wp-content\\\/uploads\\\/2020\\\/02\\\/dbsulvikhuset.jpg\",\"contentUrl\":\"https:\\\/\\\/www.arhammar.se\\\/blog\\\/wp-content\\\/uploads\\\/2020\\\/02\\\/dbsulvikhuset.jpg\",\"width\":640,\"height\":480,\"caption\":\"S\u00e5 h\u00e4r s\u00e5g huset i Sulvik ut, Bj\u00f6rklunda, 1910.\"},{\"@type\":\"BreadcrumbList\",\"@id\":\"https:\\\/\\\/www.arhammar.se\\\/blog\\\/mandag-den-8-juli-1912-vi-fyra-flickor-spelade-for-dem\\\/#breadcrumb\",\"itemListElement\":[{\"@type\":\"ListItem\",\"position\":1,\"name\":\"Home\",\"item\":\"https:\\\/\\\/www.arhammar.se\\\/blog\\\/\"},{\"@type\":\"ListItem\",\"position\":2,\"name\":\"M\u00e5ndag den 8 juli 1912. Vi fyra flickor spelade f\u00f6r dem.\"}]},{\"@type\":\"WebSite\",\"@id\":\"https:\\\/\\\/www.arhammar.se\\\/blog\\\/#website\",\"url\":\"https:\\\/\\\/www.arhammar.se\\\/blog\\\/\",\"name\":\"@Arhammar bokstavligen\",\"description\":\"Fr\u00e5n min penna och panna\",\"potentialAction\":[{\"@type\":\"SearchAction\",\"target\":{\"@type\":\"EntryPoint\",\"urlTemplate\":\"https:\\\/\\\/www.arhammar.se\\\/blog\\\/?s={search_term_string}\"},\"query-input\":{\"@type\":\"PropertyValueSpecification\",\"valueRequired\":true,\"valueName\":\"search_term_string\"}}],\"inLanguage\":\"en-US\"},{\"@type\":\"Person\",\"@id\":\"https:\\\/\\\/www.arhammar.se\\\/blog\\\/#\\\/schema\\\/person\\\/061984c1d884b363e2c91550f2e00d1d\",\"name\":\"Anders Arhammar\",\"image\":{\"@type\":\"ImageObject\",\"inLanguage\":\"en-US\",\"@id\":\"https:\\\/\\\/secure.gravatar.com\\\/avatar\\\/784b5b36cfe145ae19a52340f405285a939bcc08d4a21136b3a81f9e378ffae0?s=96&d=mm&r=g\",\"url\":\"https:\\\/\\\/secure.gravatar.com\\\/avatar\\\/784b5b36cfe145ae19a52340f405285a939bcc08d4a21136b3a81f9e378ffae0?s=96&d=mm&r=g\",\"contentUrl\":\"https:\\\/\\\/secure.gravatar.com\\\/avatar\\\/784b5b36cfe145ae19a52340f405285a939bcc08d4a21136b3a81f9e378ffae0?s=96&d=mm&r=g\",\"caption\":\"Anders Arhammar\"},\"url\":\"https:\\\/\\\/www.arhammar.se\\\/blog\\\/author\\\/anders\\\/\"}]}<\/script>\n<!-- \/ Yoast SEO plugin. -->","yoast_head_json":{"title":"M\u00e5ndag den 8 juli 1912. Vi fyra flickor spelade f\u00f6r dem. - @Arhammar bokstavligen","robots":{"index":"index","follow":"follow","max-snippet":"max-snippet:-1","max-image-preview":"max-image-preview:large","max-video-preview":"max-video-preview:-1"},"canonical":"https:\/\/www.arhammar.se\/blog\/mandag-den-8-juli-1912-vi-fyra-flickor-spelade-for-dem\/","og_locale":"en_US","og_type":"article","og_title":"M\u00e5ndag den 8 juli 1912. Vi fyra flickor spelade f\u00f6r dem. - @Arhammar bokstavligen","og_description":"O, vad jag \u00e4r glad. Ty v\u00e4dret \u00e4r ju s\u00e5 bed\u00e5rande h\u00e4rligt. Sol och varmt och sk\u00f6nt. Varenda dag ha vi badat, f\u00f6r det mesta tv\u00e5 g\u00e5nger. Ig\u00e5r t\u00e4nkte jag l\u00e5ta bli att bada, f\u00f6r p\u00e5 s\u00f6ndagarna \u00e4r man ju alltid finkl\u00e4dd, och det \u00e4r ju s\u00e5 besv\u00e4rligt att kl\u00e4 av och p\u00e5 sig, och [&hellip;]","og_url":"https:\/\/www.arhammar.se\/blog\/mandag-den-8-juli-1912-vi-fyra-flickor-spelade-for-dem\/","og_site_name":"@Arhammar bokstavligen","article_published_time":"2020-02-26T06:29:10+00:00","article_modified_time":"2020-03-07T13:13:12+00:00","og_image":[{"width":640,"height":480,"url":"https:\/\/www.arhammar.se\/blog\/wp-content\/uploads\/2020\/02\/dbsulvikhuset.jpg","type":"image\/jpeg"}],"author":"Anders Arhammar","twitter_card":"summary_large_image","twitter_misc":{"Written by":"Anders Arhammar","Est. reading time":"1 minute"},"schema":{"@context":"https:\/\/schema.org","@graph":[{"@type":"Article","@id":"https:\/\/www.arhammar.se\/blog\/mandag-den-8-juli-1912-vi-fyra-flickor-spelade-for-dem\/#article","isPartOf":{"@id":"https:\/\/www.arhammar.se\/blog\/mandag-den-8-juli-1912-vi-fyra-flickor-spelade-for-dem\/"},"author":{"name":"Anders Arhammar","@id":"https:\/\/www.arhammar.se\/blog\/#\/schema\/person\/061984c1d884b363e2c91550f2e00d1d"},"headline":"M\u00e5ndag den 8 juli 1912. Vi fyra flickor spelade f\u00f6r dem.","datePublished":"2020-02-26T06:29:10+00:00","dateModified":"2020-03-07T13:13:12+00:00","mainEntityOfPage":{"@id":"https:\/\/www.arhammar.se\/blog\/mandag-den-8-juli-1912-vi-fyra-flickor-spelade-for-dem\/"},"wordCount":250,"commentCount":0,"image":{"@id":"https:\/\/www.arhammar.se\/blog\/mandag-den-8-juli-1912-vi-fyra-flickor-spelade-for-dem\/#primaryimage"},"thumbnailUrl":"https:\/\/www.arhammar.se\/blog\/wp-content\/uploads\/2020\/02\/dbsulvikhuset.jpg","articleSection":["1912","mormors dagbok"],"inLanguage":"en-US","potentialAction":[{"@type":"CommentAction","name":"Comment","target":["https:\/\/www.arhammar.se\/blog\/mandag-den-8-juli-1912-vi-fyra-flickor-spelade-for-dem\/#respond"]}]},{"@type":"WebPage","@id":"https:\/\/www.arhammar.se\/blog\/mandag-den-8-juli-1912-vi-fyra-flickor-spelade-for-dem\/","url":"https:\/\/www.arhammar.se\/blog\/mandag-den-8-juli-1912-vi-fyra-flickor-spelade-for-dem\/","name":"M\u00e5ndag den 8 juli 1912. Vi fyra flickor spelade f\u00f6r dem. - @Arhammar bokstavligen","isPartOf":{"@id":"https:\/\/www.arhammar.se\/blog\/#website"},"primaryImageOfPage":{"@id":"https:\/\/www.arhammar.se\/blog\/mandag-den-8-juli-1912-vi-fyra-flickor-spelade-for-dem\/#primaryimage"},"image":{"@id":"https:\/\/www.arhammar.se\/blog\/mandag-den-8-juli-1912-vi-fyra-flickor-spelade-for-dem\/#primaryimage"},"thumbnailUrl":"https:\/\/www.arhammar.se\/blog\/wp-content\/uploads\/2020\/02\/dbsulvikhuset.jpg","datePublished":"2020-02-26T06:29:10+00:00","dateModified":"2020-03-07T13:13:12+00:00","author":{"@id":"https:\/\/www.arhammar.se\/blog\/#\/schema\/person\/061984c1d884b363e2c91550f2e00d1d"},"breadcrumb":{"@id":"https:\/\/www.arhammar.se\/blog\/mandag-den-8-juli-1912-vi-fyra-flickor-spelade-for-dem\/#breadcrumb"},"inLanguage":"en-US","potentialAction":[{"@type":"ReadAction","target":["https:\/\/www.arhammar.se\/blog\/mandag-den-8-juli-1912-vi-fyra-flickor-spelade-for-dem\/"]}]},{"@type":"ImageObject","inLanguage":"en-US","@id":"https:\/\/www.arhammar.se\/blog\/mandag-den-8-juli-1912-vi-fyra-flickor-spelade-for-dem\/#primaryimage","url":"https:\/\/www.arhammar.se\/blog\/wp-content\/uploads\/2020\/02\/dbsulvikhuset.jpg","contentUrl":"https:\/\/www.arhammar.se\/blog\/wp-content\/uploads\/2020\/02\/dbsulvikhuset.jpg","width":640,"height":480,"caption":"S\u00e5 h\u00e4r s\u00e5g huset i Sulvik ut, Bj\u00f6rklunda, 1910."},{"@type":"BreadcrumbList","@id":"https:\/\/www.arhammar.se\/blog\/mandag-den-8-juli-1912-vi-fyra-flickor-spelade-for-dem\/#breadcrumb","itemListElement":[{"@type":"ListItem","position":1,"name":"Home","item":"https:\/\/www.arhammar.se\/blog\/"},{"@type":"ListItem","position":2,"name":"M\u00e5ndag den 8 juli 1912. Vi fyra flickor spelade f\u00f6r dem."}]},{"@type":"WebSite","@id":"https:\/\/www.arhammar.se\/blog\/#website","url":"https:\/\/www.arhammar.se\/blog\/","name":"@Arhammar bokstavligen","description":"Fr\u00e5n min penna och panna","potentialAction":[{"@type":"SearchAction","target":{"@type":"EntryPoint","urlTemplate":"https:\/\/www.arhammar.se\/blog\/?s={search_term_string}"},"query-input":{"@type":"PropertyValueSpecification","valueRequired":true,"valueName":"search_term_string"}}],"inLanguage":"en-US"},{"@type":"Person","@id":"https:\/\/www.arhammar.se\/blog\/#\/schema\/person\/061984c1d884b363e2c91550f2e00d1d","name":"Anders Arhammar","image":{"@type":"ImageObject","inLanguage":"en-US","@id":"https:\/\/secure.gravatar.com\/avatar\/784b5b36cfe145ae19a52340f405285a939bcc08d4a21136b3a81f9e378ffae0?s=96&d=mm&r=g","url":"https:\/\/secure.gravatar.com\/avatar\/784b5b36cfe145ae19a52340f405285a939bcc08d4a21136b3a81f9e378ffae0?s=96&d=mm&r=g","contentUrl":"https:\/\/secure.gravatar.com\/avatar\/784b5b36cfe145ae19a52340f405285a939bcc08d4a21136b3a81f9e378ffae0?s=96&d=mm&r=g","caption":"Anders Arhammar"},"url":"https:\/\/www.arhammar.se\/blog\/author\/anders\/"}]}},"_links":{"self":[{"href":"https:\/\/www.arhammar.se\/blog\/wp-json\/wp\/v2\/posts\/26310","targetHints":{"allow":["GET"]}}],"collection":[{"href":"https:\/\/www.arhammar.se\/blog\/wp-json\/wp\/v2\/posts"}],"about":[{"href":"https:\/\/www.arhammar.se\/blog\/wp-json\/wp\/v2\/types\/post"}],"author":[{"embeddable":true,"href":"https:\/\/www.arhammar.se\/blog\/wp-json\/wp\/v2\/users\/2"}],"replies":[{"embeddable":true,"href":"https:\/\/www.arhammar.se\/blog\/wp-json\/wp\/v2\/comments?post=26310"}],"version-history":[{"count":3,"href":"https:\/\/www.arhammar.se\/blog\/wp-json\/wp\/v2\/posts\/26310\/revisions"}],"predecessor-version":[{"id":26533,"href":"https:\/\/www.arhammar.se\/blog\/wp-json\/wp\/v2\/posts\/26310\/revisions\/26533"}],"wp:featuredmedia":[{"embeddable":true,"href":"https:\/\/www.arhammar.se\/blog\/wp-json\/wp\/v2\/media\/26743"}],"wp:attachment":[{"href":"https:\/\/www.arhammar.se\/blog\/wp-json\/wp\/v2\/media?parent=26310"}],"wp:term":[{"taxonomy":"category","embeddable":true,"href":"https:\/\/www.arhammar.se\/blog\/wp-json\/wp\/v2\/categories?post=26310"},{"taxonomy":"post_tag","embeddable":true,"href":"https:\/\/www.arhammar.se\/blog\/wp-json\/wp\/v2\/tags?post=26310"}],"curies":[{"name":"wp","href":"https:\/\/api.w.org\/{rel}","templated":true}]}}