{"id":26309,"date":"2020-02-26T06:28:12","date_gmt":"2020-02-26T05:28:12","guid":{"rendered":"https:\/\/www.arhammar.se\/blog\/?p=26309"},"modified":"2020-03-07T14:08:23","modified_gmt":"2020-03-07T13:08:23","slug":"lordag-den-6-juli-1912-en-viss-naturligtvis","status":"publish","type":"post","link":"https:\/\/www.arhammar.se\/blog\/lordag-den-6-juli-1912-en-viss-naturligtvis\/","title":{"rendered":"L\u00f6rdag den 6 juli 1912. En viss, naturligtvis."},"content":{"rendered":"<p>H\u00e4rligt v\u00e4der! F\u00f6rtjusande. Ig\u00e5r kv\u00e4ll hade vi s\u00e5 livat h\u00e4r. Axel och pappa spelade och vi dansade med varandra och med Verner. Han dansade hambo n\u00e4stan hela tiden och det var v\u00e4ldigt skoj. Jag bara \u00f6nskade att en till hade varit med. En viss, naturligtvis.<\/p>\n<p>Jag sitter och t\u00e4nker p\u00e5 Dalarna. P\u00e5 de sk\u00f6na, ljuvliga trakterna kring Siljan, d\u00e4r &#8220;kyrkorna p\u00e5 stranden st\u00e5 glimmande som liljan\u201d uti sin vita prakt. P\u00e5 R\u00e4ttvik, Leksand, Orsa och Mora! Aldrig kan jag gl\u00f6mma dem. \u00c5h, de h\u00e4rliga bl\u00e5nande bergen! Jag kommer ih\u00e5g en eftermiddag p\u00e5 resan, vi sutto vid flera sm\u00e5bord p\u00e5 en veranda alldeles invid Siljans strand. <\/p>\n<p>Det hade bl\u00e5st och regnat, men vinden hade mojnat och regnet upph\u00f6rt. Luften var s\u00e5 klar och ren. Sm\u00e5 svaga dyningar skvalpade s\u00e5 stillsamt mot stranden, de sm\u00f6go sig omkring skriarna i vattenbrynet och lekte tittut med de vitstammiga h\u00e4ngbj\u00f6rkarna. De andra flickorna glammade och pratade, men jag h\u00f6rde dem inte, jag bara s\u00e5g och nj\u00f6t. L\u00e4ngst i fj\u00e4rran reste sig de bl\u00e5 bergen, s\u00e5 dunkelbl\u00e5 och hemlighetsfulla. Jag kunde aldrig se de bergen, utan att t\u00e4nka p\u00e5 &#8220;G\u00f6sta Berlings&#8221; l\u00e4ngtan till de eviga skogarna. Jag begriper inte varf\u00f6r. Men storslaget var det, och storslagen var naturen \u00f6verallt d\u00e4ruppe i trakterna kring Siljan.<\/p>\n<!-- AddThis Advanced Settings generic via filter on the_content --><!-- AddThis Share Buttons generic via filter on the_content -->","protected":false},"excerpt":{"rendered":"<p>H\u00e4rligt v\u00e4der! F\u00f6rtjusande. Ig\u00e5r kv\u00e4ll hade vi s\u00e5 livat h\u00e4r. Axel och pappa spelade och vi dansade med varandra och med Verner. Han dansade hambo n\u00e4stan hela tiden och det var v\u00e4ldigt skoj. Jag bara \u00f6nskade att en till hade varit med. En viss, naturligtvis. Jag sitter och t\u00e4nker p\u00e5 Dalarna. P\u00e5 de sk\u00f6na, ljuvliga [&hellip;]<!-- AddThis Advanced Settings generic via filter on wp_trim_excerpt --><!-- AddThis Share Buttons generic via filter on wp_trim_excerpt --><\/p>\n","protected":false},"author":2,"featured_media":26742,"comment_status":"open","ping_status":"open","sticky":false,"template":"","format":"standard","meta":{"footnotes":""},"categories":[3437,3425],"tags":[],"class_list":["post-26309","post","type-post","status-publish","format-standard","has-post-thumbnail","hentry","category-3437","category-mormors-dagbok"],"yoast_head":"<!-- This site is optimized with the Yoast SEO plugin v27.4 - https:\/\/yoast.com\/product\/yoast-seo-wordpress\/ -->\n<title>L\u00f6rdag den 6 juli 1912. En viss, naturligtvis. - @Arhammar bokstavligen<\/title>\n<meta name=\"robots\" content=\"index, follow, max-snippet:-1, max-image-preview:large, max-video-preview:-1\" \/>\n<link rel=\"canonical\" href=\"https:\/\/www.arhammar.se\/blog\/lordag-den-6-juli-1912-en-viss-naturligtvis\/\" \/>\n<meta property=\"og:locale\" content=\"en_US\" \/>\n<meta property=\"og:type\" content=\"article\" \/>\n<meta property=\"og:title\" content=\"L\u00f6rdag den 6 juli 1912. En viss, naturligtvis. - @Arhammar bokstavligen\" \/>\n<meta property=\"og:description\" content=\"H\u00e4rligt v\u00e4der! F\u00f6rtjusande. Ig\u00e5r kv\u00e4ll hade vi s\u00e5 livat h\u00e4r. Axel och pappa spelade och vi dansade med varandra och med Verner. Han dansade hambo n\u00e4stan hela tiden och det var v\u00e4ldigt skoj. Jag bara \u00f6nskade att en till hade varit med. En viss, naturligtvis. Jag sitter och t\u00e4nker p\u00e5 Dalarna. P\u00e5 de sk\u00f6na, ljuvliga [&hellip;]\" \/>\n<meta property=\"og:url\" content=\"https:\/\/www.arhammar.se\/blog\/lordag-den-6-juli-1912-en-viss-naturligtvis\/\" \/>\n<meta property=\"og:site_name\" content=\"@Arhammar bokstavligen\" \/>\n<meta property=\"article:published_time\" content=\"2020-02-26T05:28:12+00:00\" \/>\n<meta property=\"article:modified_time\" content=\"2020-03-07T13:08:23+00:00\" \/>\n<meta property=\"og:image\" content=\"https:\/\/www.arhammar.se\/blog\/wp-content\/uploads\/2020\/02\/dbAxelboudin.jpg\" \/>\n\t<meta property=\"og:image:width\" content=\"640\" \/>\n\t<meta property=\"og:image:height\" content=\"480\" \/>\n\t<meta property=\"og:image:type\" content=\"image\/jpeg\" \/>\n<meta name=\"author\" content=\"Anders Arhammar\" \/>\n<meta name=\"twitter:card\" content=\"summary_large_image\" \/>\n<meta name=\"twitter:label1\" content=\"Written by\" \/>\n\t<meta name=\"twitter:data1\" content=\"Anders Arhammar\" \/>\n\t<meta name=\"twitter:label2\" content=\"Est. reading time\" \/>\n\t<meta name=\"twitter:data2\" content=\"1 minute\" \/>\n<script type=\"application\/ld+json\" class=\"yoast-schema-graph\">{\"@context\":\"https:\\\/\\\/schema.org\",\"@graph\":[{\"@type\":\"Article\",\"@id\":\"https:\\\/\\\/www.arhammar.se\\\/blog\\\/lordag-den-6-juli-1912-en-viss-naturligtvis\\\/#article\",\"isPartOf\":{\"@id\":\"https:\\\/\\\/www.arhammar.se\\\/blog\\\/lordag-den-6-juli-1912-en-viss-naturligtvis\\\/\"},\"author\":{\"name\":\"Anders Arhammar\",\"@id\":\"https:\\\/\\\/www.arhammar.se\\\/blog\\\/#\\\/schema\\\/person\\\/061984c1d884b363e2c91550f2e00d1d\"},\"headline\":\"L\u00f6rdag den 6 juli 1912. En viss, naturligtvis.\",\"datePublished\":\"2020-02-26T05:28:12+00:00\",\"dateModified\":\"2020-03-07T13:08:23+00:00\",\"mainEntityOfPage\":{\"@id\":\"https:\\\/\\\/www.arhammar.se\\\/blog\\\/lordag-den-6-juli-1912-en-viss-naturligtvis\\\/\"},\"wordCount\":247,\"commentCount\":0,\"image\":{\"@id\":\"https:\\\/\\\/www.arhammar.se\\\/blog\\\/lordag-den-6-juli-1912-en-viss-naturligtvis\\\/#primaryimage\"},\"thumbnailUrl\":\"https:\\\/\\\/www.arhammar.se\\\/blog\\\/wp-content\\\/uploads\\\/2020\\\/02\\\/dbAxelboudin.jpg\",\"articleSection\":[\"1912\",\"mormors dagbok\"],\"inLanguage\":\"en-US\",\"potentialAction\":[{\"@type\":\"CommentAction\",\"name\":\"Comment\",\"target\":[\"https:\\\/\\\/www.arhammar.se\\\/blog\\\/lordag-den-6-juli-1912-en-viss-naturligtvis\\\/#respond\"]}]},{\"@type\":\"WebPage\",\"@id\":\"https:\\\/\\\/www.arhammar.se\\\/blog\\\/lordag-den-6-juli-1912-en-viss-naturligtvis\\\/\",\"url\":\"https:\\\/\\\/www.arhammar.se\\\/blog\\\/lordag-den-6-juli-1912-en-viss-naturligtvis\\\/\",\"name\":\"L\u00f6rdag den 6 juli 1912. En viss, naturligtvis. - @Arhammar bokstavligen\",\"isPartOf\":{\"@id\":\"https:\\\/\\\/www.arhammar.se\\\/blog\\\/#website\"},\"primaryImageOfPage\":{\"@id\":\"https:\\\/\\\/www.arhammar.se\\\/blog\\\/lordag-den-6-juli-1912-en-viss-naturligtvis\\\/#primaryimage\"},\"image\":{\"@id\":\"https:\\\/\\\/www.arhammar.se\\\/blog\\\/lordag-den-6-juli-1912-en-viss-naturligtvis\\\/#primaryimage\"},\"thumbnailUrl\":\"https:\\\/\\\/www.arhammar.se\\\/blog\\\/wp-content\\\/uploads\\\/2020\\\/02\\\/dbAxelboudin.jpg\",\"datePublished\":\"2020-02-26T05:28:12+00:00\",\"dateModified\":\"2020-03-07T13:08:23+00:00\",\"author\":{\"@id\":\"https:\\\/\\\/www.arhammar.se\\\/blog\\\/#\\\/schema\\\/person\\\/061984c1d884b363e2c91550f2e00d1d\"},\"breadcrumb\":{\"@id\":\"https:\\\/\\\/www.arhammar.se\\\/blog\\\/lordag-den-6-juli-1912-en-viss-naturligtvis\\\/#breadcrumb\"},\"inLanguage\":\"en-US\",\"potentialAction\":[{\"@type\":\"ReadAction\",\"target\":[\"https:\\\/\\\/www.arhammar.se\\\/blog\\\/lordag-den-6-juli-1912-en-viss-naturligtvis\\\/\"]}]},{\"@type\":\"ImageObject\",\"inLanguage\":\"en-US\",\"@id\":\"https:\\\/\\\/www.arhammar.se\\\/blog\\\/lordag-den-6-juli-1912-en-viss-naturligtvis\\\/#primaryimage\",\"url\":\"https:\\\/\\\/www.arhammar.se\\\/blog\\\/wp-content\\\/uploads\\\/2020\\\/02\\\/dbAxelboudin.jpg\",\"contentUrl\":\"https:\\\/\\\/www.arhammar.se\\\/blog\\\/wp-content\\\/uploads\\\/2020\\\/02\\\/dbAxelboudin.jpg\",\"width\":640,\"height\":480,\"caption\":\"Axel Boudin, Judits farbror\"},{\"@type\":\"BreadcrumbList\",\"@id\":\"https:\\\/\\\/www.arhammar.se\\\/blog\\\/lordag-den-6-juli-1912-en-viss-naturligtvis\\\/#breadcrumb\",\"itemListElement\":[{\"@type\":\"ListItem\",\"position\":1,\"name\":\"Home\",\"item\":\"https:\\\/\\\/www.arhammar.se\\\/blog\\\/\"},{\"@type\":\"ListItem\",\"position\":2,\"name\":\"L\u00f6rdag den 6 juli 1912. En viss, naturligtvis.\"}]},{\"@type\":\"WebSite\",\"@id\":\"https:\\\/\\\/www.arhammar.se\\\/blog\\\/#website\",\"url\":\"https:\\\/\\\/www.arhammar.se\\\/blog\\\/\",\"name\":\"@Arhammar bokstavligen\",\"description\":\"Fr\u00e5n min penna och panna\",\"potentialAction\":[{\"@type\":\"SearchAction\",\"target\":{\"@type\":\"EntryPoint\",\"urlTemplate\":\"https:\\\/\\\/www.arhammar.se\\\/blog\\\/?s={search_term_string}\"},\"query-input\":{\"@type\":\"PropertyValueSpecification\",\"valueRequired\":true,\"valueName\":\"search_term_string\"}}],\"inLanguage\":\"en-US\"},{\"@type\":\"Person\",\"@id\":\"https:\\\/\\\/www.arhammar.se\\\/blog\\\/#\\\/schema\\\/person\\\/061984c1d884b363e2c91550f2e00d1d\",\"name\":\"Anders Arhammar\",\"image\":{\"@type\":\"ImageObject\",\"inLanguage\":\"en-US\",\"@id\":\"https:\\\/\\\/secure.gravatar.com\\\/avatar\\\/784b5b36cfe145ae19a52340f405285a939bcc08d4a21136b3a81f9e378ffae0?s=96&d=mm&r=g\",\"url\":\"https:\\\/\\\/secure.gravatar.com\\\/avatar\\\/784b5b36cfe145ae19a52340f405285a939bcc08d4a21136b3a81f9e378ffae0?s=96&d=mm&r=g\",\"contentUrl\":\"https:\\\/\\\/secure.gravatar.com\\\/avatar\\\/784b5b36cfe145ae19a52340f405285a939bcc08d4a21136b3a81f9e378ffae0?s=96&d=mm&r=g\",\"caption\":\"Anders Arhammar\"},\"url\":\"https:\\\/\\\/www.arhammar.se\\\/blog\\\/author\\\/anders\\\/\"}]}<\/script>\n<!-- \/ Yoast SEO plugin. -->","yoast_head_json":{"title":"L\u00f6rdag den 6 juli 1912. En viss, naturligtvis. - @Arhammar bokstavligen","robots":{"index":"index","follow":"follow","max-snippet":"max-snippet:-1","max-image-preview":"max-image-preview:large","max-video-preview":"max-video-preview:-1"},"canonical":"https:\/\/www.arhammar.se\/blog\/lordag-den-6-juli-1912-en-viss-naturligtvis\/","og_locale":"en_US","og_type":"article","og_title":"L\u00f6rdag den 6 juli 1912. En viss, naturligtvis. - @Arhammar bokstavligen","og_description":"H\u00e4rligt v\u00e4der! F\u00f6rtjusande. Ig\u00e5r kv\u00e4ll hade vi s\u00e5 livat h\u00e4r. Axel och pappa spelade och vi dansade med varandra och med Verner. Han dansade hambo n\u00e4stan hela tiden och det var v\u00e4ldigt skoj. Jag bara \u00f6nskade att en till hade varit med. En viss, naturligtvis. Jag sitter och t\u00e4nker p\u00e5 Dalarna. P\u00e5 de sk\u00f6na, ljuvliga [&hellip;]","og_url":"https:\/\/www.arhammar.se\/blog\/lordag-den-6-juli-1912-en-viss-naturligtvis\/","og_site_name":"@Arhammar bokstavligen","article_published_time":"2020-02-26T05:28:12+00:00","article_modified_time":"2020-03-07T13:08:23+00:00","og_image":[{"width":640,"height":480,"url":"https:\/\/www.arhammar.se\/blog\/wp-content\/uploads\/2020\/02\/dbAxelboudin.jpg","type":"image\/jpeg"}],"author":"Anders Arhammar","twitter_card":"summary_large_image","twitter_misc":{"Written by":"Anders Arhammar","Est. reading time":"1 minute"},"schema":{"@context":"https:\/\/schema.org","@graph":[{"@type":"Article","@id":"https:\/\/www.arhammar.se\/blog\/lordag-den-6-juli-1912-en-viss-naturligtvis\/#article","isPartOf":{"@id":"https:\/\/www.arhammar.se\/blog\/lordag-den-6-juli-1912-en-viss-naturligtvis\/"},"author":{"name":"Anders Arhammar","@id":"https:\/\/www.arhammar.se\/blog\/#\/schema\/person\/061984c1d884b363e2c91550f2e00d1d"},"headline":"L\u00f6rdag den 6 juli 1912. En viss, naturligtvis.","datePublished":"2020-02-26T05:28:12+00:00","dateModified":"2020-03-07T13:08:23+00:00","mainEntityOfPage":{"@id":"https:\/\/www.arhammar.se\/blog\/lordag-den-6-juli-1912-en-viss-naturligtvis\/"},"wordCount":247,"commentCount":0,"image":{"@id":"https:\/\/www.arhammar.se\/blog\/lordag-den-6-juli-1912-en-viss-naturligtvis\/#primaryimage"},"thumbnailUrl":"https:\/\/www.arhammar.se\/blog\/wp-content\/uploads\/2020\/02\/dbAxelboudin.jpg","articleSection":["1912","mormors dagbok"],"inLanguage":"en-US","potentialAction":[{"@type":"CommentAction","name":"Comment","target":["https:\/\/www.arhammar.se\/blog\/lordag-den-6-juli-1912-en-viss-naturligtvis\/#respond"]}]},{"@type":"WebPage","@id":"https:\/\/www.arhammar.se\/blog\/lordag-den-6-juli-1912-en-viss-naturligtvis\/","url":"https:\/\/www.arhammar.se\/blog\/lordag-den-6-juli-1912-en-viss-naturligtvis\/","name":"L\u00f6rdag den 6 juli 1912. En viss, naturligtvis. - @Arhammar bokstavligen","isPartOf":{"@id":"https:\/\/www.arhammar.se\/blog\/#website"},"primaryImageOfPage":{"@id":"https:\/\/www.arhammar.se\/blog\/lordag-den-6-juli-1912-en-viss-naturligtvis\/#primaryimage"},"image":{"@id":"https:\/\/www.arhammar.se\/blog\/lordag-den-6-juli-1912-en-viss-naturligtvis\/#primaryimage"},"thumbnailUrl":"https:\/\/www.arhammar.se\/blog\/wp-content\/uploads\/2020\/02\/dbAxelboudin.jpg","datePublished":"2020-02-26T05:28:12+00:00","dateModified":"2020-03-07T13:08:23+00:00","author":{"@id":"https:\/\/www.arhammar.se\/blog\/#\/schema\/person\/061984c1d884b363e2c91550f2e00d1d"},"breadcrumb":{"@id":"https:\/\/www.arhammar.se\/blog\/lordag-den-6-juli-1912-en-viss-naturligtvis\/#breadcrumb"},"inLanguage":"en-US","potentialAction":[{"@type":"ReadAction","target":["https:\/\/www.arhammar.se\/blog\/lordag-den-6-juli-1912-en-viss-naturligtvis\/"]}]},{"@type":"ImageObject","inLanguage":"en-US","@id":"https:\/\/www.arhammar.se\/blog\/lordag-den-6-juli-1912-en-viss-naturligtvis\/#primaryimage","url":"https:\/\/www.arhammar.se\/blog\/wp-content\/uploads\/2020\/02\/dbAxelboudin.jpg","contentUrl":"https:\/\/www.arhammar.se\/blog\/wp-content\/uploads\/2020\/02\/dbAxelboudin.jpg","width":640,"height":480,"caption":"Axel Boudin, Judits farbror"},{"@type":"BreadcrumbList","@id":"https:\/\/www.arhammar.se\/blog\/lordag-den-6-juli-1912-en-viss-naturligtvis\/#breadcrumb","itemListElement":[{"@type":"ListItem","position":1,"name":"Home","item":"https:\/\/www.arhammar.se\/blog\/"},{"@type":"ListItem","position":2,"name":"L\u00f6rdag den 6 juli 1912. En viss, naturligtvis."}]},{"@type":"WebSite","@id":"https:\/\/www.arhammar.se\/blog\/#website","url":"https:\/\/www.arhammar.se\/blog\/","name":"@Arhammar bokstavligen","description":"Fr\u00e5n min penna och panna","potentialAction":[{"@type":"SearchAction","target":{"@type":"EntryPoint","urlTemplate":"https:\/\/www.arhammar.se\/blog\/?s={search_term_string}"},"query-input":{"@type":"PropertyValueSpecification","valueRequired":true,"valueName":"search_term_string"}}],"inLanguage":"en-US"},{"@type":"Person","@id":"https:\/\/www.arhammar.se\/blog\/#\/schema\/person\/061984c1d884b363e2c91550f2e00d1d","name":"Anders Arhammar","image":{"@type":"ImageObject","inLanguage":"en-US","@id":"https:\/\/secure.gravatar.com\/avatar\/784b5b36cfe145ae19a52340f405285a939bcc08d4a21136b3a81f9e378ffae0?s=96&d=mm&r=g","url":"https:\/\/secure.gravatar.com\/avatar\/784b5b36cfe145ae19a52340f405285a939bcc08d4a21136b3a81f9e378ffae0?s=96&d=mm&r=g","contentUrl":"https:\/\/secure.gravatar.com\/avatar\/784b5b36cfe145ae19a52340f405285a939bcc08d4a21136b3a81f9e378ffae0?s=96&d=mm&r=g","caption":"Anders Arhammar"},"url":"https:\/\/www.arhammar.se\/blog\/author\/anders\/"}]}},"_links":{"self":[{"href":"https:\/\/www.arhammar.se\/blog\/wp-json\/wp\/v2\/posts\/26309","targetHints":{"allow":["GET"]}}],"collection":[{"href":"https:\/\/www.arhammar.se\/blog\/wp-json\/wp\/v2\/posts"}],"about":[{"href":"https:\/\/www.arhammar.se\/blog\/wp-json\/wp\/v2\/types\/post"}],"author":[{"embeddable":true,"href":"https:\/\/www.arhammar.se\/blog\/wp-json\/wp\/v2\/users\/2"}],"replies":[{"embeddable":true,"href":"https:\/\/www.arhammar.se\/blog\/wp-json\/wp\/v2\/comments?post=26309"}],"version-history":[{"count":4,"href":"https:\/\/www.arhammar.se\/blog\/wp-json\/wp\/v2\/posts\/26309\/revisions"}],"predecessor-version":[{"id":26532,"href":"https:\/\/www.arhammar.se\/blog\/wp-json\/wp\/v2\/posts\/26309\/revisions\/26532"}],"wp:featuredmedia":[{"embeddable":true,"href":"https:\/\/www.arhammar.se\/blog\/wp-json\/wp\/v2\/media\/26742"}],"wp:attachment":[{"href":"https:\/\/www.arhammar.se\/blog\/wp-json\/wp\/v2\/media?parent=26309"}],"wp:term":[{"taxonomy":"category","embeddable":true,"href":"https:\/\/www.arhammar.se\/blog\/wp-json\/wp\/v2\/categories?post=26309"},{"taxonomy":"post_tag","embeddable":true,"href":"https:\/\/www.arhammar.se\/blog\/wp-json\/wp\/v2\/tags?post=26309"}],"curies":[{"name":"wp","href":"https:\/\/api.w.org\/{rel}","templated":true}]}}