{"id":26308,"date":"2020-02-26T05:26:53","date_gmt":"2020-02-26T04:26:53","guid":{"rendered":"https:\/\/www.arhammar.se\/blog\/?p=26308"},"modified":"2020-03-07T13:55:36","modified_gmt":"2020-03-07T12:55:36","slug":"fredag-den-5-juli-1912-flera-av-dem-aro-riktigt-kacka","status":"publish","type":"post","link":"https:\/\/www.arhammar.se\/blog\/fredag-den-5-juli-1912-flera-av-dem-aro-riktigt-kacka\/","title":{"rendered":"Fredag den 5 juli 1912. Flera av dem \u00e4ro riktigt k\u00e4cka."},"content":{"rendered":"<p>Nu tror jag att det \u00e4ntligen skall bli vackert v\u00e4der. De tv\u00e5 sista dagarna har det varit h\u00e4rligt solsken. Vi ha ocks\u00e5 passat p\u00e5 att bada s\u00e5 mycket som m\u00f6jligt, men det ligger en b\u00e5t vid bryggan, s\u00e5 vi \u00e4r tvungna att ro ut p\u00e5 sj\u00f6n, vilket ju \u00e4r ganska besv\u00e4rligt. Ig\u00e5r fick jag brev fr\u00e5n Anna-Lisa. Hon var i Sunderland och skulle fara till Narvik. Jag skrev dit till henne. <\/p>\n<p>Idag gick jag upp klockan 7. T\u00e4nk s\u00e5 tidigt! Men, vad det var f\u00f6rtjusande ute! Str\u00e5lande solskensv\u00e4der och friskt och klart i luften. Och s\u00e5 den h\u00e4rliga naturen h\u00e4ruppe! Jag kan aldrig se mig m\u00e4tt p\u00e5 den. Jag f\u00f6rs\u00e4krar, att det kan inte vara vackrare n\u00e5gonstans p\u00e5 hela jorden. Om det bara vore litet mer &#8220;stadsfolk&#8221;, s\u00e5 skulle det vara riktigt h\u00e4rligt h\u00e4r. Men det \u00e4r bara &#8220;b\u00f6nder&#8221;att umg\u00e5s med. Flera av dem \u00e4ro riktigt k\u00e4cka, men det blir \u00e4nd\u00e5 inte detsamma, som kamrater i staden. N\u00e4r det blir alltf\u00f6r tr\u00e5kigt h\u00e4r, brukar jag g\u00e5 ner till Verner, han har alltid n\u00e5got komiskt att tala om. <\/p>\n<!-- AddThis Advanced Settings generic via filter on the_content --><!-- AddThis Share Buttons generic via filter on the_content -->","protected":false},"excerpt":{"rendered":"<p>Nu tror jag att det \u00e4ntligen skall bli vackert v\u00e4der. De tv\u00e5 sista dagarna har det varit h\u00e4rligt solsken. Vi ha ocks\u00e5 passat p\u00e5 att bada s\u00e5 mycket som m\u00f6jligt, men det ligger en b\u00e5t vid bryggan, s\u00e5 vi \u00e4r tvungna att ro ut p\u00e5 sj\u00f6n, vilket ju \u00e4r ganska besv\u00e4rligt. Ig\u00e5r fick jag brev [&hellip;]<!-- AddThis Advanced Settings generic via filter on wp_trim_excerpt --><!-- AddThis Share Buttons generic via filter on wp_trim_excerpt --><\/p>\n","protected":false},"author":2,"featured_media":26216,"comment_status":"open","ping_status":"open","sticky":false,"template":"","format":"standard","meta":{"footnotes":""},"categories":[3437,3425],"tags":[],"class_list":["post-26308","post","type-post","status-publish","format-standard","has-post-thumbnail","hentry","category-3437","category-mormors-dagbok"],"yoast_head":"<!-- This site is optimized with the Yoast SEO plugin v27.4 - https:\/\/yoast.com\/product\/yoast-seo-wordpress\/ -->\n<title>Fredag den 5 juli 1912. Flera av dem \u00e4ro riktigt k\u00e4cka. - @Arhammar bokstavligen<\/title>\n<meta name=\"robots\" content=\"index, follow, max-snippet:-1, max-image-preview:large, max-video-preview:-1\" \/>\n<link rel=\"canonical\" href=\"https:\/\/www.arhammar.se\/blog\/fredag-den-5-juli-1912-flera-av-dem-aro-riktigt-kacka\/\" \/>\n<meta property=\"og:locale\" content=\"en_US\" \/>\n<meta property=\"og:type\" content=\"article\" \/>\n<meta property=\"og:title\" content=\"Fredag den 5 juli 1912. Flera av dem \u00e4ro riktigt k\u00e4cka. - @Arhammar bokstavligen\" \/>\n<meta property=\"og:description\" content=\"Nu tror jag att det \u00e4ntligen skall bli vackert v\u00e4der. De tv\u00e5 sista dagarna har det varit h\u00e4rligt solsken. Vi ha ocks\u00e5 passat p\u00e5 att bada s\u00e5 mycket som m\u00f6jligt, men det ligger en b\u00e5t vid bryggan, s\u00e5 vi \u00e4r tvungna att ro ut p\u00e5 sj\u00f6n, vilket ju \u00e4r ganska besv\u00e4rligt. Ig\u00e5r fick jag brev [&hellip;]\" \/>\n<meta property=\"og:url\" content=\"https:\/\/www.arhammar.se\/blog\/fredag-den-5-juli-1912-flera-av-dem-aro-riktigt-kacka\/\" \/>\n<meta property=\"og:site_name\" content=\"@Arhammar bokstavligen\" \/>\n<meta property=\"article:published_time\" content=\"2020-02-26T04:26:53+00:00\" \/>\n<meta property=\"article:modified_time\" content=\"2020-03-07T12:55:36+00:00\" \/>\n<meta property=\"og:image\" content=\"https:\/\/www.arhammar.se\/blog\/wp-content\/uploads\/2020\/10\/juli1912.jpg\" \/>\n\t<meta property=\"og:image:width\" content=\"640\" \/>\n\t<meta property=\"og:image:height\" content=\"480\" \/>\n\t<meta property=\"og:image:type\" content=\"image\/jpeg\" \/>\n<meta name=\"author\" content=\"Anders Arhammar\" \/>\n<meta name=\"twitter:card\" content=\"summary_large_image\" \/>\n<meta name=\"twitter:label1\" content=\"Written by\" \/>\n\t<meta name=\"twitter:data1\" content=\"Anders Arhammar\" \/>\n\t<meta name=\"twitter:label2\" content=\"Est. reading time\" \/>\n\t<meta name=\"twitter:data2\" content=\"1 minute\" \/>\n<script type=\"application\/ld+json\" class=\"yoast-schema-graph\">{\"@context\":\"https:\\\/\\\/schema.org\",\"@graph\":[{\"@type\":\"Article\",\"@id\":\"https:\\\/\\\/www.arhammar.se\\\/blog\\\/fredag-den-5-juli-1912-flera-av-dem-aro-riktigt-kacka\\\/#article\",\"isPartOf\":{\"@id\":\"https:\\\/\\\/www.arhammar.se\\\/blog\\\/fredag-den-5-juli-1912-flera-av-dem-aro-riktigt-kacka\\\/\"},\"author\":{\"name\":\"Anders Arhammar\",\"@id\":\"https:\\\/\\\/www.arhammar.se\\\/blog\\\/#\\\/schema\\\/person\\\/061984c1d884b363e2c91550f2e00d1d\"},\"headline\":\"Fredag den 5 juli 1912. Flera av dem \u00e4ro riktigt k\u00e4cka.\",\"datePublished\":\"2020-02-26T04:26:53+00:00\",\"dateModified\":\"2020-03-07T12:55:36+00:00\",\"mainEntityOfPage\":{\"@id\":\"https:\\\/\\\/www.arhammar.se\\\/blog\\\/fredag-den-5-juli-1912-flera-av-dem-aro-riktigt-kacka\\\/\"},\"wordCount\":215,\"commentCount\":0,\"image\":{\"@id\":\"https:\\\/\\\/www.arhammar.se\\\/blog\\\/fredag-den-5-juli-1912-flera-av-dem-aro-riktigt-kacka\\\/#primaryimage\"},\"thumbnailUrl\":\"https:\\\/\\\/www.arhammar.se\\\/blog\\\/wp-content\\\/uploads\\\/2020\\\/10\\\/juli1912.jpg\",\"articleSection\":[\"1912\",\"mormors dagbok\"],\"inLanguage\":\"en-US\",\"potentialAction\":[{\"@type\":\"CommentAction\",\"name\":\"Comment\",\"target\":[\"https:\\\/\\\/www.arhammar.se\\\/blog\\\/fredag-den-5-juli-1912-flera-av-dem-aro-riktigt-kacka\\\/#respond\"]}]},{\"@type\":\"WebPage\",\"@id\":\"https:\\\/\\\/www.arhammar.se\\\/blog\\\/fredag-den-5-juli-1912-flera-av-dem-aro-riktigt-kacka\\\/\",\"url\":\"https:\\\/\\\/www.arhammar.se\\\/blog\\\/fredag-den-5-juli-1912-flera-av-dem-aro-riktigt-kacka\\\/\",\"name\":\"Fredag den 5 juli 1912. Flera av dem \u00e4ro riktigt k\u00e4cka. - @Arhammar bokstavligen\",\"isPartOf\":{\"@id\":\"https:\\\/\\\/www.arhammar.se\\\/blog\\\/#website\"},\"primaryImageOfPage\":{\"@id\":\"https:\\\/\\\/www.arhammar.se\\\/blog\\\/fredag-den-5-juli-1912-flera-av-dem-aro-riktigt-kacka\\\/#primaryimage\"},\"image\":{\"@id\":\"https:\\\/\\\/www.arhammar.se\\\/blog\\\/fredag-den-5-juli-1912-flera-av-dem-aro-riktigt-kacka\\\/#primaryimage\"},\"thumbnailUrl\":\"https:\\\/\\\/www.arhammar.se\\\/blog\\\/wp-content\\\/uploads\\\/2020\\\/10\\\/juli1912.jpg\",\"datePublished\":\"2020-02-26T04:26:53+00:00\",\"dateModified\":\"2020-03-07T12:55:36+00:00\",\"author\":{\"@id\":\"https:\\\/\\\/www.arhammar.se\\\/blog\\\/#\\\/schema\\\/person\\\/061984c1d884b363e2c91550f2e00d1d\"},\"breadcrumb\":{\"@id\":\"https:\\\/\\\/www.arhammar.se\\\/blog\\\/fredag-den-5-juli-1912-flera-av-dem-aro-riktigt-kacka\\\/#breadcrumb\"},\"inLanguage\":\"en-US\",\"potentialAction\":[{\"@type\":\"ReadAction\",\"target\":[\"https:\\\/\\\/www.arhammar.se\\\/blog\\\/fredag-den-5-juli-1912-flera-av-dem-aro-riktigt-kacka\\\/\"]}]},{\"@type\":\"ImageObject\",\"inLanguage\":\"en-US\",\"@id\":\"https:\\\/\\\/www.arhammar.se\\\/blog\\\/fredag-den-5-juli-1912-flera-av-dem-aro-riktigt-kacka\\\/#primaryimage\",\"url\":\"https:\\\/\\\/www.arhammar.se\\\/blog\\\/wp-content\\\/uploads\\\/2020\\\/10\\\/juli1912.jpg\",\"contentUrl\":\"https:\\\/\\\/www.arhammar.se\\\/blog\\\/wp-content\\\/uploads\\\/2020\\\/10\\\/juli1912.jpg\",\"width\":640,\"height\":480},{\"@type\":\"BreadcrumbList\",\"@id\":\"https:\\\/\\\/www.arhammar.se\\\/blog\\\/fredag-den-5-juli-1912-flera-av-dem-aro-riktigt-kacka\\\/#breadcrumb\",\"itemListElement\":[{\"@type\":\"ListItem\",\"position\":1,\"name\":\"Home\",\"item\":\"https:\\\/\\\/www.arhammar.se\\\/blog\\\/\"},{\"@type\":\"ListItem\",\"position\":2,\"name\":\"Fredag den 5 juli 1912. Flera av dem \u00e4ro riktigt k\u00e4cka.\"}]},{\"@type\":\"WebSite\",\"@id\":\"https:\\\/\\\/www.arhammar.se\\\/blog\\\/#website\",\"url\":\"https:\\\/\\\/www.arhammar.se\\\/blog\\\/\",\"name\":\"@Arhammar bokstavligen\",\"description\":\"Fr\u00e5n min penna och panna\",\"potentialAction\":[{\"@type\":\"SearchAction\",\"target\":{\"@type\":\"EntryPoint\",\"urlTemplate\":\"https:\\\/\\\/www.arhammar.se\\\/blog\\\/?s={search_term_string}\"},\"query-input\":{\"@type\":\"PropertyValueSpecification\",\"valueRequired\":true,\"valueName\":\"search_term_string\"}}],\"inLanguage\":\"en-US\"},{\"@type\":\"Person\",\"@id\":\"https:\\\/\\\/www.arhammar.se\\\/blog\\\/#\\\/schema\\\/person\\\/061984c1d884b363e2c91550f2e00d1d\",\"name\":\"Anders Arhammar\",\"image\":{\"@type\":\"ImageObject\",\"inLanguage\":\"en-US\",\"@id\":\"https:\\\/\\\/secure.gravatar.com\\\/avatar\\\/784b5b36cfe145ae19a52340f405285a939bcc08d4a21136b3a81f9e378ffae0?s=96&d=mm&r=g\",\"url\":\"https:\\\/\\\/secure.gravatar.com\\\/avatar\\\/784b5b36cfe145ae19a52340f405285a939bcc08d4a21136b3a81f9e378ffae0?s=96&d=mm&r=g\",\"contentUrl\":\"https:\\\/\\\/secure.gravatar.com\\\/avatar\\\/784b5b36cfe145ae19a52340f405285a939bcc08d4a21136b3a81f9e378ffae0?s=96&d=mm&r=g\",\"caption\":\"Anders Arhammar\"},\"url\":\"https:\\\/\\\/www.arhammar.se\\\/blog\\\/author\\\/anders\\\/\"}]}<\/script>\n<!-- \/ Yoast SEO plugin. -->","yoast_head_json":{"title":"Fredag den 5 juli 1912. Flera av dem \u00e4ro riktigt k\u00e4cka. - @Arhammar bokstavligen","robots":{"index":"index","follow":"follow","max-snippet":"max-snippet:-1","max-image-preview":"max-image-preview:large","max-video-preview":"max-video-preview:-1"},"canonical":"https:\/\/www.arhammar.se\/blog\/fredag-den-5-juli-1912-flera-av-dem-aro-riktigt-kacka\/","og_locale":"en_US","og_type":"article","og_title":"Fredag den 5 juli 1912. Flera av dem \u00e4ro riktigt k\u00e4cka. - @Arhammar bokstavligen","og_description":"Nu tror jag att det \u00e4ntligen skall bli vackert v\u00e4der. De tv\u00e5 sista dagarna har det varit h\u00e4rligt solsken. Vi ha ocks\u00e5 passat p\u00e5 att bada s\u00e5 mycket som m\u00f6jligt, men det ligger en b\u00e5t vid bryggan, s\u00e5 vi \u00e4r tvungna att ro ut p\u00e5 sj\u00f6n, vilket ju \u00e4r ganska besv\u00e4rligt. Ig\u00e5r fick jag brev [&hellip;]","og_url":"https:\/\/www.arhammar.se\/blog\/fredag-den-5-juli-1912-flera-av-dem-aro-riktigt-kacka\/","og_site_name":"@Arhammar bokstavligen","article_published_time":"2020-02-26T04:26:53+00:00","article_modified_time":"2020-03-07T12:55:36+00:00","og_image":[{"width":640,"height":480,"url":"https:\/\/www.arhammar.se\/blog\/wp-content\/uploads\/2020\/10\/juli1912.jpg","type":"image\/jpeg"}],"author":"Anders Arhammar","twitter_card":"summary_large_image","twitter_misc":{"Written by":"Anders Arhammar","Est. reading time":"1 minute"},"schema":{"@context":"https:\/\/schema.org","@graph":[{"@type":"Article","@id":"https:\/\/www.arhammar.se\/blog\/fredag-den-5-juli-1912-flera-av-dem-aro-riktigt-kacka\/#article","isPartOf":{"@id":"https:\/\/www.arhammar.se\/blog\/fredag-den-5-juli-1912-flera-av-dem-aro-riktigt-kacka\/"},"author":{"name":"Anders Arhammar","@id":"https:\/\/www.arhammar.se\/blog\/#\/schema\/person\/061984c1d884b363e2c91550f2e00d1d"},"headline":"Fredag den 5 juli 1912. Flera av dem \u00e4ro riktigt k\u00e4cka.","datePublished":"2020-02-26T04:26:53+00:00","dateModified":"2020-03-07T12:55:36+00:00","mainEntityOfPage":{"@id":"https:\/\/www.arhammar.se\/blog\/fredag-den-5-juli-1912-flera-av-dem-aro-riktigt-kacka\/"},"wordCount":215,"commentCount":0,"image":{"@id":"https:\/\/www.arhammar.se\/blog\/fredag-den-5-juli-1912-flera-av-dem-aro-riktigt-kacka\/#primaryimage"},"thumbnailUrl":"https:\/\/www.arhammar.se\/blog\/wp-content\/uploads\/2020\/10\/juli1912.jpg","articleSection":["1912","mormors dagbok"],"inLanguage":"en-US","potentialAction":[{"@type":"CommentAction","name":"Comment","target":["https:\/\/www.arhammar.se\/blog\/fredag-den-5-juli-1912-flera-av-dem-aro-riktigt-kacka\/#respond"]}]},{"@type":"WebPage","@id":"https:\/\/www.arhammar.se\/blog\/fredag-den-5-juli-1912-flera-av-dem-aro-riktigt-kacka\/","url":"https:\/\/www.arhammar.se\/blog\/fredag-den-5-juli-1912-flera-av-dem-aro-riktigt-kacka\/","name":"Fredag den 5 juli 1912. Flera av dem \u00e4ro riktigt k\u00e4cka. - @Arhammar bokstavligen","isPartOf":{"@id":"https:\/\/www.arhammar.se\/blog\/#website"},"primaryImageOfPage":{"@id":"https:\/\/www.arhammar.se\/blog\/fredag-den-5-juli-1912-flera-av-dem-aro-riktigt-kacka\/#primaryimage"},"image":{"@id":"https:\/\/www.arhammar.se\/blog\/fredag-den-5-juli-1912-flera-av-dem-aro-riktigt-kacka\/#primaryimage"},"thumbnailUrl":"https:\/\/www.arhammar.se\/blog\/wp-content\/uploads\/2020\/10\/juli1912.jpg","datePublished":"2020-02-26T04:26:53+00:00","dateModified":"2020-03-07T12:55:36+00:00","author":{"@id":"https:\/\/www.arhammar.se\/blog\/#\/schema\/person\/061984c1d884b363e2c91550f2e00d1d"},"breadcrumb":{"@id":"https:\/\/www.arhammar.se\/blog\/fredag-den-5-juli-1912-flera-av-dem-aro-riktigt-kacka\/#breadcrumb"},"inLanguage":"en-US","potentialAction":[{"@type":"ReadAction","target":["https:\/\/www.arhammar.se\/blog\/fredag-den-5-juli-1912-flera-av-dem-aro-riktigt-kacka\/"]}]},{"@type":"ImageObject","inLanguage":"en-US","@id":"https:\/\/www.arhammar.se\/blog\/fredag-den-5-juli-1912-flera-av-dem-aro-riktigt-kacka\/#primaryimage","url":"https:\/\/www.arhammar.se\/blog\/wp-content\/uploads\/2020\/10\/juli1912.jpg","contentUrl":"https:\/\/www.arhammar.se\/blog\/wp-content\/uploads\/2020\/10\/juli1912.jpg","width":640,"height":480},{"@type":"BreadcrumbList","@id":"https:\/\/www.arhammar.se\/blog\/fredag-den-5-juli-1912-flera-av-dem-aro-riktigt-kacka\/#breadcrumb","itemListElement":[{"@type":"ListItem","position":1,"name":"Home","item":"https:\/\/www.arhammar.se\/blog\/"},{"@type":"ListItem","position":2,"name":"Fredag den 5 juli 1912. Flera av dem \u00e4ro riktigt k\u00e4cka."}]},{"@type":"WebSite","@id":"https:\/\/www.arhammar.se\/blog\/#website","url":"https:\/\/www.arhammar.se\/blog\/","name":"@Arhammar bokstavligen","description":"Fr\u00e5n min penna och panna","potentialAction":[{"@type":"SearchAction","target":{"@type":"EntryPoint","urlTemplate":"https:\/\/www.arhammar.se\/blog\/?s={search_term_string}"},"query-input":{"@type":"PropertyValueSpecification","valueRequired":true,"valueName":"search_term_string"}}],"inLanguage":"en-US"},{"@type":"Person","@id":"https:\/\/www.arhammar.se\/blog\/#\/schema\/person\/061984c1d884b363e2c91550f2e00d1d","name":"Anders Arhammar","image":{"@type":"ImageObject","inLanguage":"en-US","@id":"https:\/\/secure.gravatar.com\/avatar\/784b5b36cfe145ae19a52340f405285a939bcc08d4a21136b3a81f9e378ffae0?s=96&d=mm&r=g","url":"https:\/\/secure.gravatar.com\/avatar\/784b5b36cfe145ae19a52340f405285a939bcc08d4a21136b3a81f9e378ffae0?s=96&d=mm&r=g","contentUrl":"https:\/\/secure.gravatar.com\/avatar\/784b5b36cfe145ae19a52340f405285a939bcc08d4a21136b3a81f9e378ffae0?s=96&d=mm&r=g","caption":"Anders Arhammar"},"url":"https:\/\/www.arhammar.se\/blog\/author\/anders\/"}]}},"_links":{"self":[{"href":"https:\/\/www.arhammar.se\/blog\/wp-json\/wp\/v2\/posts\/26308","targetHints":{"allow":["GET"]}}],"collection":[{"href":"https:\/\/www.arhammar.se\/blog\/wp-json\/wp\/v2\/posts"}],"about":[{"href":"https:\/\/www.arhammar.se\/blog\/wp-json\/wp\/v2\/types\/post"}],"author":[{"embeddable":true,"href":"https:\/\/www.arhammar.se\/blog\/wp-json\/wp\/v2\/users\/2"}],"replies":[{"embeddable":true,"href":"https:\/\/www.arhammar.se\/blog\/wp-json\/wp\/v2\/comments?post=26308"}],"version-history":[{"count":3,"href":"https:\/\/www.arhammar.se\/blog\/wp-json\/wp\/v2\/posts\/26308\/revisions"}],"predecessor-version":[{"id":26531,"href":"https:\/\/www.arhammar.se\/blog\/wp-json\/wp\/v2\/posts\/26308\/revisions\/26531"}],"wp:featuredmedia":[{"embeddable":true,"href":"https:\/\/www.arhammar.se\/blog\/wp-json\/wp\/v2\/media\/26216"}],"wp:attachment":[{"href":"https:\/\/www.arhammar.se\/blog\/wp-json\/wp\/v2\/media?parent=26308"}],"wp:term":[{"taxonomy":"category","embeddable":true,"href":"https:\/\/www.arhammar.se\/blog\/wp-json\/wp\/v2\/categories?post=26308"},{"taxonomy":"post_tag","embeddable":true,"href":"https:\/\/www.arhammar.se\/blog\/wp-json\/wp\/v2\/tags?post=26308"}],"curies":[{"name":"wp","href":"https:\/\/api.w.org\/{rel}","templated":true}]}}