{"id":25940,"date":"2020-03-06T03:10:47","date_gmt":"2020-03-06T02:10:47","guid":{"rendered":"https:\/\/www.arhammar.se\/blog\/?p=25940"},"modified":"2020-04-27T13:40:46","modified_gmt":"2020-04-27T12:40:46","slug":"fredag-den-3-mars-1916","status":"publish","type":"post","link":"https:\/\/www.arhammar.se\/blog\/fredag-den-3-mars-1916\/","title":{"rendered":"Fredag den 3 mars 1916. Lars Hansson var bra, likas\u00e5 Fr\u00f6berg och St\u00e5l."},"content":{"rendered":"<p>Ny m\u00e5nad igen! Som vanligt torde en l\u00e4ngre utgjutelse om tidens snabba flykt vara p\u00e5 sin plats! P\u00e5 tisdag skulle doktorn bort p\u00e5 kv\u00e4llen, s\u00e5 d\u00e5 satt jag h\u00e4r i min ensamhet igen. Men, just som jag satt och funderade om jag skulle ta och gr\u00e5ta ett tag av idel ledsnad eller g\u00e5 och l\u00e4gga mig, ringde Anna och fr\u00e5gade, om jag ville g\u00e5 med p\u00e5 &#8220;bio&#8221;. Nat\u00fcrlich, och s\u00e5 var vi p\u00e5 R\u00f6da kvarn, Anna, Naemi, herr S. och jag. Det var ganska bra och musiken spelade som vanligt \u00f6verd\u00e5digt. <\/p>\n<p>P\u00e5 tisdag f\u00f6rmiddag reste farbror Blomberg, och jag var med Eric ner till t\u00e5get och f\u00f6ljde honom. P\u00e5 samma g\u00e5ng reste Oskarsteaterns artister till G\u00f6teborg. D\u00e4r voro Niska, Schr\u00f6der, Ottosson m.fl.  Naima Wifstrand och hela &#8220;bibban&#8221;. Det var n\u00e5gonting f\u00f6r Rut, som \u00e4nnu lider av kroniskt sk\u00e5despelardille. Sen f\u00f6ljde Eric mig till R\u00e5dmansgatan. Jag skulle upp och gratulera Maja p\u00e5 namnsdagen. Gav henne tv\u00e5 sm\u00e5 saladierer av kristall. <\/p>\n<p>Ig\u00e5r var jag bjuden med doktorn till Herlitz p\u00e5 middag. Unge Ivar f\u00f6rde mig till bords, och vi diskuterade musik v\u00e4ldeliga. Han, liksom alla barnen Herlitz, f\u00f6refaller att vara ytterst v\u00e4luppfostrad och rar, och det \u00e4ro de alla, s\u00e4ger doktorn. P\u00e5 kv\u00e4llen bj\u00f6d Elsa mig p\u00e5 intima teatern d\u00e4r Gustaf III spelades. Det var mycket vackra dekorationer och trevliga dr\u00e4kter, och massor av \u00e4dlingar etc. Gustaf III, Lars Hansson var bra, likas\u00e5 Armfelt -Fr\u00f6berg, och general B\u00e4cklin- St\u00e5l. Men o, en s\u00e5 lustig liten teatersalong! Och s\u00e5dana minimala avkl\u00e4dningsrum. Nu skall jag ta och skriva till Rut.<\/p>\n<!-- AddThis Advanced Settings generic via filter on the_content --><!-- AddThis Share Buttons generic via filter on the_content -->","protected":false},"excerpt":{"rendered":"<p>Ny m\u00e5nad igen! Som vanligt torde en l\u00e4ngre utgjutelse om tidens snabba flykt vara p\u00e5 sin plats! P\u00e5 tisdag skulle doktorn bort p\u00e5 kv\u00e4llen, s\u00e5 d\u00e5 satt jag h\u00e4r i min ensamhet igen. Men, just som jag satt och funderade om jag skulle ta och gr\u00e5ta ett tag av idel ledsnad eller g\u00e5 och l\u00e4gga [&hellip;]<!-- AddThis Advanced Settings generic via filter on wp_trim_excerpt --><!-- AddThis Share Buttons generic via filter on wp_trim_excerpt --><\/p>\n","protected":false},"author":2,"featured_media":28206,"comment_status":"open","ping_status":"open","sticky":false,"template":"","format":"standard","meta":{"footnotes":""},"categories":[3441,3425],"tags":[],"class_list":["post-25940","post","type-post","status-publish","format-standard","has-post-thumbnail","hentry","category-3441","category-mormors-dagbok"],"yoast_head":"<!-- This site is optimized with the Yoast SEO plugin v27.4 - https:\/\/yoast.com\/product\/yoast-seo-wordpress\/ -->\n<title>Fredag den 3 mars 1916. Lars Hansson var bra, likas\u00e5 Fr\u00f6berg och St\u00e5l. - @Arhammar bokstavligen<\/title>\n<meta name=\"robots\" content=\"index, follow, max-snippet:-1, max-image-preview:large, max-video-preview:-1\" \/>\n<link rel=\"canonical\" href=\"https:\/\/www.arhammar.se\/blog\/fredag-den-3-mars-1916\/\" \/>\n<meta property=\"og:locale\" content=\"en_US\" \/>\n<meta property=\"og:type\" content=\"article\" \/>\n<meta property=\"og:title\" content=\"Fredag den 3 mars 1916. Lars Hansson var bra, likas\u00e5 Fr\u00f6berg och St\u00e5l. - @Arhammar bokstavligen\" \/>\n<meta property=\"og:description\" content=\"Ny m\u00e5nad igen! Som vanligt torde en l\u00e4ngre utgjutelse om tidens snabba flykt vara p\u00e5 sin plats! P\u00e5 tisdag skulle doktorn bort p\u00e5 kv\u00e4llen, s\u00e5 d\u00e5 satt jag h\u00e4r i min ensamhet igen. Men, just som jag satt och funderade om jag skulle ta och gr\u00e5ta ett tag av idel ledsnad eller g\u00e5 och l\u00e4gga [&hellip;]\" \/>\n<meta property=\"og:url\" content=\"https:\/\/www.arhammar.se\/blog\/fredag-den-3-mars-1916\/\" \/>\n<meta property=\"og:site_name\" content=\"@Arhammar bokstavligen\" \/>\n<meta property=\"article:published_time\" content=\"2020-03-06T02:10:47+00:00\" \/>\n<meta property=\"article:modified_time\" content=\"2020-04-27T12:40:46+00:00\" \/>\n<meta property=\"og:image\" content=\"https:\/\/www.arhammar.se\/blog\/wp-content\/uploads\/2020\/03\/dbgustav3.jpg\" \/>\n\t<meta property=\"og:image:width\" content=\"640\" \/>\n\t<meta property=\"og:image:height\" content=\"480\" \/>\n\t<meta property=\"og:image:type\" content=\"image\/jpeg\" \/>\n<meta name=\"author\" content=\"Anders Arhammar\" \/>\n<meta name=\"twitter:card\" content=\"summary_large_image\" \/>\n<meta name=\"twitter:label1\" content=\"Written by\" \/>\n\t<meta name=\"twitter:data1\" content=\"Anders Arhammar\" \/>\n\t<meta name=\"twitter:label2\" content=\"Est. reading time\" \/>\n\t<meta name=\"twitter:data2\" content=\"1 minute\" \/>\n<script type=\"application\/ld+json\" class=\"yoast-schema-graph\">{\"@context\":\"https:\\\/\\\/schema.org\",\"@graph\":[{\"@type\":\"Article\",\"@id\":\"https:\\\/\\\/www.arhammar.se\\\/blog\\\/fredag-den-3-mars-1916\\\/#article\",\"isPartOf\":{\"@id\":\"https:\\\/\\\/www.arhammar.se\\\/blog\\\/fredag-den-3-mars-1916\\\/\"},\"author\":{\"name\":\"Anders Arhammar\",\"@id\":\"https:\\\/\\\/www.arhammar.se\\\/blog\\\/#\\\/schema\\\/person\\\/061984c1d884b363e2c91550f2e00d1d\"},\"headline\":\"Fredag den 3 mars 1916. Lars Hansson var bra, likas\u00e5 Fr\u00f6berg och St\u00e5l.\",\"datePublished\":\"2020-03-06T02:10:47+00:00\",\"dateModified\":\"2020-04-27T12:40:46+00:00\",\"mainEntityOfPage\":{\"@id\":\"https:\\\/\\\/www.arhammar.se\\\/blog\\\/fredag-den-3-mars-1916\\\/\"},\"wordCount\":307,\"commentCount\":0,\"image\":{\"@id\":\"https:\\\/\\\/www.arhammar.se\\\/blog\\\/fredag-den-3-mars-1916\\\/#primaryimage\"},\"thumbnailUrl\":\"https:\\\/\\\/www.arhammar.se\\\/blog\\\/wp-content\\\/uploads\\\/2020\\\/03\\\/dbgustav3.jpg\",\"articleSection\":[\"1916\",\"mormors dagbok\"],\"inLanguage\":\"en-US\",\"potentialAction\":[{\"@type\":\"CommentAction\",\"name\":\"Comment\",\"target\":[\"https:\\\/\\\/www.arhammar.se\\\/blog\\\/fredag-den-3-mars-1916\\\/#respond\"]}]},{\"@type\":\"WebPage\",\"@id\":\"https:\\\/\\\/www.arhammar.se\\\/blog\\\/fredag-den-3-mars-1916\\\/\",\"url\":\"https:\\\/\\\/www.arhammar.se\\\/blog\\\/fredag-den-3-mars-1916\\\/\",\"name\":\"Fredag den 3 mars 1916. Lars Hansson var bra, likas\u00e5 Fr\u00f6berg och St\u00e5l. - @Arhammar bokstavligen\",\"isPartOf\":{\"@id\":\"https:\\\/\\\/www.arhammar.se\\\/blog\\\/#website\"},\"primaryImageOfPage\":{\"@id\":\"https:\\\/\\\/www.arhammar.se\\\/blog\\\/fredag-den-3-mars-1916\\\/#primaryimage\"},\"image\":{\"@id\":\"https:\\\/\\\/www.arhammar.se\\\/blog\\\/fredag-den-3-mars-1916\\\/#primaryimage\"},\"thumbnailUrl\":\"https:\\\/\\\/www.arhammar.se\\\/blog\\\/wp-content\\\/uploads\\\/2020\\\/03\\\/dbgustav3.jpg\",\"datePublished\":\"2020-03-06T02:10:47+00:00\",\"dateModified\":\"2020-04-27T12:40:46+00:00\",\"author\":{\"@id\":\"https:\\\/\\\/www.arhammar.se\\\/blog\\\/#\\\/schema\\\/person\\\/061984c1d884b363e2c91550f2e00d1d\"},\"breadcrumb\":{\"@id\":\"https:\\\/\\\/www.arhammar.se\\\/blog\\\/fredag-den-3-mars-1916\\\/#breadcrumb\"},\"inLanguage\":\"en-US\",\"potentialAction\":[{\"@type\":\"ReadAction\",\"target\":[\"https:\\\/\\\/www.arhammar.se\\\/blog\\\/fredag-den-3-mars-1916\\\/\"]}]},{\"@type\":\"ImageObject\",\"inLanguage\":\"en-US\",\"@id\":\"https:\\\/\\\/www.arhammar.se\\\/blog\\\/fredag-den-3-mars-1916\\\/#primaryimage\",\"url\":\"https:\\\/\\\/www.arhammar.se\\\/blog\\\/wp-content\\\/uploads\\\/2020\\\/03\\\/dbgustav3.jpg\",\"contentUrl\":\"https:\\\/\\\/www.arhammar.se\\\/blog\\\/wp-content\\\/uploads\\\/2020\\\/03\\\/dbgustav3.jpg\",\"width\":640,\"height\":480},{\"@type\":\"BreadcrumbList\",\"@id\":\"https:\\\/\\\/www.arhammar.se\\\/blog\\\/fredag-den-3-mars-1916\\\/#breadcrumb\",\"itemListElement\":[{\"@type\":\"ListItem\",\"position\":1,\"name\":\"Home\",\"item\":\"https:\\\/\\\/www.arhammar.se\\\/blog\\\/\"},{\"@type\":\"ListItem\",\"position\":2,\"name\":\"Fredag den 3 mars 1916. Lars Hansson var bra, likas\u00e5 Fr\u00f6berg och St\u00e5l.\"}]},{\"@type\":\"WebSite\",\"@id\":\"https:\\\/\\\/www.arhammar.se\\\/blog\\\/#website\",\"url\":\"https:\\\/\\\/www.arhammar.se\\\/blog\\\/\",\"name\":\"@Arhammar bokstavligen\",\"description\":\"Fr\u00e5n min penna och panna\",\"potentialAction\":[{\"@type\":\"SearchAction\",\"target\":{\"@type\":\"EntryPoint\",\"urlTemplate\":\"https:\\\/\\\/www.arhammar.se\\\/blog\\\/?s={search_term_string}\"},\"query-input\":{\"@type\":\"PropertyValueSpecification\",\"valueRequired\":true,\"valueName\":\"search_term_string\"}}],\"inLanguage\":\"en-US\"},{\"@type\":\"Person\",\"@id\":\"https:\\\/\\\/www.arhammar.se\\\/blog\\\/#\\\/schema\\\/person\\\/061984c1d884b363e2c91550f2e00d1d\",\"name\":\"Anders Arhammar\",\"image\":{\"@type\":\"ImageObject\",\"inLanguage\":\"en-US\",\"@id\":\"https:\\\/\\\/secure.gravatar.com\\\/avatar\\\/784b5b36cfe145ae19a52340f405285a939bcc08d4a21136b3a81f9e378ffae0?s=96&d=mm&r=g\",\"url\":\"https:\\\/\\\/secure.gravatar.com\\\/avatar\\\/784b5b36cfe145ae19a52340f405285a939bcc08d4a21136b3a81f9e378ffae0?s=96&d=mm&r=g\",\"contentUrl\":\"https:\\\/\\\/secure.gravatar.com\\\/avatar\\\/784b5b36cfe145ae19a52340f405285a939bcc08d4a21136b3a81f9e378ffae0?s=96&d=mm&r=g\",\"caption\":\"Anders Arhammar\"},\"url\":\"https:\\\/\\\/www.arhammar.se\\\/blog\\\/author\\\/anders\\\/\"}]}<\/script>\n<!-- \/ Yoast SEO plugin. -->","yoast_head_json":{"title":"Fredag den 3 mars 1916. Lars Hansson var bra, likas\u00e5 Fr\u00f6berg och St\u00e5l. - @Arhammar bokstavligen","robots":{"index":"index","follow":"follow","max-snippet":"max-snippet:-1","max-image-preview":"max-image-preview:large","max-video-preview":"max-video-preview:-1"},"canonical":"https:\/\/www.arhammar.se\/blog\/fredag-den-3-mars-1916\/","og_locale":"en_US","og_type":"article","og_title":"Fredag den 3 mars 1916. Lars Hansson var bra, likas\u00e5 Fr\u00f6berg och St\u00e5l. - @Arhammar bokstavligen","og_description":"Ny m\u00e5nad igen! Som vanligt torde en l\u00e4ngre utgjutelse om tidens snabba flykt vara p\u00e5 sin plats! P\u00e5 tisdag skulle doktorn bort p\u00e5 kv\u00e4llen, s\u00e5 d\u00e5 satt jag h\u00e4r i min ensamhet igen. Men, just som jag satt och funderade om jag skulle ta och gr\u00e5ta ett tag av idel ledsnad eller g\u00e5 och l\u00e4gga [&hellip;]","og_url":"https:\/\/www.arhammar.se\/blog\/fredag-den-3-mars-1916\/","og_site_name":"@Arhammar bokstavligen","article_published_time":"2020-03-06T02:10:47+00:00","article_modified_time":"2020-04-27T12:40:46+00:00","og_image":[{"width":640,"height":480,"url":"https:\/\/www.arhammar.se\/blog\/wp-content\/uploads\/2020\/03\/dbgustav3.jpg","type":"image\/jpeg"}],"author":"Anders Arhammar","twitter_card":"summary_large_image","twitter_misc":{"Written by":"Anders Arhammar","Est. reading time":"1 minute"},"schema":{"@context":"https:\/\/schema.org","@graph":[{"@type":"Article","@id":"https:\/\/www.arhammar.se\/blog\/fredag-den-3-mars-1916\/#article","isPartOf":{"@id":"https:\/\/www.arhammar.se\/blog\/fredag-den-3-mars-1916\/"},"author":{"name":"Anders Arhammar","@id":"https:\/\/www.arhammar.se\/blog\/#\/schema\/person\/061984c1d884b363e2c91550f2e00d1d"},"headline":"Fredag den 3 mars 1916. Lars Hansson var bra, likas\u00e5 Fr\u00f6berg och St\u00e5l.","datePublished":"2020-03-06T02:10:47+00:00","dateModified":"2020-04-27T12:40:46+00:00","mainEntityOfPage":{"@id":"https:\/\/www.arhammar.se\/blog\/fredag-den-3-mars-1916\/"},"wordCount":307,"commentCount":0,"image":{"@id":"https:\/\/www.arhammar.se\/blog\/fredag-den-3-mars-1916\/#primaryimage"},"thumbnailUrl":"https:\/\/www.arhammar.se\/blog\/wp-content\/uploads\/2020\/03\/dbgustav3.jpg","articleSection":["1916","mormors dagbok"],"inLanguage":"en-US","potentialAction":[{"@type":"CommentAction","name":"Comment","target":["https:\/\/www.arhammar.se\/blog\/fredag-den-3-mars-1916\/#respond"]}]},{"@type":"WebPage","@id":"https:\/\/www.arhammar.se\/blog\/fredag-den-3-mars-1916\/","url":"https:\/\/www.arhammar.se\/blog\/fredag-den-3-mars-1916\/","name":"Fredag den 3 mars 1916. Lars Hansson var bra, likas\u00e5 Fr\u00f6berg och St\u00e5l. - @Arhammar bokstavligen","isPartOf":{"@id":"https:\/\/www.arhammar.se\/blog\/#website"},"primaryImageOfPage":{"@id":"https:\/\/www.arhammar.se\/blog\/fredag-den-3-mars-1916\/#primaryimage"},"image":{"@id":"https:\/\/www.arhammar.se\/blog\/fredag-den-3-mars-1916\/#primaryimage"},"thumbnailUrl":"https:\/\/www.arhammar.se\/blog\/wp-content\/uploads\/2020\/03\/dbgustav3.jpg","datePublished":"2020-03-06T02:10:47+00:00","dateModified":"2020-04-27T12:40:46+00:00","author":{"@id":"https:\/\/www.arhammar.se\/blog\/#\/schema\/person\/061984c1d884b363e2c91550f2e00d1d"},"breadcrumb":{"@id":"https:\/\/www.arhammar.se\/blog\/fredag-den-3-mars-1916\/#breadcrumb"},"inLanguage":"en-US","potentialAction":[{"@type":"ReadAction","target":["https:\/\/www.arhammar.se\/blog\/fredag-den-3-mars-1916\/"]}]},{"@type":"ImageObject","inLanguage":"en-US","@id":"https:\/\/www.arhammar.se\/blog\/fredag-den-3-mars-1916\/#primaryimage","url":"https:\/\/www.arhammar.se\/blog\/wp-content\/uploads\/2020\/03\/dbgustav3.jpg","contentUrl":"https:\/\/www.arhammar.se\/blog\/wp-content\/uploads\/2020\/03\/dbgustav3.jpg","width":640,"height":480},{"@type":"BreadcrumbList","@id":"https:\/\/www.arhammar.se\/blog\/fredag-den-3-mars-1916\/#breadcrumb","itemListElement":[{"@type":"ListItem","position":1,"name":"Home","item":"https:\/\/www.arhammar.se\/blog\/"},{"@type":"ListItem","position":2,"name":"Fredag den 3 mars 1916. Lars Hansson var bra, likas\u00e5 Fr\u00f6berg och St\u00e5l."}]},{"@type":"WebSite","@id":"https:\/\/www.arhammar.se\/blog\/#website","url":"https:\/\/www.arhammar.se\/blog\/","name":"@Arhammar bokstavligen","description":"Fr\u00e5n min penna och panna","potentialAction":[{"@type":"SearchAction","target":{"@type":"EntryPoint","urlTemplate":"https:\/\/www.arhammar.se\/blog\/?s={search_term_string}"},"query-input":{"@type":"PropertyValueSpecification","valueRequired":true,"valueName":"search_term_string"}}],"inLanguage":"en-US"},{"@type":"Person","@id":"https:\/\/www.arhammar.se\/blog\/#\/schema\/person\/061984c1d884b363e2c91550f2e00d1d","name":"Anders Arhammar","image":{"@type":"ImageObject","inLanguage":"en-US","@id":"https:\/\/secure.gravatar.com\/avatar\/784b5b36cfe145ae19a52340f405285a939bcc08d4a21136b3a81f9e378ffae0?s=96&d=mm&r=g","url":"https:\/\/secure.gravatar.com\/avatar\/784b5b36cfe145ae19a52340f405285a939bcc08d4a21136b3a81f9e378ffae0?s=96&d=mm&r=g","contentUrl":"https:\/\/secure.gravatar.com\/avatar\/784b5b36cfe145ae19a52340f405285a939bcc08d4a21136b3a81f9e378ffae0?s=96&d=mm&r=g","caption":"Anders Arhammar"},"url":"https:\/\/www.arhammar.se\/blog\/author\/anders\/"}]}},"_links":{"self":[{"href":"https:\/\/www.arhammar.se\/blog\/wp-json\/wp\/v2\/posts\/25940","targetHints":{"allow":["GET"]}}],"collection":[{"href":"https:\/\/www.arhammar.se\/blog\/wp-json\/wp\/v2\/posts"}],"about":[{"href":"https:\/\/www.arhammar.se\/blog\/wp-json\/wp\/v2\/types\/post"}],"author":[{"embeddable":true,"href":"https:\/\/www.arhammar.se\/blog\/wp-json\/wp\/v2\/users\/2"}],"replies":[{"embeddable":true,"href":"https:\/\/www.arhammar.se\/blog\/wp-json\/wp\/v2\/comments?post=25940"}],"version-history":[{"count":4,"href":"https:\/\/www.arhammar.se\/blog\/wp-json\/wp\/v2\/posts\/25940\/revisions"}],"predecessor-version":[{"id":26025,"href":"https:\/\/www.arhammar.se\/blog\/wp-json\/wp\/v2\/posts\/25940\/revisions\/26025"}],"wp:featuredmedia":[{"embeddable":true,"href":"https:\/\/www.arhammar.se\/blog\/wp-json\/wp\/v2\/media\/28206"}],"wp:attachment":[{"href":"https:\/\/www.arhammar.se\/blog\/wp-json\/wp\/v2\/media?parent=25940"}],"wp:term":[{"taxonomy":"category","embeddable":true,"href":"https:\/\/www.arhammar.se\/blog\/wp-json\/wp\/v2\/categories?post=25940"},{"taxonomy":"post_tag","embeddable":true,"href":"https:\/\/www.arhammar.se\/blog\/wp-json\/wp\/v2\/tags?post=25940"}],"curies":[{"name":"wp","href":"https:\/\/api.w.org\/{rel}","templated":true}]}}