{"id":25936,"date":"2020-03-06T02:50:31","date_gmt":"2020-03-06T01:50:31","guid":{"rendered":"https:\/\/www.arhammar.se\/blog\/?p=25936"},"modified":"2020-04-27T12:59:45","modified_gmt":"2020-04-27T11:59:45","slug":"mandag-den-28-februari-1916","status":"publish","type":"post","link":"https:\/\/www.arhammar.se\/blog\/mandag-den-28-februari-1916\/","title":{"rendered":"M\u00e5ndag den 28 februari 1916. T\u00e4nkte att sitta och l\u00e4sa f\u00f6r doktorn."},"content":{"rendered":"<p>Tiden g\u00e5r. Oh, s\u00e5 f\u00f6rf\u00e4rligt fort. Ja, ja, innan man vet ordet av, s\u00e5 ligger man d\u00e4r med n\u00e4san mitt i ansiktet! Ig\u00e5r blev jag pl\u00f6tsligt mycket \u00f6verraskad. I s\u00e4llskap med Dagny Hellstr\u00f6m kom jag g\u00e5ende Strandv\u00e4gen fram, d\u00e5 vi pl\u00f6tsligt m\u00f6tte farbror Blomberg och Eric! Jag pratade som allra hastigast med dem i f\u00f6rbifarten. Sen p\u00e5 eftermiddagen ringde Eric och fr\u00e5gade om jag ville g\u00e5 med honom och en yngling till p\u00e5 Phoenixpalatset. Jag fick lov och vi gick dit och d\u00e4r var riktigt trevligt. R\u00e4tt som vi stod d\u00e4r och tittade efter ett bord, kom Naemi framramlande. Hon var d\u00e4r i s\u00e4llskap med familjen och Anderssons. Den andre ynglingen hette \u00c5kerstr\u00f6m och verkade att vara s\u00e4rdeles trevlig. Vi satt alldeles framme vid musiken, som spelade utm\u00e4rkt. Och vi pratade som det v\u00e4rsta f\u00f6rst\u00e5s. <\/p>\n<p>Eric har f\u00e5tt plats i en firma h\u00e4r som korrespondent. Undrar just hur han kommer att klara sig. Jag har nu t\u00e4nkt, att jag i min ensamhet h\u00e4r om f\u00f6rmiddagarna skulle l\u00e4ra mig stenografi och handelskorrespondens p\u00e5 egen hand, sen skulle jag l\u00e4ra maskinskrivning p\u00e5 Remington och s\u00e5 f\u00e5 en finare kontorsplats. Det vore v\u00e4l inte s\u00e5 om\u00f6jligt. <\/p>\n<p>I morn \u00e4r det Maria, och d\u00e5 \u00e4r man tvungen att g\u00e5 upp och gratulera Maja f\u00f6rst\u00e5s. Jag har inte den ringaste lust d\u00e4rtill. Undrar om det inte vore b\u00e4st att h\u00e5lla mig inne hela dan imorgon f\u00f6r snuvans skull. Ikv\u00e4ll skall jag inte g\u00e5 till gymnastiken p\u00e5 grund d\u00e4rav. T\u00e4nkte att sitta och l\u00e4sa f\u00f6r doktorn i st\u00e4llet. Men han skulle ut, s\u00e5 h\u00e4r sitter jag nu med l\u00e5ng n\u00e4sa i min ensamhet. I brist p\u00e5 annan syssels\u00e4ttning skall jag best\u00e4mt ta \u00e5 bada. Ja, de tror jag jag g\u00f6r! Tjing tjong.<\/p>\n<!-- AddThis Advanced Settings generic via filter on the_content --><!-- AddThis Share Buttons generic via filter on the_content -->","protected":false},"excerpt":{"rendered":"<p>Tiden g\u00e5r. Oh, s\u00e5 f\u00f6rf\u00e4rligt fort. Ja, ja, innan man vet ordet av, s\u00e5 ligger man d\u00e4r med n\u00e4san mitt i ansiktet! Ig\u00e5r blev jag pl\u00f6tsligt mycket \u00f6verraskad. I s\u00e4llskap med Dagny Hellstr\u00f6m kom jag g\u00e5ende Strandv\u00e4gen fram, d\u00e5 vi pl\u00f6tsligt m\u00f6tte farbror Blomberg och Eric! Jag pratade som allra hastigast med dem i f\u00f6rbifarten. [&hellip;]<!-- AddThis Advanced Settings generic via filter on wp_trim_excerpt --><!-- AddThis Share Buttons generic via filter on wp_trim_excerpt --><\/p>\n","protected":false},"author":2,"featured_media":28205,"comment_status":"open","ping_status":"open","sticky":false,"template":"","format":"standard","meta":{"footnotes":""},"categories":[3441,3425],"tags":[],"class_list":["post-25936","post","type-post","status-publish","format-standard","has-post-thumbnail","hentry","category-3441","category-mormors-dagbok"],"yoast_head":"<!-- This site is optimized with the Yoast SEO plugin v27.4 - https:\/\/yoast.com\/product\/yoast-seo-wordpress\/ -->\n<title>M\u00e5ndag den 28 februari 1916. T\u00e4nkte att sitta och l\u00e4sa f\u00f6r doktorn. - @Arhammar bokstavligen<\/title>\n<meta name=\"robots\" content=\"index, follow, max-snippet:-1, max-image-preview:large, max-video-preview:-1\" \/>\n<link rel=\"canonical\" href=\"https:\/\/www.arhammar.se\/blog\/mandag-den-28-februari-1916\/\" \/>\n<meta property=\"og:locale\" content=\"en_US\" \/>\n<meta property=\"og:type\" content=\"article\" \/>\n<meta property=\"og:title\" content=\"M\u00e5ndag den 28 februari 1916. T\u00e4nkte att sitta och l\u00e4sa f\u00f6r doktorn. - @Arhammar bokstavligen\" \/>\n<meta property=\"og:description\" content=\"Tiden g\u00e5r. Oh, s\u00e5 f\u00f6rf\u00e4rligt fort. Ja, ja, innan man vet ordet av, s\u00e5 ligger man d\u00e4r med n\u00e4san mitt i ansiktet! Ig\u00e5r blev jag pl\u00f6tsligt mycket \u00f6verraskad. I s\u00e4llskap med Dagny Hellstr\u00f6m kom jag g\u00e5ende Strandv\u00e4gen fram, d\u00e5 vi pl\u00f6tsligt m\u00f6tte farbror Blomberg och Eric! Jag pratade som allra hastigast med dem i f\u00f6rbifarten. [&hellip;]\" \/>\n<meta property=\"og:url\" content=\"https:\/\/www.arhammar.se\/blog\/mandag-den-28-februari-1916\/\" \/>\n<meta property=\"og:site_name\" content=\"@Arhammar bokstavligen\" \/>\n<meta property=\"article:published_time\" content=\"2020-03-06T01:50:31+00:00\" \/>\n<meta property=\"article:modified_time\" content=\"2020-04-27T11:59:45+00:00\" \/>\n<meta property=\"og:image\" content=\"https:\/\/www.arhammar.se\/blog\/wp-content\/uploads\/2020\/03\/dbremington.jpg\" \/>\n\t<meta property=\"og:image:width\" content=\"640\" \/>\n\t<meta property=\"og:image:height\" content=\"480\" \/>\n\t<meta property=\"og:image:type\" content=\"image\/jpeg\" \/>\n<meta name=\"author\" content=\"Anders Arhammar\" \/>\n<meta name=\"twitter:card\" content=\"summary_large_image\" \/>\n<meta name=\"twitter:label1\" content=\"Written by\" \/>\n\t<meta name=\"twitter:data1\" content=\"Anders Arhammar\" \/>\n\t<meta name=\"twitter:label2\" content=\"Est. reading time\" \/>\n\t<meta name=\"twitter:data2\" content=\"2 minutes\" \/>\n<script type=\"application\/ld+json\" class=\"yoast-schema-graph\">{\"@context\":\"https:\\\/\\\/schema.org\",\"@graph\":[{\"@type\":\"Article\",\"@id\":\"https:\\\/\\\/www.arhammar.se\\\/blog\\\/mandag-den-28-februari-1916\\\/#article\",\"isPartOf\":{\"@id\":\"https:\\\/\\\/www.arhammar.se\\\/blog\\\/mandag-den-28-februari-1916\\\/\"},\"author\":{\"name\":\"Anders Arhammar\",\"@id\":\"https:\\\/\\\/www.arhammar.se\\\/blog\\\/#\\\/schema\\\/person\\\/061984c1d884b363e2c91550f2e00d1d\"},\"headline\":\"M\u00e5ndag den 28 februari 1916. T\u00e4nkte att sitta och l\u00e4sa f\u00f6r doktorn.\",\"datePublished\":\"2020-03-06T01:50:31+00:00\",\"dateModified\":\"2020-04-27T11:59:45+00:00\",\"mainEntityOfPage\":{\"@id\":\"https:\\\/\\\/www.arhammar.se\\\/blog\\\/mandag-den-28-februari-1916\\\/\"},\"wordCount\":352,\"commentCount\":0,\"image\":{\"@id\":\"https:\\\/\\\/www.arhammar.se\\\/blog\\\/mandag-den-28-februari-1916\\\/#primaryimage\"},\"thumbnailUrl\":\"https:\\\/\\\/www.arhammar.se\\\/blog\\\/wp-content\\\/uploads\\\/2020\\\/03\\\/dbremington.jpg\",\"articleSection\":[\"1916\",\"mormors dagbok\"],\"inLanguage\":\"en-US\",\"potentialAction\":[{\"@type\":\"CommentAction\",\"name\":\"Comment\",\"target\":[\"https:\\\/\\\/www.arhammar.se\\\/blog\\\/mandag-den-28-februari-1916\\\/#respond\"]}]},{\"@type\":\"WebPage\",\"@id\":\"https:\\\/\\\/www.arhammar.se\\\/blog\\\/mandag-den-28-februari-1916\\\/\",\"url\":\"https:\\\/\\\/www.arhammar.se\\\/blog\\\/mandag-den-28-februari-1916\\\/\",\"name\":\"M\u00e5ndag den 28 februari 1916. T\u00e4nkte att sitta och l\u00e4sa f\u00f6r doktorn. - @Arhammar bokstavligen\",\"isPartOf\":{\"@id\":\"https:\\\/\\\/www.arhammar.se\\\/blog\\\/#website\"},\"primaryImageOfPage\":{\"@id\":\"https:\\\/\\\/www.arhammar.se\\\/blog\\\/mandag-den-28-februari-1916\\\/#primaryimage\"},\"image\":{\"@id\":\"https:\\\/\\\/www.arhammar.se\\\/blog\\\/mandag-den-28-februari-1916\\\/#primaryimage\"},\"thumbnailUrl\":\"https:\\\/\\\/www.arhammar.se\\\/blog\\\/wp-content\\\/uploads\\\/2020\\\/03\\\/dbremington.jpg\",\"datePublished\":\"2020-03-06T01:50:31+00:00\",\"dateModified\":\"2020-04-27T11:59:45+00:00\",\"author\":{\"@id\":\"https:\\\/\\\/www.arhammar.se\\\/blog\\\/#\\\/schema\\\/person\\\/061984c1d884b363e2c91550f2e00d1d\"},\"breadcrumb\":{\"@id\":\"https:\\\/\\\/www.arhammar.se\\\/blog\\\/mandag-den-28-februari-1916\\\/#breadcrumb\"},\"inLanguage\":\"en-US\",\"potentialAction\":[{\"@type\":\"ReadAction\",\"target\":[\"https:\\\/\\\/www.arhammar.se\\\/blog\\\/mandag-den-28-februari-1916\\\/\"]}]},{\"@type\":\"ImageObject\",\"inLanguage\":\"en-US\",\"@id\":\"https:\\\/\\\/www.arhammar.se\\\/blog\\\/mandag-den-28-februari-1916\\\/#primaryimage\",\"url\":\"https:\\\/\\\/www.arhammar.se\\\/blog\\\/wp-content\\\/uploads\\\/2020\\\/03\\\/dbremington.jpg\",\"contentUrl\":\"https:\\\/\\\/www.arhammar.se\\\/blog\\\/wp-content\\\/uploads\\\/2020\\\/03\\\/dbremington.jpg\",\"width\":640,\"height\":480},{\"@type\":\"BreadcrumbList\",\"@id\":\"https:\\\/\\\/www.arhammar.se\\\/blog\\\/mandag-den-28-februari-1916\\\/#breadcrumb\",\"itemListElement\":[{\"@type\":\"ListItem\",\"position\":1,\"name\":\"Home\",\"item\":\"https:\\\/\\\/www.arhammar.se\\\/blog\\\/\"},{\"@type\":\"ListItem\",\"position\":2,\"name\":\"M\u00e5ndag den 28 februari 1916. T\u00e4nkte att sitta och l\u00e4sa f\u00f6r doktorn.\"}]},{\"@type\":\"WebSite\",\"@id\":\"https:\\\/\\\/www.arhammar.se\\\/blog\\\/#website\",\"url\":\"https:\\\/\\\/www.arhammar.se\\\/blog\\\/\",\"name\":\"@Arhammar bokstavligen\",\"description\":\"Fr\u00e5n min penna och panna\",\"potentialAction\":[{\"@type\":\"SearchAction\",\"target\":{\"@type\":\"EntryPoint\",\"urlTemplate\":\"https:\\\/\\\/www.arhammar.se\\\/blog\\\/?s={search_term_string}\"},\"query-input\":{\"@type\":\"PropertyValueSpecification\",\"valueRequired\":true,\"valueName\":\"search_term_string\"}}],\"inLanguage\":\"en-US\"},{\"@type\":\"Person\",\"@id\":\"https:\\\/\\\/www.arhammar.se\\\/blog\\\/#\\\/schema\\\/person\\\/061984c1d884b363e2c91550f2e00d1d\",\"name\":\"Anders Arhammar\",\"image\":{\"@type\":\"ImageObject\",\"inLanguage\":\"en-US\",\"@id\":\"https:\\\/\\\/secure.gravatar.com\\\/avatar\\\/784b5b36cfe145ae19a52340f405285a939bcc08d4a21136b3a81f9e378ffae0?s=96&d=mm&r=g\",\"url\":\"https:\\\/\\\/secure.gravatar.com\\\/avatar\\\/784b5b36cfe145ae19a52340f405285a939bcc08d4a21136b3a81f9e378ffae0?s=96&d=mm&r=g\",\"contentUrl\":\"https:\\\/\\\/secure.gravatar.com\\\/avatar\\\/784b5b36cfe145ae19a52340f405285a939bcc08d4a21136b3a81f9e378ffae0?s=96&d=mm&r=g\",\"caption\":\"Anders Arhammar\"},\"url\":\"https:\\\/\\\/www.arhammar.se\\\/blog\\\/author\\\/anders\\\/\"}]}<\/script>\n<!-- \/ Yoast SEO plugin. -->","yoast_head_json":{"title":"M\u00e5ndag den 28 februari 1916. T\u00e4nkte att sitta och l\u00e4sa f\u00f6r doktorn. - @Arhammar bokstavligen","robots":{"index":"index","follow":"follow","max-snippet":"max-snippet:-1","max-image-preview":"max-image-preview:large","max-video-preview":"max-video-preview:-1"},"canonical":"https:\/\/www.arhammar.se\/blog\/mandag-den-28-februari-1916\/","og_locale":"en_US","og_type":"article","og_title":"M\u00e5ndag den 28 februari 1916. T\u00e4nkte att sitta och l\u00e4sa f\u00f6r doktorn. - @Arhammar bokstavligen","og_description":"Tiden g\u00e5r. Oh, s\u00e5 f\u00f6rf\u00e4rligt fort. Ja, ja, innan man vet ordet av, s\u00e5 ligger man d\u00e4r med n\u00e4san mitt i ansiktet! Ig\u00e5r blev jag pl\u00f6tsligt mycket \u00f6verraskad. I s\u00e4llskap med Dagny Hellstr\u00f6m kom jag g\u00e5ende Strandv\u00e4gen fram, d\u00e5 vi pl\u00f6tsligt m\u00f6tte farbror Blomberg och Eric! Jag pratade som allra hastigast med dem i f\u00f6rbifarten. [&hellip;]","og_url":"https:\/\/www.arhammar.se\/blog\/mandag-den-28-februari-1916\/","og_site_name":"@Arhammar bokstavligen","article_published_time":"2020-03-06T01:50:31+00:00","article_modified_time":"2020-04-27T11:59:45+00:00","og_image":[{"width":640,"height":480,"url":"https:\/\/www.arhammar.se\/blog\/wp-content\/uploads\/2020\/03\/dbremington.jpg","type":"image\/jpeg"}],"author":"Anders Arhammar","twitter_card":"summary_large_image","twitter_misc":{"Written by":"Anders Arhammar","Est. reading time":"2 minutes"},"schema":{"@context":"https:\/\/schema.org","@graph":[{"@type":"Article","@id":"https:\/\/www.arhammar.se\/blog\/mandag-den-28-februari-1916\/#article","isPartOf":{"@id":"https:\/\/www.arhammar.se\/blog\/mandag-den-28-februari-1916\/"},"author":{"name":"Anders Arhammar","@id":"https:\/\/www.arhammar.se\/blog\/#\/schema\/person\/061984c1d884b363e2c91550f2e00d1d"},"headline":"M\u00e5ndag den 28 februari 1916. T\u00e4nkte att sitta och l\u00e4sa f\u00f6r doktorn.","datePublished":"2020-03-06T01:50:31+00:00","dateModified":"2020-04-27T11:59:45+00:00","mainEntityOfPage":{"@id":"https:\/\/www.arhammar.se\/blog\/mandag-den-28-februari-1916\/"},"wordCount":352,"commentCount":0,"image":{"@id":"https:\/\/www.arhammar.se\/blog\/mandag-den-28-februari-1916\/#primaryimage"},"thumbnailUrl":"https:\/\/www.arhammar.se\/blog\/wp-content\/uploads\/2020\/03\/dbremington.jpg","articleSection":["1916","mormors dagbok"],"inLanguage":"en-US","potentialAction":[{"@type":"CommentAction","name":"Comment","target":["https:\/\/www.arhammar.se\/blog\/mandag-den-28-februari-1916\/#respond"]}]},{"@type":"WebPage","@id":"https:\/\/www.arhammar.se\/blog\/mandag-den-28-februari-1916\/","url":"https:\/\/www.arhammar.se\/blog\/mandag-den-28-februari-1916\/","name":"M\u00e5ndag den 28 februari 1916. T\u00e4nkte att sitta och l\u00e4sa f\u00f6r doktorn. - @Arhammar bokstavligen","isPartOf":{"@id":"https:\/\/www.arhammar.se\/blog\/#website"},"primaryImageOfPage":{"@id":"https:\/\/www.arhammar.se\/blog\/mandag-den-28-februari-1916\/#primaryimage"},"image":{"@id":"https:\/\/www.arhammar.se\/blog\/mandag-den-28-februari-1916\/#primaryimage"},"thumbnailUrl":"https:\/\/www.arhammar.se\/blog\/wp-content\/uploads\/2020\/03\/dbremington.jpg","datePublished":"2020-03-06T01:50:31+00:00","dateModified":"2020-04-27T11:59:45+00:00","author":{"@id":"https:\/\/www.arhammar.se\/blog\/#\/schema\/person\/061984c1d884b363e2c91550f2e00d1d"},"breadcrumb":{"@id":"https:\/\/www.arhammar.se\/blog\/mandag-den-28-februari-1916\/#breadcrumb"},"inLanguage":"en-US","potentialAction":[{"@type":"ReadAction","target":["https:\/\/www.arhammar.se\/blog\/mandag-den-28-februari-1916\/"]}]},{"@type":"ImageObject","inLanguage":"en-US","@id":"https:\/\/www.arhammar.se\/blog\/mandag-den-28-februari-1916\/#primaryimage","url":"https:\/\/www.arhammar.se\/blog\/wp-content\/uploads\/2020\/03\/dbremington.jpg","contentUrl":"https:\/\/www.arhammar.se\/blog\/wp-content\/uploads\/2020\/03\/dbremington.jpg","width":640,"height":480},{"@type":"BreadcrumbList","@id":"https:\/\/www.arhammar.se\/blog\/mandag-den-28-februari-1916\/#breadcrumb","itemListElement":[{"@type":"ListItem","position":1,"name":"Home","item":"https:\/\/www.arhammar.se\/blog\/"},{"@type":"ListItem","position":2,"name":"M\u00e5ndag den 28 februari 1916. T\u00e4nkte att sitta och l\u00e4sa f\u00f6r doktorn."}]},{"@type":"WebSite","@id":"https:\/\/www.arhammar.se\/blog\/#website","url":"https:\/\/www.arhammar.se\/blog\/","name":"@Arhammar bokstavligen","description":"Fr\u00e5n min penna och panna","potentialAction":[{"@type":"SearchAction","target":{"@type":"EntryPoint","urlTemplate":"https:\/\/www.arhammar.se\/blog\/?s={search_term_string}"},"query-input":{"@type":"PropertyValueSpecification","valueRequired":true,"valueName":"search_term_string"}}],"inLanguage":"en-US"},{"@type":"Person","@id":"https:\/\/www.arhammar.se\/blog\/#\/schema\/person\/061984c1d884b363e2c91550f2e00d1d","name":"Anders Arhammar","image":{"@type":"ImageObject","inLanguage":"en-US","@id":"https:\/\/secure.gravatar.com\/avatar\/784b5b36cfe145ae19a52340f405285a939bcc08d4a21136b3a81f9e378ffae0?s=96&d=mm&r=g","url":"https:\/\/secure.gravatar.com\/avatar\/784b5b36cfe145ae19a52340f405285a939bcc08d4a21136b3a81f9e378ffae0?s=96&d=mm&r=g","contentUrl":"https:\/\/secure.gravatar.com\/avatar\/784b5b36cfe145ae19a52340f405285a939bcc08d4a21136b3a81f9e378ffae0?s=96&d=mm&r=g","caption":"Anders Arhammar"},"url":"https:\/\/www.arhammar.se\/blog\/author\/anders\/"}]}},"_links":{"self":[{"href":"https:\/\/www.arhammar.se\/blog\/wp-json\/wp\/v2\/posts\/25936","targetHints":{"allow":["GET"]}}],"collection":[{"href":"https:\/\/www.arhammar.se\/blog\/wp-json\/wp\/v2\/posts"}],"about":[{"href":"https:\/\/www.arhammar.se\/blog\/wp-json\/wp\/v2\/types\/post"}],"author":[{"embeddable":true,"href":"https:\/\/www.arhammar.se\/blog\/wp-json\/wp\/v2\/users\/2"}],"replies":[{"embeddable":true,"href":"https:\/\/www.arhammar.se\/blog\/wp-json\/wp\/v2\/comments?post=25936"}],"version-history":[{"count":4,"href":"https:\/\/www.arhammar.se\/blog\/wp-json\/wp\/v2\/posts\/25936\/revisions"}],"predecessor-version":[{"id":28169,"href":"https:\/\/www.arhammar.se\/blog\/wp-json\/wp\/v2\/posts\/25936\/revisions\/28169"}],"wp:featuredmedia":[{"embeddable":true,"href":"https:\/\/www.arhammar.se\/blog\/wp-json\/wp\/v2\/media\/28205"}],"wp:attachment":[{"href":"https:\/\/www.arhammar.se\/blog\/wp-json\/wp\/v2\/media?parent=25936"}],"wp:term":[{"taxonomy":"category","embeddable":true,"href":"https:\/\/www.arhammar.se\/blog\/wp-json\/wp\/v2\/categories?post=25936"},{"taxonomy":"post_tag","embeddable":true,"href":"https:\/\/www.arhammar.se\/blog\/wp-json\/wp\/v2\/tags?post=25936"}],"curies":[{"name":"wp","href":"https:\/\/api.w.org\/{rel}","templated":true}]}}