{"id":25935,"date":"2020-03-06T02:45:30","date_gmt":"2020-03-06T01:45:30","guid":{"rendered":"https:\/\/www.arhammar.se\/blog\/?p=25935"},"modified":"2020-04-27T12:32:52","modified_gmt":"2020-04-27T11:32:52","slug":"fredag-den-25-februari-1916","status":"publish","type":"post","link":"https:\/\/www.arhammar.se\/blog\/fredag-den-25-februari-1916\/","title":{"rendered":"Fredag den 25 februari 1916. Skottdag. Och jag, som inte passade p\u00e5!"},"content":{"rendered":"<p>Ja, ig\u00e5r var det skottdag. Och jag, som inte passade p\u00e5! Nu f\u00e5r jag v\u00e4l g\u00e5 till n\u00e4sta skottedag, om jag d\u00e5 lyckas knipa mej n\u00e5gon intet ont anande karlstackare. Oj, oj.<\/p>\n<p>Ig\u00e5r var R. och jag till Cirkus. Vi satt ju p\u00e5 de b\u00e4sta platserna och publiken var hygglig nog, men lokalen var verkligen underhaltig. Programmet var dock riktigt bra. Det var fenomenalt smidiga och dj\u00e4rva luftgymnaster och en balansakt, utf\u00f6rd av en stilig ung herre, som kom hj\u00e4rtat att hastigt g\u00f6ra en volt i halsgropen. S\u00e5 var det akrobater av allehanda slag, verkligt fin dressyr, lustiga clowns (den ene s\u00e5g gr\u00e4sligt trevlig ut, gick bl.a. kring bland publiken och tog dem i hand, \u00e4ven jag blev utsatt h\u00e4rf\u00f6r) och s\u00e5 &#8220;lille Caruso&#8221;, som verkligen hade en mycket behaglig st\u00e4mma, men var ot\u00e4ckt sminkad. Ja, det hela var verkligen sev\u00e4rt. Nu har jag t\u00e4nkt att skriva &#8220;En cirkusepisod&#8221; och f\u00f6rs\u00f6ka f\u00e5 in i Handelstidningen, d\u00e4r jag f\u00f6rut f\u00e5tt en ber\u00e4ttelse antagen.<\/p>\n<!-- AddThis Advanced Settings generic via filter on the_content --><!-- AddThis Share Buttons generic via filter on the_content -->","protected":false},"excerpt":{"rendered":"<p>Ja, ig\u00e5r var det skottdag. Och jag, som inte passade p\u00e5! Nu f\u00e5r jag v\u00e4l g\u00e5 till n\u00e4sta skottedag, om jag d\u00e5 lyckas knipa mej n\u00e5gon intet ont anande karlstackare. Oj, oj. Ig\u00e5r var R. och jag till Cirkus. Vi satt ju p\u00e5 de b\u00e4sta platserna och publiken var hygglig nog, men lokalen var verkligen [&hellip;]<!-- AddThis Advanced Settings generic via filter on wp_trim_excerpt --><!-- AddThis Share Buttons generic via filter on wp_trim_excerpt --><\/p>\n","protected":false},"author":2,"featured_media":28204,"comment_status":"open","ping_status":"open","sticky":false,"template":"","format":"standard","meta":{"footnotes":""},"categories":[3441,3425],"tags":[],"class_list":["post-25935","post","type-post","status-publish","format-standard","has-post-thumbnail","hentry","category-3441","category-mormors-dagbok"],"yoast_head":"<!-- This site is optimized with the Yoast SEO plugin v27.4 - https:\/\/yoast.com\/product\/yoast-seo-wordpress\/ -->\n<title>Fredag den 25 februari 1916. Skottdag. Och jag, som inte passade p\u00e5! - @Arhammar bokstavligen<\/title>\n<meta name=\"robots\" content=\"index, follow, max-snippet:-1, max-image-preview:large, max-video-preview:-1\" \/>\n<link rel=\"canonical\" href=\"https:\/\/www.arhammar.se\/blog\/fredag-den-25-februari-1916\/\" \/>\n<meta property=\"og:locale\" content=\"en_US\" \/>\n<meta property=\"og:type\" content=\"article\" \/>\n<meta property=\"og:title\" content=\"Fredag den 25 februari 1916. Skottdag. Och jag, som inte passade p\u00e5! - @Arhammar bokstavligen\" \/>\n<meta property=\"og:description\" content=\"Ja, ig\u00e5r var det skottdag. Och jag, som inte passade p\u00e5! Nu f\u00e5r jag v\u00e4l g\u00e5 till n\u00e4sta skottedag, om jag d\u00e5 lyckas knipa mej n\u00e5gon intet ont anande karlstackare. Oj, oj. Ig\u00e5r var R. och jag till Cirkus. Vi satt ju p\u00e5 de b\u00e4sta platserna och publiken var hygglig nog, men lokalen var verkligen [&hellip;]\" \/>\n<meta property=\"og:url\" content=\"https:\/\/www.arhammar.se\/blog\/fredag-den-25-februari-1916\/\" \/>\n<meta property=\"og:site_name\" content=\"@Arhammar bokstavligen\" \/>\n<meta property=\"article:published_time\" content=\"2020-03-06T01:45:30+00:00\" \/>\n<meta property=\"article:modified_time\" content=\"2020-04-27T11:32:52+00:00\" \/>\n<meta property=\"og:image\" content=\"https:\/\/www.arhammar.se\/blog\/wp-content\/uploads\/2020\/03\/dbcirkusadolfi.jpg\" \/>\n\t<meta property=\"og:image:width\" content=\"640\" \/>\n\t<meta property=\"og:image:height\" content=\"480\" \/>\n\t<meta property=\"og:image:type\" content=\"image\/jpeg\" \/>\n<meta name=\"author\" content=\"Anders Arhammar\" \/>\n<meta name=\"twitter:card\" content=\"summary_large_image\" \/>\n<meta name=\"twitter:label1\" content=\"Written by\" \/>\n\t<meta name=\"twitter:data1\" content=\"Anders Arhammar\" \/>\n\t<meta name=\"twitter:label2\" content=\"Est. reading time\" \/>\n\t<meta name=\"twitter:data2\" content=\"1 minute\" \/>\n<script type=\"application\/ld+json\" class=\"yoast-schema-graph\">{\"@context\":\"https:\\\/\\\/schema.org\",\"@graph\":[{\"@type\":\"Article\",\"@id\":\"https:\\\/\\\/www.arhammar.se\\\/blog\\\/fredag-den-25-februari-1916\\\/#article\",\"isPartOf\":{\"@id\":\"https:\\\/\\\/www.arhammar.se\\\/blog\\\/fredag-den-25-februari-1916\\\/\"},\"author\":{\"name\":\"Anders Arhammar\",\"@id\":\"https:\\\/\\\/www.arhammar.se\\\/blog\\\/#\\\/schema\\\/person\\\/061984c1d884b363e2c91550f2e00d1d\"},\"headline\":\"Fredag den 25 februari 1916. Skottdag. Och jag, som inte passade p\u00e5!\",\"datePublished\":\"2020-03-06T01:45:30+00:00\",\"dateModified\":\"2020-04-27T11:32:52+00:00\",\"mainEntityOfPage\":{\"@id\":\"https:\\\/\\\/www.arhammar.se\\\/blog\\\/fredag-den-25-februari-1916\\\/\"},\"wordCount\":198,\"commentCount\":0,\"image\":{\"@id\":\"https:\\\/\\\/www.arhammar.se\\\/blog\\\/fredag-den-25-februari-1916\\\/#primaryimage\"},\"thumbnailUrl\":\"https:\\\/\\\/www.arhammar.se\\\/blog\\\/wp-content\\\/uploads\\\/2020\\\/03\\\/dbcirkusadolfi.jpg\",\"articleSection\":[\"1916\",\"mormors dagbok\"],\"inLanguage\":\"en-US\",\"potentialAction\":[{\"@type\":\"CommentAction\",\"name\":\"Comment\",\"target\":[\"https:\\\/\\\/www.arhammar.se\\\/blog\\\/fredag-den-25-februari-1916\\\/#respond\"]}]},{\"@type\":\"WebPage\",\"@id\":\"https:\\\/\\\/www.arhammar.se\\\/blog\\\/fredag-den-25-februari-1916\\\/\",\"url\":\"https:\\\/\\\/www.arhammar.se\\\/blog\\\/fredag-den-25-februari-1916\\\/\",\"name\":\"Fredag den 25 februari 1916. Skottdag. Och jag, som inte passade p\u00e5! - @Arhammar bokstavligen\",\"isPartOf\":{\"@id\":\"https:\\\/\\\/www.arhammar.se\\\/blog\\\/#website\"},\"primaryImageOfPage\":{\"@id\":\"https:\\\/\\\/www.arhammar.se\\\/blog\\\/fredag-den-25-februari-1916\\\/#primaryimage\"},\"image\":{\"@id\":\"https:\\\/\\\/www.arhammar.se\\\/blog\\\/fredag-den-25-februari-1916\\\/#primaryimage\"},\"thumbnailUrl\":\"https:\\\/\\\/www.arhammar.se\\\/blog\\\/wp-content\\\/uploads\\\/2020\\\/03\\\/dbcirkusadolfi.jpg\",\"datePublished\":\"2020-03-06T01:45:30+00:00\",\"dateModified\":\"2020-04-27T11:32:52+00:00\",\"author\":{\"@id\":\"https:\\\/\\\/www.arhammar.se\\\/blog\\\/#\\\/schema\\\/person\\\/061984c1d884b363e2c91550f2e00d1d\"},\"breadcrumb\":{\"@id\":\"https:\\\/\\\/www.arhammar.se\\\/blog\\\/fredag-den-25-februari-1916\\\/#breadcrumb\"},\"inLanguage\":\"en-US\",\"potentialAction\":[{\"@type\":\"ReadAction\",\"target\":[\"https:\\\/\\\/www.arhammar.se\\\/blog\\\/fredag-den-25-februari-1916\\\/\"]}]},{\"@type\":\"ImageObject\",\"inLanguage\":\"en-US\",\"@id\":\"https:\\\/\\\/www.arhammar.se\\\/blog\\\/fredag-den-25-februari-1916\\\/#primaryimage\",\"url\":\"https:\\\/\\\/www.arhammar.se\\\/blog\\\/wp-content\\\/uploads\\\/2020\\\/03\\\/dbcirkusadolfi.jpg\",\"contentUrl\":\"https:\\\/\\\/www.arhammar.se\\\/blog\\\/wp-content\\\/uploads\\\/2020\\\/03\\\/dbcirkusadolfi.jpg\",\"width\":640,\"height\":480},{\"@type\":\"BreadcrumbList\",\"@id\":\"https:\\\/\\\/www.arhammar.se\\\/blog\\\/fredag-den-25-februari-1916\\\/#breadcrumb\",\"itemListElement\":[{\"@type\":\"ListItem\",\"position\":1,\"name\":\"Home\",\"item\":\"https:\\\/\\\/www.arhammar.se\\\/blog\\\/\"},{\"@type\":\"ListItem\",\"position\":2,\"name\":\"Fredag den 25 februari 1916. Skottdag. Och jag, som inte passade p\u00e5!\"}]},{\"@type\":\"WebSite\",\"@id\":\"https:\\\/\\\/www.arhammar.se\\\/blog\\\/#website\",\"url\":\"https:\\\/\\\/www.arhammar.se\\\/blog\\\/\",\"name\":\"@Arhammar bokstavligen\",\"description\":\"Fr\u00e5n min penna och panna\",\"potentialAction\":[{\"@type\":\"SearchAction\",\"target\":{\"@type\":\"EntryPoint\",\"urlTemplate\":\"https:\\\/\\\/www.arhammar.se\\\/blog\\\/?s={search_term_string}\"},\"query-input\":{\"@type\":\"PropertyValueSpecification\",\"valueRequired\":true,\"valueName\":\"search_term_string\"}}],\"inLanguage\":\"en-US\"},{\"@type\":\"Person\",\"@id\":\"https:\\\/\\\/www.arhammar.se\\\/blog\\\/#\\\/schema\\\/person\\\/061984c1d884b363e2c91550f2e00d1d\",\"name\":\"Anders Arhammar\",\"image\":{\"@type\":\"ImageObject\",\"inLanguage\":\"en-US\",\"@id\":\"https:\\\/\\\/secure.gravatar.com\\\/avatar\\\/784b5b36cfe145ae19a52340f405285a939bcc08d4a21136b3a81f9e378ffae0?s=96&d=mm&r=g\",\"url\":\"https:\\\/\\\/secure.gravatar.com\\\/avatar\\\/784b5b36cfe145ae19a52340f405285a939bcc08d4a21136b3a81f9e378ffae0?s=96&d=mm&r=g\",\"contentUrl\":\"https:\\\/\\\/secure.gravatar.com\\\/avatar\\\/784b5b36cfe145ae19a52340f405285a939bcc08d4a21136b3a81f9e378ffae0?s=96&d=mm&r=g\",\"caption\":\"Anders Arhammar\"},\"url\":\"https:\\\/\\\/www.arhammar.se\\\/blog\\\/author\\\/anders\\\/\"}]}<\/script>\n<!-- \/ Yoast SEO plugin. -->","yoast_head_json":{"title":"Fredag den 25 februari 1916. Skottdag. Och jag, som inte passade p\u00e5! - @Arhammar bokstavligen","robots":{"index":"index","follow":"follow","max-snippet":"max-snippet:-1","max-image-preview":"max-image-preview:large","max-video-preview":"max-video-preview:-1"},"canonical":"https:\/\/www.arhammar.se\/blog\/fredag-den-25-februari-1916\/","og_locale":"en_US","og_type":"article","og_title":"Fredag den 25 februari 1916. Skottdag. Och jag, som inte passade p\u00e5! - @Arhammar bokstavligen","og_description":"Ja, ig\u00e5r var det skottdag. Och jag, som inte passade p\u00e5! Nu f\u00e5r jag v\u00e4l g\u00e5 till n\u00e4sta skottedag, om jag d\u00e5 lyckas knipa mej n\u00e5gon intet ont anande karlstackare. Oj, oj. Ig\u00e5r var R. och jag till Cirkus. Vi satt ju p\u00e5 de b\u00e4sta platserna och publiken var hygglig nog, men lokalen var verkligen [&hellip;]","og_url":"https:\/\/www.arhammar.se\/blog\/fredag-den-25-februari-1916\/","og_site_name":"@Arhammar bokstavligen","article_published_time":"2020-03-06T01:45:30+00:00","article_modified_time":"2020-04-27T11:32:52+00:00","og_image":[{"width":640,"height":480,"url":"https:\/\/www.arhammar.se\/blog\/wp-content\/uploads\/2020\/03\/dbcirkusadolfi.jpg","type":"image\/jpeg"}],"author":"Anders Arhammar","twitter_card":"summary_large_image","twitter_misc":{"Written by":"Anders Arhammar","Est. reading time":"1 minute"},"schema":{"@context":"https:\/\/schema.org","@graph":[{"@type":"Article","@id":"https:\/\/www.arhammar.se\/blog\/fredag-den-25-februari-1916\/#article","isPartOf":{"@id":"https:\/\/www.arhammar.se\/blog\/fredag-den-25-februari-1916\/"},"author":{"name":"Anders Arhammar","@id":"https:\/\/www.arhammar.se\/blog\/#\/schema\/person\/061984c1d884b363e2c91550f2e00d1d"},"headline":"Fredag den 25 februari 1916. Skottdag. Och jag, som inte passade p\u00e5!","datePublished":"2020-03-06T01:45:30+00:00","dateModified":"2020-04-27T11:32:52+00:00","mainEntityOfPage":{"@id":"https:\/\/www.arhammar.se\/blog\/fredag-den-25-februari-1916\/"},"wordCount":198,"commentCount":0,"image":{"@id":"https:\/\/www.arhammar.se\/blog\/fredag-den-25-februari-1916\/#primaryimage"},"thumbnailUrl":"https:\/\/www.arhammar.se\/blog\/wp-content\/uploads\/2020\/03\/dbcirkusadolfi.jpg","articleSection":["1916","mormors dagbok"],"inLanguage":"en-US","potentialAction":[{"@type":"CommentAction","name":"Comment","target":["https:\/\/www.arhammar.se\/blog\/fredag-den-25-februari-1916\/#respond"]}]},{"@type":"WebPage","@id":"https:\/\/www.arhammar.se\/blog\/fredag-den-25-februari-1916\/","url":"https:\/\/www.arhammar.se\/blog\/fredag-den-25-februari-1916\/","name":"Fredag den 25 februari 1916. Skottdag. Och jag, som inte passade p\u00e5! - @Arhammar bokstavligen","isPartOf":{"@id":"https:\/\/www.arhammar.se\/blog\/#website"},"primaryImageOfPage":{"@id":"https:\/\/www.arhammar.se\/blog\/fredag-den-25-februari-1916\/#primaryimage"},"image":{"@id":"https:\/\/www.arhammar.se\/blog\/fredag-den-25-februari-1916\/#primaryimage"},"thumbnailUrl":"https:\/\/www.arhammar.se\/blog\/wp-content\/uploads\/2020\/03\/dbcirkusadolfi.jpg","datePublished":"2020-03-06T01:45:30+00:00","dateModified":"2020-04-27T11:32:52+00:00","author":{"@id":"https:\/\/www.arhammar.se\/blog\/#\/schema\/person\/061984c1d884b363e2c91550f2e00d1d"},"breadcrumb":{"@id":"https:\/\/www.arhammar.se\/blog\/fredag-den-25-februari-1916\/#breadcrumb"},"inLanguage":"en-US","potentialAction":[{"@type":"ReadAction","target":["https:\/\/www.arhammar.se\/blog\/fredag-den-25-februari-1916\/"]}]},{"@type":"ImageObject","inLanguage":"en-US","@id":"https:\/\/www.arhammar.se\/blog\/fredag-den-25-februari-1916\/#primaryimage","url":"https:\/\/www.arhammar.se\/blog\/wp-content\/uploads\/2020\/03\/dbcirkusadolfi.jpg","contentUrl":"https:\/\/www.arhammar.se\/blog\/wp-content\/uploads\/2020\/03\/dbcirkusadolfi.jpg","width":640,"height":480},{"@type":"BreadcrumbList","@id":"https:\/\/www.arhammar.se\/blog\/fredag-den-25-februari-1916\/#breadcrumb","itemListElement":[{"@type":"ListItem","position":1,"name":"Home","item":"https:\/\/www.arhammar.se\/blog\/"},{"@type":"ListItem","position":2,"name":"Fredag den 25 februari 1916. Skottdag. Och jag, som inte passade p\u00e5!"}]},{"@type":"WebSite","@id":"https:\/\/www.arhammar.se\/blog\/#website","url":"https:\/\/www.arhammar.se\/blog\/","name":"@Arhammar bokstavligen","description":"Fr\u00e5n min penna och panna","potentialAction":[{"@type":"SearchAction","target":{"@type":"EntryPoint","urlTemplate":"https:\/\/www.arhammar.se\/blog\/?s={search_term_string}"},"query-input":{"@type":"PropertyValueSpecification","valueRequired":true,"valueName":"search_term_string"}}],"inLanguage":"en-US"},{"@type":"Person","@id":"https:\/\/www.arhammar.se\/blog\/#\/schema\/person\/061984c1d884b363e2c91550f2e00d1d","name":"Anders Arhammar","image":{"@type":"ImageObject","inLanguage":"en-US","@id":"https:\/\/secure.gravatar.com\/avatar\/784b5b36cfe145ae19a52340f405285a939bcc08d4a21136b3a81f9e378ffae0?s=96&d=mm&r=g","url":"https:\/\/secure.gravatar.com\/avatar\/784b5b36cfe145ae19a52340f405285a939bcc08d4a21136b3a81f9e378ffae0?s=96&d=mm&r=g","contentUrl":"https:\/\/secure.gravatar.com\/avatar\/784b5b36cfe145ae19a52340f405285a939bcc08d4a21136b3a81f9e378ffae0?s=96&d=mm&r=g","caption":"Anders Arhammar"},"url":"https:\/\/www.arhammar.se\/blog\/author\/anders\/"}]}},"_links":{"self":[{"href":"https:\/\/www.arhammar.se\/blog\/wp-json\/wp\/v2\/posts\/25935","targetHints":{"allow":["GET"]}}],"collection":[{"href":"https:\/\/www.arhammar.se\/blog\/wp-json\/wp\/v2\/posts"}],"about":[{"href":"https:\/\/www.arhammar.se\/blog\/wp-json\/wp\/v2\/types\/post"}],"author":[{"embeddable":true,"href":"https:\/\/www.arhammar.se\/blog\/wp-json\/wp\/v2\/users\/2"}],"replies":[{"embeddable":true,"href":"https:\/\/www.arhammar.se\/blog\/wp-json\/wp\/v2\/comments?post=25935"}],"version-history":[{"count":4,"href":"https:\/\/www.arhammar.se\/blog\/wp-json\/wp\/v2\/posts\/25935\/revisions"}],"predecessor-version":[{"id":28168,"href":"https:\/\/www.arhammar.se\/blog\/wp-json\/wp\/v2\/posts\/25935\/revisions\/28168"}],"wp:featuredmedia":[{"embeddable":true,"href":"https:\/\/www.arhammar.se\/blog\/wp-json\/wp\/v2\/media\/28204"}],"wp:attachment":[{"href":"https:\/\/www.arhammar.se\/blog\/wp-json\/wp\/v2\/media?parent=25935"}],"wp:term":[{"taxonomy":"category","embeddable":true,"href":"https:\/\/www.arhammar.se\/blog\/wp-json\/wp\/v2\/categories?post=25935"},{"taxonomy":"post_tag","embeddable":true,"href":"https:\/\/www.arhammar.se\/blog\/wp-json\/wp\/v2\/tags?post=25935"}],"curies":[{"name":"wp","href":"https:\/\/api.w.org\/{rel}","templated":true}]}}