{"id":25934,"date":"2020-03-06T02:40:30","date_gmt":"2020-03-06T01:40:30","guid":{"rendered":"https:\/\/www.arhammar.se\/blog\/?p=25934"},"modified":"2020-04-26T21:16:55","modified_gmt":"2020-04-26T20:16:55","slug":"tisdag-den-22-februari-1916","status":"publish","type":"post","link":"https:\/\/www.arhammar.se\/blog\/tisdag-den-22-februari-1916\/","title":{"rendered":"Tisdag den 22 februari 1916. Undrar just n\u00e4r l\u00f6jtnanten uppenbarar sig p\u00e5 &#8220;arenan&#8221; igen."},"content":{"rendered":"<p>Naemi och jag reste p\u00e5 l\u00f6rdag eftermiddag och blev f\u00f6rst\u00e5s alldeles f\u00f6rf\u00e4rligt hj\u00e4rtligt mottagna i Grillby. Vi hade som present k\u00f6pt ett litet vackert kristallglas och en knippe liljekonvaljer, vilket f\u00f6rst\u00e5s var &#8220;alldeles f\u00f6r mycket&#8221;. Och sen blev det f\u00f6rst och fr\u00e4mst mat, s\u00e5 spelning s\u00e5ng och prat. S\u00e5 mycket h\u00e4rliga kakor som jag d\u00e4r inmundigade, har jag d\u00e5 inte \u00e4tit p\u00e5 f\u00f6rf\u00e4rligt l\u00e4nge. <\/p>\n<p>Vi fingo ligga i f\u00f6rmaket och r\u00e4knade f\u00f6rst\u00e5s ordentligt f\u00f6nsterrutorna f\u00f6r att dr\u00f6mma sant. Ja, dr\u00f6mde gjorde jag visserligen, men en f\u00f6rf\u00e4rlig r\u00f6ra. P\u00e5 morgonen v\u00e4cktes vi av en ljuvlig brasa och h\u00e4rligt kaffe och str\u00e5lande vinterv\u00e4der. P\u00e5 f\u00f6rmiddagen var Grace och jag ute och spatserade \u00e4nda till kyrkan, som vi bes\u00e5g. En liten oansenlig kyrka utan torn. <\/p>\n<p>S\u00e5 \u00e5t vi frukostmiddag klockan 12 och klockan 5 kom allt &#8220;namnsdagskaffefr\u00e4mmandet&#8221; (puh). De va prosten och prostinnan, handlarns fru, och den och den frun, allt ganska typiskt. Och s\u00e5 blev det kaffeprat och Naemi och jag spelade och jag sj\u00f6ng och fick ber\u00f6m f\u00f6r &#8220;ett mycket behagligt framf\u00f6rande&#8221; av prostinnan. N\u00e4r s\u00e5 var och en f\u00f6rs\u00f6kt sl\u00e5 rekord i att \u00e4ta kakor och sedan frukt, avtroppade fr\u00e4mmandet, jag f\u00f6rsj\u00f6nk i studier av en f\u00f6ljet\u00e5ngsroman, Grace somnade av idel \u00f6verm\u00e4ttnad mitt p\u00e5 golvet och de andra sm\u00e5pratade sl\u00f6tt i salen under det kv\u00e4llsmaten framdukades. Och s\u00e5 m\u00e5ste vi \u00e4ta igen och sm\u00e5ningom kr\u00f6po vi till kojs. <\/p>\n<p>Och n\u00e4sta f\u00f6rmiddag \u00e5ngade vi iv\u00e4g efter att ha f\u00e5tt lovat att alldeles s\u00e4kert komma tillbaka till p\u00e5sk d\u00e5 det skulle bli ungdomsbjudning med m\u00e5nga \u201dstilie p\u00f6jker&#8221;, som tant Hulda p\u00e5 ren v\u00e4rml\u00e4ndska uttryckte sig. P\u00e5 t\u00e5get hade vi s\u00e4llskap med fru och herr Lindgren, f\u00f6rste stationsskrivaren vilka b\u00e5da f\u00f6ref\u00f6llo vara s\u00e4rdeles trevliga. Hon hade varit p\u00e5 tants kafferep s\u00e5 vi blevo d\u00e5 presenterade f\u00f6r henne. <\/p>\n<p>Trots att jag hellre ville stanna hemma och l\u00e4sa, k\u00f6rde doktorn iv\u00e4g mig till gymnastiken. Vi ha fortfarande v\u00e5r vikarierande gymnastikfr\u00f6ken. Undrar just n\u00e4r l\u00f6jtnanten uppenbarar sig p\u00e5 &#8220;arenan&#8221; igen. Imorse gick jag upp klockan halv \u00e5tta, f\u00f6r att l\u00e4sa slut en bok, som jag l\u00e5nat av Anna. &#8220;V\u00e5rbrytning&#8221; av Karin Smirnoff. Verkligen intressant. Skildrar en mycket ung flickas tankar och st\u00e4mningar i \u00f6verg\u00e5ngs\u00e5ldern. Boken \u00e4r genomg\u00e5ende naturligt och trov\u00e4rdigt skriven. Flickan \u00e4r katolskt sinnad, l\u00e4ser f\u00f6r en ung religionsv\u00e4rmare, katolsk pr\u00e4st, sv\u00e4rmar f\u00f6r att bli nunna och \u00e4r ganska religi\u00f6st \u00f6versp\u00e4nd. Vill f\u00f6rs\u00f6ka bli god och sn\u00e4ll och sann, och har den best\u00e4mda uppfattningen att allt detta kan uppn\u00e5s genom att bara handla regelr\u00e4tt efter kyrkans f\u00f6reskrifter. <\/p>\n<p>Naturligtvis \u00e4r dessa handlingar en viktig sak f\u00f6r en god m\u00e4nniska, men min best\u00e4mda uppfattning \u00e4r den, att alla dessa handlingar bliva en synnerligen naturlig f\u00f6ljd av en god m\u00e4nniskas stora inre behov att hj\u00e4lpa och gl\u00e4dja sina medm\u00e4nniskor. Det f\u00e5r inte vara en tung plikt, som m\u00e5ste utf\u00f6ras, utan en stor gl\u00e4dje ligger i att f\u00e5 verka f\u00f6r det sanna och goda. Av inre drift att g\u00f6ra livet glatt och ljust f\u00f6r dem vi vistas tillsamman med, av en oemotst\u00e5ndlig l\u00e4ngtan att se alla glada och lyckliga, skola vi drivas till goda g\u00e4rningar. Och finns det v\u00e4l en st\u00f6rre lycka \u00e4n att se sina f\u00f6rs\u00f6k att gl\u00e4dja och tr\u00f6sta andra bel\u00f6nade? Inte skall man v\u00e4l, som kyrkan s\u00e5 g\u00e4rna vill, bannlysa all den ungdomliga levnadslust och det glada mod, som tar sig uttryck i dans, s\u00e5ng, musik o.s.v. <\/p>\n<p>Visst blir dessa saker missbrukade, som s\u00e5 f\u00f6rf\u00e4rligt mycket annat, men inte f\u00e5r man f\u00f6rd\u00f6ma allt i den v\u00e4gen f\u00f6r det. Jag t\u00e4nker nu p\u00e5 dansen. Men om den skrivas ju s\u00e5 mycket just i dessa tider. Och med r\u00e4tta! Ty fr\u00e5n att vara uttryck f\u00f6r naturlig levnadsgl\u00e4dje och ungdomlig livsyra, har den \u00f6verg\u00e5tt till att tj\u00e4na som uttryck f\u00f6r l\u00e5g sinnlighet och moralisk slapphet, om jag s\u00e5 kan s\u00e4ga. Att se, hur somliga ungdomar dansa v\u00e5ra moderna danser, \u00e4r n\u00e5got rent av vidrigt. Och jag kan inte f\u00f6rst\u00e5, hur m\u00e5nga f\u00f6r\u00e4ldrar tolerera det, som de tyv\u00e4rr ofta g\u00f6ra. Ha de totalt mist makten \u00f6ver sina barn? <\/p>\n<p>Nu kommer jag in p\u00e5 den stora, vidomfattande fr\u00e5gan: uppfostran. Men det \u00e4r v\u00e4l f\u00f6rm\u00e4tet av en ung flicka, som jag, att s\u00e4tta mig till doms i ett s\u00e5dant fall, s\u00e5 det \u00e4r v\u00e4l b\u00e4st jag slutar.<\/p>\n<!-- AddThis Advanced Settings generic via filter on the_content --><!-- AddThis Share Buttons generic via filter on the_content -->","protected":false},"excerpt":{"rendered":"<p>Naemi och jag reste p\u00e5 l\u00f6rdag eftermiddag och blev f\u00f6rst\u00e5s alldeles f\u00f6rf\u00e4rligt hj\u00e4rtligt mottagna i Grillby. Vi hade som present k\u00f6pt ett litet vackert kristallglas och en knippe liljekonvaljer, vilket f\u00f6rst\u00e5s var &#8220;alldeles f\u00f6r mycket&#8221;. Och sen blev det f\u00f6rst och fr\u00e4mst mat, s\u00e5 spelning s\u00e5ng och prat. S\u00e5 mycket h\u00e4rliga kakor som jag d\u00e4r [&hellip;]<!-- AddThis Advanced Settings generic via filter on wp_trim_excerpt --><!-- AddThis Share Buttons generic via filter on wp_trim_excerpt --><\/p>\n","protected":false},"author":2,"featured_media":28197,"comment_status":"open","ping_status":"open","sticky":false,"template":"","format":"standard","meta":{"footnotes":""},"categories":[3441,3425],"tags":[],"class_list":["post-25934","post","type-post","status-publish","format-standard","has-post-thumbnail","hentry","category-3441","category-mormors-dagbok"],"yoast_head":"<!-- This site is optimized with the Yoast SEO plugin v27.4 - https:\/\/yoast.com\/product\/yoast-seo-wordpress\/ -->\n<title>Tisdag den 22 februari 1916. Undrar just n\u00e4r l\u00f6jtnanten uppenbarar sig p\u00e5 &quot;arenan&quot; igen. - @Arhammar bokstavligen<\/title>\n<meta name=\"robots\" content=\"index, follow, max-snippet:-1, max-image-preview:large, max-video-preview:-1\" \/>\n<link rel=\"canonical\" href=\"https:\/\/www.arhammar.se\/blog\/tisdag-den-22-februari-1916\/\" \/>\n<meta property=\"og:locale\" content=\"en_US\" \/>\n<meta property=\"og:type\" content=\"article\" \/>\n<meta property=\"og:title\" content=\"Tisdag den 22 februari 1916. Undrar just n\u00e4r l\u00f6jtnanten uppenbarar sig p\u00e5 &quot;arenan&quot; igen. - @Arhammar bokstavligen\" \/>\n<meta property=\"og:description\" content=\"Naemi och jag reste p\u00e5 l\u00f6rdag eftermiddag och blev f\u00f6rst\u00e5s alldeles f\u00f6rf\u00e4rligt hj\u00e4rtligt mottagna i Grillby. Vi hade som present k\u00f6pt ett litet vackert kristallglas och en knippe liljekonvaljer, vilket f\u00f6rst\u00e5s var &#8220;alldeles f\u00f6r mycket&#8221;. Och sen blev det f\u00f6rst och fr\u00e4mst mat, s\u00e5 spelning s\u00e5ng och prat. S\u00e5 mycket h\u00e4rliga kakor som jag d\u00e4r [&hellip;]\" \/>\n<meta property=\"og:url\" content=\"https:\/\/www.arhammar.se\/blog\/tisdag-den-22-februari-1916\/\" \/>\n<meta property=\"og:site_name\" content=\"@Arhammar bokstavligen\" \/>\n<meta property=\"article:published_time\" content=\"2020-03-06T01:40:30+00:00\" \/>\n<meta property=\"article:modified_time\" content=\"2020-04-26T20:16:55+00:00\" \/>\n<meta property=\"og:image\" content=\"https:\/\/www.arhammar.se\/blog\/wp-content\/uploads\/2020\/03\/dbkarinsmirnoff.jpg\" \/>\n\t<meta property=\"og:image:width\" content=\"640\" \/>\n\t<meta property=\"og:image:height\" content=\"480\" \/>\n\t<meta property=\"og:image:type\" content=\"image\/jpeg\" \/>\n<meta name=\"author\" content=\"Anders Arhammar\" \/>\n<meta name=\"twitter:card\" content=\"summary_large_image\" \/>\n<meta name=\"twitter:label1\" content=\"Written by\" \/>\n\t<meta name=\"twitter:data1\" content=\"Anders Arhammar\" \/>\n\t<meta name=\"twitter:label2\" content=\"Est. reading time\" \/>\n\t<meta name=\"twitter:data2\" content=\"4 minutes\" \/>\n<script type=\"application\/ld+json\" class=\"yoast-schema-graph\">{\"@context\":\"https:\\\/\\\/schema.org\",\"@graph\":[{\"@type\":\"Article\",\"@id\":\"https:\\\/\\\/www.arhammar.se\\\/blog\\\/tisdag-den-22-februari-1916\\\/#article\",\"isPartOf\":{\"@id\":\"https:\\\/\\\/www.arhammar.se\\\/blog\\\/tisdag-den-22-februari-1916\\\/\"},\"author\":{\"name\":\"Anders Arhammar\",\"@id\":\"https:\\\/\\\/www.arhammar.se\\\/blog\\\/#\\\/schema\\\/person\\\/061984c1d884b363e2c91550f2e00d1d\"},\"headline\":\"Tisdag den 22 februari 1916. Undrar just n\u00e4r l\u00f6jtnanten uppenbarar sig p\u00e5 &#8220;arenan&#8221; igen.\",\"datePublished\":\"2020-03-06T01:40:30+00:00\",\"dateModified\":\"2020-04-26T20:16:55+00:00\",\"mainEntityOfPage\":{\"@id\":\"https:\\\/\\\/www.arhammar.se\\\/blog\\\/tisdag-den-22-februari-1916\\\/\"},\"wordCount\":874,\"commentCount\":0,\"image\":{\"@id\":\"https:\\\/\\\/www.arhammar.se\\\/blog\\\/tisdag-den-22-februari-1916\\\/#primaryimage\"},\"thumbnailUrl\":\"https:\\\/\\\/www.arhammar.se\\\/blog\\\/wp-content\\\/uploads\\\/2020\\\/03\\\/dbkarinsmirnoff.jpg\",\"articleSection\":[\"1916\",\"mormors dagbok\"],\"inLanguage\":\"en-US\",\"potentialAction\":[{\"@type\":\"CommentAction\",\"name\":\"Comment\",\"target\":[\"https:\\\/\\\/www.arhammar.se\\\/blog\\\/tisdag-den-22-februari-1916\\\/#respond\"]}]},{\"@type\":\"WebPage\",\"@id\":\"https:\\\/\\\/www.arhammar.se\\\/blog\\\/tisdag-den-22-februari-1916\\\/\",\"url\":\"https:\\\/\\\/www.arhammar.se\\\/blog\\\/tisdag-den-22-februari-1916\\\/\",\"name\":\"Tisdag den 22 februari 1916. Undrar just n\u00e4r l\u00f6jtnanten uppenbarar sig p\u00e5 \\\"arenan\\\" igen. - @Arhammar bokstavligen\",\"isPartOf\":{\"@id\":\"https:\\\/\\\/www.arhammar.se\\\/blog\\\/#website\"},\"primaryImageOfPage\":{\"@id\":\"https:\\\/\\\/www.arhammar.se\\\/blog\\\/tisdag-den-22-februari-1916\\\/#primaryimage\"},\"image\":{\"@id\":\"https:\\\/\\\/www.arhammar.se\\\/blog\\\/tisdag-den-22-februari-1916\\\/#primaryimage\"},\"thumbnailUrl\":\"https:\\\/\\\/www.arhammar.se\\\/blog\\\/wp-content\\\/uploads\\\/2020\\\/03\\\/dbkarinsmirnoff.jpg\",\"datePublished\":\"2020-03-06T01:40:30+00:00\",\"dateModified\":\"2020-04-26T20:16:55+00:00\",\"author\":{\"@id\":\"https:\\\/\\\/www.arhammar.se\\\/blog\\\/#\\\/schema\\\/person\\\/061984c1d884b363e2c91550f2e00d1d\"},\"breadcrumb\":{\"@id\":\"https:\\\/\\\/www.arhammar.se\\\/blog\\\/tisdag-den-22-februari-1916\\\/#breadcrumb\"},\"inLanguage\":\"en-US\",\"potentialAction\":[{\"@type\":\"ReadAction\",\"target\":[\"https:\\\/\\\/www.arhammar.se\\\/blog\\\/tisdag-den-22-februari-1916\\\/\"]}]},{\"@type\":\"ImageObject\",\"inLanguage\":\"en-US\",\"@id\":\"https:\\\/\\\/www.arhammar.se\\\/blog\\\/tisdag-den-22-februari-1916\\\/#primaryimage\",\"url\":\"https:\\\/\\\/www.arhammar.se\\\/blog\\\/wp-content\\\/uploads\\\/2020\\\/03\\\/dbkarinsmirnoff.jpg\",\"contentUrl\":\"https:\\\/\\\/www.arhammar.se\\\/blog\\\/wp-content\\\/uploads\\\/2020\\\/03\\\/dbkarinsmirnoff.jpg\",\"width\":640,\"height\":480},{\"@type\":\"BreadcrumbList\",\"@id\":\"https:\\\/\\\/www.arhammar.se\\\/blog\\\/tisdag-den-22-februari-1916\\\/#breadcrumb\",\"itemListElement\":[{\"@type\":\"ListItem\",\"position\":1,\"name\":\"Home\",\"item\":\"https:\\\/\\\/www.arhammar.se\\\/blog\\\/\"},{\"@type\":\"ListItem\",\"position\":2,\"name\":\"Tisdag den 22 februari 1916. Undrar just n\u00e4r l\u00f6jtnanten uppenbarar sig p\u00e5 &#8220;arenan&#8221; igen.\"}]},{\"@type\":\"WebSite\",\"@id\":\"https:\\\/\\\/www.arhammar.se\\\/blog\\\/#website\",\"url\":\"https:\\\/\\\/www.arhammar.se\\\/blog\\\/\",\"name\":\"@Arhammar bokstavligen\",\"description\":\"Fr\u00e5n min penna och panna\",\"potentialAction\":[{\"@type\":\"SearchAction\",\"target\":{\"@type\":\"EntryPoint\",\"urlTemplate\":\"https:\\\/\\\/www.arhammar.se\\\/blog\\\/?s={search_term_string}\"},\"query-input\":{\"@type\":\"PropertyValueSpecification\",\"valueRequired\":true,\"valueName\":\"search_term_string\"}}],\"inLanguage\":\"en-US\"},{\"@type\":\"Person\",\"@id\":\"https:\\\/\\\/www.arhammar.se\\\/blog\\\/#\\\/schema\\\/person\\\/061984c1d884b363e2c91550f2e00d1d\",\"name\":\"Anders Arhammar\",\"image\":{\"@type\":\"ImageObject\",\"inLanguage\":\"en-US\",\"@id\":\"https:\\\/\\\/secure.gravatar.com\\\/avatar\\\/784b5b36cfe145ae19a52340f405285a939bcc08d4a21136b3a81f9e378ffae0?s=96&d=mm&r=g\",\"url\":\"https:\\\/\\\/secure.gravatar.com\\\/avatar\\\/784b5b36cfe145ae19a52340f405285a939bcc08d4a21136b3a81f9e378ffae0?s=96&d=mm&r=g\",\"contentUrl\":\"https:\\\/\\\/secure.gravatar.com\\\/avatar\\\/784b5b36cfe145ae19a52340f405285a939bcc08d4a21136b3a81f9e378ffae0?s=96&d=mm&r=g\",\"caption\":\"Anders Arhammar\"},\"url\":\"https:\\\/\\\/www.arhammar.se\\\/blog\\\/author\\\/anders\\\/\"}]}<\/script>\n<!-- \/ Yoast SEO plugin. -->","yoast_head_json":{"title":"Tisdag den 22 februari 1916. Undrar just n\u00e4r l\u00f6jtnanten uppenbarar sig p\u00e5 \"arenan\" igen. - @Arhammar bokstavligen","robots":{"index":"index","follow":"follow","max-snippet":"max-snippet:-1","max-image-preview":"max-image-preview:large","max-video-preview":"max-video-preview:-1"},"canonical":"https:\/\/www.arhammar.se\/blog\/tisdag-den-22-februari-1916\/","og_locale":"en_US","og_type":"article","og_title":"Tisdag den 22 februari 1916. Undrar just n\u00e4r l\u00f6jtnanten uppenbarar sig p\u00e5 \"arenan\" igen. - @Arhammar bokstavligen","og_description":"Naemi och jag reste p\u00e5 l\u00f6rdag eftermiddag och blev f\u00f6rst\u00e5s alldeles f\u00f6rf\u00e4rligt hj\u00e4rtligt mottagna i Grillby. Vi hade som present k\u00f6pt ett litet vackert kristallglas och en knippe liljekonvaljer, vilket f\u00f6rst\u00e5s var &#8220;alldeles f\u00f6r mycket&#8221;. Och sen blev det f\u00f6rst och fr\u00e4mst mat, s\u00e5 spelning s\u00e5ng och prat. S\u00e5 mycket h\u00e4rliga kakor som jag d\u00e4r [&hellip;]","og_url":"https:\/\/www.arhammar.se\/blog\/tisdag-den-22-februari-1916\/","og_site_name":"@Arhammar bokstavligen","article_published_time":"2020-03-06T01:40:30+00:00","article_modified_time":"2020-04-26T20:16:55+00:00","og_image":[{"width":640,"height":480,"url":"https:\/\/www.arhammar.se\/blog\/wp-content\/uploads\/2020\/03\/dbkarinsmirnoff.jpg","type":"image\/jpeg"}],"author":"Anders Arhammar","twitter_card":"summary_large_image","twitter_misc":{"Written by":"Anders Arhammar","Est. reading time":"4 minutes"},"schema":{"@context":"https:\/\/schema.org","@graph":[{"@type":"Article","@id":"https:\/\/www.arhammar.se\/blog\/tisdag-den-22-februari-1916\/#article","isPartOf":{"@id":"https:\/\/www.arhammar.se\/blog\/tisdag-den-22-februari-1916\/"},"author":{"name":"Anders Arhammar","@id":"https:\/\/www.arhammar.se\/blog\/#\/schema\/person\/061984c1d884b363e2c91550f2e00d1d"},"headline":"Tisdag den 22 februari 1916. Undrar just n\u00e4r l\u00f6jtnanten uppenbarar sig p\u00e5 &#8220;arenan&#8221; igen.","datePublished":"2020-03-06T01:40:30+00:00","dateModified":"2020-04-26T20:16:55+00:00","mainEntityOfPage":{"@id":"https:\/\/www.arhammar.se\/blog\/tisdag-den-22-februari-1916\/"},"wordCount":874,"commentCount":0,"image":{"@id":"https:\/\/www.arhammar.se\/blog\/tisdag-den-22-februari-1916\/#primaryimage"},"thumbnailUrl":"https:\/\/www.arhammar.se\/blog\/wp-content\/uploads\/2020\/03\/dbkarinsmirnoff.jpg","articleSection":["1916","mormors dagbok"],"inLanguage":"en-US","potentialAction":[{"@type":"CommentAction","name":"Comment","target":["https:\/\/www.arhammar.se\/blog\/tisdag-den-22-februari-1916\/#respond"]}]},{"@type":"WebPage","@id":"https:\/\/www.arhammar.se\/blog\/tisdag-den-22-februari-1916\/","url":"https:\/\/www.arhammar.se\/blog\/tisdag-den-22-februari-1916\/","name":"Tisdag den 22 februari 1916. Undrar just n\u00e4r l\u00f6jtnanten uppenbarar sig p\u00e5 \"arenan\" igen. - @Arhammar bokstavligen","isPartOf":{"@id":"https:\/\/www.arhammar.se\/blog\/#website"},"primaryImageOfPage":{"@id":"https:\/\/www.arhammar.se\/blog\/tisdag-den-22-februari-1916\/#primaryimage"},"image":{"@id":"https:\/\/www.arhammar.se\/blog\/tisdag-den-22-februari-1916\/#primaryimage"},"thumbnailUrl":"https:\/\/www.arhammar.se\/blog\/wp-content\/uploads\/2020\/03\/dbkarinsmirnoff.jpg","datePublished":"2020-03-06T01:40:30+00:00","dateModified":"2020-04-26T20:16:55+00:00","author":{"@id":"https:\/\/www.arhammar.se\/blog\/#\/schema\/person\/061984c1d884b363e2c91550f2e00d1d"},"breadcrumb":{"@id":"https:\/\/www.arhammar.se\/blog\/tisdag-den-22-februari-1916\/#breadcrumb"},"inLanguage":"en-US","potentialAction":[{"@type":"ReadAction","target":["https:\/\/www.arhammar.se\/blog\/tisdag-den-22-februari-1916\/"]}]},{"@type":"ImageObject","inLanguage":"en-US","@id":"https:\/\/www.arhammar.se\/blog\/tisdag-den-22-februari-1916\/#primaryimage","url":"https:\/\/www.arhammar.se\/blog\/wp-content\/uploads\/2020\/03\/dbkarinsmirnoff.jpg","contentUrl":"https:\/\/www.arhammar.se\/blog\/wp-content\/uploads\/2020\/03\/dbkarinsmirnoff.jpg","width":640,"height":480},{"@type":"BreadcrumbList","@id":"https:\/\/www.arhammar.se\/blog\/tisdag-den-22-februari-1916\/#breadcrumb","itemListElement":[{"@type":"ListItem","position":1,"name":"Home","item":"https:\/\/www.arhammar.se\/blog\/"},{"@type":"ListItem","position":2,"name":"Tisdag den 22 februari 1916. Undrar just n\u00e4r l\u00f6jtnanten uppenbarar sig p\u00e5 &#8220;arenan&#8221; igen."}]},{"@type":"WebSite","@id":"https:\/\/www.arhammar.se\/blog\/#website","url":"https:\/\/www.arhammar.se\/blog\/","name":"@Arhammar bokstavligen","description":"Fr\u00e5n min penna och panna","potentialAction":[{"@type":"SearchAction","target":{"@type":"EntryPoint","urlTemplate":"https:\/\/www.arhammar.se\/blog\/?s={search_term_string}"},"query-input":{"@type":"PropertyValueSpecification","valueRequired":true,"valueName":"search_term_string"}}],"inLanguage":"en-US"},{"@type":"Person","@id":"https:\/\/www.arhammar.se\/blog\/#\/schema\/person\/061984c1d884b363e2c91550f2e00d1d","name":"Anders Arhammar","image":{"@type":"ImageObject","inLanguage":"en-US","@id":"https:\/\/secure.gravatar.com\/avatar\/784b5b36cfe145ae19a52340f405285a939bcc08d4a21136b3a81f9e378ffae0?s=96&d=mm&r=g","url":"https:\/\/secure.gravatar.com\/avatar\/784b5b36cfe145ae19a52340f405285a939bcc08d4a21136b3a81f9e378ffae0?s=96&d=mm&r=g","contentUrl":"https:\/\/secure.gravatar.com\/avatar\/784b5b36cfe145ae19a52340f405285a939bcc08d4a21136b3a81f9e378ffae0?s=96&d=mm&r=g","caption":"Anders Arhammar"},"url":"https:\/\/www.arhammar.se\/blog\/author\/anders\/"}]}},"_links":{"self":[{"href":"https:\/\/www.arhammar.se\/blog\/wp-json\/wp\/v2\/posts\/25934","targetHints":{"allow":["GET"]}}],"collection":[{"href":"https:\/\/www.arhammar.se\/blog\/wp-json\/wp\/v2\/posts"}],"about":[{"href":"https:\/\/www.arhammar.se\/blog\/wp-json\/wp\/v2\/types\/post"}],"author":[{"embeddable":true,"href":"https:\/\/www.arhammar.se\/blog\/wp-json\/wp\/v2\/users\/2"}],"replies":[{"embeddable":true,"href":"https:\/\/www.arhammar.se\/blog\/wp-json\/wp\/v2\/comments?post=25934"}],"version-history":[{"count":4,"href":"https:\/\/www.arhammar.se\/blog\/wp-json\/wp\/v2\/posts\/25934\/revisions"}],"predecessor-version":[{"id":28167,"href":"https:\/\/www.arhammar.se\/blog\/wp-json\/wp\/v2\/posts\/25934\/revisions\/28167"}],"wp:featuredmedia":[{"embeddable":true,"href":"https:\/\/www.arhammar.se\/blog\/wp-json\/wp\/v2\/media\/28197"}],"wp:attachment":[{"href":"https:\/\/www.arhammar.se\/blog\/wp-json\/wp\/v2\/media?parent=25934"}],"wp:term":[{"taxonomy":"category","embeddable":true,"href":"https:\/\/www.arhammar.se\/blog\/wp-json\/wp\/v2\/categories?post=25934"},{"taxonomy":"post_tag","embeddable":true,"href":"https:\/\/www.arhammar.se\/blog\/wp-json\/wp\/v2\/tags?post=25934"}],"curies":[{"name":"wp","href":"https:\/\/api.w.org\/{rel}","templated":true}]}}