{"id":25932,"date":"2020-03-06T02:38:57","date_gmt":"2020-03-06T01:38:57","guid":{"rendered":"https:\/\/www.arhammar.se\/blog\/?p=25932"},"modified":"2020-04-27T12:17:45","modified_gmt":"2020-04-27T11:17:45","slug":"lordag-den-19-februari-1916","status":"publish","type":"post","link":"https:\/\/www.arhammar.se\/blog\/lordag-den-19-februari-1916\/","title":{"rendered":"L\u00f6rdag den 19 februari 1916.  Du milde, vad Evert Taube \u00e4r stilig."},"content":{"rendered":"<p>Genom dimman h\u00e5ller solen p\u00e5 att arbeta sig fram. Som ett matt r\u00f6df\u00e4rgat klot skymtar den och kommer dimman att skifta i den vackraste sk\u00e4rgr\u00e5 f\u00e4rgton. Tr\u00e4den st\u00e5 i luftig rimfrostskrud, och sn\u00f6n ligger i drivor, s\u00e5 ovanligt vit och ren. <\/p>\n<p>P\u00e5 torsdag var det sn\u00f6storm och nu ha vi full vinter igen, 10 grader kallt. Det klingar s\u00e5 vackert fr\u00e5n bj\u00e4llror nere p\u00e5 Norr M\u00e4larstrand. Och nerf\u00f6r Parmm\u00e4targatan kommer den ena sl\u00e4den fylld med sn\u00f6 efter den andra f\u00f6r att t\u00f6mmas i vattnet, eller p\u00e5 isen kanske \u00e4r r\u00e4ttare. B\u00e5de p\u00e5 torsdag och ig\u00e5r var doktorn bortbjuden p\u00e5 middag, s\u00e5 jag \u00e5t ensam. Hela torsdag eftermiddag satt jag sn\u00e4llt hemma och var sen p\u00e5 gymnastiken. <\/p>\n<p>P\u00e5 fredag hade jag f\u00e5tt fribiljetter till Cirkus av farbror Paul och Naemi och jag skulle g\u00e5 dit huvudsakligen f\u00f6r att h\u00f6ra den tjugo\u00e5rige &#8220;sexton\u00e5ringen&#8221;, &#8220;Lille Caruso&#8221;, drilla fram sina ljuva toner. Men d\u00e4rav vart intet. Lille Caruso fick vara ifred f\u00f6r oss den kv\u00e4llen, ty d\u00e5 jag kom till Tegelbacken, d\u00e4r Naemi och jag st\u00e4mt m\u00f6te f\u00f6r att bege oss till cirkus, kommer hon och s\u00e4ger att vi skulle g\u00e5 till &#8220;Berns&#8221; och h\u00f6ra Rolf med herrskapet Andersson. <\/p>\n<p>Ja, vi gick dit och blev inkl\u00e4mda mellan ett par bord, s\u00e5 vi kunde knappt r\u00f6ra oss. D\u00e4r var mycket stiligt och utm\u00e4rkt bra musik. Men n\u00e5gon Rolf, fick vi inte h\u00f6ra. han hade n\u00e4mligen just som han skulle bege sig dit blivit sjuk, och kunde inte komma. Stor besvikelse och missn\u00f6jda utrop fr\u00e5n publiken. Men hur det var, hade de f\u00e5tt tag i Tornanders i st\u00e4llet och han sj\u00f6ng flera riktigt roliga bitar. <\/p>\n<p>Efter &#8220;Berns&#8221; bar det av till &#8220;Kastenhof&#8221;, d\u00e4r vi superade under en s\u00e4rdeles animerad st\u00e4mning. Edvard var tokig, som vanligt f\u00f6rst\u00e5s, men d\u00e5 han fr\u00e5gade mig, om inte den gr\u00f6na curacaon hade en bra vacker gul f\u00e4rg och i detsamma f\u00e5ngade en fluga p\u00e5 min \u00e4rm, r\u00e5dde jag honom att g\u00e5 hem. N\u00e4r vi skulle g\u00e5, uppt\u00e4ckte jag, i den nu n\u00e4stan utrymda lokalen, Evert Taube borta i en soffa. Du milde, vad han \u00e4r stilig. Jag gav f\u00f6rst\u00e5s Naemi en f\u00f6rsiktig p\u00e5st\u00f6tning. <\/p>\n<p>S\u00e5 bilades det hem och oh, s\u00e5 h\u00e4rligt, att f\u00e5 krypa ner i s\u00e4ngen. Men,&#8221;uschyaned\u00e5&#8221;, idag stinker jag inpyrd cigarr\u00f6k, s\u00e5 jag n\u00e4stan m\u00e5ste h\u00e5lla f\u00f6r n\u00e4san. Och i eftermiddag klockan 5 skall Naemi och jag resa till Grillby och h\u00e4lsa p\u00e5 L\u00e5ngstr\u00f6ms. De ringde i veckan och bj\u00f6do oss dit p\u00e5 s\u00f6ndag, d\u00e5 det \u00e4r tant Huldas namnsdag. Det blir nog livat.<\/p>\n<!-- AddThis Advanced Settings generic via filter on the_content --><!-- AddThis Share Buttons generic via filter on the_content -->","protected":false},"excerpt":{"rendered":"<p>Genom dimman h\u00e5ller solen p\u00e5 att arbeta sig fram. Som ett matt r\u00f6df\u00e4rgat klot skymtar den och kommer dimman att skifta i den vackraste sk\u00e4rgr\u00e5 f\u00e4rgton. Tr\u00e4den st\u00e5 i luftig rimfrostskrud, och sn\u00f6n ligger i drivor, s\u00e5 ovanligt vit och ren. P\u00e5 torsdag var det sn\u00f6storm och nu ha vi full vinter igen, 10 grader [&hellip;]<!-- AddThis Advanced Settings generic via filter on wp_trim_excerpt --><!-- AddThis Share Buttons generic via filter on wp_trim_excerpt --><\/p>\n","protected":false},"author":2,"featured_media":28203,"comment_status":"open","ping_status":"open","sticky":false,"template":"","format":"standard","meta":{"footnotes":""},"categories":[3441,3425],"tags":[],"class_list":["post-25932","post","type-post","status-publish","format-standard","has-post-thumbnail","hentry","category-3441","category-mormors-dagbok"],"yoast_head":"<!-- This site is optimized with the Yoast SEO plugin v27.4 - https:\/\/yoast.com\/product\/yoast-seo-wordpress\/ -->\n<title>L\u00f6rdag den 19 februari 1916. Du milde, vad Evert Taube \u00e4r stilig. - @Arhammar bokstavligen<\/title>\n<meta name=\"robots\" content=\"index, follow, max-snippet:-1, max-image-preview:large, max-video-preview:-1\" \/>\n<link rel=\"canonical\" href=\"https:\/\/www.arhammar.se\/blog\/lordag-den-19-februari-1916\/\" \/>\n<meta property=\"og:locale\" content=\"en_US\" \/>\n<meta property=\"og:type\" content=\"article\" \/>\n<meta property=\"og:title\" content=\"L\u00f6rdag den 19 februari 1916. Du milde, vad Evert Taube \u00e4r stilig. - @Arhammar bokstavligen\" \/>\n<meta property=\"og:description\" content=\"Genom dimman h\u00e5ller solen p\u00e5 att arbeta sig fram. Som ett matt r\u00f6df\u00e4rgat klot skymtar den och kommer dimman att skifta i den vackraste sk\u00e4rgr\u00e5 f\u00e4rgton. Tr\u00e4den st\u00e5 i luftig rimfrostskrud, och sn\u00f6n ligger i drivor, s\u00e5 ovanligt vit och ren. P\u00e5 torsdag var det sn\u00f6storm och nu ha vi full vinter igen, 10 grader [&hellip;]\" \/>\n<meta property=\"og:url\" content=\"https:\/\/www.arhammar.se\/blog\/lordag-den-19-februari-1916\/\" \/>\n<meta property=\"og:site_name\" content=\"@Arhammar bokstavligen\" \/>\n<meta property=\"article:published_time\" content=\"2020-03-06T01:38:57+00:00\" \/>\n<meta property=\"article:modified_time\" content=\"2020-04-27T11:17:45+00:00\" \/>\n<meta property=\"og:image\" content=\"https:\/\/www.arhammar.se\/blog\/wp-content\/uploads\/2020\/03\/dbkastenhof.jpg\" \/>\n\t<meta property=\"og:image:width\" content=\"640\" \/>\n\t<meta property=\"og:image:height\" content=\"480\" \/>\n\t<meta property=\"og:image:type\" content=\"image\/jpeg\" \/>\n<meta name=\"author\" content=\"Anders Arhammar\" \/>\n<meta name=\"twitter:card\" content=\"summary_large_image\" \/>\n<meta name=\"twitter:label1\" content=\"Written by\" \/>\n\t<meta name=\"twitter:data1\" content=\"Anders Arhammar\" \/>\n\t<meta name=\"twitter:label2\" content=\"Est. reading time\" \/>\n\t<meta name=\"twitter:data2\" content=\"2 minutes\" \/>\n<script type=\"application\/ld+json\" class=\"yoast-schema-graph\">{\"@context\":\"https:\\\/\\\/schema.org\",\"@graph\":[{\"@type\":\"Article\",\"@id\":\"https:\\\/\\\/www.arhammar.se\\\/blog\\\/lordag-den-19-februari-1916\\\/#article\",\"isPartOf\":{\"@id\":\"https:\\\/\\\/www.arhammar.se\\\/blog\\\/lordag-den-19-februari-1916\\\/\"},\"author\":{\"name\":\"Anders Arhammar\",\"@id\":\"https:\\\/\\\/www.arhammar.se\\\/blog\\\/#\\\/schema\\\/person\\\/061984c1d884b363e2c91550f2e00d1d\"},\"headline\":\"L\u00f6rdag den 19 februari 1916. Du milde, vad Evert Taube \u00e4r stilig.\",\"datePublished\":\"2020-03-06T01:38:57+00:00\",\"dateModified\":\"2020-04-27T11:17:45+00:00\",\"mainEntityOfPage\":{\"@id\":\"https:\\\/\\\/www.arhammar.se\\\/blog\\\/lordag-den-19-februari-1916\\\/\"},\"wordCount\":502,\"commentCount\":0,\"image\":{\"@id\":\"https:\\\/\\\/www.arhammar.se\\\/blog\\\/lordag-den-19-februari-1916\\\/#primaryimage\"},\"thumbnailUrl\":\"https:\\\/\\\/www.arhammar.se\\\/blog\\\/wp-content\\\/uploads\\\/2020\\\/03\\\/dbkastenhof.jpg\",\"articleSection\":[\"1916\",\"mormors dagbok\"],\"inLanguage\":\"en-US\",\"potentialAction\":[{\"@type\":\"CommentAction\",\"name\":\"Comment\",\"target\":[\"https:\\\/\\\/www.arhammar.se\\\/blog\\\/lordag-den-19-februari-1916\\\/#respond\"]}]},{\"@type\":\"WebPage\",\"@id\":\"https:\\\/\\\/www.arhammar.se\\\/blog\\\/lordag-den-19-februari-1916\\\/\",\"url\":\"https:\\\/\\\/www.arhammar.se\\\/blog\\\/lordag-den-19-februari-1916\\\/\",\"name\":\"L\u00f6rdag den 19 februari 1916. Du milde, vad Evert Taube \u00e4r stilig. - @Arhammar bokstavligen\",\"isPartOf\":{\"@id\":\"https:\\\/\\\/www.arhammar.se\\\/blog\\\/#website\"},\"primaryImageOfPage\":{\"@id\":\"https:\\\/\\\/www.arhammar.se\\\/blog\\\/lordag-den-19-februari-1916\\\/#primaryimage\"},\"image\":{\"@id\":\"https:\\\/\\\/www.arhammar.se\\\/blog\\\/lordag-den-19-februari-1916\\\/#primaryimage\"},\"thumbnailUrl\":\"https:\\\/\\\/www.arhammar.se\\\/blog\\\/wp-content\\\/uploads\\\/2020\\\/03\\\/dbkastenhof.jpg\",\"datePublished\":\"2020-03-06T01:38:57+00:00\",\"dateModified\":\"2020-04-27T11:17:45+00:00\",\"author\":{\"@id\":\"https:\\\/\\\/www.arhammar.se\\\/blog\\\/#\\\/schema\\\/person\\\/061984c1d884b363e2c91550f2e00d1d\"},\"breadcrumb\":{\"@id\":\"https:\\\/\\\/www.arhammar.se\\\/blog\\\/lordag-den-19-februari-1916\\\/#breadcrumb\"},\"inLanguage\":\"en-US\",\"potentialAction\":[{\"@type\":\"ReadAction\",\"target\":[\"https:\\\/\\\/www.arhammar.se\\\/blog\\\/lordag-den-19-februari-1916\\\/\"]}]},{\"@type\":\"ImageObject\",\"inLanguage\":\"en-US\",\"@id\":\"https:\\\/\\\/www.arhammar.se\\\/blog\\\/lordag-den-19-februari-1916\\\/#primaryimage\",\"url\":\"https:\\\/\\\/www.arhammar.se\\\/blog\\\/wp-content\\\/uploads\\\/2020\\\/03\\\/dbkastenhof.jpg\",\"contentUrl\":\"https:\\\/\\\/www.arhammar.se\\\/blog\\\/wp-content\\\/uploads\\\/2020\\\/03\\\/dbkastenhof.jpg\",\"width\":640,\"height\":480},{\"@type\":\"BreadcrumbList\",\"@id\":\"https:\\\/\\\/www.arhammar.se\\\/blog\\\/lordag-den-19-februari-1916\\\/#breadcrumb\",\"itemListElement\":[{\"@type\":\"ListItem\",\"position\":1,\"name\":\"Home\",\"item\":\"https:\\\/\\\/www.arhammar.se\\\/blog\\\/\"},{\"@type\":\"ListItem\",\"position\":2,\"name\":\"L\u00f6rdag den 19 februari 1916. Du milde, vad Evert Taube \u00e4r stilig.\"}]},{\"@type\":\"WebSite\",\"@id\":\"https:\\\/\\\/www.arhammar.se\\\/blog\\\/#website\",\"url\":\"https:\\\/\\\/www.arhammar.se\\\/blog\\\/\",\"name\":\"@Arhammar bokstavligen\",\"description\":\"Fr\u00e5n min penna och panna\",\"potentialAction\":[{\"@type\":\"SearchAction\",\"target\":{\"@type\":\"EntryPoint\",\"urlTemplate\":\"https:\\\/\\\/www.arhammar.se\\\/blog\\\/?s={search_term_string}\"},\"query-input\":{\"@type\":\"PropertyValueSpecification\",\"valueRequired\":true,\"valueName\":\"search_term_string\"}}],\"inLanguage\":\"en-US\"},{\"@type\":\"Person\",\"@id\":\"https:\\\/\\\/www.arhammar.se\\\/blog\\\/#\\\/schema\\\/person\\\/061984c1d884b363e2c91550f2e00d1d\",\"name\":\"Anders Arhammar\",\"image\":{\"@type\":\"ImageObject\",\"inLanguage\":\"en-US\",\"@id\":\"https:\\\/\\\/secure.gravatar.com\\\/avatar\\\/784b5b36cfe145ae19a52340f405285a939bcc08d4a21136b3a81f9e378ffae0?s=96&d=mm&r=g\",\"url\":\"https:\\\/\\\/secure.gravatar.com\\\/avatar\\\/784b5b36cfe145ae19a52340f405285a939bcc08d4a21136b3a81f9e378ffae0?s=96&d=mm&r=g\",\"contentUrl\":\"https:\\\/\\\/secure.gravatar.com\\\/avatar\\\/784b5b36cfe145ae19a52340f405285a939bcc08d4a21136b3a81f9e378ffae0?s=96&d=mm&r=g\",\"caption\":\"Anders Arhammar\"},\"url\":\"https:\\\/\\\/www.arhammar.se\\\/blog\\\/author\\\/anders\\\/\"}]}<\/script>\n<!-- \/ Yoast SEO plugin. -->","yoast_head_json":{"title":"L\u00f6rdag den 19 februari 1916. Du milde, vad Evert Taube \u00e4r stilig. - @Arhammar bokstavligen","robots":{"index":"index","follow":"follow","max-snippet":"max-snippet:-1","max-image-preview":"max-image-preview:large","max-video-preview":"max-video-preview:-1"},"canonical":"https:\/\/www.arhammar.se\/blog\/lordag-den-19-februari-1916\/","og_locale":"en_US","og_type":"article","og_title":"L\u00f6rdag den 19 februari 1916. Du milde, vad Evert Taube \u00e4r stilig. - @Arhammar bokstavligen","og_description":"Genom dimman h\u00e5ller solen p\u00e5 att arbeta sig fram. Som ett matt r\u00f6df\u00e4rgat klot skymtar den och kommer dimman att skifta i den vackraste sk\u00e4rgr\u00e5 f\u00e4rgton. Tr\u00e4den st\u00e5 i luftig rimfrostskrud, och sn\u00f6n ligger i drivor, s\u00e5 ovanligt vit och ren. P\u00e5 torsdag var det sn\u00f6storm och nu ha vi full vinter igen, 10 grader [&hellip;]","og_url":"https:\/\/www.arhammar.se\/blog\/lordag-den-19-februari-1916\/","og_site_name":"@Arhammar bokstavligen","article_published_time":"2020-03-06T01:38:57+00:00","article_modified_time":"2020-04-27T11:17:45+00:00","og_image":[{"width":640,"height":480,"url":"https:\/\/www.arhammar.se\/blog\/wp-content\/uploads\/2020\/03\/dbkastenhof.jpg","type":"image\/jpeg"}],"author":"Anders Arhammar","twitter_card":"summary_large_image","twitter_misc":{"Written by":"Anders Arhammar","Est. reading time":"2 minutes"},"schema":{"@context":"https:\/\/schema.org","@graph":[{"@type":"Article","@id":"https:\/\/www.arhammar.se\/blog\/lordag-den-19-februari-1916\/#article","isPartOf":{"@id":"https:\/\/www.arhammar.se\/blog\/lordag-den-19-februari-1916\/"},"author":{"name":"Anders Arhammar","@id":"https:\/\/www.arhammar.se\/blog\/#\/schema\/person\/061984c1d884b363e2c91550f2e00d1d"},"headline":"L\u00f6rdag den 19 februari 1916. Du milde, vad Evert Taube \u00e4r stilig.","datePublished":"2020-03-06T01:38:57+00:00","dateModified":"2020-04-27T11:17:45+00:00","mainEntityOfPage":{"@id":"https:\/\/www.arhammar.se\/blog\/lordag-den-19-februari-1916\/"},"wordCount":502,"commentCount":0,"image":{"@id":"https:\/\/www.arhammar.se\/blog\/lordag-den-19-februari-1916\/#primaryimage"},"thumbnailUrl":"https:\/\/www.arhammar.se\/blog\/wp-content\/uploads\/2020\/03\/dbkastenhof.jpg","articleSection":["1916","mormors dagbok"],"inLanguage":"en-US","potentialAction":[{"@type":"CommentAction","name":"Comment","target":["https:\/\/www.arhammar.se\/blog\/lordag-den-19-februari-1916\/#respond"]}]},{"@type":"WebPage","@id":"https:\/\/www.arhammar.se\/blog\/lordag-den-19-februari-1916\/","url":"https:\/\/www.arhammar.se\/blog\/lordag-den-19-februari-1916\/","name":"L\u00f6rdag den 19 februari 1916. Du milde, vad Evert Taube \u00e4r stilig. - @Arhammar bokstavligen","isPartOf":{"@id":"https:\/\/www.arhammar.se\/blog\/#website"},"primaryImageOfPage":{"@id":"https:\/\/www.arhammar.se\/blog\/lordag-den-19-februari-1916\/#primaryimage"},"image":{"@id":"https:\/\/www.arhammar.se\/blog\/lordag-den-19-februari-1916\/#primaryimage"},"thumbnailUrl":"https:\/\/www.arhammar.se\/blog\/wp-content\/uploads\/2020\/03\/dbkastenhof.jpg","datePublished":"2020-03-06T01:38:57+00:00","dateModified":"2020-04-27T11:17:45+00:00","author":{"@id":"https:\/\/www.arhammar.se\/blog\/#\/schema\/person\/061984c1d884b363e2c91550f2e00d1d"},"breadcrumb":{"@id":"https:\/\/www.arhammar.se\/blog\/lordag-den-19-februari-1916\/#breadcrumb"},"inLanguage":"en-US","potentialAction":[{"@type":"ReadAction","target":["https:\/\/www.arhammar.se\/blog\/lordag-den-19-februari-1916\/"]}]},{"@type":"ImageObject","inLanguage":"en-US","@id":"https:\/\/www.arhammar.se\/blog\/lordag-den-19-februari-1916\/#primaryimage","url":"https:\/\/www.arhammar.se\/blog\/wp-content\/uploads\/2020\/03\/dbkastenhof.jpg","contentUrl":"https:\/\/www.arhammar.se\/blog\/wp-content\/uploads\/2020\/03\/dbkastenhof.jpg","width":640,"height":480},{"@type":"BreadcrumbList","@id":"https:\/\/www.arhammar.se\/blog\/lordag-den-19-februari-1916\/#breadcrumb","itemListElement":[{"@type":"ListItem","position":1,"name":"Home","item":"https:\/\/www.arhammar.se\/blog\/"},{"@type":"ListItem","position":2,"name":"L\u00f6rdag den 19 februari 1916. Du milde, vad Evert Taube \u00e4r stilig."}]},{"@type":"WebSite","@id":"https:\/\/www.arhammar.se\/blog\/#website","url":"https:\/\/www.arhammar.se\/blog\/","name":"@Arhammar bokstavligen","description":"Fr\u00e5n min penna och panna","potentialAction":[{"@type":"SearchAction","target":{"@type":"EntryPoint","urlTemplate":"https:\/\/www.arhammar.se\/blog\/?s={search_term_string}"},"query-input":{"@type":"PropertyValueSpecification","valueRequired":true,"valueName":"search_term_string"}}],"inLanguage":"en-US"},{"@type":"Person","@id":"https:\/\/www.arhammar.se\/blog\/#\/schema\/person\/061984c1d884b363e2c91550f2e00d1d","name":"Anders Arhammar","image":{"@type":"ImageObject","inLanguage":"en-US","@id":"https:\/\/secure.gravatar.com\/avatar\/784b5b36cfe145ae19a52340f405285a939bcc08d4a21136b3a81f9e378ffae0?s=96&d=mm&r=g","url":"https:\/\/secure.gravatar.com\/avatar\/784b5b36cfe145ae19a52340f405285a939bcc08d4a21136b3a81f9e378ffae0?s=96&d=mm&r=g","contentUrl":"https:\/\/secure.gravatar.com\/avatar\/784b5b36cfe145ae19a52340f405285a939bcc08d4a21136b3a81f9e378ffae0?s=96&d=mm&r=g","caption":"Anders Arhammar"},"url":"https:\/\/www.arhammar.se\/blog\/author\/anders\/"}]}},"_links":{"self":[{"href":"https:\/\/www.arhammar.se\/blog\/wp-json\/wp\/v2\/posts\/25932","targetHints":{"allow":["GET"]}}],"collection":[{"href":"https:\/\/www.arhammar.se\/blog\/wp-json\/wp\/v2\/posts"}],"about":[{"href":"https:\/\/www.arhammar.se\/blog\/wp-json\/wp\/v2\/types\/post"}],"author":[{"embeddable":true,"href":"https:\/\/www.arhammar.se\/blog\/wp-json\/wp\/v2\/users\/2"}],"replies":[{"embeddable":true,"href":"https:\/\/www.arhammar.se\/blog\/wp-json\/wp\/v2\/comments?post=25932"}],"version-history":[{"count":5,"href":"https:\/\/www.arhammar.se\/blog\/wp-json\/wp\/v2\/posts\/25932\/revisions"}],"predecessor-version":[{"id":28166,"href":"https:\/\/www.arhammar.se\/blog\/wp-json\/wp\/v2\/posts\/25932\/revisions\/28166"}],"wp:featuredmedia":[{"embeddable":true,"href":"https:\/\/www.arhammar.se\/blog\/wp-json\/wp\/v2\/media\/28203"}],"wp:attachment":[{"href":"https:\/\/www.arhammar.se\/blog\/wp-json\/wp\/v2\/media?parent=25932"}],"wp:term":[{"taxonomy":"category","embeddable":true,"href":"https:\/\/www.arhammar.se\/blog\/wp-json\/wp\/v2\/categories?post=25932"},{"taxonomy":"post_tag","embeddable":true,"href":"https:\/\/www.arhammar.se\/blog\/wp-json\/wp\/v2\/tags?post=25932"}],"curies":[{"name":"wp","href":"https:\/\/api.w.org\/{rel}","templated":true}]}}