{"id":25389,"date":"2020-03-06T00:15:39","date_gmt":"2020-03-05T23:15:39","guid":{"rendered":"https:\/\/www.arhammar.se\/blog\/?p=25389"},"modified":"2020-04-25T15:47:42","modified_gmt":"2020-04-25T14:47:42","slug":"fredag-den-7-januari-1916-vi-blev-foralskade-i-huskorset","status":"publish","type":"post","link":"https:\/\/www.arhammar.se\/blog\/fredag-den-7-januari-1916-vi-blev-foralskade-i-huskorset\/","title":{"rendered":"Fredag den 7 januari 1916.  Vi blev f\u00f6r\u00e4lskade i huskorset."},"content":{"rendered":"<p>Ysch, Ysch ett s\u00e5dant &#8220;jeklit&#8221; v\u00e4der. Det hiskeligaste slaskande man kan t\u00e4nka sig. Ig\u00e5r var jag ute n\u00e4stan hela dagen. F\u00f6rst var jag hos Heddy. S\u00e5 var jag med Volrat till Djurg\u00e5rden, sen &#8220;hastade jag mig till&#8221; middag hos Petterssons (doktorn var borta) och p\u00e5 kv\u00e4llen var jag med Heddy och hennes f\u00e4stman och s\u00e5g &#8220;Br\u00f6derna \u00d6stermans huskors&#8221;, spelat i en folkskolegymnastiksal (puh) p\u00e5 S\u00f6der av medlemmar i idrottsklubben &#8220;Hellas&#8221;. <\/p>\n<p>S\u00e5ledes uteslutande pojkar. Och det var verkligen inte alls illa. Elegantare lokal och publik har jag ju sett f\u00f6rst\u00e5s, det var, som Heddy sa, \u00e1 la Gr\u00f6nk\u00f6pingsteater och familjerna Jansson m.fl. men spelet gick riktigt bra. <\/p>\n<p>Det var en s\u00e5 f\u00f6rtjusande yngling, som spelade huskorset, s\u00e5 b\u00e5de Heddy och jag blevo f\u00f6r\u00e4lskade i honom f\u00f6rst\u00e5s. Och p\u00e5 hemv\u00e4gen \u201dk\u00f6rde\u201d vi f\u00f6rskr\u00e4ckligt med en av br\u00f6derna \u00d6stermans \u00e4lsklingsterm: &#8220;De \u00e4 just j\u00e4mt va de \u00e4 de&#8221;. <\/p>\n<p>Idag skall doktorn bort p\u00e5 middag igen (sabla festande) s\u00e5 jag \u00e4mnar g\u00e5 med Naemi p\u00e5 &#8220;kinne&#8221; i kv\u00e4ll igen. Aj\u00f6ss, eller &#8220;au resevoir&#8221; som br\u00f6derna \u00d6stermans huskors sa.<\/p>\n<!-- AddThis Advanced Settings generic via filter on the_content --><!-- AddThis Share Buttons generic via filter on the_content -->","protected":false},"excerpt":{"rendered":"<p>Ysch, Ysch ett s\u00e5dant &#8220;jeklit&#8221; v\u00e4der. Det hiskeligaste slaskande man kan t\u00e4nka sig. Ig\u00e5r var jag ute n\u00e4stan hela dagen. F\u00f6rst var jag hos Heddy. S\u00e5 var jag med Volrat till Djurg\u00e5rden, sen &#8220;hastade jag mig till&#8221; middag hos Petterssons (doktorn var borta) och p\u00e5 kv\u00e4llen var jag med Heddy och hennes f\u00e4stman och s\u00e5g [&hellip;]<!-- AddThis Advanced Settings generic via filter on wp_trim_excerpt --><!-- AddThis Share Buttons generic via filter on wp_trim_excerpt --><\/p>\n","protected":false},"author":2,"featured_media":25856,"comment_status":"open","ping_status":"open","sticky":false,"template":"","format":"standard","meta":{"footnotes":""},"categories":[3441,3425],"tags":[],"class_list":["post-25389","post","type-post","status-publish","format-standard","has-post-thumbnail","hentry","category-3441","category-mormors-dagbok"],"yoast_head":"<!-- This site is optimized with the Yoast SEO plugin v27.4 - https:\/\/yoast.com\/product\/yoast-seo-wordpress\/ -->\n<title>Fredag den 7 januari 1916. Vi blev f\u00f6r\u00e4lskade i huskorset. - @Arhammar bokstavligen<\/title>\n<meta name=\"robots\" content=\"index, follow, max-snippet:-1, max-image-preview:large, max-video-preview:-1\" \/>\n<link rel=\"canonical\" href=\"https:\/\/www.arhammar.se\/blog\/fredag-den-7-januari-1916-vi-blev-foralskade-i-huskorset\/\" \/>\n<meta property=\"og:locale\" content=\"en_US\" \/>\n<meta property=\"og:type\" content=\"article\" \/>\n<meta property=\"og:title\" content=\"Fredag den 7 januari 1916. Vi blev f\u00f6r\u00e4lskade i huskorset. - @Arhammar bokstavligen\" \/>\n<meta property=\"og:description\" content=\"Ysch, Ysch ett s\u00e5dant &#8220;jeklit&#8221; v\u00e4der. Det hiskeligaste slaskande man kan t\u00e4nka sig. Ig\u00e5r var jag ute n\u00e4stan hela dagen. F\u00f6rst var jag hos Heddy. S\u00e5 var jag med Volrat till Djurg\u00e5rden, sen &#8220;hastade jag mig till&#8221; middag hos Petterssons (doktorn var borta) och p\u00e5 kv\u00e4llen var jag med Heddy och hennes f\u00e4stman och s\u00e5g [&hellip;]\" \/>\n<meta property=\"og:url\" content=\"https:\/\/www.arhammar.se\/blog\/fredag-den-7-januari-1916-vi-blev-foralskade-i-huskorset\/\" \/>\n<meta property=\"og:site_name\" content=\"@Arhammar bokstavligen\" \/>\n<meta property=\"article:published_time\" content=\"2020-03-05T23:15:39+00:00\" \/>\n<meta property=\"article:modified_time\" content=\"2020-04-25T14:47:42+00:00\" \/>\n<meta property=\"og:image\" content=\"https:\/\/www.arhammar.se\/blog\/wp-content\/uploads\/2020\/01\/jan1916.jpg\" \/>\n\t<meta property=\"og:image:width\" content=\"640\" \/>\n\t<meta property=\"og:image:height\" content=\"480\" \/>\n\t<meta property=\"og:image:type\" content=\"image\/jpeg\" \/>\n<meta name=\"author\" content=\"Anders Arhammar\" \/>\n<meta name=\"twitter:card\" content=\"summary_large_image\" \/>\n<meta name=\"twitter:label1\" content=\"Written by\" \/>\n\t<meta name=\"twitter:data1\" content=\"Anders Arhammar\" \/>\n\t<meta name=\"twitter:label2\" content=\"Est. reading time\" \/>\n\t<meta name=\"twitter:data2\" content=\"1 minute\" \/>\n<script type=\"application\/ld+json\" class=\"yoast-schema-graph\">{\"@context\":\"https:\\\/\\\/schema.org\",\"@graph\":[{\"@type\":\"Article\",\"@id\":\"https:\\\/\\\/www.arhammar.se\\\/blog\\\/fredag-den-7-januari-1916-vi-blev-foralskade-i-huskorset\\\/#article\",\"isPartOf\":{\"@id\":\"https:\\\/\\\/www.arhammar.se\\\/blog\\\/fredag-den-7-januari-1916-vi-blev-foralskade-i-huskorset\\\/\"},\"author\":{\"name\":\"Anders Arhammar\",\"@id\":\"https:\\\/\\\/www.arhammar.se\\\/blog\\\/#\\\/schema\\\/person\\\/061984c1d884b363e2c91550f2e00d1d\"},\"headline\":\"Fredag den 7 januari 1916. Vi blev f\u00f6r\u00e4lskade i huskorset.\",\"datePublished\":\"2020-03-05T23:15:39+00:00\",\"dateModified\":\"2020-04-25T14:47:42+00:00\",\"mainEntityOfPage\":{\"@id\":\"https:\\\/\\\/www.arhammar.se\\\/blog\\\/fredag-den-7-januari-1916-vi-blev-foralskade-i-huskorset\\\/\"},\"wordCount\":214,\"commentCount\":0,\"image\":{\"@id\":\"https:\\\/\\\/www.arhammar.se\\\/blog\\\/fredag-den-7-januari-1916-vi-blev-foralskade-i-huskorset\\\/#primaryimage\"},\"thumbnailUrl\":\"https:\\\/\\\/www.arhammar.se\\\/blog\\\/wp-content\\\/uploads\\\/2020\\\/01\\\/jan1916.jpg\",\"articleSection\":[\"1916\",\"mormors dagbok\"],\"inLanguage\":\"en-US\",\"potentialAction\":[{\"@type\":\"CommentAction\",\"name\":\"Comment\",\"target\":[\"https:\\\/\\\/www.arhammar.se\\\/blog\\\/fredag-den-7-januari-1916-vi-blev-foralskade-i-huskorset\\\/#respond\"]}]},{\"@type\":\"WebPage\",\"@id\":\"https:\\\/\\\/www.arhammar.se\\\/blog\\\/fredag-den-7-januari-1916-vi-blev-foralskade-i-huskorset\\\/\",\"url\":\"https:\\\/\\\/www.arhammar.se\\\/blog\\\/fredag-den-7-januari-1916-vi-blev-foralskade-i-huskorset\\\/\",\"name\":\"Fredag den 7 januari 1916. Vi blev f\u00f6r\u00e4lskade i huskorset. - @Arhammar bokstavligen\",\"isPartOf\":{\"@id\":\"https:\\\/\\\/www.arhammar.se\\\/blog\\\/#website\"},\"primaryImageOfPage\":{\"@id\":\"https:\\\/\\\/www.arhammar.se\\\/blog\\\/fredag-den-7-januari-1916-vi-blev-foralskade-i-huskorset\\\/#primaryimage\"},\"image\":{\"@id\":\"https:\\\/\\\/www.arhammar.se\\\/blog\\\/fredag-den-7-januari-1916-vi-blev-foralskade-i-huskorset\\\/#primaryimage\"},\"thumbnailUrl\":\"https:\\\/\\\/www.arhammar.se\\\/blog\\\/wp-content\\\/uploads\\\/2020\\\/01\\\/jan1916.jpg\",\"datePublished\":\"2020-03-05T23:15:39+00:00\",\"dateModified\":\"2020-04-25T14:47:42+00:00\",\"author\":{\"@id\":\"https:\\\/\\\/www.arhammar.se\\\/blog\\\/#\\\/schema\\\/person\\\/061984c1d884b363e2c91550f2e00d1d\"},\"breadcrumb\":{\"@id\":\"https:\\\/\\\/www.arhammar.se\\\/blog\\\/fredag-den-7-januari-1916-vi-blev-foralskade-i-huskorset\\\/#breadcrumb\"},\"inLanguage\":\"en-US\",\"potentialAction\":[{\"@type\":\"ReadAction\",\"target\":[\"https:\\\/\\\/www.arhammar.se\\\/blog\\\/fredag-den-7-januari-1916-vi-blev-foralskade-i-huskorset\\\/\"]}]},{\"@type\":\"ImageObject\",\"inLanguage\":\"en-US\",\"@id\":\"https:\\\/\\\/www.arhammar.se\\\/blog\\\/fredag-den-7-januari-1916-vi-blev-foralskade-i-huskorset\\\/#primaryimage\",\"url\":\"https:\\\/\\\/www.arhammar.se\\\/blog\\\/wp-content\\\/uploads\\\/2020\\\/01\\\/jan1916.jpg\",\"contentUrl\":\"https:\\\/\\\/www.arhammar.se\\\/blog\\\/wp-content\\\/uploads\\\/2020\\\/01\\\/jan1916.jpg\",\"width\":640,\"height\":480},{\"@type\":\"BreadcrumbList\",\"@id\":\"https:\\\/\\\/www.arhammar.se\\\/blog\\\/fredag-den-7-januari-1916-vi-blev-foralskade-i-huskorset\\\/#breadcrumb\",\"itemListElement\":[{\"@type\":\"ListItem\",\"position\":1,\"name\":\"Home\",\"item\":\"https:\\\/\\\/www.arhammar.se\\\/blog\\\/\"},{\"@type\":\"ListItem\",\"position\":2,\"name\":\"Fredag den 7 januari 1916. Vi blev f\u00f6r\u00e4lskade i huskorset.\"}]},{\"@type\":\"WebSite\",\"@id\":\"https:\\\/\\\/www.arhammar.se\\\/blog\\\/#website\",\"url\":\"https:\\\/\\\/www.arhammar.se\\\/blog\\\/\",\"name\":\"@Arhammar bokstavligen\",\"description\":\"Fr\u00e5n min penna och panna\",\"potentialAction\":[{\"@type\":\"SearchAction\",\"target\":{\"@type\":\"EntryPoint\",\"urlTemplate\":\"https:\\\/\\\/www.arhammar.se\\\/blog\\\/?s={search_term_string}\"},\"query-input\":{\"@type\":\"PropertyValueSpecification\",\"valueRequired\":true,\"valueName\":\"search_term_string\"}}],\"inLanguage\":\"en-US\"},{\"@type\":\"Person\",\"@id\":\"https:\\\/\\\/www.arhammar.se\\\/blog\\\/#\\\/schema\\\/person\\\/061984c1d884b363e2c91550f2e00d1d\",\"name\":\"Anders Arhammar\",\"image\":{\"@type\":\"ImageObject\",\"inLanguage\":\"en-US\",\"@id\":\"https:\\\/\\\/secure.gravatar.com\\\/avatar\\\/784b5b36cfe145ae19a52340f405285a939bcc08d4a21136b3a81f9e378ffae0?s=96&d=mm&r=g\",\"url\":\"https:\\\/\\\/secure.gravatar.com\\\/avatar\\\/784b5b36cfe145ae19a52340f405285a939bcc08d4a21136b3a81f9e378ffae0?s=96&d=mm&r=g\",\"contentUrl\":\"https:\\\/\\\/secure.gravatar.com\\\/avatar\\\/784b5b36cfe145ae19a52340f405285a939bcc08d4a21136b3a81f9e378ffae0?s=96&d=mm&r=g\",\"caption\":\"Anders Arhammar\"},\"url\":\"https:\\\/\\\/www.arhammar.se\\\/blog\\\/author\\\/anders\\\/\"}]}<\/script>\n<!-- \/ Yoast SEO plugin. -->","yoast_head_json":{"title":"Fredag den 7 januari 1916. Vi blev f\u00f6r\u00e4lskade i huskorset. - @Arhammar bokstavligen","robots":{"index":"index","follow":"follow","max-snippet":"max-snippet:-1","max-image-preview":"max-image-preview:large","max-video-preview":"max-video-preview:-1"},"canonical":"https:\/\/www.arhammar.se\/blog\/fredag-den-7-januari-1916-vi-blev-foralskade-i-huskorset\/","og_locale":"en_US","og_type":"article","og_title":"Fredag den 7 januari 1916. Vi blev f\u00f6r\u00e4lskade i huskorset. - @Arhammar bokstavligen","og_description":"Ysch, Ysch ett s\u00e5dant &#8220;jeklit&#8221; v\u00e4der. Det hiskeligaste slaskande man kan t\u00e4nka sig. Ig\u00e5r var jag ute n\u00e4stan hela dagen. F\u00f6rst var jag hos Heddy. S\u00e5 var jag med Volrat till Djurg\u00e5rden, sen &#8220;hastade jag mig till&#8221; middag hos Petterssons (doktorn var borta) och p\u00e5 kv\u00e4llen var jag med Heddy och hennes f\u00e4stman och s\u00e5g [&hellip;]","og_url":"https:\/\/www.arhammar.se\/blog\/fredag-den-7-januari-1916-vi-blev-foralskade-i-huskorset\/","og_site_name":"@Arhammar bokstavligen","article_published_time":"2020-03-05T23:15:39+00:00","article_modified_time":"2020-04-25T14:47:42+00:00","og_image":[{"width":640,"height":480,"url":"https:\/\/www.arhammar.se\/blog\/wp-content\/uploads\/2020\/01\/jan1916.jpg","type":"image\/jpeg"}],"author":"Anders Arhammar","twitter_card":"summary_large_image","twitter_misc":{"Written by":"Anders Arhammar","Est. reading time":"1 minute"},"schema":{"@context":"https:\/\/schema.org","@graph":[{"@type":"Article","@id":"https:\/\/www.arhammar.se\/blog\/fredag-den-7-januari-1916-vi-blev-foralskade-i-huskorset\/#article","isPartOf":{"@id":"https:\/\/www.arhammar.se\/blog\/fredag-den-7-januari-1916-vi-blev-foralskade-i-huskorset\/"},"author":{"name":"Anders Arhammar","@id":"https:\/\/www.arhammar.se\/blog\/#\/schema\/person\/061984c1d884b363e2c91550f2e00d1d"},"headline":"Fredag den 7 januari 1916. Vi blev f\u00f6r\u00e4lskade i huskorset.","datePublished":"2020-03-05T23:15:39+00:00","dateModified":"2020-04-25T14:47:42+00:00","mainEntityOfPage":{"@id":"https:\/\/www.arhammar.se\/blog\/fredag-den-7-januari-1916-vi-blev-foralskade-i-huskorset\/"},"wordCount":214,"commentCount":0,"image":{"@id":"https:\/\/www.arhammar.se\/blog\/fredag-den-7-januari-1916-vi-blev-foralskade-i-huskorset\/#primaryimage"},"thumbnailUrl":"https:\/\/www.arhammar.se\/blog\/wp-content\/uploads\/2020\/01\/jan1916.jpg","articleSection":["1916","mormors dagbok"],"inLanguage":"en-US","potentialAction":[{"@type":"CommentAction","name":"Comment","target":["https:\/\/www.arhammar.se\/blog\/fredag-den-7-januari-1916-vi-blev-foralskade-i-huskorset\/#respond"]}]},{"@type":"WebPage","@id":"https:\/\/www.arhammar.se\/blog\/fredag-den-7-januari-1916-vi-blev-foralskade-i-huskorset\/","url":"https:\/\/www.arhammar.se\/blog\/fredag-den-7-januari-1916-vi-blev-foralskade-i-huskorset\/","name":"Fredag den 7 januari 1916. Vi blev f\u00f6r\u00e4lskade i huskorset. - @Arhammar bokstavligen","isPartOf":{"@id":"https:\/\/www.arhammar.se\/blog\/#website"},"primaryImageOfPage":{"@id":"https:\/\/www.arhammar.se\/blog\/fredag-den-7-januari-1916-vi-blev-foralskade-i-huskorset\/#primaryimage"},"image":{"@id":"https:\/\/www.arhammar.se\/blog\/fredag-den-7-januari-1916-vi-blev-foralskade-i-huskorset\/#primaryimage"},"thumbnailUrl":"https:\/\/www.arhammar.se\/blog\/wp-content\/uploads\/2020\/01\/jan1916.jpg","datePublished":"2020-03-05T23:15:39+00:00","dateModified":"2020-04-25T14:47:42+00:00","author":{"@id":"https:\/\/www.arhammar.se\/blog\/#\/schema\/person\/061984c1d884b363e2c91550f2e00d1d"},"breadcrumb":{"@id":"https:\/\/www.arhammar.se\/blog\/fredag-den-7-januari-1916-vi-blev-foralskade-i-huskorset\/#breadcrumb"},"inLanguage":"en-US","potentialAction":[{"@type":"ReadAction","target":["https:\/\/www.arhammar.se\/blog\/fredag-den-7-januari-1916-vi-blev-foralskade-i-huskorset\/"]}]},{"@type":"ImageObject","inLanguage":"en-US","@id":"https:\/\/www.arhammar.se\/blog\/fredag-den-7-januari-1916-vi-blev-foralskade-i-huskorset\/#primaryimage","url":"https:\/\/www.arhammar.se\/blog\/wp-content\/uploads\/2020\/01\/jan1916.jpg","contentUrl":"https:\/\/www.arhammar.se\/blog\/wp-content\/uploads\/2020\/01\/jan1916.jpg","width":640,"height":480},{"@type":"BreadcrumbList","@id":"https:\/\/www.arhammar.se\/blog\/fredag-den-7-januari-1916-vi-blev-foralskade-i-huskorset\/#breadcrumb","itemListElement":[{"@type":"ListItem","position":1,"name":"Home","item":"https:\/\/www.arhammar.se\/blog\/"},{"@type":"ListItem","position":2,"name":"Fredag den 7 januari 1916. Vi blev f\u00f6r\u00e4lskade i huskorset."}]},{"@type":"WebSite","@id":"https:\/\/www.arhammar.se\/blog\/#website","url":"https:\/\/www.arhammar.se\/blog\/","name":"@Arhammar bokstavligen","description":"Fr\u00e5n min penna och panna","potentialAction":[{"@type":"SearchAction","target":{"@type":"EntryPoint","urlTemplate":"https:\/\/www.arhammar.se\/blog\/?s={search_term_string}"},"query-input":{"@type":"PropertyValueSpecification","valueRequired":true,"valueName":"search_term_string"}}],"inLanguage":"en-US"},{"@type":"Person","@id":"https:\/\/www.arhammar.se\/blog\/#\/schema\/person\/061984c1d884b363e2c91550f2e00d1d","name":"Anders Arhammar","image":{"@type":"ImageObject","inLanguage":"en-US","@id":"https:\/\/secure.gravatar.com\/avatar\/784b5b36cfe145ae19a52340f405285a939bcc08d4a21136b3a81f9e378ffae0?s=96&d=mm&r=g","url":"https:\/\/secure.gravatar.com\/avatar\/784b5b36cfe145ae19a52340f405285a939bcc08d4a21136b3a81f9e378ffae0?s=96&d=mm&r=g","contentUrl":"https:\/\/secure.gravatar.com\/avatar\/784b5b36cfe145ae19a52340f405285a939bcc08d4a21136b3a81f9e378ffae0?s=96&d=mm&r=g","caption":"Anders Arhammar"},"url":"https:\/\/www.arhammar.se\/blog\/author\/anders\/"}]}},"_links":{"self":[{"href":"https:\/\/www.arhammar.se\/blog\/wp-json\/wp\/v2\/posts\/25389","targetHints":{"allow":["GET"]}}],"collection":[{"href":"https:\/\/www.arhammar.se\/blog\/wp-json\/wp\/v2\/posts"}],"about":[{"href":"https:\/\/www.arhammar.se\/blog\/wp-json\/wp\/v2\/types\/post"}],"author":[{"embeddable":true,"href":"https:\/\/www.arhammar.se\/blog\/wp-json\/wp\/v2\/users\/2"}],"replies":[{"embeddable":true,"href":"https:\/\/www.arhammar.se\/blog\/wp-json\/wp\/v2\/comments?post=25389"}],"version-history":[{"count":3,"href":"https:\/\/www.arhammar.se\/blog\/wp-json\/wp\/v2\/posts\/25389\/revisions"}],"predecessor-version":[{"id":28155,"href":"https:\/\/www.arhammar.se\/blog\/wp-json\/wp\/v2\/posts\/25389\/revisions\/28155"}],"wp:featuredmedia":[{"embeddable":true,"href":"https:\/\/www.arhammar.se\/blog\/wp-json\/wp\/v2\/media\/25856"}],"wp:attachment":[{"href":"https:\/\/www.arhammar.se\/blog\/wp-json\/wp\/v2\/media?parent=25389"}],"wp:term":[{"taxonomy":"category","embeddable":true,"href":"https:\/\/www.arhammar.se\/blog\/wp-json\/wp\/v2\/categories?post=25389"},{"taxonomy":"post_tag","embeddable":true,"href":"https:\/\/www.arhammar.se\/blog\/wp-json\/wp\/v2\/tags?post=25389"}],"curies":[{"name":"wp","href":"https:\/\/api.w.org\/{rel}","templated":true}]}}