{"id":25309,"date":"2020-03-06T02:30:55","date_gmt":"2020-03-06T01:30:55","guid":{"rendered":"https:\/\/www.arhammar.se\/blog\/?p=25309"},"modified":"2020-04-27T12:00:28","modified_gmt":"2020-04-27T11:00:28","slug":"tisdag-den-15-februari-1916","status":"publish","type":"post","link":"https:\/\/www.arhammar.se\/blog\/tisdag-den-15-februari-1916\/","title":{"rendered":"Tisdag den 15 februari 1916. F\u00f6rlorade min k\u00e4ra guldring."},"content":{"rendered":"<p>Tr\u00e5kigt v\u00e4der. Bl\u00e5sruskigt och sn\u00f6blaskigt. Narigt. Usch! I s\u00f6ndags var Naemi och jag p\u00e5 Fr\u00e4lsningsarm\u00e9n. D\u00e4r var en gammal gumma i lokalen, som vittnade om hur hon &#8220;i morres va nere och k\u00f6pte mj\u00f6lk \u00e5 d\u00e5 sa dom, att de gudfruktie \u00e4 bara elaka, men d\u00e5 sa ja att vi f\u00e5r v\u00e4l se p\u00e5 den yttersta dagen o.s.v.&#8221;. Onekligen n\u00e5got osammanh\u00e4ngande och originellt. Naemi gick med mig hem, f\u00f6r att f\u00e5 en bit frukost, och d\u00e5 var Hanna f\u00f6r ovanlighetens skull sabla sur och pratade en massa sm\u00f6rja ute i serveringsrummet om att dom kan v\u00e4l \u00e4ta p\u00e5 r\u00e4tt tid o.s.v. <\/p>\n<p>Jag blev arg, s\u00e5 jag fr\u00e5gade henne p\u00e5 m\u00e5ndag vad hon egentligen menade. D\u00e5 blev hon \u00e4nnu argare, men som v\u00e4l var svalnade hon snart, s\u00e5 nu \u00e4r det j\u00e4mf\u00f6relsevis lugnt. Det \u00e4r v\u00e4l s\u00e5, att s\u00e5na d\u00e4r lugna m\u00e4nniskor som hon, brusar upp alldeles f\u00f6rbaskat ibland, men man f\u00e5r v\u00e4l inte f\u00e4sta sig s\u00e5 mycket vid det. Det var f\u00f6rsta g\u00e5ngen hon br\u00e5kat sen jag kom hit. <\/p>\n<p>P\u00e5 s\u00f6ndag middag var notarie Forsberg h\u00e4r. Honom tycker jag om, inte d\u00e4rf\u00f6r att han \u00e4r sk\u00f6n eller stilig, f\u00f6r det \u00e4r han inte, men jag tror att han \u00e4r mycket pigg och trevlig p\u00e5 samma g\u00e5ng som han \u00e4r rar och sn\u00e4ll. Ig\u00e5r var jag ute p\u00e5 f\u00f6rmiddagen och f\u00f6rlorade min k\u00e4ra guldring, som varit farmors vigselring och som jag fick av mamma, p\u00e5 min 20-\u00e5rs dag. Jag kan absolut inte f\u00f6rst\u00e5, p\u00e5 vad s\u00e4tt, jag f\u00f6rlorat den. Idag har jag emellertid satt in en annons, och jag hoppas, att jag f\u00e5r den tillbaka. <\/p>\n<p>Ig\u00e5r kv\u00e4ll, just som jag stod fix och f\u00e4rdigkl\u00e4dd f\u00f6r att g\u00e5 i gymnastiken ringde Anna och fr\u00e5gade om jag ville g\u00e5 med henne och farbror Paul p\u00e5 cabaret L\u00e4derlappen. Det ville jag f\u00f6rst\u00e5s. Och fick kl\u00e4 om mig igen med en faslig hast och rusa till Anna. <\/p>\n<p>P\u00e5 L\u00e4derlappen var det ganska roligt. B\u00e4st var en violinist, Arone Klase, ryss f\u00f6rst\u00e5s, som spelade med en otrolig fingerf\u00e4rdighet. Det sista numret, d\u00e4r han spelade och accompagnerade sig sj\u00e4lv, var verkligen ett bravurstycke. <\/p>\n<p>S\u00e5 var det Robert Sterling, bekant fr\u00e5n &#8220;Svarta Katten&#8221;, en l\u00e5ng, otroligt g\u00e4nglig ock slank norrman, som sj\u00f6ng tre roliga visor bl.a. sitt glansnummer &#8220;Nicoline&#8221;, vilket slutar med att han g\u00e5r ned bland publiken, s\u00e4tter sig framf\u00f6r en intet ont anande dam och milt f\u00f6rebr\u00e5ende sjunger: &#8220;Nej men Gud Nicoline, Nicoline \u00e4r du splitter gal&#8221; o.s.v. \u00e5tf\u00f6ljt av varnande miner och gester. <\/p>\n<p>S\u00e5 var det Cecile Janvier, bekant f\u00f6r att ha gett &#8220;storsmockan&#8221; \u00e5t en n\u00e4rg\u00e5ngen matros, Mika Mihun &#8220;rytmisk karikatyrtecknerska,&#8221; Gunnar Boman, lagom rolig conferencier och b\u00e4ttre Bellmans\u00e5ngare. S\u00e5 var det en norska, Solveig &#8220;n\u00e5nting&#8221; som upptr\u00e4dde i det n\u00e4rmaste naken och hade de spetsigaste kn\u00e4n jag n\u00e5gonsin sk\u00e5dat, Isaac Gr\u00fcnewalds futuristiska teater, av vilka de flesta numera f\u00f6ref\u00f6llo mig enbart osmakliga m.m. <\/p>\n<p>Efter cabareten \u00e5t vi sup\u00e9 p\u00e5 Gillets &#8220;\u00f6lstuga&#8221;. Maten var bra, men det var ett fasligt besv\u00e4r att f\u00e5 ner den stora \u00f6lsejdeln, farbror Paul best\u00e4llt in. Usch, vad det bl\u00e5ser och sn\u00f6ar!<\/p>\n<!-- AddThis Advanced Settings generic via filter on the_content --><!-- AddThis Share Buttons generic via filter on the_content -->","protected":false},"excerpt":{"rendered":"<p>Tr\u00e5kigt v\u00e4der. Bl\u00e5sruskigt och sn\u00f6blaskigt. Narigt. Usch! I s\u00f6ndags var Naemi och jag p\u00e5 Fr\u00e4lsningsarm\u00e9n. D\u00e4r var en gammal gumma i lokalen, som vittnade om hur hon &#8220;i morres va nere och k\u00f6pte mj\u00f6lk \u00e5 d\u00e5 sa dom, att de gudfruktie \u00e4 bara elaka, men d\u00e5 sa ja att vi f\u00e5r v\u00e4l se p\u00e5 den [&hellip;]<!-- AddThis Advanced Settings generic via filter on wp_trim_excerpt --><!-- AddThis Share Buttons generic via filter on wp_trim_excerpt --><\/p>\n","protected":false},"author":2,"featured_media":28201,"comment_status":"open","ping_status":"open","sticky":false,"template":"","format":"standard","meta":{"footnotes":""},"categories":[3441,3425],"tags":[],"class_list":["post-25309","post","type-post","status-publish","format-standard","has-post-thumbnail","hentry","category-3441","category-mormors-dagbok"],"yoast_head":"<!-- This site is optimized with the Yoast SEO plugin v27.4 - https:\/\/yoast.com\/product\/yoast-seo-wordpress\/ -->\n<title>Tisdag den 15 februari 1916. F\u00f6rlorade min k\u00e4ra guldring. - @Arhammar bokstavligen<\/title>\n<meta name=\"robots\" content=\"index, follow, max-snippet:-1, max-image-preview:large, max-video-preview:-1\" \/>\n<link rel=\"canonical\" href=\"https:\/\/www.arhammar.se\/blog\/tisdag-den-15-februari-1916\/\" \/>\n<meta property=\"og:locale\" content=\"en_US\" \/>\n<meta property=\"og:type\" content=\"article\" \/>\n<meta property=\"og:title\" content=\"Tisdag den 15 februari 1916. F\u00f6rlorade min k\u00e4ra guldring. - @Arhammar bokstavligen\" \/>\n<meta property=\"og:description\" content=\"Tr\u00e5kigt v\u00e4der. Bl\u00e5sruskigt och sn\u00f6blaskigt. Narigt. Usch! I s\u00f6ndags var Naemi och jag p\u00e5 Fr\u00e4lsningsarm\u00e9n. D\u00e4r var en gammal gumma i lokalen, som vittnade om hur hon &#8220;i morres va nere och k\u00f6pte mj\u00f6lk \u00e5 d\u00e5 sa dom, att de gudfruktie \u00e4 bara elaka, men d\u00e5 sa ja att vi f\u00e5r v\u00e4l se p\u00e5 den [&hellip;]\" \/>\n<meta property=\"og:url\" content=\"https:\/\/www.arhammar.se\/blog\/tisdag-den-15-februari-1916\/\" \/>\n<meta property=\"og:site_name\" content=\"@Arhammar bokstavligen\" \/>\n<meta property=\"article:published_time\" content=\"2020-03-06T01:30:55+00:00\" \/>\n<meta property=\"article:modified_time\" content=\"2020-04-27T11:00:28+00:00\" \/>\n<meta property=\"og:image\" content=\"https:\/\/www.arhammar.se\/blog\/wp-content\/uploads\/2020\/03\/dbfuturistka.jpg\" \/>\n\t<meta property=\"og:image:width\" content=\"640\" \/>\n\t<meta property=\"og:image:height\" content=\"480\" \/>\n\t<meta property=\"og:image:type\" content=\"image\/jpeg\" \/>\n<meta name=\"author\" content=\"Anders Arhammar\" \/>\n<meta name=\"twitter:card\" content=\"summary_large_image\" \/>\n<meta name=\"twitter:label1\" content=\"Written by\" \/>\n\t<meta name=\"twitter:data1\" content=\"Anders Arhammar\" \/>\n\t<meta name=\"twitter:label2\" content=\"Est. reading time\" \/>\n\t<meta name=\"twitter:data2\" content=\"3 minutes\" \/>\n<script type=\"application\/ld+json\" class=\"yoast-schema-graph\">{\"@context\":\"https:\\\/\\\/schema.org\",\"@graph\":[{\"@type\":\"Article\",\"@id\":\"https:\\\/\\\/www.arhammar.se\\\/blog\\\/tisdag-den-15-februari-1916\\\/#article\",\"isPartOf\":{\"@id\":\"https:\\\/\\\/www.arhammar.se\\\/blog\\\/tisdag-den-15-februari-1916\\\/\"},\"author\":{\"name\":\"Anders Arhammar\",\"@id\":\"https:\\\/\\\/www.arhammar.se\\\/blog\\\/#\\\/schema\\\/person\\\/061984c1d884b363e2c91550f2e00d1d\"},\"headline\":\"Tisdag den 15 februari 1916. F\u00f6rlorade min k\u00e4ra guldring.\",\"datePublished\":\"2020-03-06T01:30:55+00:00\",\"dateModified\":\"2020-04-27T11:00:28+00:00\",\"mainEntityOfPage\":{\"@id\":\"https:\\\/\\\/www.arhammar.se\\\/blog\\\/tisdag-den-15-februari-1916\\\/\"},\"wordCount\":614,\"commentCount\":0,\"image\":{\"@id\":\"https:\\\/\\\/www.arhammar.se\\\/blog\\\/tisdag-den-15-februari-1916\\\/#primaryimage\"},\"thumbnailUrl\":\"https:\\\/\\\/www.arhammar.se\\\/blog\\\/wp-content\\\/uploads\\\/2020\\\/03\\\/dbfuturistka.jpg\",\"articleSection\":[\"1916\",\"mormors dagbok\"],\"inLanguage\":\"en-US\",\"potentialAction\":[{\"@type\":\"CommentAction\",\"name\":\"Comment\",\"target\":[\"https:\\\/\\\/www.arhammar.se\\\/blog\\\/tisdag-den-15-februari-1916\\\/#respond\"]}]},{\"@type\":\"WebPage\",\"@id\":\"https:\\\/\\\/www.arhammar.se\\\/blog\\\/tisdag-den-15-februari-1916\\\/\",\"url\":\"https:\\\/\\\/www.arhammar.se\\\/blog\\\/tisdag-den-15-februari-1916\\\/\",\"name\":\"Tisdag den 15 februari 1916. F\u00f6rlorade min k\u00e4ra guldring. - @Arhammar bokstavligen\",\"isPartOf\":{\"@id\":\"https:\\\/\\\/www.arhammar.se\\\/blog\\\/#website\"},\"primaryImageOfPage\":{\"@id\":\"https:\\\/\\\/www.arhammar.se\\\/blog\\\/tisdag-den-15-februari-1916\\\/#primaryimage\"},\"image\":{\"@id\":\"https:\\\/\\\/www.arhammar.se\\\/blog\\\/tisdag-den-15-februari-1916\\\/#primaryimage\"},\"thumbnailUrl\":\"https:\\\/\\\/www.arhammar.se\\\/blog\\\/wp-content\\\/uploads\\\/2020\\\/03\\\/dbfuturistka.jpg\",\"datePublished\":\"2020-03-06T01:30:55+00:00\",\"dateModified\":\"2020-04-27T11:00:28+00:00\",\"author\":{\"@id\":\"https:\\\/\\\/www.arhammar.se\\\/blog\\\/#\\\/schema\\\/person\\\/061984c1d884b363e2c91550f2e00d1d\"},\"breadcrumb\":{\"@id\":\"https:\\\/\\\/www.arhammar.se\\\/blog\\\/tisdag-den-15-februari-1916\\\/#breadcrumb\"},\"inLanguage\":\"en-US\",\"potentialAction\":[{\"@type\":\"ReadAction\",\"target\":[\"https:\\\/\\\/www.arhammar.se\\\/blog\\\/tisdag-den-15-februari-1916\\\/\"]}]},{\"@type\":\"ImageObject\",\"inLanguage\":\"en-US\",\"@id\":\"https:\\\/\\\/www.arhammar.se\\\/blog\\\/tisdag-den-15-februari-1916\\\/#primaryimage\",\"url\":\"https:\\\/\\\/www.arhammar.se\\\/blog\\\/wp-content\\\/uploads\\\/2020\\\/03\\\/dbfuturistka.jpg\",\"contentUrl\":\"https:\\\/\\\/www.arhammar.se\\\/blog\\\/wp-content\\\/uploads\\\/2020\\\/03\\\/dbfuturistka.jpg\",\"width\":640,\"height\":480},{\"@type\":\"BreadcrumbList\",\"@id\":\"https:\\\/\\\/www.arhammar.se\\\/blog\\\/tisdag-den-15-februari-1916\\\/#breadcrumb\",\"itemListElement\":[{\"@type\":\"ListItem\",\"position\":1,\"name\":\"Home\",\"item\":\"https:\\\/\\\/www.arhammar.se\\\/blog\\\/\"},{\"@type\":\"ListItem\",\"position\":2,\"name\":\"Tisdag den 15 februari 1916. F\u00f6rlorade min k\u00e4ra guldring.\"}]},{\"@type\":\"WebSite\",\"@id\":\"https:\\\/\\\/www.arhammar.se\\\/blog\\\/#website\",\"url\":\"https:\\\/\\\/www.arhammar.se\\\/blog\\\/\",\"name\":\"@Arhammar bokstavligen\",\"description\":\"Fr\u00e5n min penna och panna\",\"potentialAction\":[{\"@type\":\"SearchAction\",\"target\":{\"@type\":\"EntryPoint\",\"urlTemplate\":\"https:\\\/\\\/www.arhammar.se\\\/blog\\\/?s={search_term_string}\"},\"query-input\":{\"@type\":\"PropertyValueSpecification\",\"valueRequired\":true,\"valueName\":\"search_term_string\"}}],\"inLanguage\":\"en-US\"},{\"@type\":\"Person\",\"@id\":\"https:\\\/\\\/www.arhammar.se\\\/blog\\\/#\\\/schema\\\/person\\\/061984c1d884b363e2c91550f2e00d1d\",\"name\":\"Anders Arhammar\",\"image\":{\"@type\":\"ImageObject\",\"inLanguage\":\"en-US\",\"@id\":\"https:\\\/\\\/secure.gravatar.com\\\/avatar\\\/784b5b36cfe145ae19a52340f405285a939bcc08d4a21136b3a81f9e378ffae0?s=96&d=mm&r=g\",\"url\":\"https:\\\/\\\/secure.gravatar.com\\\/avatar\\\/784b5b36cfe145ae19a52340f405285a939bcc08d4a21136b3a81f9e378ffae0?s=96&d=mm&r=g\",\"contentUrl\":\"https:\\\/\\\/secure.gravatar.com\\\/avatar\\\/784b5b36cfe145ae19a52340f405285a939bcc08d4a21136b3a81f9e378ffae0?s=96&d=mm&r=g\",\"caption\":\"Anders Arhammar\"},\"url\":\"https:\\\/\\\/www.arhammar.se\\\/blog\\\/author\\\/anders\\\/\"}]}<\/script>\n<!-- \/ Yoast SEO plugin. -->","yoast_head_json":{"title":"Tisdag den 15 februari 1916. F\u00f6rlorade min k\u00e4ra guldring. - @Arhammar bokstavligen","robots":{"index":"index","follow":"follow","max-snippet":"max-snippet:-1","max-image-preview":"max-image-preview:large","max-video-preview":"max-video-preview:-1"},"canonical":"https:\/\/www.arhammar.se\/blog\/tisdag-den-15-februari-1916\/","og_locale":"en_US","og_type":"article","og_title":"Tisdag den 15 februari 1916. F\u00f6rlorade min k\u00e4ra guldring. - @Arhammar bokstavligen","og_description":"Tr\u00e5kigt v\u00e4der. Bl\u00e5sruskigt och sn\u00f6blaskigt. Narigt. Usch! I s\u00f6ndags var Naemi och jag p\u00e5 Fr\u00e4lsningsarm\u00e9n. D\u00e4r var en gammal gumma i lokalen, som vittnade om hur hon &#8220;i morres va nere och k\u00f6pte mj\u00f6lk \u00e5 d\u00e5 sa dom, att de gudfruktie \u00e4 bara elaka, men d\u00e5 sa ja att vi f\u00e5r v\u00e4l se p\u00e5 den [&hellip;]","og_url":"https:\/\/www.arhammar.se\/blog\/tisdag-den-15-februari-1916\/","og_site_name":"@Arhammar bokstavligen","article_published_time":"2020-03-06T01:30:55+00:00","article_modified_time":"2020-04-27T11:00:28+00:00","og_image":[{"width":640,"height":480,"url":"https:\/\/www.arhammar.se\/blog\/wp-content\/uploads\/2020\/03\/dbfuturistka.jpg","type":"image\/jpeg"}],"author":"Anders Arhammar","twitter_card":"summary_large_image","twitter_misc":{"Written by":"Anders Arhammar","Est. reading time":"3 minutes"},"schema":{"@context":"https:\/\/schema.org","@graph":[{"@type":"Article","@id":"https:\/\/www.arhammar.se\/blog\/tisdag-den-15-februari-1916\/#article","isPartOf":{"@id":"https:\/\/www.arhammar.se\/blog\/tisdag-den-15-februari-1916\/"},"author":{"name":"Anders Arhammar","@id":"https:\/\/www.arhammar.se\/blog\/#\/schema\/person\/061984c1d884b363e2c91550f2e00d1d"},"headline":"Tisdag den 15 februari 1916. F\u00f6rlorade min k\u00e4ra guldring.","datePublished":"2020-03-06T01:30:55+00:00","dateModified":"2020-04-27T11:00:28+00:00","mainEntityOfPage":{"@id":"https:\/\/www.arhammar.se\/blog\/tisdag-den-15-februari-1916\/"},"wordCount":614,"commentCount":0,"image":{"@id":"https:\/\/www.arhammar.se\/blog\/tisdag-den-15-februari-1916\/#primaryimage"},"thumbnailUrl":"https:\/\/www.arhammar.se\/blog\/wp-content\/uploads\/2020\/03\/dbfuturistka.jpg","articleSection":["1916","mormors dagbok"],"inLanguage":"en-US","potentialAction":[{"@type":"CommentAction","name":"Comment","target":["https:\/\/www.arhammar.se\/blog\/tisdag-den-15-februari-1916\/#respond"]}]},{"@type":"WebPage","@id":"https:\/\/www.arhammar.se\/blog\/tisdag-den-15-februari-1916\/","url":"https:\/\/www.arhammar.se\/blog\/tisdag-den-15-februari-1916\/","name":"Tisdag den 15 februari 1916. F\u00f6rlorade min k\u00e4ra guldring. - @Arhammar bokstavligen","isPartOf":{"@id":"https:\/\/www.arhammar.se\/blog\/#website"},"primaryImageOfPage":{"@id":"https:\/\/www.arhammar.se\/blog\/tisdag-den-15-februari-1916\/#primaryimage"},"image":{"@id":"https:\/\/www.arhammar.se\/blog\/tisdag-den-15-februari-1916\/#primaryimage"},"thumbnailUrl":"https:\/\/www.arhammar.se\/blog\/wp-content\/uploads\/2020\/03\/dbfuturistka.jpg","datePublished":"2020-03-06T01:30:55+00:00","dateModified":"2020-04-27T11:00:28+00:00","author":{"@id":"https:\/\/www.arhammar.se\/blog\/#\/schema\/person\/061984c1d884b363e2c91550f2e00d1d"},"breadcrumb":{"@id":"https:\/\/www.arhammar.se\/blog\/tisdag-den-15-februari-1916\/#breadcrumb"},"inLanguage":"en-US","potentialAction":[{"@type":"ReadAction","target":["https:\/\/www.arhammar.se\/blog\/tisdag-den-15-februari-1916\/"]}]},{"@type":"ImageObject","inLanguage":"en-US","@id":"https:\/\/www.arhammar.se\/blog\/tisdag-den-15-februari-1916\/#primaryimage","url":"https:\/\/www.arhammar.se\/blog\/wp-content\/uploads\/2020\/03\/dbfuturistka.jpg","contentUrl":"https:\/\/www.arhammar.se\/blog\/wp-content\/uploads\/2020\/03\/dbfuturistka.jpg","width":640,"height":480},{"@type":"BreadcrumbList","@id":"https:\/\/www.arhammar.se\/blog\/tisdag-den-15-februari-1916\/#breadcrumb","itemListElement":[{"@type":"ListItem","position":1,"name":"Home","item":"https:\/\/www.arhammar.se\/blog\/"},{"@type":"ListItem","position":2,"name":"Tisdag den 15 februari 1916. F\u00f6rlorade min k\u00e4ra guldring."}]},{"@type":"WebSite","@id":"https:\/\/www.arhammar.se\/blog\/#website","url":"https:\/\/www.arhammar.se\/blog\/","name":"@Arhammar bokstavligen","description":"Fr\u00e5n min penna och panna","potentialAction":[{"@type":"SearchAction","target":{"@type":"EntryPoint","urlTemplate":"https:\/\/www.arhammar.se\/blog\/?s={search_term_string}"},"query-input":{"@type":"PropertyValueSpecification","valueRequired":true,"valueName":"search_term_string"}}],"inLanguage":"en-US"},{"@type":"Person","@id":"https:\/\/www.arhammar.se\/blog\/#\/schema\/person\/061984c1d884b363e2c91550f2e00d1d","name":"Anders Arhammar","image":{"@type":"ImageObject","inLanguage":"en-US","@id":"https:\/\/secure.gravatar.com\/avatar\/784b5b36cfe145ae19a52340f405285a939bcc08d4a21136b3a81f9e378ffae0?s=96&d=mm&r=g","url":"https:\/\/secure.gravatar.com\/avatar\/784b5b36cfe145ae19a52340f405285a939bcc08d4a21136b3a81f9e378ffae0?s=96&d=mm&r=g","contentUrl":"https:\/\/secure.gravatar.com\/avatar\/784b5b36cfe145ae19a52340f405285a939bcc08d4a21136b3a81f9e378ffae0?s=96&d=mm&r=g","caption":"Anders Arhammar"},"url":"https:\/\/www.arhammar.se\/blog\/author\/anders\/"}]}},"_links":{"self":[{"href":"https:\/\/www.arhammar.se\/blog\/wp-json\/wp\/v2\/posts\/25309","targetHints":{"allow":["GET"]}}],"collection":[{"href":"https:\/\/www.arhammar.se\/blog\/wp-json\/wp\/v2\/posts"}],"about":[{"href":"https:\/\/www.arhammar.se\/blog\/wp-json\/wp\/v2\/types\/post"}],"author":[{"embeddable":true,"href":"https:\/\/www.arhammar.se\/blog\/wp-json\/wp\/v2\/users\/2"}],"replies":[{"embeddable":true,"href":"https:\/\/www.arhammar.se\/blog\/wp-json\/wp\/v2\/comments?post=25309"}],"version-history":[{"count":6,"href":"https:\/\/www.arhammar.se\/blog\/wp-json\/wp\/v2\/posts\/25309\/revisions"}],"predecessor-version":[{"id":28202,"href":"https:\/\/www.arhammar.se\/blog\/wp-json\/wp\/v2\/posts\/25309\/revisions\/28202"}],"wp:featuredmedia":[{"embeddable":true,"href":"https:\/\/www.arhammar.se\/blog\/wp-json\/wp\/v2\/media\/28201"}],"wp:attachment":[{"href":"https:\/\/www.arhammar.se\/blog\/wp-json\/wp\/v2\/media?parent=25309"}],"wp:term":[{"taxonomy":"category","embeddable":true,"href":"https:\/\/www.arhammar.se\/blog\/wp-json\/wp\/v2\/categories?post=25309"},{"taxonomy":"post_tag","embeddable":true,"href":"https:\/\/www.arhammar.se\/blog\/wp-json\/wp\/v2\/tags?post=25309"}],"curies":[{"name":"wp","href":"https:\/\/api.w.org\/{rel}","templated":true}]}}