{"id":25307,"date":"2020-03-06T02:15:53","date_gmt":"2020-03-06T01:15:53","guid":{"rendered":"https:\/\/www.arhammar.se\/blog\/?p=25307"},"modified":"2020-04-26T21:27:50","modified_gmt":"2020-04-26T20:27:50","slug":"mandag-den-7-februari-1916","status":"publish","type":"post","link":"https:\/\/www.arhammar.se\/blog\/mandag-den-7-februari-1916\/","title":{"rendered":"M\u00e5ndag den 7 februari 1916. F\u00f6rlovade unga herrar kan ju vara trevliga ocks\u00e5."},"content":{"rendered":"<p>Trevlig middag ig\u00e5r. Kandidat Spak var med och Vincent S. ocks\u00e5 f\u00f6rst\u00e5s. R\u00e4tt som det var vid middagen h\u00f6jde doktorn sitt glas (med utm\u00e4rkt gott rehnvin) mot kandidaten: \u201cSom jag f\u00e5tt h\u00f6ra, \u00e4mnar du g\u00e5 och g\u00f6ra dig lycklig eller olycklig vilket det nu blir o.s.v.&#8221;. Jag f\u00f6rstod ju genast att han \u00e4mnade f\u00f6rlova sig. Ack ja, s\u00e5 \u00e4r det, alla trevliga unga herrar skall f\u00f6rst\u00e5s g\u00e5 och f\u00f6rlova sig och sen &#8211; tja, f\u00f6rlovade unga herrar kan ju vara trevliga ocks\u00e5.<\/p>\n<p>Efter middagen r\u00f6kte han en cigarr i mitt rum och jag f\u00f6revisade alla mina foton. Bl.a. lade vi bort titlarna. S\u00e5 nu f\u00e5r jag kalla honom H\u00e5kan. Han heter Ivar ocks\u00e5, och det tycker jag \u00e4r vackrare, vilket jag ocks\u00e5 upplyste honom om. Hans f\u00e4stm\u00f6 \u00e4r sjuksk\u00f6terska (f\u00f6rst\u00e5s), heter Alma och har tio syskon. De r\u00e4cker till, tycker jag. Lilla Heddy Ekeberg f\u00f6rlovade sig ocks\u00e5 ig\u00e5r med sin Einar. T\u00e4nk, hon \u00e4r ju bara barnet, nyss fyllda 17 \u00e5r. Att hon bara v\u00e5gar. <\/p>\n<p>Nu ringde Anna och fr\u00e5gade om jag skall g\u00e5 med henne p\u00e5 Sidenhuset. Jojomen, ska jag det. Det \u00e4r s\u00e5 roligt att titta p\u00e5 stiliga kl\u00e4dningar om man ocks\u00e5 inte kan f\u00e5 k\u00f6pa n\u00e5got.<\/p>\n<!-- AddThis Advanced Settings generic via filter on the_content --><!-- AddThis Share Buttons generic via filter on the_content -->","protected":false},"excerpt":{"rendered":"<p>Trevlig middag ig\u00e5r. Kandidat Spak var med och Vincent S. ocks\u00e5 f\u00f6rst\u00e5s. R\u00e4tt som det var vid middagen h\u00f6jde doktorn sitt glas (med utm\u00e4rkt gott rehnvin) mot kandidaten: \u201cSom jag f\u00e5tt h\u00f6ra, \u00e4mnar du g\u00e5 och g\u00f6ra dig lycklig eller olycklig vilket det nu blir o.s.v.&#8221;. Jag f\u00f6rstod ju genast att han \u00e4mnade f\u00f6rlova sig. [&hellip;]<!-- AddThis Advanced Settings generic via filter on wp_trim_excerpt --><!-- AddThis Share Buttons generic via filter on wp_trim_excerpt --><\/p>\n","protected":false},"author":2,"featured_media":28198,"comment_status":"open","ping_status":"open","sticky":false,"template":"","format":"standard","meta":{"footnotes":""},"categories":[3441,3425],"tags":[],"class_list":["post-25307","post","type-post","status-publish","format-standard","has-post-thumbnail","hentry","category-3441","category-mormors-dagbok"],"yoast_head":"<!-- This site is optimized with the Yoast SEO plugin v27.4 - https:\/\/yoast.com\/product\/yoast-seo-wordpress\/ -->\n<title>M\u00e5ndag den 7 februari 1916. F\u00f6rlovade unga herrar kan ju vara trevliga ocks\u00e5. - @Arhammar bokstavligen<\/title>\n<meta name=\"robots\" content=\"index, follow, max-snippet:-1, max-image-preview:large, max-video-preview:-1\" \/>\n<link rel=\"canonical\" href=\"https:\/\/www.arhammar.se\/blog\/mandag-den-7-februari-1916\/\" \/>\n<meta property=\"og:locale\" content=\"en_US\" \/>\n<meta property=\"og:type\" content=\"article\" \/>\n<meta property=\"og:title\" content=\"M\u00e5ndag den 7 februari 1916. F\u00f6rlovade unga herrar kan ju vara trevliga ocks\u00e5. - @Arhammar bokstavligen\" \/>\n<meta property=\"og:description\" content=\"Trevlig middag ig\u00e5r. Kandidat Spak var med och Vincent S. ocks\u00e5 f\u00f6rst\u00e5s. R\u00e4tt som det var vid middagen h\u00f6jde doktorn sitt glas (med utm\u00e4rkt gott rehnvin) mot kandidaten: \u201cSom jag f\u00e5tt h\u00f6ra, \u00e4mnar du g\u00e5 och g\u00f6ra dig lycklig eller olycklig vilket det nu blir o.s.v.&#8221;. Jag f\u00f6rstod ju genast att han \u00e4mnade f\u00f6rlova sig. [&hellip;]\" \/>\n<meta property=\"og:url\" content=\"https:\/\/www.arhammar.se\/blog\/mandag-den-7-februari-1916\/\" \/>\n<meta property=\"og:site_name\" content=\"@Arhammar bokstavligen\" \/>\n<meta property=\"article:published_time\" content=\"2020-03-06T01:15:53+00:00\" \/>\n<meta property=\"article:modified_time\" content=\"2020-04-26T20:27:50+00:00\" \/>\n<meta property=\"og:image\" content=\"https:\/\/www.arhammar.se\/blog\/wp-content\/uploads\/2020\/03\/dbsidenhuset.jpg\" \/>\n\t<meta property=\"og:image:width\" content=\"640\" \/>\n\t<meta property=\"og:image:height\" content=\"480\" \/>\n\t<meta property=\"og:image:type\" content=\"image\/jpeg\" \/>\n<meta name=\"author\" content=\"Anders Arhammar\" \/>\n<meta name=\"twitter:card\" content=\"summary_large_image\" \/>\n<meta name=\"twitter:label1\" content=\"Written by\" \/>\n\t<meta name=\"twitter:data1\" content=\"Anders Arhammar\" \/>\n\t<meta name=\"twitter:label2\" content=\"Est. reading time\" \/>\n\t<meta name=\"twitter:data2\" content=\"1 minute\" \/>\n<script type=\"application\/ld+json\" class=\"yoast-schema-graph\">{\"@context\":\"https:\\\/\\\/schema.org\",\"@graph\":[{\"@type\":\"Article\",\"@id\":\"https:\\\/\\\/www.arhammar.se\\\/blog\\\/mandag-den-7-februari-1916\\\/#article\",\"isPartOf\":{\"@id\":\"https:\\\/\\\/www.arhammar.se\\\/blog\\\/mandag-den-7-februari-1916\\\/\"},\"author\":{\"name\":\"Anders Arhammar\",\"@id\":\"https:\\\/\\\/www.arhammar.se\\\/blog\\\/#\\\/schema\\\/person\\\/061984c1d884b363e2c91550f2e00d1d\"},\"headline\":\"M\u00e5ndag den 7 februari 1916. F\u00f6rlovade unga herrar kan ju vara trevliga ocks\u00e5.\",\"datePublished\":\"2020-03-06T01:15:53+00:00\",\"dateModified\":\"2020-04-26T20:27:50+00:00\",\"mainEntityOfPage\":{\"@id\":\"https:\\\/\\\/www.arhammar.se\\\/blog\\\/mandag-den-7-februari-1916\\\/\"},\"wordCount\":246,\"commentCount\":0,\"image\":{\"@id\":\"https:\\\/\\\/www.arhammar.se\\\/blog\\\/mandag-den-7-februari-1916\\\/#primaryimage\"},\"thumbnailUrl\":\"https:\\\/\\\/www.arhammar.se\\\/blog\\\/wp-content\\\/uploads\\\/2020\\\/03\\\/dbsidenhuset.jpg\",\"articleSection\":[\"1916\",\"mormors dagbok\"],\"inLanguage\":\"en-US\",\"potentialAction\":[{\"@type\":\"CommentAction\",\"name\":\"Comment\",\"target\":[\"https:\\\/\\\/www.arhammar.se\\\/blog\\\/mandag-den-7-februari-1916\\\/#respond\"]}]},{\"@type\":\"WebPage\",\"@id\":\"https:\\\/\\\/www.arhammar.se\\\/blog\\\/mandag-den-7-februari-1916\\\/\",\"url\":\"https:\\\/\\\/www.arhammar.se\\\/blog\\\/mandag-den-7-februari-1916\\\/\",\"name\":\"M\u00e5ndag den 7 februari 1916. F\u00f6rlovade unga herrar kan ju vara trevliga ocks\u00e5. - @Arhammar bokstavligen\",\"isPartOf\":{\"@id\":\"https:\\\/\\\/www.arhammar.se\\\/blog\\\/#website\"},\"primaryImageOfPage\":{\"@id\":\"https:\\\/\\\/www.arhammar.se\\\/blog\\\/mandag-den-7-februari-1916\\\/#primaryimage\"},\"image\":{\"@id\":\"https:\\\/\\\/www.arhammar.se\\\/blog\\\/mandag-den-7-februari-1916\\\/#primaryimage\"},\"thumbnailUrl\":\"https:\\\/\\\/www.arhammar.se\\\/blog\\\/wp-content\\\/uploads\\\/2020\\\/03\\\/dbsidenhuset.jpg\",\"datePublished\":\"2020-03-06T01:15:53+00:00\",\"dateModified\":\"2020-04-26T20:27:50+00:00\",\"author\":{\"@id\":\"https:\\\/\\\/www.arhammar.se\\\/blog\\\/#\\\/schema\\\/person\\\/061984c1d884b363e2c91550f2e00d1d\"},\"breadcrumb\":{\"@id\":\"https:\\\/\\\/www.arhammar.se\\\/blog\\\/mandag-den-7-februari-1916\\\/#breadcrumb\"},\"inLanguage\":\"en-US\",\"potentialAction\":[{\"@type\":\"ReadAction\",\"target\":[\"https:\\\/\\\/www.arhammar.se\\\/blog\\\/mandag-den-7-februari-1916\\\/\"]}]},{\"@type\":\"ImageObject\",\"inLanguage\":\"en-US\",\"@id\":\"https:\\\/\\\/www.arhammar.se\\\/blog\\\/mandag-den-7-februari-1916\\\/#primaryimage\",\"url\":\"https:\\\/\\\/www.arhammar.se\\\/blog\\\/wp-content\\\/uploads\\\/2020\\\/03\\\/dbsidenhuset.jpg\",\"contentUrl\":\"https:\\\/\\\/www.arhammar.se\\\/blog\\\/wp-content\\\/uploads\\\/2020\\\/03\\\/dbsidenhuset.jpg\",\"width\":640,\"height\":480},{\"@type\":\"BreadcrumbList\",\"@id\":\"https:\\\/\\\/www.arhammar.se\\\/blog\\\/mandag-den-7-februari-1916\\\/#breadcrumb\",\"itemListElement\":[{\"@type\":\"ListItem\",\"position\":1,\"name\":\"Home\",\"item\":\"https:\\\/\\\/www.arhammar.se\\\/blog\\\/\"},{\"@type\":\"ListItem\",\"position\":2,\"name\":\"M\u00e5ndag den 7 februari 1916. F\u00f6rlovade unga herrar kan ju vara trevliga ocks\u00e5.\"}]},{\"@type\":\"WebSite\",\"@id\":\"https:\\\/\\\/www.arhammar.se\\\/blog\\\/#website\",\"url\":\"https:\\\/\\\/www.arhammar.se\\\/blog\\\/\",\"name\":\"@Arhammar bokstavligen\",\"description\":\"Fr\u00e5n min penna och panna\",\"potentialAction\":[{\"@type\":\"SearchAction\",\"target\":{\"@type\":\"EntryPoint\",\"urlTemplate\":\"https:\\\/\\\/www.arhammar.se\\\/blog\\\/?s={search_term_string}\"},\"query-input\":{\"@type\":\"PropertyValueSpecification\",\"valueRequired\":true,\"valueName\":\"search_term_string\"}}],\"inLanguage\":\"en-US\"},{\"@type\":\"Person\",\"@id\":\"https:\\\/\\\/www.arhammar.se\\\/blog\\\/#\\\/schema\\\/person\\\/061984c1d884b363e2c91550f2e00d1d\",\"name\":\"Anders Arhammar\",\"image\":{\"@type\":\"ImageObject\",\"inLanguage\":\"en-US\",\"@id\":\"https:\\\/\\\/secure.gravatar.com\\\/avatar\\\/784b5b36cfe145ae19a52340f405285a939bcc08d4a21136b3a81f9e378ffae0?s=96&d=mm&r=g\",\"url\":\"https:\\\/\\\/secure.gravatar.com\\\/avatar\\\/784b5b36cfe145ae19a52340f405285a939bcc08d4a21136b3a81f9e378ffae0?s=96&d=mm&r=g\",\"contentUrl\":\"https:\\\/\\\/secure.gravatar.com\\\/avatar\\\/784b5b36cfe145ae19a52340f405285a939bcc08d4a21136b3a81f9e378ffae0?s=96&d=mm&r=g\",\"caption\":\"Anders Arhammar\"},\"url\":\"https:\\\/\\\/www.arhammar.se\\\/blog\\\/author\\\/anders\\\/\"}]}<\/script>\n<!-- \/ Yoast SEO plugin. -->","yoast_head_json":{"title":"M\u00e5ndag den 7 februari 1916. F\u00f6rlovade unga herrar kan ju vara trevliga ocks\u00e5. - @Arhammar bokstavligen","robots":{"index":"index","follow":"follow","max-snippet":"max-snippet:-1","max-image-preview":"max-image-preview:large","max-video-preview":"max-video-preview:-1"},"canonical":"https:\/\/www.arhammar.se\/blog\/mandag-den-7-februari-1916\/","og_locale":"en_US","og_type":"article","og_title":"M\u00e5ndag den 7 februari 1916. F\u00f6rlovade unga herrar kan ju vara trevliga ocks\u00e5. - @Arhammar bokstavligen","og_description":"Trevlig middag ig\u00e5r. Kandidat Spak var med och Vincent S. ocks\u00e5 f\u00f6rst\u00e5s. R\u00e4tt som det var vid middagen h\u00f6jde doktorn sitt glas (med utm\u00e4rkt gott rehnvin) mot kandidaten: \u201cSom jag f\u00e5tt h\u00f6ra, \u00e4mnar du g\u00e5 och g\u00f6ra dig lycklig eller olycklig vilket det nu blir o.s.v.&#8221;. Jag f\u00f6rstod ju genast att han \u00e4mnade f\u00f6rlova sig. [&hellip;]","og_url":"https:\/\/www.arhammar.se\/blog\/mandag-den-7-februari-1916\/","og_site_name":"@Arhammar bokstavligen","article_published_time":"2020-03-06T01:15:53+00:00","article_modified_time":"2020-04-26T20:27:50+00:00","og_image":[{"width":640,"height":480,"url":"https:\/\/www.arhammar.se\/blog\/wp-content\/uploads\/2020\/03\/dbsidenhuset.jpg","type":"image\/jpeg"}],"author":"Anders Arhammar","twitter_card":"summary_large_image","twitter_misc":{"Written by":"Anders Arhammar","Est. reading time":"1 minute"},"schema":{"@context":"https:\/\/schema.org","@graph":[{"@type":"Article","@id":"https:\/\/www.arhammar.se\/blog\/mandag-den-7-februari-1916\/#article","isPartOf":{"@id":"https:\/\/www.arhammar.se\/blog\/mandag-den-7-februari-1916\/"},"author":{"name":"Anders Arhammar","@id":"https:\/\/www.arhammar.se\/blog\/#\/schema\/person\/061984c1d884b363e2c91550f2e00d1d"},"headline":"M\u00e5ndag den 7 februari 1916. F\u00f6rlovade unga herrar kan ju vara trevliga ocks\u00e5.","datePublished":"2020-03-06T01:15:53+00:00","dateModified":"2020-04-26T20:27:50+00:00","mainEntityOfPage":{"@id":"https:\/\/www.arhammar.se\/blog\/mandag-den-7-februari-1916\/"},"wordCount":246,"commentCount":0,"image":{"@id":"https:\/\/www.arhammar.se\/blog\/mandag-den-7-februari-1916\/#primaryimage"},"thumbnailUrl":"https:\/\/www.arhammar.se\/blog\/wp-content\/uploads\/2020\/03\/dbsidenhuset.jpg","articleSection":["1916","mormors dagbok"],"inLanguage":"en-US","potentialAction":[{"@type":"CommentAction","name":"Comment","target":["https:\/\/www.arhammar.se\/blog\/mandag-den-7-februari-1916\/#respond"]}]},{"@type":"WebPage","@id":"https:\/\/www.arhammar.se\/blog\/mandag-den-7-februari-1916\/","url":"https:\/\/www.arhammar.se\/blog\/mandag-den-7-februari-1916\/","name":"M\u00e5ndag den 7 februari 1916. F\u00f6rlovade unga herrar kan ju vara trevliga ocks\u00e5. - @Arhammar bokstavligen","isPartOf":{"@id":"https:\/\/www.arhammar.se\/blog\/#website"},"primaryImageOfPage":{"@id":"https:\/\/www.arhammar.se\/blog\/mandag-den-7-februari-1916\/#primaryimage"},"image":{"@id":"https:\/\/www.arhammar.se\/blog\/mandag-den-7-februari-1916\/#primaryimage"},"thumbnailUrl":"https:\/\/www.arhammar.se\/blog\/wp-content\/uploads\/2020\/03\/dbsidenhuset.jpg","datePublished":"2020-03-06T01:15:53+00:00","dateModified":"2020-04-26T20:27:50+00:00","author":{"@id":"https:\/\/www.arhammar.se\/blog\/#\/schema\/person\/061984c1d884b363e2c91550f2e00d1d"},"breadcrumb":{"@id":"https:\/\/www.arhammar.se\/blog\/mandag-den-7-februari-1916\/#breadcrumb"},"inLanguage":"en-US","potentialAction":[{"@type":"ReadAction","target":["https:\/\/www.arhammar.se\/blog\/mandag-den-7-februari-1916\/"]}]},{"@type":"ImageObject","inLanguage":"en-US","@id":"https:\/\/www.arhammar.se\/blog\/mandag-den-7-februari-1916\/#primaryimage","url":"https:\/\/www.arhammar.se\/blog\/wp-content\/uploads\/2020\/03\/dbsidenhuset.jpg","contentUrl":"https:\/\/www.arhammar.se\/blog\/wp-content\/uploads\/2020\/03\/dbsidenhuset.jpg","width":640,"height":480},{"@type":"BreadcrumbList","@id":"https:\/\/www.arhammar.se\/blog\/mandag-den-7-februari-1916\/#breadcrumb","itemListElement":[{"@type":"ListItem","position":1,"name":"Home","item":"https:\/\/www.arhammar.se\/blog\/"},{"@type":"ListItem","position":2,"name":"M\u00e5ndag den 7 februari 1916. F\u00f6rlovade unga herrar kan ju vara trevliga ocks\u00e5."}]},{"@type":"WebSite","@id":"https:\/\/www.arhammar.se\/blog\/#website","url":"https:\/\/www.arhammar.se\/blog\/","name":"@Arhammar bokstavligen","description":"Fr\u00e5n min penna och panna","potentialAction":[{"@type":"SearchAction","target":{"@type":"EntryPoint","urlTemplate":"https:\/\/www.arhammar.se\/blog\/?s={search_term_string}"},"query-input":{"@type":"PropertyValueSpecification","valueRequired":true,"valueName":"search_term_string"}}],"inLanguage":"en-US"},{"@type":"Person","@id":"https:\/\/www.arhammar.se\/blog\/#\/schema\/person\/061984c1d884b363e2c91550f2e00d1d","name":"Anders Arhammar","image":{"@type":"ImageObject","inLanguage":"en-US","@id":"https:\/\/secure.gravatar.com\/avatar\/784b5b36cfe145ae19a52340f405285a939bcc08d4a21136b3a81f9e378ffae0?s=96&d=mm&r=g","url":"https:\/\/secure.gravatar.com\/avatar\/784b5b36cfe145ae19a52340f405285a939bcc08d4a21136b3a81f9e378ffae0?s=96&d=mm&r=g","contentUrl":"https:\/\/secure.gravatar.com\/avatar\/784b5b36cfe145ae19a52340f405285a939bcc08d4a21136b3a81f9e378ffae0?s=96&d=mm&r=g","caption":"Anders Arhammar"},"url":"https:\/\/www.arhammar.se\/blog\/author\/anders\/"}]}},"_links":{"self":[{"href":"https:\/\/www.arhammar.se\/blog\/wp-json\/wp\/v2\/posts\/25307","targetHints":{"allow":["GET"]}}],"collection":[{"href":"https:\/\/www.arhammar.se\/blog\/wp-json\/wp\/v2\/posts"}],"about":[{"href":"https:\/\/www.arhammar.se\/blog\/wp-json\/wp\/v2\/types\/post"}],"author":[{"embeddable":true,"href":"https:\/\/www.arhammar.se\/blog\/wp-json\/wp\/v2\/users\/2"}],"replies":[{"embeddable":true,"href":"https:\/\/www.arhammar.se\/blog\/wp-json\/wp\/v2\/comments?post=25307"}],"version-history":[{"count":4,"href":"https:\/\/www.arhammar.se\/blog\/wp-json\/wp\/v2\/posts\/25307\/revisions"}],"predecessor-version":[{"id":26007,"href":"https:\/\/www.arhammar.se\/blog\/wp-json\/wp\/v2\/posts\/25307\/revisions\/26007"}],"wp:featuredmedia":[{"embeddable":true,"href":"https:\/\/www.arhammar.se\/blog\/wp-json\/wp\/v2\/media\/28198"}],"wp:attachment":[{"href":"https:\/\/www.arhammar.se\/blog\/wp-json\/wp\/v2\/media?parent=25307"}],"wp:term":[{"taxonomy":"category","embeddable":true,"href":"https:\/\/www.arhammar.se\/blog\/wp-json\/wp\/v2\/categories?post=25307"},{"taxonomy":"post_tag","embeddable":true,"href":"https:\/\/www.arhammar.se\/blog\/wp-json\/wp\/v2\/tags?post=25307"}],"curies":[{"name":"wp","href":"https:\/\/api.w.org\/{rel}","templated":true}]}}