{"id":25306,"date":"2020-03-06T02:10:51","date_gmt":"2020-03-06T01:10:51","guid":{"rendered":"https:\/\/www.arhammar.se\/blog\/?p=25306"},"modified":"2020-04-26T20:31:15","modified_gmt":"2020-04-26T19:31:15","slug":"fredag-den-4-februari-1916-jag-hoppas-att-kandidat-spak-kommer-med","status":"publish","type":"post","link":"https:\/\/www.arhammar.se\/blog\/fredag-den-4-februari-1916-jag-hoppas-att-kandidat-spak-kommer-med\/","title":{"rendered":"Fredag den 4 februari 1916. Jag hoppas att kandidat Spak kommer med."},"content":{"rendered":"<p>Nu har jag inte skrivit p\u00e5 ett par dagar. I s\u00f6ndags var jag med Maja och Naemi p\u00e5 operan och s\u00e5g &#8220;konung f\u00f6r en dag&#8221;. Det var verkligen ett riktigt n\u00e4tt litet stycke och de upptr\u00e4dande sk\u00e4mde inte bort det, Strandberg, Lennartsson, Wallgren, Karin Rydkvist, Greta S\u00f6derman m.fl. <\/p>\n<p>En dag fick jag brev fr\u00e5n Niels igen, vari han skickade sitt fotografi. P\u00e5 den tiden vi gingo tillsamman sade jag visst n\u00e5gon g\u00e5ng, att jag skulle vilja ha det, och det p\u00e5minde han mig om nu. Ja, Gud vet hur det egentligen skall sluta. <\/p>\n<p>Ig\u00e5r och idag har jag varit s\u00e5 flitig med att sy en blus. En mycket s\u00f6t, ljusbl\u00e5 av silkecr\u00eapon med spetsst\u00e5ndkrage och spetsar vid \u00e4rmarna. P\u00e5 s\u00f6ndag skall det vara middag f\u00f6r doktorns systrar och syskonbarn. Jag hoppas att kandidat Spak kommer med. Han \u00e4r s\u00e5 trevlig. Jag m\u00f6ter honom ganska ofta om f\u00f6rmiddagen d\u00e5 jag g\u00e5r hem.<\/p>\n<!-- AddThis Advanced Settings generic via filter on the_content --><!-- AddThis Share Buttons generic via filter on the_content -->","protected":false},"excerpt":{"rendered":"<p>Nu har jag inte skrivit p\u00e5 ett par dagar. I s\u00f6ndags var jag med Maja och Naemi p\u00e5 operan och s\u00e5g &#8220;konung f\u00f6r en dag&#8221;. Det var verkligen ett riktigt n\u00e4tt litet stycke och de upptr\u00e4dande sk\u00e4mde inte bort det, Strandberg, Lennartsson, Wallgren, Karin Rydkvist, Greta S\u00f6derman m.fl. En dag fick jag brev fr\u00e5n Niels [&hellip;]<!-- AddThis Advanced Settings generic via filter on wp_trim_excerpt --><!-- AddThis Share Buttons generic via filter on wp_trim_excerpt --><\/p>\n","protected":false},"author":2,"featured_media":28196,"comment_status":"open","ping_status":"open","sticky":false,"template":"","format":"standard","meta":{"footnotes":""},"categories":[3441,3425],"tags":[],"class_list":["post-25306","post","type-post","status-publish","format-standard","has-post-thumbnail","hentry","category-3441","category-mormors-dagbok"],"yoast_head":"<!-- This site is optimized with the Yoast SEO plugin v27.4 - https:\/\/yoast.com\/product\/yoast-seo-wordpress\/ -->\n<title>Fredag den 4 februari 1916. Jag hoppas att kandidat Spak kommer med. - @Arhammar bokstavligen<\/title>\n<meta name=\"robots\" content=\"index, follow, max-snippet:-1, max-image-preview:large, max-video-preview:-1\" \/>\n<link rel=\"canonical\" href=\"https:\/\/www.arhammar.se\/blog\/fredag-den-4-februari-1916-jag-hoppas-att-kandidat-spak-kommer-med\/\" \/>\n<meta property=\"og:locale\" content=\"en_US\" \/>\n<meta property=\"og:type\" content=\"article\" \/>\n<meta property=\"og:title\" content=\"Fredag den 4 februari 1916. Jag hoppas att kandidat Spak kommer med. - @Arhammar bokstavligen\" \/>\n<meta property=\"og:description\" content=\"Nu har jag inte skrivit p\u00e5 ett par dagar. I s\u00f6ndags var jag med Maja och Naemi p\u00e5 operan och s\u00e5g &#8220;konung f\u00f6r en dag&#8221;. Det var verkligen ett riktigt n\u00e4tt litet stycke och de upptr\u00e4dande sk\u00e4mde inte bort det, Strandberg, Lennartsson, Wallgren, Karin Rydkvist, Greta S\u00f6derman m.fl. En dag fick jag brev fr\u00e5n Niels [&hellip;]\" \/>\n<meta property=\"og:url\" content=\"https:\/\/www.arhammar.se\/blog\/fredag-den-4-februari-1916-jag-hoppas-att-kandidat-spak-kommer-med\/\" \/>\n<meta property=\"og:site_name\" content=\"@Arhammar bokstavligen\" \/>\n<meta property=\"article:published_time\" content=\"2020-03-06T01:10:51+00:00\" \/>\n<meta property=\"article:modified_time\" content=\"2020-04-26T19:31:15+00:00\" \/>\n<meta property=\"og:image\" content=\"https:\/\/www.arhammar.se\/blog\/wp-content\/uploads\/2020\/03\/dbkungforendag.jpg\" \/>\n\t<meta property=\"og:image:width\" content=\"640\" \/>\n\t<meta property=\"og:image:height\" content=\"480\" \/>\n\t<meta property=\"og:image:type\" content=\"image\/jpeg\" \/>\n<meta name=\"author\" content=\"Anders Arhammar\" \/>\n<meta name=\"twitter:card\" content=\"summary_large_image\" \/>\n<meta name=\"twitter:label1\" content=\"Written by\" \/>\n\t<meta name=\"twitter:data1\" content=\"Anders Arhammar\" \/>\n\t<meta name=\"twitter:label2\" content=\"Est. reading time\" \/>\n\t<meta name=\"twitter:data2\" content=\"1 minute\" \/>\n<script type=\"application\/ld+json\" class=\"yoast-schema-graph\">{\"@context\":\"https:\\\/\\\/schema.org\",\"@graph\":[{\"@type\":\"Article\",\"@id\":\"https:\\\/\\\/www.arhammar.se\\\/blog\\\/fredag-den-4-februari-1916-jag-hoppas-att-kandidat-spak-kommer-med\\\/#article\",\"isPartOf\":{\"@id\":\"https:\\\/\\\/www.arhammar.se\\\/blog\\\/fredag-den-4-februari-1916-jag-hoppas-att-kandidat-spak-kommer-med\\\/\"},\"author\":{\"name\":\"Anders Arhammar\",\"@id\":\"https:\\\/\\\/www.arhammar.se\\\/blog\\\/#\\\/schema\\\/person\\\/061984c1d884b363e2c91550f2e00d1d\"},\"headline\":\"Fredag den 4 februari 1916. Jag hoppas att kandidat Spak kommer med.\",\"datePublished\":\"2020-03-06T01:10:51+00:00\",\"dateModified\":\"2020-04-26T19:31:15+00:00\",\"mainEntityOfPage\":{\"@id\":\"https:\\\/\\\/www.arhammar.se\\\/blog\\\/fredag-den-4-februari-1916-jag-hoppas-att-kandidat-spak-kommer-med\\\/\"},\"wordCount\":182,\"commentCount\":0,\"image\":{\"@id\":\"https:\\\/\\\/www.arhammar.se\\\/blog\\\/fredag-den-4-februari-1916-jag-hoppas-att-kandidat-spak-kommer-med\\\/#primaryimage\"},\"thumbnailUrl\":\"https:\\\/\\\/www.arhammar.se\\\/blog\\\/wp-content\\\/uploads\\\/2020\\\/03\\\/dbkungforendag.jpg\",\"articleSection\":[\"1916\",\"mormors dagbok\"],\"inLanguage\":\"en-US\",\"potentialAction\":[{\"@type\":\"CommentAction\",\"name\":\"Comment\",\"target\":[\"https:\\\/\\\/www.arhammar.se\\\/blog\\\/fredag-den-4-februari-1916-jag-hoppas-att-kandidat-spak-kommer-med\\\/#respond\"]}]},{\"@type\":\"WebPage\",\"@id\":\"https:\\\/\\\/www.arhammar.se\\\/blog\\\/fredag-den-4-februari-1916-jag-hoppas-att-kandidat-spak-kommer-med\\\/\",\"url\":\"https:\\\/\\\/www.arhammar.se\\\/blog\\\/fredag-den-4-februari-1916-jag-hoppas-att-kandidat-spak-kommer-med\\\/\",\"name\":\"Fredag den 4 februari 1916. Jag hoppas att kandidat Spak kommer med. - @Arhammar bokstavligen\",\"isPartOf\":{\"@id\":\"https:\\\/\\\/www.arhammar.se\\\/blog\\\/#website\"},\"primaryImageOfPage\":{\"@id\":\"https:\\\/\\\/www.arhammar.se\\\/blog\\\/fredag-den-4-februari-1916-jag-hoppas-att-kandidat-spak-kommer-med\\\/#primaryimage\"},\"image\":{\"@id\":\"https:\\\/\\\/www.arhammar.se\\\/blog\\\/fredag-den-4-februari-1916-jag-hoppas-att-kandidat-spak-kommer-med\\\/#primaryimage\"},\"thumbnailUrl\":\"https:\\\/\\\/www.arhammar.se\\\/blog\\\/wp-content\\\/uploads\\\/2020\\\/03\\\/dbkungforendag.jpg\",\"datePublished\":\"2020-03-06T01:10:51+00:00\",\"dateModified\":\"2020-04-26T19:31:15+00:00\",\"author\":{\"@id\":\"https:\\\/\\\/www.arhammar.se\\\/blog\\\/#\\\/schema\\\/person\\\/061984c1d884b363e2c91550f2e00d1d\"},\"breadcrumb\":{\"@id\":\"https:\\\/\\\/www.arhammar.se\\\/blog\\\/fredag-den-4-februari-1916-jag-hoppas-att-kandidat-spak-kommer-med\\\/#breadcrumb\"},\"inLanguage\":\"en-US\",\"potentialAction\":[{\"@type\":\"ReadAction\",\"target\":[\"https:\\\/\\\/www.arhammar.se\\\/blog\\\/fredag-den-4-februari-1916-jag-hoppas-att-kandidat-spak-kommer-med\\\/\"]}]},{\"@type\":\"ImageObject\",\"inLanguage\":\"en-US\",\"@id\":\"https:\\\/\\\/www.arhammar.se\\\/blog\\\/fredag-den-4-februari-1916-jag-hoppas-att-kandidat-spak-kommer-med\\\/#primaryimage\",\"url\":\"https:\\\/\\\/www.arhammar.se\\\/blog\\\/wp-content\\\/uploads\\\/2020\\\/03\\\/dbkungforendag.jpg\",\"contentUrl\":\"https:\\\/\\\/www.arhammar.se\\\/blog\\\/wp-content\\\/uploads\\\/2020\\\/03\\\/dbkungforendag.jpg\",\"width\":640,\"height\":480},{\"@type\":\"BreadcrumbList\",\"@id\":\"https:\\\/\\\/www.arhammar.se\\\/blog\\\/fredag-den-4-februari-1916-jag-hoppas-att-kandidat-spak-kommer-med\\\/#breadcrumb\",\"itemListElement\":[{\"@type\":\"ListItem\",\"position\":1,\"name\":\"Home\",\"item\":\"https:\\\/\\\/www.arhammar.se\\\/blog\\\/\"},{\"@type\":\"ListItem\",\"position\":2,\"name\":\"Fredag den 4 februari 1916. Jag hoppas att kandidat Spak kommer med.\"}]},{\"@type\":\"WebSite\",\"@id\":\"https:\\\/\\\/www.arhammar.se\\\/blog\\\/#website\",\"url\":\"https:\\\/\\\/www.arhammar.se\\\/blog\\\/\",\"name\":\"@Arhammar bokstavligen\",\"description\":\"Fr\u00e5n min penna och panna\",\"potentialAction\":[{\"@type\":\"SearchAction\",\"target\":{\"@type\":\"EntryPoint\",\"urlTemplate\":\"https:\\\/\\\/www.arhammar.se\\\/blog\\\/?s={search_term_string}\"},\"query-input\":{\"@type\":\"PropertyValueSpecification\",\"valueRequired\":true,\"valueName\":\"search_term_string\"}}],\"inLanguage\":\"en-US\"},{\"@type\":\"Person\",\"@id\":\"https:\\\/\\\/www.arhammar.se\\\/blog\\\/#\\\/schema\\\/person\\\/061984c1d884b363e2c91550f2e00d1d\",\"name\":\"Anders Arhammar\",\"image\":{\"@type\":\"ImageObject\",\"inLanguage\":\"en-US\",\"@id\":\"https:\\\/\\\/secure.gravatar.com\\\/avatar\\\/784b5b36cfe145ae19a52340f405285a939bcc08d4a21136b3a81f9e378ffae0?s=96&d=mm&r=g\",\"url\":\"https:\\\/\\\/secure.gravatar.com\\\/avatar\\\/784b5b36cfe145ae19a52340f405285a939bcc08d4a21136b3a81f9e378ffae0?s=96&d=mm&r=g\",\"contentUrl\":\"https:\\\/\\\/secure.gravatar.com\\\/avatar\\\/784b5b36cfe145ae19a52340f405285a939bcc08d4a21136b3a81f9e378ffae0?s=96&d=mm&r=g\",\"caption\":\"Anders Arhammar\"},\"url\":\"https:\\\/\\\/www.arhammar.se\\\/blog\\\/author\\\/anders\\\/\"}]}<\/script>\n<!-- \/ Yoast SEO plugin. -->","yoast_head_json":{"title":"Fredag den 4 februari 1916. Jag hoppas att kandidat Spak kommer med. - @Arhammar bokstavligen","robots":{"index":"index","follow":"follow","max-snippet":"max-snippet:-1","max-image-preview":"max-image-preview:large","max-video-preview":"max-video-preview:-1"},"canonical":"https:\/\/www.arhammar.se\/blog\/fredag-den-4-februari-1916-jag-hoppas-att-kandidat-spak-kommer-med\/","og_locale":"en_US","og_type":"article","og_title":"Fredag den 4 februari 1916. Jag hoppas att kandidat Spak kommer med. - @Arhammar bokstavligen","og_description":"Nu har jag inte skrivit p\u00e5 ett par dagar. I s\u00f6ndags var jag med Maja och Naemi p\u00e5 operan och s\u00e5g &#8220;konung f\u00f6r en dag&#8221;. Det var verkligen ett riktigt n\u00e4tt litet stycke och de upptr\u00e4dande sk\u00e4mde inte bort det, Strandberg, Lennartsson, Wallgren, Karin Rydkvist, Greta S\u00f6derman m.fl. En dag fick jag brev fr\u00e5n Niels [&hellip;]","og_url":"https:\/\/www.arhammar.se\/blog\/fredag-den-4-februari-1916-jag-hoppas-att-kandidat-spak-kommer-med\/","og_site_name":"@Arhammar bokstavligen","article_published_time":"2020-03-06T01:10:51+00:00","article_modified_time":"2020-04-26T19:31:15+00:00","og_image":[{"width":640,"height":480,"url":"https:\/\/www.arhammar.se\/blog\/wp-content\/uploads\/2020\/03\/dbkungforendag.jpg","type":"image\/jpeg"}],"author":"Anders Arhammar","twitter_card":"summary_large_image","twitter_misc":{"Written by":"Anders Arhammar","Est. reading time":"1 minute"},"schema":{"@context":"https:\/\/schema.org","@graph":[{"@type":"Article","@id":"https:\/\/www.arhammar.se\/blog\/fredag-den-4-februari-1916-jag-hoppas-att-kandidat-spak-kommer-med\/#article","isPartOf":{"@id":"https:\/\/www.arhammar.se\/blog\/fredag-den-4-februari-1916-jag-hoppas-att-kandidat-spak-kommer-med\/"},"author":{"name":"Anders Arhammar","@id":"https:\/\/www.arhammar.se\/blog\/#\/schema\/person\/061984c1d884b363e2c91550f2e00d1d"},"headline":"Fredag den 4 februari 1916. Jag hoppas att kandidat Spak kommer med.","datePublished":"2020-03-06T01:10:51+00:00","dateModified":"2020-04-26T19:31:15+00:00","mainEntityOfPage":{"@id":"https:\/\/www.arhammar.se\/blog\/fredag-den-4-februari-1916-jag-hoppas-att-kandidat-spak-kommer-med\/"},"wordCount":182,"commentCount":0,"image":{"@id":"https:\/\/www.arhammar.se\/blog\/fredag-den-4-februari-1916-jag-hoppas-att-kandidat-spak-kommer-med\/#primaryimage"},"thumbnailUrl":"https:\/\/www.arhammar.se\/blog\/wp-content\/uploads\/2020\/03\/dbkungforendag.jpg","articleSection":["1916","mormors dagbok"],"inLanguage":"en-US","potentialAction":[{"@type":"CommentAction","name":"Comment","target":["https:\/\/www.arhammar.se\/blog\/fredag-den-4-februari-1916-jag-hoppas-att-kandidat-spak-kommer-med\/#respond"]}]},{"@type":"WebPage","@id":"https:\/\/www.arhammar.se\/blog\/fredag-den-4-februari-1916-jag-hoppas-att-kandidat-spak-kommer-med\/","url":"https:\/\/www.arhammar.se\/blog\/fredag-den-4-februari-1916-jag-hoppas-att-kandidat-spak-kommer-med\/","name":"Fredag den 4 februari 1916. Jag hoppas att kandidat Spak kommer med. - @Arhammar bokstavligen","isPartOf":{"@id":"https:\/\/www.arhammar.se\/blog\/#website"},"primaryImageOfPage":{"@id":"https:\/\/www.arhammar.se\/blog\/fredag-den-4-februari-1916-jag-hoppas-att-kandidat-spak-kommer-med\/#primaryimage"},"image":{"@id":"https:\/\/www.arhammar.se\/blog\/fredag-den-4-februari-1916-jag-hoppas-att-kandidat-spak-kommer-med\/#primaryimage"},"thumbnailUrl":"https:\/\/www.arhammar.se\/blog\/wp-content\/uploads\/2020\/03\/dbkungforendag.jpg","datePublished":"2020-03-06T01:10:51+00:00","dateModified":"2020-04-26T19:31:15+00:00","author":{"@id":"https:\/\/www.arhammar.se\/blog\/#\/schema\/person\/061984c1d884b363e2c91550f2e00d1d"},"breadcrumb":{"@id":"https:\/\/www.arhammar.se\/blog\/fredag-den-4-februari-1916-jag-hoppas-att-kandidat-spak-kommer-med\/#breadcrumb"},"inLanguage":"en-US","potentialAction":[{"@type":"ReadAction","target":["https:\/\/www.arhammar.se\/blog\/fredag-den-4-februari-1916-jag-hoppas-att-kandidat-spak-kommer-med\/"]}]},{"@type":"ImageObject","inLanguage":"en-US","@id":"https:\/\/www.arhammar.se\/blog\/fredag-den-4-februari-1916-jag-hoppas-att-kandidat-spak-kommer-med\/#primaryimage","url":"https:\/\/www.arhammar.se\/blog\/wp-content\/uploads\/2020\/03\/dbkungforendag.jpg","contentUrl":"https:\/\/www.arhammar.se\/blog\/wp-content\/uploads\/2020\/03\/dbkungforendag.jpg","width":640,"height":480},{"@type":"BreadcrumbList","@id":"https:\/\/www.arhammar.se\/blog\/fredag-den-4-februari-1916-jag-hoppas-att-kandidat-spak-kommer-med\/#breadcrumb","itemListElement":[{"@type":"ListItem","position":1,"name":"Home","item":"https:\/\/www.arhammar.se\/blog\/"},{"@type":"ListItem","position":2,"name":"Fredag den 4 februari 1916. Jag hoppas att kandidat Spak kommer med."}]},{"@type":"WebSite","@id":"https:\/\/www.arhammar.se\/blog\/#website","url":"https:\/\/www.arhammar.se\/blog\/","name":"@Arhammar bokstavligen","description":"Fr\u00e5n min penna och panna","potentialAction":[{"@type":"SearchAction","target":{"@type":"EntryPoint","urlTemplate":"https:\/\/www.arhammar.se\/blog\/?s={search_term_string}"},"query-input":{"@type":"PropertyValueSpecification","valueRequired":true,"valueName":"search_term_string"}}],"inLanguage":"en-US"},{"@type":"Person","@id":"https:\/\/www.arhammar.se\/blog\/#\/schema\/person\/061984c1d884b363e2c91550f2e00d1d","name":"Anders Arhammar","image":{"@type":"ImageObject","inLanguage":"en-US","@id":"https:\/\/secure.gravatar.com\/avatar\/784b5b36cfe145ae19a52340f405285a939bcc08d4a21136b3a81f9e378ffae0?s=96&d=mm&r=g","url":"https:\/\/secure.gravatar.com\/avatar\/784b5b36cfe145ae19a52340f405285a939bcc08d4a21136b3a81f9e378ffae0?s=96&d=mm&r=g","contentUrl":"https:\/\/secure.gravatar.com\/avatar\/784b5b36cfe145ae19a52340f405285a939bcc08d4a21136b3a81f9e378ffae0?s=96&d=mm&r=g","caption":"Anders Arhammar"},"url":"https:\/\/www.arhammar.se\/blog\/author\/anders\/"}]}},"_links":{"self":[{"href":"https:\/\/www.arhammar.se\/blog\/wp-json\/wp\/v2\/posts\/25306","targetHints":{"allow":["GET"]}}],"collection":[{"href":"https:\/\/www.arhammar.se\/blog\/wp-json\/wp\/v2\/posts"}],"about":[{"href":"https:\/\/www.arhammar.se\/blog\/wp-json\/wp\/v2\/types\/post"}],"author":[{"embeddable":true,"href":"https:\/\/www.arhammar.se\/blog\/wp-json\/wp\/v2\/users\/2"}],"replies":[{"embeddable":true,"href":"https:\/\/www.arhammar.se\/blog\/wp-json\/wp\/v2\/comments?post=25306"}],"version-history":[{"count":5,"href":"https:\/\/www.arhammar.se\/blog\/wp-json\/wp\/v2\/posts\/25306\/revisions"}],"predecessor-version":[{"id":28163,"href":"https:\/\/www.arhammar.se\/blog\/wp-json\/wp\/v2\/posts\/25306\/revisions\/28163"}],"wp:featuredmedia":[{"embeddable":true,"href":"https:\/\/www.arhammar.se\/blog\/wp-json\/wp\/v2\/media\/28196"}],"wp:attachment":[{"href":"https:\/\/www.arhammar.se\/blog\/wp-json\/wp\/v2\/media?parent=25306"}],"wp:term":[{"taxonomy":"category","embeddable":true,"href":"https:\/\/www.arhammar.se\/blog\/wp-json\/wp\/v2\/categories?post=25306"},{"taxonomy":"post_tag","embeddable":true,"href":"https:\/\/www.arhammar.se\/blog\/wp-json\/wp\/v2\/tags?post=25306"}],"curies":[{"name":"wp","href":"https:\/\/api.w.org\/{rel}","templated":true}]}}