{"id":25305,"date":"2020-03-06T00:55:50","date_gmt":"2020-03-05T23:55:50","guid":{"rendered":"https:\/\/www.arhammar.se\/blog\/?p=25305"},"modified":"2020-04-25T16:44:59","modified_gmt":"2020-04-25T15:44:59","slug":"lordag-den-29-januari-1916-vi-levde-som-tva-tosingar","status":"publish","type":"post","link":"https:\/\/www.arhammar.se\/blog\/lordag-den-29-januari-1916-vi-levde-som-tva-tosingar\/","title":{"rendered":"L\u00f6rdag den 29 januari 1916. Vi levde som tv\u00e5 tosingar."},"content":{"rendered":"<p>Kommer just upp fr\u00e5n Ekebergs. Doktorn skulle g\u00e5 ut ett slag p\u00e5 kv\u00e4llskvisten, och d\u00e5 tyckte jag det blev tr\u00e5kigt att sitta h\u00e4r ensam, s\u00e5 jag kilade ner till Ekebergs, d\u00e4r Dagmar var ensam hemma. Hon bj\u00f6d p\u00e5 cacao och nybakat br\u00f6d och vi k\u00e4ka och \u00e5t och levde som tv\u00e5 tosingar. S\u00e5 spelade vi och sj\u00f6ng och r\u00e4tt var det var kom Heddy och Einar. De hade varit ute och best\u00e4llt f\u00f6rlovningsringar och voro f\u00f6rst\u00e5s mycket glada och lyckliga. Skall f\u00f6rlova sig n\u00e4sta s\u00f6ndag. Sen skulle de g\u00e5 p\u00e5 &#8220;kinne&#8221; och jag upp igen, s\u00e5 lilla Dagny blev ensam. Den ungen p\u00e5minner mig precis om Rut. S\u00e5 d\u00e4r tokig och galen, lever som en vilding, d\u00e5 hon kommer i tagen. <\/p>\n<p>P\u00e5 eftermiddagen ringde Volrat och talade om att han och Bertil nu &#8220;definitivt\u201d bytt om namn, s\u00e5 nu heta de Volrat Ulfevi och Bertil Ulfevi. Tja, det l\u00e5ter verkligen inte s\u00e5 illa. Men du milde vad det \u00e4r lustigt att skriva det. Men man v\u00e4njer sig v\u00e4l.<\/p>\n<!-- AddThis Advanced Settings generic via filter on the_content --><!-- AddThis Share Buttons generic via filter on the_content -->","protected":false},"excerpt":{"rendered":"<p>Kommer just upp fr\u00e5n Ekebergs. Doktorn skulle g\u00e5 ut ett slag p\u00e5 kv\u00e4llskvisten, och d\u00e5 tyckte jag det blev tr\u00e5kigt att sitta h\u00e4r ensam, s\u00e5 jag kilade ner till Ekebergs, d\u00e4r Dagmar var ensam hemma. Hon bj\u00f6d p\u00e5 cacao och nybakat br\u00f6d och vi k\u00e4ka och \u00e5t och levde som tv\u00e5 tosingar. S\u00e5 spelade vi [&hellip;]<!-- AddThis Advanced Settings generic via filter on wp_trim_excerpt --><!-- AddThis Share Buttons generic via filter on wp_trim_excerpt --><\/p>\n","protected":false},"author":2,"featured_media":25856,"comment_status":"open","ping_status":"open","sticky":false,"template":"","format":"standard","meta":{"footnotes":""},"categories":[3441,3425],"tags":[],"class_list":["post-25305","post","type-post","status-publish","format-standard","has-post-thumbnail","hentry","category-3441","category-mormors-dagbok"],"yoast_head":"<!-- This site is optimized with the Yoast SEO plugin v27.4 - https:\/\/yoast.com\/product\/yoast-seo-wordpress\/ -->\n<title>L\u00f6rdag den 29 januari 1916. Vi levde som tv\u00e5 tosingar. - @Arhammar bokstavligen<\/title>\n<meta name=\"robots\" content=\"index, follow, max-snippet:-1, max-image-preview:large, max-video-preview:-1\" \/>\n<link rel=\"canonical\" href=\"https:\/\/www.arhammar.se\/blog\/lordag-den-29-januari-1916-vi-levde-som-tva-tosingar\/\" \/>\n<meta property=\"og:locale\" content=\"en_US\" \/>\n<meta property=\"og:type\" content=\"article\" \/>\n<meta property=\"og:title\" content=\"L\u00f6rdag den 29 januari 1916. Vi levde som tv\u00e5 tosingar. - @Arhammar bokstavligen\" \/>\n<meta property=\"og:description\" content=\"Kommer just upp fr\u00e5n Ekebergs. Doktorn skulle g\u00e5 ut ett slag p\u00e5 kv\u00e4llskvisten, och d\u00e5 tyckte jag det blev tr\u00e5kigt att sitta h\u00e4r ensam, s\u00e5 jag kilade ner till Ekebergs, d\u00e4r Dagmar var ensam hemma. Hon bj\u00f6d p\u00e5 cacao och nybakat br\u00f6d och vi k\u00e4ka och \u00e5t och levde som tv\u00e5 tosingar. S\u00e5 spelade vi [&hellip;]\" \/>\n<meta property=\"og:url\" content=\"https:\/\/www.arhammar.se\/blog\/lordag-den-29-januari-1916-vi-levde-som-tva-tosingar\/\" \/>\n<meta property=\"og:site_name\" content=\"@Arhammar bokstavligen\" \/>\n<meta property=\"article:published_time\" content=\"2020-03-05T23:55:50+00:00\" \/>\n<meta property=\"article:modified_time\" content=\"2020-04-25T15:44:59+00:00\" \/>\n<meta property=\"og:image\" content=\"https:\/\/www.arhammar.se\/blog\/wp-content\/uploads\/2020\/01\/jan1916.jpg\" \/>\n\t<meta property=\"og:image:width\" content=\"640\" \/>\n\t<meta property=\"og:image:height\" content=\"480\" \/>\n\t<meta property=\"og:image:type\" content=\"image\/jpeg\" \/>\n<meta name=\"author\" content=\"Anders Arhammar\" \/>\n<meta name=\"twitter:card\" content=\"summary_large_image\" \/>\n<meta name=\"twitter:label1\" content=\"Written by\" \/>\n\t<meta name=\"twitter:data1\" content=\"Anders Arhammar\" \/>\n\t<meta name=\"twitter:label2\" content=\"Est. reading time\" \/>\n\t<meta name=\"twitter:data2\" content=\"1 minute\" \/>\n<script type=\"application\/ld+json\" class=\"yoast-schema-graph\">{\"@context\":\"https:\\\/\\\/schema.org\",\"@graph\":[{\"@type\":\"Article\",\"@id\":\"https:\\\/\\\/www.arhammar.se\\\/blog\\\/lordag-den-29-januari-1916-vi-levde-som-tva-tosingar\\\/#article\",\"isPartOf\":{\"@id\":\"https:\\\/\\\/www.arhammar.se\\\/blog\\\/lordag-den-29-januari-1916-vi-levde-som-tva-tosingar\\\/\"},\"author\":{\"name\":\"Anders Arhammar\",\"@id\":\"https:\\\/\\\/www.arhammar.se\\\/blog\\\/#\\\/schema\\\/person\\\/061984c1d884b363e2c91550f2e00d1d\"},\"headline\":\"L\u00f6rdag den 29 januari 1916. Vi levde som tv\u00e5 tosingar.\",\"datePublished\":\"2020-03-05T23:55:50+00:00\",\"dateModified\":\"2020-04-25T15:44:59+00:00\",\"mainEntityOfPage\":{\"@id\":\"https:\\\/\\\/www.arhammar.se\\\/blog\\\/lordag-den-29-januari-1916-vi-levde-som-tva-tosingar\\\/\"},\"wordCount\":199,\"commentCount\":0,\"image\":{\"@id\":\"https:\\\/\\\/www.arhammar.se\\\/blog\\\/lordag-den-29-januari-1916-vi-levde-som-tva-tosingar\\\/#primaryimage\"},\"thumbnailUrl\":\"https:\\\/\\\/www.arhammar.se\\\/blog\\\/wp-content\\\/uploads\\\/2020\\\/01\\\/jan1916.jpg\",\"articleSection\":[\"1916\",\"mormors dagbok\"],\"inLanguage\":\"en-US\",\"potentialAction\":[{\"@type\":\"CommentAction\",\"name\":\"Comment\",\"target\":[\"https:\\\/\\\/www.arhammar.se\\\/blog\\\/lordag-den-29-januari-1916-vi-levde-som-tva-tosingar\\\/#respond\"]}]},{\"@type\":\"WebPage\",\"@id\":\"https:\\\/\\\/www.arhammar.se\\\/blog\\\/lordag-den-29-januari-1916-vi-levde-som-tva-tosingar\\\/\",\"url\":\"https:\\\/\\\/www.arhammar.se\\\/blog\\\/lordag-den-29-januari-1916-vi-levde-som-tva-tosingar\\\/\",\"name\":\"L\u00f6rdag den 29 januari 1916. Vi levde som tv\u00e5 tosingar. - @Arhammar bokstavligen\",\"isPartOf\":{\"@id\":\"https:\\\/\\\/www.arhammar.se\\\/blog\\\/#website\"},\"primaryImageOfPage\":{\"@id\":\"https:\\\/\\\/www.arhammar.se\\\/blog\\\/lordag-den-29-januari-1916-vi-levde-som-tva-tosingar\\\/#primaryimage\"},\"image\":{\"@id\":\"https:\\\/\\\/www.arhammar.se\\\/blog\\\/lordag-den-29-januari-1916-vi-levde-som-tva-tosingar\\\/#primaryimage\"},\"thumbnailUrl\":\"https:\\\/\\\/www.arhammar.se\\\/blog\\\/wp-content\\\/uploads\\\/2020\\\/01\\\/jan1916.jpg\",\"datePublished\":\"2020-03-05T23:55:50+00:00\",\"dateModified\":\"2020-04-25T15:44:59+00:00\",\"author\":{\"@id\":\"https:\\\/\\\/www.arhammar.se\\\/blog\\\/#\\\/schema\\\/person\\\/061984c1d884b363e2c91550f2e00d1d\"},\"breadcrumb\":{\"@id\":\"https:\\\/\\\/www.arhammar.se\\\/blog\\\/lordag-den-29-januari-1916-vi-levde-som-tva-tosingar\\\/#breadcrumb\"},\"inLanguage\":\"en-US\",\"potentialAction\":[{\"@type\":\"ReadAction\",\"target\":[\"https:\\\/\\\/www.arhammar.se\\\/blog\\\/lordag-den-29-januari-1916-vi-levde-som-tva-tosingar\\\/\"]}]},{\"@type\":\"ImageObject\",\"inLanguage\":\"en-US\",\"@id\":\"https:\\\/\\\/www.arhammar.se\\\/blog\\\/lordag-den-29-januari-1916-vi-levde-som-tva-tosingar\\\/#primaryimage\",\"url\":\"https:\\\/\\\/www.arhammar.se\\\/blog\\\/wp-content\\\/uploads\\\/2020\\\/01\\\/jan1916.jpg\",\"contentUrl\":\"https:\\\/\\\/www.arhammar.se\\\/blog\\\/wp-content\\\/uploads\\\/2020\\\/01\\\/jan1916.jpg\",\"width\":640,\"height\":480},{\"@type\":\"BreadcrumbList\",\"@id\":\"https:\\\/\\\/www.arhammar.se\\\/blog\\\/lordag-den-29-januari-1916-vi-levde-som-tva-tosingar\\\/#breadcrumb\",\"itemListElement\":[{\"@type\":\"ListItem\",\"position\":1,\"name\":\"Home\",\"item\":\"https:\\\/\\\/www.arhammar.se\\\/blog\\\/\"},{\"@type\":\"ListItem\",\"position\":2,\"name\":\"L\u00f6rdag den 29 januari 1916. Vi levde som tv\u00e5 tosingar.\"}]},{\"@type\":\"WebSite\",\"@id\":\"https:\\\/\\\/www.arhammar.se\\\/blog\\\/#website\",\"url\":\"https:\\\/\\\/www.arhammar.se\\\/blog\\\/\",\"name\":\"@Arhammar bokstavligen\",\"description\":\"Fr\u00e5n min penna och panna\",\"potentialAction\":[{\"@type\":\"SearchAction\",\"target\":{\"@type\":\"EntryPoint\",\"urlTemplate\":\"https:\\\/\\\/www.arhammar.se\\\/blog\\\/?s={search_term_string}\"},\"query-input\":{\"@type\":\"PropertyValueSpecification\",\"valueRequired\":true,\"valueName\":\"search_term_string\"}}],\"inLanguage\":\"en-US\"},{\"@type\":\"Person\",\"@id\":\"https:\\\/\\\/www.arhammar.se\\\/blog\\\/#\\\/schema\\\/person\\\/061984c1d884b363e2c91550f2e00d1d\",\"name\":\"Anders Arhammar\",\"image\":{\"@type\":\"ImageObject\",\"inLanguage\":\"en-US\",\"@id\":\"https:\\\/\\\/secure.gravatar.com\\\/avatar\\\/784b5b36cfe145ae19a52340f405285a939bcc08d4a21136b3a81f9e378ffae0?s=96&d=mm&r=g\",\"url\":\"https:\\\/\\\/secure.gravatar.com\\\/avatar\\\/784b5b36cfe145ae19a52340f405285a939bcc08d4a21136b3a81f9e378ffae0?s=96&d=mm&r=g\",\"contentUrl\":\"https:\\\/\\\/secure.gravatar.com\\\/avatar\\\/784b5b36cfe145ae19a52340f405285a939bcc08d4a21136b3a81f9e378ffae0?s=96&d=mm&r=g\",\"caption\":\"Anders Arhammar\"},\"url\":\"https:\\\/\\\/www.arhammar.se\\\/blog\\\/author\\\/anders\\\/\"}]}<\/script>\n<!-- \/ Yoast SEO plugin. -->","yoast_head_json":{"title":"L\u00f6rdag den 29 januari 1916. Vi levde som tv\u00e5 tosingar. - @Arhammar bokstavligen","robots":{"index":"index","follow":"follow","max-snippet":"max-snippet:-1","max-image-preview":"max-image-preview:large","max-video-preview":"max-video-preview:-1"},"canonical":"https:\/\/www.arhammar.se\/blog\/lordag-den-29-januari-1916-vi-levde-som-tva-tosingar\/","og_locale":"en_US","og_type":"article","og_title":"L\u00f6rdag den 29 januari 1916. Vi levde som tv\u00e5 tosingar. - @Arhammar bokstavligen","og_description":"Kommer just upp fr\u00e5n Ekebergs. Doktorn skulle g\u00e5 ut ett slag p\u00e5 kv\u00e4llskvisten, och d\u00e5 tyckte jag det blev tr\u00e5kigt att sitta h\u00e4r ensam, s\u00e5 jag kilade ner till Ekebergs, d\u00e4r Dagmar var ensam hemma. Hon bj\u00f6d p\u00e5 cacao och nybakat br\u00f6d och vi k\u00e4ka och \u00e5t och levde som tv\u00e5 tosingar. S\u00e5 spelade vi [&hellip;]","og_url":"https:\/\/www.arhammar.se\/blog\/lordag-den-29-januari-1916-vi-levde-som-tva-tosingar\/","og_site_name":"@Arhammar bokstavligen","article_published_time":"2020-03-05T23:55:50+00:00","article_modified_time":"2020-04-25T15:44:59+00:00","og_image":[{"width":640,"height":480,"url":"https:\/\/www.arhammar.se\/blog\/wp-content\/uploads\/2020\/01\/jan1916.jpg","type":"image\/jpeg"}],"author":"Anders Arhammar","twitter_card":"summary_large_image","twitter_misc":{"Written by":"Anders Arhammar","Est. reading time":"1 minute"},"schema":{"@context":"https:\/\/schema.org","@graph":[{"@type":"Article","@id":"https:\/\/www.arhammar.se\/blog\/lordag-den-29-januari-1916-vi-levde-som-tva-tosingar\/#article","isPartOf":{"@id":"https:\/\/www.arhammar.se\/blog\/lordag-den-29-januari-1916-vi-levde-som-tva-tosingar\/"},"author":{"name":"Anders Arhammar","@id":"https:\/\/www.arhammar.se\/blog\/#\/schema\/person\/061984c1d884b363e2c91550f2e00d1d"},"headline":"L\u00f6rdag den 29 januari 1916. Vi levde som tv\u00e5 tosingar.","datePublished":"2020-03-05T23:55:50+00:00","dateModified":"2020-04-25T15:44:59+00:00","mainEntityOfPage":{"@id":"https:\/\/www.arhammar.se\/blog\/lordag-den-29-januari-1916-vi-levde-som-tva-tosingar\/"},"wordCount":199,"commentCount":0,"image":{"@id":"https:\/\/www.arhammar.se\/blog\/lordag-den-29-januari-1916-vi-levde-som-tva-tosingar\/#primaryimage"},"thumbnailUrl":"https:\/\/www.arhammar.se\/blog\/wp-content\/uploads\/2020\/01\/jan1916.jpg","articleSection":["1916","mormors dagbok"],"inLanguage":"en-US","potentialAction":[{"@type":"CommentAction","name":"Comment","target":["https:\/\/www.arhammar.se\/blog\/lordag-den-29-januari-1916-vi-levde-som-tva-tosingar\/#respond"]}]},{"@type":"WebPage","@id":"https:\/\/www.arhammar.se\/blog\/lordag-den-29-januari-1916-vi-levde-som-tva-tosingar\/","url":"https:\/\/www.arhammar.se\/blog\/lordag-den-29-januari-1916-vi-levde-som-tva-tosingar\/","name":"L\u00f6rdag den 29 januari 1916. Vi levde som tv\u00e5 tosingar. - @Arhammar bokstavligen","isPartOf":{"@id":"https:\/\/www.arhammar.se\/blog\/#website"},"primaryImageOfPage":{"@id":"https:\/\/www.arhammar.se\/blog\/lordag-den-29-januari-1916-vi-levde-som-tva-tosingar\/#primaryimage"},"image":{"@id":"https:\/\/www.arhammar.se\/blog\/lordag-den-29-januari-1916-vi-levde-som-tva-tosingar\/#primaryimage"},"thumbnailUrl":"https:\/\/www.arhammar.se\/blog\/wp-content\/uploads\/2020\/01\/jan1916.jpg","datePublished":"2020-03-05T23:55:50+00:00","dateModified":"2020-04-25T15:44:59+00:00","author":{"@id":"https:\/\/www.arhammar.se\/blog\/#\/schema\/person\/061984c1d884b363e2c91550f2e00d1d"},"breadcrumb":{"@id":"https:\/\/www.arhammar.se\/blog\/lordag-den-29-januari-1916-vi-levde-som-tva-tosingar\/#breadcrumb"},"inLanguage":"en-US","potentialAction":[{"@type":"ReadAction","target":["https:\/\/www.arhammar.se\/blog\/lordag-den-29-januari-1916-vi-levde-som-tva-tosingar\/"]}]},{"@type":"ImageObject","inLanguage":"en-US","@id":"https:\/\/www.arhammar.se\/blog\/lordag-den-29-januari-1916-vi-levde-som-tva-tosingar\/#primaryimage","url":"https:\/\/www.arhammar.se\/blog\/wp-content\/uploads\/2020\/01\/jan1916.jpg","contentUrl":"https:\/\/www.arhammar.se\/blog\/wp-content\/uploads\/2020\/01\/jan1916.jpg","width":640,"height":480},{"@type":"BreadcrumbList","@id":"https:\/\/www.arhammar.se\/blog\/lordag-den-29-januari-1916-vi-levde-som-tva-tosingar\/#breadcrumb","itemListElement":[{"@type":"ListItem","position":1,"name":"Home","item":"https:\/\/www.arhammar.se\/blog\/"},{"@type":"ListItem","position":2,"name":"L\u00f6rdag den 29 januari 1916. Vi levde som tv\u00e5 tosingar."}]},{"@type":"WebSite","@id":"https:\/\/www.arhammar.se\/blog\/#website","url":"https:\/\/www.arhammar.se\/blog\/","name":"@Arhammar bokstavligen","description":"Fr\u00e5n min penna och panna","potentialAction":[{"@type":"SearchAction","target":{"@type":"EntryPoint","urlTemplate":"https:\/\/www.arhammar.se\/blog\/?s={search_term_string}"},"query-input":{"@type":"PropertyValueSpecification","valueRequired":true,"valueName":"search_term_string"}}],"inLanguage":"en-US"},{"@type":"Person","@id":"https:\/\/www.arhammar.se\/blog\/#\/schema\/person\/061984c1d884b363e2c91550f2e00d1d","name":"Anders Arhammar","image":{"@type":"ImageObject","inLanguage":"en-US","@id":"https:\/\/secure.gravatar.com\/avatar\/784b5b36cfe145ae19a52340f405285a939bcc08d4a21136b3a81f9e378ffae0?s=96&d=mm&r=g","url":"https:\/\/secure.gravatar.com\/avatar\/784b5b36cfe145ae19a52340f405285a939bcc08d4a21136b3a81f9e378ffae0?s=96&d=mm&r=g","contentUrl":"https:\/\/secure.gravatar.com\/avatar\/784b5b36cfe145ae19a52340f405285a939bcc08d4a21136b3a81f9e378ffae0?s=96&d=mm&r=g","caption":"Anders Arhammar"},"url":"https:\/\/www.arhammar.se\/blog\/author\/anders\/"}]}},"_links":{"self":[{"href":"https:\/\/www.arhammar.se\/blog\/wp-json\/wp\/v2\/posts\/25305","targetHints":{"allow":["GET"]}}],"collection":[{"href":"https:\/\/www.arhammar.se\/blog\/wp-json\/wp\/v2\/posts"}],"about":[{"href":"https:\/\/www.arhammar.se\/blog\/wp-json\/wp\/v2\/types\/post"}],"author":[{"embeddable":true,"href":"https:\/\/www.arhammar.se\/blog\/wp-json\/wp\/v2\/users\/2"}],"replies":[{"embeddable":true,"href":"https:\/\/www.arhammar.se\/blog\/wp-json\/wp\/v2\/comments?post=25305"}],"version-history":[{"count":3,"href":"https:\/\/www.arhammar.se\/blog\/wp-json\/wp\/v2\/posts\/25305\/revisions"}],"predecessor-version":[{"id":25457,"href":"https:\/\/www.arhammar.se\/blog\/wp-json\/wp\/v2\/posts\/25305\/revisions\/25457"}],"wp:featuredmedia":[{"embeddable":true,"href":"https:\/\/www.arhammar.se\/blog\/wp-json\/wp\/v2\/media\/25856"}],"wp:attachment":[{"href":"https:\/\/www.arhammar.se\/blog\/wp-json\/wp\/v2\/media?parent=25305"}],"wp:term":[{"taxonomy":"category","embeddable":true,"href":"https:\/\/www.arhammar.se\/blog\/wp-json\/wp\/v2\/categories?post=25305"},{"taxonomy":"post_tag","embeddable":true,"href":"https:\/\/www.arhammar.se\/blog\/wp-json\/wp\/v2\/tags?post=25305"}],"curies":[{"name":"wp","href":"https:\/\/api.w.org\/{rel}","templated":true}]}}