{"id":25290,"date":"2020-03-06T00:30:37","date_gmt":"2020-03-05T23:30:37","guid":{"rendered":"https:\/\/www.arhammar.se\/blog\/?p=25290"},"modified":"2020-04-25T16:21:13","modified_gmt":"2020-04-25T15:21:13","slug":"lordag-den-15-januari-1916","status":"publish","type":"post","link":"https:\/\/www.arhammar.se\/blog\/lordag-den-15-januari-1916\/","title":{"rendered":"L\u00f6rdag den 15 januari 1916. P\u00e5 mig stod kjolen som en sky upp\u00e5t midjan ibland."},"content":{"rendered":"<p>Oj- ett s\u00e5dant v\u00e4der! Fullkomlig sn\u00f6storm! Hela f\u00f6rmiddagen har det hulat och tjutit alldeles f\u00f6rf\u00e4rligt omkring mina f\u00f6nster h\u00e4r. Och luften har varit f\u00f6rm\u00f6rkad av virvlande sn\u00f6. <\/p>\n<p>Hulda \u00e4r p\u00e5 sjukhuset nu, s\u00e5 Hanna \u00e4r &#8220;ensamjungfru&#8221;. S\u00e5 jag t\u00e4nkte att jag idag skulle hj\u00e4lpa henne genom att st\u00e4da mitt rum sj\u00e4lv. Och det har jag gjort riktigt grundligt. Sopat och gnott golvet med en &#8220;bontrasa&#8221; och dammat och tv\u00e4ttat tv\u00e4ttservicen etc. Och s\u00e5 har jag varit ute p\u00e5 min vanliga promenad ut\u00e5t Strandv\u00e4gen. <\/p>\n<p>Och du milde, vad det var livat. Det bl\u00e5ste, s\u00e5 det susade och ven om \u00f6ronen. H\u00e4r och d\u00e4r satte n\u00e5gon en pladask rova, och den, som vill studera damernas ben hade nu ett gott tillf\u00e4lle. P\u00e5 mig stod kjolen som en sky upp\u00e5t midjan ibland. Och r\u00e4tt var det var fattade vinden tag i mig och virvlade mig lekfullt runt ett h\u00f6rn. H\u00e4r och d\u00e4r seglade en herr- eller damhatt omkring i rymden, och \u00e5tskilliga sl\u00e4dar och k\u00e4lkar stj\u00e4lptes omkull. <\/p>\n<p>N\u00e4r jag gick hem, s\u00e5g jag en karl i s\u00e4llskap med diverse korgar och dylikt faktiskt bl\u00e5sa ner fr\u00e5n en h\u00f6g vagn p\u00e5 Kungsholmsbron. Eftersom jag var v\u00e4l p\u00e5p\u00e4lsad och f\u00f6rsedd med flor, tyckte jag att det hela var enbart roligt. Men oh, vad det hettar i kinderna nu!<\/p>\n<!-- AddThis Advanced Settings generic via filter on the_content --><!-- AddThis Share Buttons generic via filter on the_content -->","protected":false},"excerpt":{"rendered":"<p>Oj- ett s\u00e5dant v\u00e4der! Fullkomlig sn\u00f6storm! Hela f\u00f6rmiddagen har det hulat och tjutit alldeles f\u00f6rf\u00e4rligt omkring mina f\u00f6nster h\u00e4r. Och luften har varit f\u00f6rm\u00f6rkad av virvlande sn\u00f6. Hulda \u00e4r p\u00e5 sjukhuset nu, s\u00e5 Hanna \u00e4r &#8220;ensamjungfru&#8221;. S\u00e5 jag t\u00e4nkte att jag idag skulle hj\u00e4lpa henne genom att st\u00e4da mitt rum sj\u00e4lv. Och det har jag [&hellip;]<!-- AddThis Advanced Settings generic via filter on wp_trim_excerpt --><!-- AddThis Share Buttons generic via filter on wp_trim_excerpt --><\/p>\n","protected":false},"author":2,"featured_media":25856,"comment_status":"open","ping_status":"open","sticky":false,"template":"","format":"standard","meta":{"footnotes":""},"categories":[3441,3425],"tags":[],"class_list":["post-25290","post","type-post","status-publish","format-standard","has-post-thumbnail","hentry","category-3441","category-mormors-dagbok"],"yoast_head":"<!-- This site is optimized with the Yoast SEO plugin v27.4 - https:\/\/yoast.com\/product\/yoast-seo-wordpress\/ -->\n<title>L\u00f6rdag den 15 januari 1916. P\u00e5 mig stod kjolen som en sky upp\u00e5t midjan ibland. - @Arhammar bokstavligen<\/title>\n<meta name=\"robots\" content=\"index, follow, max-snippet:-1, max-image-preview:large, max-video-preview:-1\" \/>\n<link rel=\"canonical\" href=\"https:\/\/www.arhammar.se\/blog\/lordag-den-15-januari-1916\/\" \/>\n<meta property=\"og:locale\" content=\"en_US\" \/>\n<meta property=\"og:type\" content=\"article\" \/>\n<meta property=\"og:title\" content=\"L\u00f6rdag den 15 januari 1916. P\u00e5 mig stod kjolen som en sky upp\u00e5t midjan ibland. - @Arhammar bokstavligen\" \/>\n<meta property=\"og:description\" content=\"Oj- ett s\u00e5dant v\u00e4der! Fullkomlig sn\u00f6storm! Hela f\u00f6rmiddagen har det hulat och tjutit alldeles f\u00f6rf\u00e4rligt omkring mina f\u00f6nster h\u00e4r. Och luften har varit f\u00f6rm\u00f6rkad av virvlande sn\u00f6. Hulda \u00e4r p\u00e5 sjukhuset nu, s\u00e5 Hanna \u00e4r &#8220;ensamjungfru&#8221;. S\u00e5 jag t\u00e4nkte att jag idag skulle hj\u00e4lpa henne genom att st\u00e4da mitt rum sj\u00e4lv. Och det har jag [&hellip;]\" \/>\n<meta property=\"og:url\" content=\"https:\/\/www.arhammar.se\/blog\/lordag-den-15-januari-1916\/\" \/>\n<meta property=\"og:site_name\" content=\"@Arhammar bokstavligen\" \/>\n<meta property=\"article:published_time\" content=\"2020-03-05T23:30:37+00:00\" \/>\n<meta property=\"article:modified_time\" content=\"2020-04-25T15:21:13+00:00\" \/>\n<meta property=\"og:image\" content=\"https:\/\/www.arhammar.se\/blog\/wp-content\/uploads\/2020\/01\/jan1916.jpg\" \/>\n\t<meta property=\"og:image:width\" content=\"640\" \/>\n\t<meta property=\"og:image:height\" content=\"480\" \/>\n\t<meta property=\"og:image:type\" content=\"image\/jpeg\" \/>\n<meta name=\"author\" content=\"Anders Arhammar\" \/>\n<meta name=\"twitter:card\" content=\"summary_large_image\" \/>\n<meta name=\"twitter:label1\" content=\"Written by\" \/>\n\t<meta name=\"twitter:data1\" content=\"Anders Arhammar\" \/>\n\t<meta name=\"twitter:label2\" content=\"Est. reading time\" \/>\n\t<meta name=\"twitter:data2\" content=\"1 minute\" \/>\n<script type=\"application\/ld+json\" class=\"yoast-schema-graph\">{\"@context\":\"https:\\\/\\\/schema.org\",\"@graph\":[{\"@type\":\"Article\",\"@id\":\"https:\\\/\\\/www.arhammar.se\\\/blog\\\/lordag-den-15-januari-1916\\\/#article\",\"isPartOf\":{\"@id\":\"https:\\\/\\\/www.arhammar.se\\\/blog\\\/lordag-den-15-januari-1916\\\/\"},\"author\":{\"name\":\"Anders Arhammar\",\"@id\":\"https:\\\/\\\/www.arhammar.se\\\/blog\\\/#\\\/schema\\\/person\\\/061984c1d884b363e2c91550f2e00d1d\"},\"headline\":\"L\u00f6rdag den 15 januari 1916. P\u00e5 mig stod kjolen som en sky upp\u00e5t midjan ibland.\",\"datePublished\":\"2020-03-05T23:30:37+00:00\",\"dateModified\":\"2020-04-25T15:21:13+00:00\",\"mainEntityOfPage\":{\"@id\":\"https:\\\/\\\/www.arhammar.se\\\/blog\\\/lordag-den-15-januari-1916\\\/\"},\"wordCount\":269,\"commentCount\":0,\"image\":{\"@id\":\"https:\\\/\\\/www.arhammar.se\\\/blog\\\/lordag-den-15-januari-1916\\\/#primaryimage\"},\"thumbnailUrl\":\"https:\\\/\\\/www.arhammar.se\\\/blog\\\/wp-content\\\/uploads\\\/2020\\\/01\\\/jan1916.jpg\",\"articleSection\":[\"1916\",\"mormors dagbok\"],\"inLanguage\":\"en-US\",\"potentialAction\":[{\"@type\":\"CommentAction\",\"name\":\"Comment\",\"target\":[\"https:\\\/\\\/www.arhammar.se\\\/blog\\\/lordag-den-15-januari-1916\\\/#respond\"]}]},{\"@type\":\"WebPage\",\"@id\":\"https:\\\/\\\/www.arhammar.se\\\/blog\\\/lordag-den-15-januari-1916\\\/\",\"url\":\"https:\\\/\\\/www.arhammar.se\\\/blog\\\/lordag-den-15-januari-1916\\\/\",\"name\":\"L\u00f6rdag den 15 januari 1916. P\u00e5 mig stod kjolen som en sky upp\u00e5t midjan ibland. - @Arhammar bokstavligen\",\"isPartOf\":{\"@id\":\"https:\\\/\\\/www.arhammar.se\\\/blog\\\/#website\"},\"primaryImageOfPage\":{\"@id\":\"https:\\\/\\\/www.arhammar.se\\\/blog\\\/lordag-den-15-januari-1916\\\/#primaryimage\"},\"image\":{\"@id\":\"https:\\\/\\\/www.arhammar.se\\\/blog\\\/lordag-den-15-januari-1916\\\/#primaryimage\"},\"thumbnailUrl\":\"https:\\\/\\\/www.arhammar.se\\\/blog\\\/wp-content\\\/uploads\\\/2020\\\/01\\\/jan1916.jpg\",\"datePublished\":\"2020-03-05T23:30:37+00:00\",\"dateModified\":\"2020-04-25T15:21:13+00:00\",\"author\":{\"@id\":\"https:\\\/\\\/www.arhammar.se\\\/blog\\\/#\\\/schema\\\/person\\\/061984c1d884b363e2c91550f2e00d1d\"},\"breadcrumb\":{\"@id\":\"https:\\\/\\\/www.arhammar.se\\\/blog\\\/lordag-den-15-januari-1916\\\/#breadcrumb\"},\"inLanguage\":\"en-US\",\"potentialAction\":[{\"@type\":\"ReadAction\",\"target\":[\"https:\\\/\\\/www.arhammar.se\\\/blog\\\/lordag-den-15-januari-1916\\\/\"]}]},{\"@type\":\"ImageObject\",\"inLanguage\":\"en-US\",\"@id\":\"https:\\\/\\\/www.arhammar.se\\\/blog\\\/lordag-den-15-januari-1916\\\/#primaryimage\",\"url\":\"https:\\\/\\\/www.arhammar.se\\\/blog\\\/wp-content\\\/uploads\\\/2020\\\/01\\\/jan1916.jpg\",\"contentUrl\":\"https:\\\/\\\/www.arhammar.se\\\/blog\\\/wp-content\\\/uploads\\\/2020\\\/01\\\/jan1916.jpg\",\"width\":640,\"height\":480},{\"@type\":\"BreadcrumbList\",\"@id\":\"https:\\\/\\\/www.arhammar.se\\\/blog\\\/lordag-den-15-januari-1916\\\/#breadcrumb\",\"itemListElement\":[{\"@type\":\"ListItem\",\"position\":1,\"name\":\"Home\",\"item\":\"https:\\\/\\\/www.arhammar.se\\\/blog\\\/\"},{\"@type\":\"ListItem\",\"position\":2,\"name\":\"L\u00f6rdag den 15 januari 1916. P\u00e5 mig stod kjolen som en sky upp\u00e5t midjan ibland.\"}]},{\"@type\":\"WebSite\",\"@id\":\"https:\\\/\\\/www.arhammar.se\\\/blog\\\/#website\",\"url\":\"https:\\\/\\\/www.arhammar.se\\\/blog\\\/\",\"name\":\"@Arhammar bokstavligen\",\"description\":\"Fr\u00e5n min penna och panna\",\"potentialAction\":[{\"@type\":\"SearchAction\",\"target\":{\"@type\":\"EntryPoint\",\"urlTemplate\":\"https:\\\/\\\/www.arhammar.se\\\/blog\\\/?s={search_term_string}\"},\"query-input\":{\"@type\":\"PropertyValueSpecification\",\"valueRequired\":true,\"valueName\":\"search_term_string\"}}],\"inLanguage\":\"en-US\"},{\"@type\":\"Person\",\"@id\":\"https:\\\/\\\/www.arhammar.se\\\/blog\\\/#\\\/schema\\\/person\\\/061984c1d884b363e2c91550f2e00d1d\",\"name\":\"Anders Arhammar\",\"image\":{\"@type\":\"ImageObject\",\"inLanguage\":\"en-US\",\"@id\":\"https:\\\/\\\/secure.gravatar.com\\\/avatar\\\/784b5b36cfe145ae19a52340f405285a939bcc08d4a21136b3a81f9e378ffae0?s=96&d=mm&r=g\",\"url\":\"https:\\\/\\\/secure.gravatar.com\\\/avatar\\\/784b5b36cfe145ae19a52340f405285a939bcc08d4a21136b3a81f9e378ffae0?s=96&d=mm&r=g\",\"contentUrl\":\"https:\\\/\\\/secure.gravatar.com\\\/avatar\\\/784b5b36cfe145ae19a52340f405285a939bcc08d4a21136b3a81f9e378ffae0?s=96&d=mm&r=g\",\"caption\":\"Anders Arhammar\"},\"url\":\"https:\\\/\\\/www.arhammar.se\\\/blog\\\/author\\\/anders\\\/\"}]}<\/script>\n<!-- \/ Yoast SEO plugin. -->","yoast_head_json":{"title":"L\u00f6rdag den 15 januari 1916. P\u00e5 mig stod kjolen som en sky upp\u00e5t midjan ibland. - @Arhammar bokstavligen","robots":{"index":"index","follow":"follow","max-snippet":"max-snippet:-1","max-image-preview":"max-image-preview:large","max-video-preview":"max-video-preview:-1"},"canonical":"https:\/\/www.arhammar.se\/blog\/lordag-den-15-januari-1916\/","og_locale":"en_US","og_type":"article","og_title":"L\u00f6rdag den 15 januari 1916. P\u00e5 mig stod kjolen som en sky upp\u00e5t midjan ibland. - @Arhammar bokstavligen","og_description":"Oj- ett s\u00e5dant v\u00e4der! Fullkomlig sn\u00f6storm! Hela f\u00f6rmiddagen har det hulat och tjutit alldeles f\u00f6rf\u00e4rligt omkring mina f\u00f6nster h\u00e4r. Och luften har varit f\u00f6rm\u00f6rkad av virvlande sn\u00f6. Hulda \u00e4r p\u00e5 sjukhuset nu, s\u00e5 Hanna \u00e4r &#8220;ensamjungfru&#8221;. S\u00e5 jag t\u00e4nkte att jag idag skulle hj\u00e4lpa henne genom att st\u00e4da mitt rum sj\u00e4lv. Och det har jag [&hellip;]","og_url":"https:\/\/www.arhammar.se\/blog\/lordag-den-15-januari-1916\/","og_site_name":"@Arhammar bokstavligen","article_published_time":"2020-03-05T23:30:37+00:00","article_modified_time":"2020-04-25T15:21:13+00:00","og_image":[{"width":640,"height":480,"url":"https:\/\/www.arhammar.se\/blog\/wp-content\/uploads\/2020\/01\/jan1916.jpg","type":"image\/jpeg"}],"author":"Anders Arhammar","twitter_card":"summary_large_image","twitter_misc":{"Written by":"Anders Arhammar","Est. reading time":"1 minute"},"schema":{"@context":"https:\/\/schema.org","@graph":[{"@type":"Article","@id":"https:\/\/www.arhammar.se\/blog\/lordag-den-15-januari-1916\/#article","isPartOf":{"@id":"https:\/\/www.arhammar.se\/blog\/lordag-den-15-januari-1916\/"},"author":{"name":"Anders Arhammar","@id":"https:\/\/www.arhammar.se\/blog\/#\/schema\/person\/061984c1d884b363e2c91550f2e00d1d"},"headline":"L\u00f6rdag den 15 januari 1916. P\u00e5 mig stod kjolen som en sky upp\u00e5t midjan ibland.","datePublished":"2020-03-05T23:30:37+00:00","dateModified":"2020-04-25T15:21:13+00:00","mainEntityOfPage":{"@id":"https:\/\/www.arhammar.se\/blog\/lordag-den-15-januari-1916\/"},"wordCount":269,"commentCount":0,"image":{"@id":"https:\/\/www.arhammar.se\/blog\/lordag-den-15-januari-1916\/#primaryimage"},"thumbnailUrl":"https:\/\/www.arhammar.se\/blog\/wp-content\/uploads\/2020\/01\/jan1916.jpg","articleSection":["1916","mormors dagbok"],"inLanguage":"en-US","potentialAction":[{"@type":"CommentAction","name":"Comment","target":["https:\/\/www.arhammar.se\/blog\/lordag-den-15-januari-1916\/#respond"]}]},{"@type":"WebPage","@id":"https:\/\/www.arhammar.se\/blog\/lordag-den-15-januari-1916\/","url":"https:\/\/www.arhammar.se\/blog\/lordag-den-15-januari-1916\/","name":"L\u00f6rdag den 15 januari 1916. P\u00e5 mig stod kjolen som en sky upp\u00e5t midjan ibland. - @Arhammar bokstavligen","isPartOf":{"@id":"https:\/\/www.arhammar.se\/blog\/#website"},"primaryImageOfPage":{"@id":"https:\/\/www.arhammar.se\/blog\/lordag-den-15-januari-1916\/#primaryimage"},"image":{"@id":"https:\/\/www.arhammar.se\/blog\/lordag-den-15-januari-1916\/#primaryimage"},"thumbnailUrl":"https:\/\/www.arhammar.se\/blog\/wp-content\/uploads\/2020\/01\/jan1916.jpg","datePublished":"2020-03-05T23:30:37+00:00","dateModified":"2020-04-25T15:21:13+00:00","author":{"@id":"https:\/\/www.arhammar.se\/blog\/#\/schema\/person\/061984c1d884b363e2c91550f2e00d1d"},"breadcrumb":{"@id":"https:\/\/www.arhammar.se\/blog\/lordag-den-15-januari-1916\/#breadcrumb"},"inLanguage":"en-US","potentialAction":[{"@type":"ReadAction","target":["https:\/\/www.arhammar.se\/blog\/lordag-den-15-januari-1916\/"]}]},{"@type":"ImageObject","inLanguage":"en-US","@id":"https:\/\/www.arhammar.se\/blog\/lordag-den-15-januari-1916\/#primaryimage","url":"https:\/\/www.arhammar.se\/blog\/wp-content\/uploads\/2020\/01\/jan1916.jpg","contentUrl":"https:\/\/www.arhammar.se\/blog\/wp-content\/uploads\/2020\/01\/jan1916.jpg","width":640,"height":480},{"@type":"BreadcrumbList","@id":"https:\/\/www.arhammar.se\/blog\/lordag-den-15-januari-1916\/#breadcrumb","itemListElement":[{"@type":"ListItem","position":1,"name":"Home","item":"https:\/\/www.arhammar.se\/blog\/"},{"@type":"ListItem","position":2,"name":"L\u00f6rdag den 15 januari 1916. P\u00e5 mig stod kjolen som en sky upp\u00e5t midjan ibland."}]},{"@type":"WebSite","@id":"https:\/\/www.arhammar.se\/blog\/#website","url":"https:\/\/www.arhammar.se\/blog\/","name":"@Arhammar bokstavligen","description":"Fr\u00e5n min penna och panna","potentialAction":[{"@type":"SearchAction","target":{"@type":"EntryPoint","urlTemplate":"https:\/\/www.arhammar.se\/blog\/?s={search_term_string}"},"query-input":{"@type":"PropertyValueSpecification","valueRequired":true,"valueName":"search_term_string"}}],"inLanguage":"en-US"},{"@type":"Person","@id":"https:\/\/www.arhammar.se\/blog\/#\/schema\/person\/061984c1d884b363e2c91550f2e00d1d","name":"Anders Arhammar","image":{"@type":"ImageObject","inLanguage":"en-US","@id":"https:\/\/secure.gravatar.com\/avatar\/784b5b36cfe145ae19a52340f405285a939bcc08d4a21136b3a81f9e378ffae0?s=96&d=mm&r=g","url":"https:\/\/secure.gravatar.com\/avatar\/784b5b36cfe145ae19a52340f405285a939bcc08d4a21136b3a81f9e378ffae0?s=96&d=mm&r=g","contentUrl":"https:\/\/secure.gravatar.com\/avatar\/784b5b36cfe145ae19a52340f405285a939bcc08d4a21136b3a81f9e378ffae0?s=96&d=mm&r=g","caption":"Anders Arhammar"},"url":"https:\/\/www.arhammar.se\/blog\/author\/anders\/"}]}},"_links":{"self":[{"href":"https:\/\/www.arhammar.se\/blog\/wp-json\/wp\/v2\/posts\/25290","targetHints":{"allow":["GET"]}}],"collection":[{"href":"https:\/\/www.arhammar.se\/blog\/wp-json\/wp\/v2\/posts"}],"about":[{"href":"https:\/\/www.arhammar.se\/blog\/wp-json\/wp\/v2\/types\/post"}],"author":[{"embeddable":true,"href":"https:\/\/www.arhammar.se\/blog\/wp-json\/wp\/v2\/users\/2"}],"replies":[{"embeddable":true,"href":"https:\/\/www.arhammar.se\/blog\/wp-json\/wp\/v2\/comments?post=25290"}],"version-history":[{"count":5,"href":"https:\/\/www.arhammar.se\/blog\/wp-json\/wp\/v2\/posts\/25290\/revisions"}],"predecessor-version":[{"id":28158,"href":"https:\/\/www.arhammar.se\/blog\/wp-json\/wp\/v2\/posts\/25290\/revisions\/28158"}],"wp:featuredmedia":[{"embeddable":true,"href":"https:\/\/www.arhammar.se\/blog\/wp-json\/wp\/v2\/media\/25856"}],"wp:attachment":[{"href":"https:\/\/www.arhammar.se\/blog\/wp-json\/wp\/v2\/media?parent=25290"}],"wp:term":[{"taxonomy":"category","embeddable":true,"href":"https:\/\/www.arhammar.se\/blog\/wp-json\/wp\/v2\/categories?post=25290"},{"taxonomy":"post_tag","embeddable":true,"href":"https:\/\/www.arhammar.se\/blog\/wp-json\/wp\/v2\/tags?post=25290"}],"curies":[{"name":"wp","href":"https:\/\/api.w.org\/{rel}","templated":true}]}}