{"id":25288,"date":"2020-03-06T00:40:34","date_gmt":"2020-03-05T23:40:34","guid":{"rendered":"https:\/\/www.arhammar.se\/blog\/?p=25288"},"modified":"2020-04-26T16:19:27","modified_gmt":"2020-04-26T15:19:27","slug":"mandag-den-24-januari-1916","status":"publish","type":"post","link":"https:\/\/www.arhammar.se\/blog\/mandag-den-24-januari-1916\/","title":{"rendered":"M\u00e5ndag den 24 januari 1916. De va&#8217; f\u00f6rtjusande b\u00e4gge tv\u00e5."},"content":{"rendered":"<p>Ig\u00e5r var det livat. Jag fick lov hela dan och d\u00e4rtill 5 kronor att f\u00f6da och roa mig p\u00e5. Redan f\u00f6rut hade Heddy fr\u00e5gat mig, om jag inte ville g\u00e5 med henne och en del andra ungdomar till Drottningholm p\u00e5 f\u00f6rmiddagen. Klockan 11 gav vi oss iv\u00e4g, f\u00f6rst med sp\u00e5rvagn till Ulvsunda och sen gick vi. Bl.a. var det en ung man, Pelle Broman, som f\u00f6ref\u00f6ll att vara s\u00e4rdeles trevlig. Visserligen var det 10 flickor och 5 pojkar, men det var roligt \u00e4nd\u00e5. <\/p>\n<p>Framkomna till Drottningholm drack vi kaffe p\u00e5 pensionatet och dansade ett par timmar. Pelle Broman b\u00e5de spelade och dansade utm\u00e4rkt. Sen skulle vi ut och \u00e5ka k\u00e4lke, men det fanns bara en &#8220;bob&#8221; och en liten k\u00e4lke, s\u00e5 vi fick ju inte plats p\u00e5 l\u00e5ngt h\u00e5ll. Jag st\u00e4llde mig och s\u00e5g p\u00e5, och det var ju v\u00e4l f\u00f6r \u201dboben&#8221; v\u00e4lte, s\u00e5 allihop l\u00e5g i en enda r\u00f6ra. Det s\u00e5g riktigt ot\u00e4ckt ut. <\/p>\n<p>Vi begav oss snart hem och oh, ett s\u00e5dant h\u00e4rligt v\u00e4der! Sn\u00f6, sol och alldeles lugnt. Heddy bj\u00f6d mig p\u00e5 middag och p\u00e5 kv\u00e4llen bj\u00f6d jag Naemi p\u00e5 &#8220;Auditoriums bio&#8221; d\u00e4r vi bl.a. s\u00e5g Gunnar Tolnaes och Carlo Wieth. De va&#8217; f\u00f6rtjusande b\u00e4gge tv\u00e5. Och p\u00e5 kv\u00e4llen var det ljuvligt att krypa till kojs. Nu har jag s\u00e5dana h\u00e4rliga blommor h\u00e4rinne. M\u00f6rkr\u00f6da tulpaner och en f\u00f6rtjusande sk\u00e4r hyacint, som doftar s\u00e5 ljuvligt.<\/p>\n<!-- AddThis Advanced Settings generic via filter on the_content --><!-- AddThis Share Buttons generic via filter on the_content -->","protected":false},"excerpt":{"rendered":"<p>Ig\u00e5r var det livat. Jag fick lov hela dan och d\u00e4rtill 5 kronor att f\u00f6da och roa mig p\u00e5. Redan f\u00f6rut hade Heddy fr\u00e5gat mig, om jag inte ville g\u00e5 med henne och en del andra ungdomar till Drottningholm p\u00e5 f\u00f6rmiddagen. Klockan 11 gav vi oss iv\u00e4g, f\u00f6rst med sp\u00e5rvagn till Ulvsunda och sen gick [&hellip;]<!-- AddThis Advanced Settings generic via filter on wp_trim_excerpt --><!-- AddThis Share Buttons generic via filter on wp_trim_excerpt --><\/p>\n","protected":false},"author":2,"featured_media":28188,"comment_status":"open","ping_status":"open","sticky":false,"template":"","format":"standard","meta":{"footnotes":""},"categories":[3441,3425],"tags":[],"class_list":["post-25288","post","type-post","status-publish","format-standard","has-post-thumbnail","hentry","category-3441","category-mormors-dagbok"],"yoast_head":"<!-- This site is optimized with the Yoast SEO plugin v27.4 - https:\/\/yoast.com\/product\/yoast-seo-wordpress\/ -->\n<title>M\u00e5ndag den 24 januari 1916. De va&#039; f\u00f6rtjusande b\u00e4gge tv\u00e5. - @Arhammar bokstavligen<\/title>\n<meta name=\"robots\" content=\"index, follow, max-snippet:-1, max-image-preview:large, max-video-preview:-1\" \/>\n<link rel=\"canonical\" href=\"https:\/\/www.arhammar.se\/blog\/mandag-den-24-januari-1916\/\" \/>\n<meta property=\"og:locale\" content=\"en_US\" \/>\n<meta property=\"og:type\" content=\"article\" \/>\n<meta property=\"og:title\" content=\"M\u00e5ndag den 24 januari 1916. De va&#039; f\u00f6rtjusande b\u00e4gge tv\u00e5. - @Arhammar bokstavligen\" \/>\n<meta property=\"og:description\" content=\"Ig\u00e5r var det livat. Jag fick lov hela dan och d\u00e4rtill 5 kronor att f\u00f6da och roa mig p\u00e5. Redan f\u00f6rut hade Heddy fr\u00e5gat mig, om jag inte ville g\u00e5 med henne och en del andra ungdomar till Drottningholm p\u00e5 f\u00f6rmiddagen. Klockan 11 gav vi oss iv\u00e4g, f\u00f6rst med sp\u00e5rvagn till Ulvsunda och sen gick [&hellip;]\" \/>\n<meta property=\"og:url\" content=\"https:\/\/www.arhammar.se\/blog\/mandag-den-24-januari-1916\/\" \/>\n<meta property=\"og:site_name\" content=\"@Arhammar bokstavligen\" \/>\n<meta property=\"article:published_time\" content=\"2020-03-05T23:40:34+00:00\" \/>\n<meta property=\"article:modified_time\" content=\"2020-04-26T15:19:27+00:00\" \/>\n<meta property=\"og:image\" content=\"https:\/\/www.arhammar.se\/blog\/wp-content\/uploads\/2020\/03\/dbsondaskuld.jpg\" \/>\n\t<meta property=\"og:image:width\" content=\"640\" \/>\n\t<meta property=\"og:image:height\" content=\"480\" \/>\n\t<meta property=\"og:image:type\" content=\"image\/jpeg\" \/>\n<meta name=\"author\" content=\"Anders Arhammar\" \/>\n<meta name=\"twitter:card\" content=\"summary_large_image\" \/>\n<meta name=\"twitter:label1\" content=\"Written by\" \/>\n\t<meta name=\"twitter:data1\" content=\"Anders Arhammar\" \/>\n\t<meta name=\"twitter:label2\" content=\"Est. reading time\" \/>\n\t<meta name=\"twitter:data2\" content=\"1 minute\" \/>\n<script type=\"application\/ld+json\" class=\"yoast-schema-graph\">{\"@context\":\"https:\\\/\\\/schema.org\",\"@graph\":[{\"@type\":\"Article\",\"@id\":\"https:\\\/\\\/www.arhammar.se\\\/blog\\\/mandag-den-24-januari-1916\\\/#article\",\"isPartOf\":{\"@id\":\"https:\\\/\\\/www.arhammar.se\\\/blog\\\/mandag-den-24-januari-1916\\\/\"},\"author\":{\"name\":\"Anders Arhammar\",\"@id\":\"https:\\\/\\\/www.arhammar.se\\\/blog\\\/#\\\/schema\\\/person\\\/061984c1d884b363e2c91550f2e00d1d\"},\"headline\":\"M\u00e5ndag den 24 januari 1916. De va&#8217; f\u00f6rtjusande b\u00e4gge tv\u00e5.\",\"datePublished\":\"2020-03-05T23:40:34+00:00\",\"dateModified\":\"2020-04-26T15:19:27+00:00\",\"mainEntityOfPage\":{\"@id\":\"https:\\\/\\\/www.arhammar.se\\\/blog\\\/mandag-den-24-januari-1916\\\/\"},\"wordCount\":281,\"commentCount\":0,\"image\":{\"@id\":\"https:\\\/\\\/www.arhammar.se\\\/blog\\\/mandag-den-24-januari-1916\\\/#primaryimage\"},\"thumbnailUrl\":\"https:\\\/\\\/www.arhammar.se\\\/blog\\\/wp-content\\\/uploads\\\/2020\\\/03\\\/dbsondaskuld.jpg\",\"articleSection\":[\"1916\",\"mormors dagbok\"],\"inLanguage\":\"en-US\",\"potentialAction\":[{\"@type\":\"CommentAction\",\"name\":\"Comment\",\"target\":[\"https:\\\/\\\/www.arhammar.se\\\/blog\\\/mandag-den-24-januari-1916\\\/#respond\"]}]},{\"@type\":\"WebPage\",\"@id\":\"https:\\\/\\\/www.arhammar.se\\\/blog\\\/mandag-den-24-januari-1916\\\/\",\"url\":\"https:\\\/\\\/www.arhammar.se\\\/blog\\\/mandag-den-24-januari-1916\\\/\",\"name\":\"M\u00e5ndag den 24 januari 1916. De va' f\u00f6rtjusande b\u00e4gge tv\u00e5. - @Arhammar bokstavligen\",\"isPartOf\":{\"@id\":\"https:\\\/\\\/www.arhammar.se\\\/blog\\\/#website\"},\"primaryImageOfPage\":{\"@id\":\"https:\\\/\\\/www.arhammar.se\\\/blog\\\/mandag-den-24-januari-1916\\\/#primaryimage\"},\"image\":{\"@id\":\"https:\\\/\\\/www.arhammar.se\\\/blog\\\/mandag-den-24-januari-1916\\\/#primaryimage\"},\"thumbnailUrl\":\"https:\\\/\\\/www.arhammar.se\\\/blog\\\/wp-content\\\/uploads\\\/2020\\\/03\\\/dbsondaskuld.jpg\",\"datePublished\":\"2020-03-05T23:40:34+00:00\",\"dateModified\":\"2020-04-26T15:19:27+00:00\",\"author\":{\"@id\":\"https:\\\/\\\/www.arhammar.se\\\/blog\\\/#\\\/schema\\\/person\\\/061984c1d884b363e2c91550f2e00d1d\"},\"breadcrumb\":{\"@id\":\"https:\\\/\\\/www.arhammar.se\\\/blog\\\/mandag-den-24-januari-1916\\\/#breadcrumb\"},\"inLanguage\":\"en-US\",\"potentialAction\":[{\"@type\":\"ReadAction\",\"target\":[\"https:\\\/\\\/www.arhammar.se\\\/blog\\\/mandag-den-24-januari-1916\\\/\"]}]},{\"@type\":\"ImageObject\",\"inLanguage\":\"en-US\",\"@id\":\"https:\\\/\\\/www.arhammar.se\\\/blog\\\/mandag-den-24-januari-1916\\\/#primaryimage\",\"url\":\"https:\\\/\\\/www.arhammar.se\\\/blog\\\/wp-content\\\/uploads\\\/2020\\\/03\\\/dbsondaskuld.jpg\",\"contentUrl\":\"https:\\\/\\\/www.arhammar.se\\\/blog\\\/wp-content\\\/uploads\\\/2020\\\/03\\\/dbsondaskuld.jpg\",\"width\":640,\"height\":480},{\"@type\":\"BreadcrumbList\",\"@id\":\"https:\\\/\\\/www.arhammar.se\\\/blog\\\/mandag-den-24-januari-1916\\\/#breadcrumb\",\"itemListElement\":[{\"@type\":\"ListItem\",\"position\":1,\"name\":\"Home\",\"item\":\"https:\\\/\\\/www.arhammar.se\\\/blog\\\/\"},{\"@type\":\"ListItem\",\"position\":2,\"name\":\"M\u00e5ndag den 24 januari 1916. De va&#8217; f\u00f6rtjusande b\u00e4gge tv\u00e5.\"}]},{\"@type\":\"WebSite\",\"@id\":\"https:\\\/\\\/www.arhammar.se\\\/blog\\\/#website\",\"url\":\"https:\\\/\\\/www.arhammar.se\\\/blog\\\/\",\"name\":\"@Arhammar bokstavligen\",\"description\":\"Fr\u00e5n min penna och panna\",\"potentialAction\":[{\"@type\":\"SearchAction\",\"target\":{\"@type\":\"EntryPoint\",\"urlTemplate\":\"https:\\\/\\\/www.arhammar.se\\\/blog\\\/?s={search_term_string}\"},\"query-input\":{\"@type\":\"PropertyValueSpecification\",\"valueRequired\":true,\"valueName\":\"search_term_string\"}}],\"inLanguage\":\"en-US\"},{\"@type\":\"Person\",\"@id\":\"https:\\\/\\\/www.arhammar.se\\\/blog\\\/#\\\/schema\\\/person\\\/061984c1d884b363e2c91550f2e00d1d\",\"name\":\"Anders Arhammar\",\"image\":{\"@type\":\"ImageObject\",\"inLanguage\":\"en-US\",\"@id\":\"https:\\\/\\\/secure.gravatar.com\\\/avatar\\\/784b5b36cfe145ae19a52340f405285a939bcc08d4a21136b3a81f9e378ffae0?s=96&d=mm&r=g\",\"url\":\"https:\\\/\\\/secure.gravatar.com\\\/avatar\\\/784b5b36cfe145ae19a52340f405285a939bcc08d4a21136b3a81f9e378ffae0?s=96&d=mm&r=g\",\"contentUrl\":\"https:\\\/\\\/secure.gravatar.com\\\/avatar\\\/784b5b36cfe145ae19a52340f405285a939bcc08d4a21136b3a81f9e378ffae0?s=96&d=mm&r=g\",\"caption\":\"Anders Arhammar\"},\"url\":\"https:\\\/\\\/www.arhammar.se\\\/blog\\\/author\\\/anders\\\/\"}]}<\/script>\n<!-- \/ Yoast SEO plugin. -->","yoast_head_json":{"title":"M\u00e5ndag den 24 januari 1916. De va' f\u00f6rtjusande b\u00e4gge tv\u00e5. - @Arhammar bokstavligen","robots":{"index":"index","follow":"follow","max-snippet":"max-snippet:-1","max-image-preview":"max-image-preview:large","max-video-preview":"max-video-preview:-1"},"canonical":"https:\/\/www.arhammar.se\/blog\/mandag-den-24-januari-1916\/","og_locale":"en_US","og_type":"article","og_title":"M\u00e5ndag den 24 januari 1916. De va' f\u00f6rtjusande b\u00e4gge tv\u00e5. - @Arhammar bokstavligen","og_description":"Ig\u00e5r var det livat. Jag fick lov hela dan och d\u00e4rtill 5 kronor att f\u00f6da och roa mig p\u00e5. Redan f\u00f6rut hade Heddy fr\u00e5gat mig, om jag inte ville g\u00e5 med henne och en del andra ungdomar till Drottningholm p\u00e5 f\u00f6rmiddagen. Klockan 11 gav vi oss iv\u00e4g, f\u00f6rst med sp\u00e5rvagn till Ulvsunda och sen gick [&hellip;]","og_url":"https:\/\/www.arhammar.se\/blog\/mandag-den-24-januari-1916\/","og_site_name":"@Arhammar bokstavligen","article_published_time":"2020-03-05T23:40:34+00:00","article_modified_time":"2020-04-26T15:19:27+00:00","og_image":[{"width":640,"height":480,"url":"https:\/\/www.arhammar.se\/blog\/wp-content\/uploads\/2020\/03\/dbsondaskuld.jpg","type":"image\/jpeg"}],"author":"Anders Arhammar","twitter_card":"summary_large_image","twitter_misc":{"Written by":"Anders Arhammar","Est. reading time":"1 minute"},"schema":{"@context":"https:\/\/schema.org","@graph":[{"@type":"Article","@id":"https:\/\/www.arhammar.se\/blog\/mandag-den-24-januari-1916\/#article","isPartOf":{"@id":"https:\/\/www.arhammar.se\/blog\/mandag-den-24-januari-1916\/"},"author":{"name":"Anders Arhammar","@id":"https:\/\/www.arhammar.se\/blog\/#\/schema\/person\/061984c1d884b363e2c91550f2e00d1d"},"headline":"M\u00e5ndag den 24 januari 1916. De va&#8217; f\u00f6rtjusande b\u00e4gge tv\u00e5.","datePublished":"2020-03-05T23:40:34+00:00","dateModified":"2020-04-26T15:19:27+00:00","mainEntityOfPage":{"@id":"https:\/\/www.arhammar.se\/blog\/mandag-den-24-januari-1916\/"},"wordCount":281,"commentCount":0,"image":{"@id":"https:\/\/www.arhammar.se\/blog\/mandag-den-24-januari-1916\/#primaryimage"},"thumbnailUrl":"https:\/\/www.arhammar.se\/blog\/wp-content\/uploads\/2020\/03\/dbsondaskuld.jpg","articleSection":["1916","mormors dagbok"],"inLanguage":"en-US","potentialAction":[{"@type":"CommentAction","name":"Comment","target":["https:\/\/www.arhammar.se\/blog\/mandag-den-24-januari-1916\/#respond"]}]},{"@type":"WebPage","@id":"https:\/\/www.arhammar.se\/blog\/mandag-den-24-januari-1916\/","url":"https:\/\/www.arhammar.se\/blog\/mandag-den-24-januari-1916\/","name":"M\u00e5ndag den 24 januari 1916. De va' f\u00f6rtjusande b\u00e4gge tv\u00e5. - @Arhammar bokstavligen","isPartOf":{"@id":"https:\/\/www.arhammar.se\/blog\/#website"},"primaryImageOfPage":{"@id":"https:\/\/www.arhammar.se\/blog\/mandag-den-24-januari-1916\/#primaryimage"},"image":{"@id":"https:\/\/www.arhammar.se\/blog\/mandag-den-24-januari-1916\/#primaryimage"},"thumbnailUrl":"https:\/\/www.arhammar.se\/blog\/wp-content\/uploads\/2020\/03\/dbsondaskuld.jpg","datePublished":"2020-03-05T23:40:34+00:00","dateModified":"2020-04-26T15:19:27+00:00","author":{"@id":"https:\/\/www.arhammar.se\/blog\/#\/schema\/person\/061984c1d884b363e2c91550f2e00d1d"},"breadcrumb":{"@id":"https:\/\/www.arhammar.se\/blog\/mandag-den-24-januari-1916\/#breadcrumb"},"inLanguage":"en-US","potentialAction":[{"@type":"ReadAction","target":["https:\/\/www.arhammar.se\/blog\/mandag-den-24-januari-1916\/"]}]},{"@type":"ImageObject","inLanguage":"en-US","@id":"https:\/\/www.arhammar.se\/blog\/mandag-den-24-januari-1916\/#primaryimage","url":"https:\/\/www.arhammar.se\/blog\/wp-content\/uploads\/2020\/03\/dbsondaskuld.jpg","contentUrl":"https:\/\/www.arhammar.se\/blog\/wp-content\/uploads\/2020\/03\/dbsondaskuld.jpg","width":640,"height":480},{"@type":"BreadcrumbList","@id":"https:\/\/www.arhammar.se\/blog\/mandag-den-24-januari-1916\/#breadcrumb","itemListElement":[{"@type":"ListItem","position":1,"name":"Home","item":"https:\/\/www.arhammar.se\/blog\/"},{"@type":"ListItem","position":2,"name":"M\u00e5ndag den 24 januari 1916. De va&#8217; f\u00f6rtjusande b\u00e4gge tv\u00e5."}]},{"@type":"WebSite","@id":"https:\/\/www.arhammar.se\/blog\/#website","url":"https:\/\/www.arhammar.se\/blog\/","name":"@Arhammar bokstavligen","description":"Fr\u00e5n min penna och panna","potentialAction":[{"@type":"SearchAction","target":{"@type":"EntryPoint","urlTemplate":"https:\/\/www.arhammar.se\/blog\/?s={search_term_string}"},"query-input":{"@type":"PropertyValueSpecification","valueRequired":true,"valueName":"search_term_string"}}],"inLanguage":"en-US"},{"@type":"Person","@id":"https:\/\/www.arhammar.se\/blog\/#\/schema\/person\/061984c1d884b363e2c91550f2e00d1d","name":"Anders Arhammar","image":{"@type":"ImageObject","inLanguage":"en-US","@id":"https:\/\/secure.gravatar.com\/avatar\/784b5b36cfe145ae19a52340f405285a939bcc08d4a21136b3a81f9e378ffae0?s=96&d=mm&r=g","url":"https:\/\/secure.gravatar.com\/avatar\/784b5b36cfe145ae19a52340f405285a939bcc08d4a21136b3a81f9e378ffae0?s=96&d=mm&r=g","contentUrl":"https:\/\/secure.gravatar.com\/avatar\/784b5b36cfe145ae19a52340f405285a939bcc08d4a21136b3a81f9e378ffae0?s=96&d=mm&r=g","caption":"Anders Arhammar"},"url":"https:\/\/www.arhammar.se\/blog\/author\/anders\/"}]}},"_links":{"self":[{"href":"https:\/\/www.arhammar.se\/blog\/wp-json\/wp\/v2\/posts\/25288","targetHints":{"allow":["GET"]}}],"collection":[{"href":"https:\/\/www.arhammar.se\/blog\/wp-json\/wp\/v2\/posts"}],"about":[{"href":"https:\/\/www.arhammar.se\/blog\/wp-json\/wp\/v2\/types\/post"}],"author":[{"embeddable":true,"href":"https:\/\/www.arhammar.se\/blog\/wp-json\/wp\/v2\/users\/2"}],"replies":[{"embeddable":true,"href":"https:\/\/www.arhammar.se\/blog\/wp-json\/wp\/v2\/comments?post=25288"}],"version-history":[{"count":4,"href":"https:\/\/www.arhammar.se\/blog\/wp-json\/wp\/v2\/posts\/25288\/revisions"}],"predecessor-version":[{"id":28161,"href":"https:\/\/www.arhammar.se\/blog\/wp-json\/wp\/v2\/posts\/25288\/revisions\/28161"}],"wp:featuredmedia":[{"embeddable":true,"href":"https:\/\/www.arhammar.se\/blog\/wp-json\/wp\/v2\/media\/28188"}],"wp:attachment":[{"href":"https:\/\/www.arhammar.se\/blog\/wp-json\/wp\/v2\/media?parent=25288"}],"wp:term":[{"taxonomy":"category","embeddable":true,"href":"https:\/\/www.arhammar.se\/blog\/wp-json\/wp\/v2\/categories?post=25288"},{"taxonomy":"post_tag","embeddable":true,"href":"https:\/\/www.arhammar.se\/blog\/wp-json\/wp\/v2\/tags?post=25288"}],"curies":[{"name":"wp","href":"https:\/\/api.w.org\/{rel}","templated":true}]}}