{"id":25285,"date":"2020-03-06T00:14:30","date_gmt":"2020-03-05T23:14:30","guid":{"rendered":"https:\/\/www.arhammar.se\/blog\/?p=25285"},"modified":"2020-07-31T11:13:41","modified_gmt":"2020-07-31T10:13:41","slug":"onsdag-den-5-januari-1916","status":"publish","type":"post","link":"https:\/\/www.arhammar.se\/blog\/onsdag-den-5-januari-1916\/","title":{"rendered":"Onsdag den 5 januari 1916. Jag har Bertil s\u00e5 fullkomligt i mina h\u00e4nder."},"content":{"rendered":"<p>Ig\u00e5r fick jag ett brev fr\u00e5n Bertil och ett s\u00e5 \u00f6verfl\u00f6dande k\u00e4rleksbrev har jag d\u00e5 aldrig f\u00f6rr mottagit. P\u00e5 s\u00e4tt och vis \u00e4r det nog en stor f\u00f6rdel b\u00e5de f\u00f6r Bertil och mig, att jag har honom s\u00e5 fullkomligt i mina h\u00e4nder. Han beh\u00f6ver s\u00e5 innerligt v\u00e4l n\u00e5gon att se upp till, att lita p\u00e5, s\u00e5 att han inte i sin \u00f6versvallande ungdomlighet beg\u00e5r alltf\u00f6r m\u00e5nga dumheter. Och s\u00e5 l\u00e4nge inte jag har n\u00e5gon, som jag \u00e4lskar, ser upp till och som \u00e4r allt f\u00f6r mig, vill jag s\u00e5 g\u00e4rna vara en moderlig v\u00e4ninna f\u00f6r min unge, tokige, vackre Berty. <\/p>\n<p>Samma dag jag reste fr\u00e5n G\u00f6teborg fick jag till min stora f\u00f6rv\u00e5ning och ledsnad ett s\u00e5 innerligt vackert och rart brev fr\u00e5n Nils, vari han s\u00e4ger att han fortfarande h\u00e5ller s\u00e5 mycket av mig, och proponerar giftem\u00e5l, detta \u00e5r. T\u00e4nk, om jag kunde l\u00e4ra mig \u00e4lska honom!! Men det \u00e4r alldeles om\u00f6jligt och jag skrev till honom ett kanske h\u00e5rt brev, vari jag betog honom allt hopp. Stackars, stackars Niels!!<\/p>\n<!-- AddThis Advanced Settings generic via filter on the_content --><!-- AddThis Share Buttons generic via filter on the_content -->","protected":false},"excerpt":{"rendered":"<p>Ig\u00e5r fick jag ett brev fr\u00e5n Bertil och ett s\u00e5 \u00f6verfl\u00f6dande k\u00e4rleksbrev har jag d\u00e5 aldrig f\u00f6rr mottagit. P\u00e5 s\u00e4tt och vis \u00e4r det nog en stor f\u00f6rdel b\u00e5de f\u00f6r Bertil och mig, att jag har honom s\u00e5 fullkomligt i mina h\u00e4nder. Han beh\u00f6ver s\u00e5 innerligt v\u00e4l n\u00e5gon att se upp till, att lita p\u00e5, [&hellip;]<!-- AddThis Advanced Settings generic via filter on wp_trim_excerpt --><!-- AddThis Share Buttons generic via filter on wp_trim_excerpt --><\/p>\n","protected":false},"author":2,"featured_media":25856,"comment_status":"open","ping_status":"open","sticky":false,"template":"","format":"standard","meta":{"footnotes":""},"categories":[3441,3425],"tags":[],"class_list":["post-25285","post","type-post","status-publish","format-standard","has-post-thumbnail","hentry","category-3441","category-mormors-dagbok"],"yoast_head":"<!-- This site is optimized with the Yoast SEO plugin v27.4 - https:\/\/yoast.com\/product\/yoast-seo-wordpress\/ -->\n<title>Onsdag den 5 januari 1916. Jag har Bertil s\u00e5 fullkomligt i mina h\u00e4nder. - @Arhammar bokstavligen<\/title>\n<meta name=\"robots\" content=\"index, follow, max-snippet:-1, max-image-preview:large, max-video-preview:-1\" \/>\n<link rel=\"canonical\" href=\"https:\/\/www.arhammar.se\/blog\/onsdag-den-5-januari-1916\/\" \/>\n<meta property=\"og:locale\" content=\"en_US\" \/>\n<meta property=\"og:type\" content=\"article\" \/>\n<meta property=\"og:title\" content=\"Onsdag den 5 januari 1916. Jag har Bertil s\u00e5 fullkomligt i mina h\u00e4nder. - @Arhammar bokstavligen\" \/>\n<meta property=\"og:description\" content=\"Ig\u00e5r fick jag ett brev fr\u00e5n Bertil och ett s\u00e5 \u00f6verfl\u00f6dande k\u00e4rleksbrev har jag d\u00e5 aldrig f\u00f6rr mottagit. P\u00e5 s\u00e4tt och vis \u00e4r det nog en stor f\u00f6rdel b\u00e5de f\u00f6r Bertil och mig, att jag har honom s\u00e5 fullkomligt i mina h\u00e4nder. Han beh\u00f6ver s\u00e5 innerligt v\u00e4l n\u00e5gon att se upp till, att lita p\u00e5, [&hellip;]\" \/>\n<meta property=\"og:url\" content=\"https:\/\/www.arhammar.se\/blog\/onsdag-den-5-januari-1916\/\" \/>\n<meta property=\"og:site_name\" content=\"@Arhammar bokstavligen\" \/>\n<meta property=\"article:published_time\" content=\"2020-03-05T23:14:30+00:00\" \/>\n<meta property=\"article:modified_time\" content=\"2020-07-31T10:13:41+00:00\" \/>\n<meta property=\"og:image\" content=\"https:\/\/www.arhammar.se\/blog\/wp-content\/uploads\/2020\/01\/jan1916.jpg\" \/>\n\t<meta property=\"og:image:width\" content=\"640\" \/>\n\t<meta property=\"og:image:height\" content=\"480\" \/>\n\t<meta property=\"og:image:type\" content=\"image\/jpeg\" \/>\n<meta name=\"author\" content=\"Anders Arhammar\" \/>\n<meta name=\"twitter:card\" content=\"summary_large_image\" \/>\n<meta name=\"twitter:label1\" content=\"Written by\" \/>\n\t<meta name=\"twitter:data1\" content=\"Anders Arhammar\" \/>\n\t<meta name=\"twitter:label2\" content=\"Est. reading time\" \/>\n\t<meta name=\"twitter:data2\" content=\"1 minute\" \/>\n<script type=\"application\/ld+json\" class=\"yoast-schema-graph\">{\"@context\":\"https:\\\/\\\/schema.org\",\"@graph\":[{\"@type\":\"Article\",\"@id\":\"https:\\\/\\\/www.arhammar.se\\\/blog\\\/onsdag-den-5-januari-1916\\\/#article\",\"isPartOf\":{\"@id\":\"https:\\\/\\\/www.arhammar.se\\\/blog\\\/onsdag-den-5-januari-1916\\\/\"},\"author\":{\"name\":\"Anders Arhammar\",\"@id\":\"https:\\\/\\\/www.arhammar.se\\\/blog\\\/#\\\/schema\\\/person\\\/061984c1d884b363e2c91550f2e00d1d\"},\"headline\":\"Onsdag den 5 januari 1916. Jag har Bertil s\u00e5 fullkomligt i mina h\u00e4nder.\",\"datePublished\":\"2020-03-05T23:14:30+00:00\",\"dateModified\":\"2020-07-31T10:13:41+00:00\",\"mainEntityOfPage\":{\"@id\":\"https:\\\/\\\/www.arhammar.se\\\/blog\\\/onsdag-den-5-januari-1916\\\/\"},\"wordCount\":216,\"commentCount\":0,\"image\":{\"@id\":\"https:\\\/\\\/www.arhammar.se\\\/blog\\\/onsdag-den-5-januari-1916\\\/#primaryimage\"},\"thumbnailUrl\":\"https:\\\/\\\/www.arhammar.se\\\/blog\\\/wp-content\\\/uploads\\\/2020\\\/01\\\/jan1916.jpg\",\"articleSection\":[\"1916\",\"mormors dagbok\"],\"inLanguage\":\"en-US\",\"potentialAction\":[{\"@type\":\"CommentAction\",\"name\":\"Comment\",\"target\":[\"https:\\\/\\\/www.arhammar.se\\\/blog\\\/onsdag-den-5-januari-1916\\\/#respond\"]}]},{\"@type\":\"WebPage\",\"@id\":\"https:\\\/\\\/www.arhammar.se\\\/blog\\\/onsdag-den-5-januari-1916\\\/\",\"url\":\"https:\\\/\\\/www.arhammar.se\\\/blog\\\/onsdag-den-5-januari-1916\\\/\",\"name\":\"Onsdag den 5 januari 1916. Jag har Bertil s\u00e5 fullkomligt i mina h\u00e4nder. - @Arhammar bokstavligen\",\"isPartOf\":{\"@id\":\"https:\\\/\\\/www.arhammar.se\\\/blog\\\/#website\"},\"primaryImageOfPage\":{\"@id\":\"https:\\\/\\\/www.arhammar.se\\\/blog\\\/onsdag-den-5-januari-1916\\\/#primaryimage\"},\"image\":{\"@id\":\"https:\\\/\\\/www.arhammar.se\\\/blog\\\/onsdag-den-5-januari-1916\\\/#primaryimage\"},\"thumbnailUrl\":\"https:\\\/\\\/www.arhammar.se\\\/blog\\\/wp-content\\\/uploads\\\/2020\\\/01\\\/jan1916.jpg\",\"datePublished\":\"2020-03-05T23:14:30+00:00\",\"dateModified\":\"2020-07-31T10:13:41+00:00\",\"author\":{\"@id\":\"https:\\\/\\\/www.arhammar.se\\\/blog\\\/#\\\/schema\\\/person\\\/061984c1d884b363e2c91550f2e00d1d\"},\"breadcrumb\":{\"@id\":\"https:\\\/\\\/www.arhammar.se\\\/blog\\\/onsdag-den-5-januari-1916\\\/#breadcrumb\"},\"inLanguage\":\"en-US\",\"potentialAction\":[{\"@type\":\"ReadAction\",\"target\":[\"https:\\\/\\\/www.arhammar.se\\\/blog\\\/onsdag-den-5-januari-1916\\\/\"]}]},{\"@type\":\"ImageObject\",\"inLanguage\":\"en-US\",\"@id\":\"https:\\\/\\\/www.arhammar.se\\\/blog\\\/onsdag-den-5-januari-1916\\\/#primaryimage\",\"url\":\"https:\\\/\\\/www.arhammar.se\\\/blog\\\/wp-content\\\/uploads\\\/2020\\\/01\\\/jan1916.jpg\",\"contentUrl\":\"https:\\\/\\\/www.arhammar.se\\\/blog\\\/wp-content\\\/uploads\\\/2020\\\/01\\\/jan1916.jpg\",\"width\":640,\"height\":480},{\"@type\":\"BreadcrumbList\",\"@id\":\"https:\\\/\\\/www.arhammar.se\\\/blog\\\/onsdag-den-5-januari-1916\\\/#breadcrumb\",\"itemListElement\":[{\"@type\":\"ListItem\",\"position\":1,\"name\":\"Home\",\"item\":\"https:\\\/\\\/www.arhammar.se\\\/blog\\\/\"},{\"@type\":\"ListItem\",\"position\":2,\"name\":\"Onsdag den 5 januari 1916. Jag har Bertil s\u00e5 fullkomligt i mina h\u00e4nder.\"}]},{\"@type\":\"WebSite\",\"@id\":\"https:\\\/\\\/www.arhammar.se\\\/blog\\\/#website\",\"url\":\"https:\\\/\\\/www.arhammar.se\\\/blog\\\/\",\"name\":\"@Arhammar bokstavligen\",\"description\":\"Fr\u00e5n min penna och panna\",\"potentialAction\":[{\"@type\":\"SearchAction\",\"target\":{\"@type\":\"EntryPoint\",\"urlTemplate\":\"https:\\\/\\\/www.arhammar.se\\\/blog\\\/?s={search_term_string}\"},\"query-input\":{\"@type\":\"PropertyValueSpecification\",\"valueRequired\":true,\"valueName\":\"search_term_string\"}}],\"inLanguage\":\"en-US\"},{\"@type\":\"Person\",\"@id\":\"https:\\\/\\\/www.arhammar.se\\\/blog\\\/#\\\/schema\\\/person\\\/061984c1d884b363e2c91550f2e00d1d\",\"name\":\"Anders Arhammar\",\"image\":{\"@type\":\"ImageObject\",\"inLanguage\":\"en-US\",\"@id\":\"https:\\\/\\\/secure.gravatar.com\\\/avatar\\\/784b5b36cfe145ae19a52340f405285a939bcc08d4a21136b3a81f9e378ffae0?s=96&d=mm&r=g\",\"url\":\"https:\\\/\\\/secure.gravatar.com\\\/avatar\\\/784b5b36cfe145ae19a52340f405285a939bcc08d4a21136b3a81f9e378ffae0?s=96&d=mm&r=g\",\"contentUrl\":\"https:\\\/\\\/secure.gravatar.com\\\/avatar\\\/784b5b36cfe145ae19a52340f405285a939bcc08d4a21136b3a81f9e378ffae0?s=96&d=mm&r=g\",\"caption\":\"Anders Arhammar\"},\"url\":\"https:\\\/\\\/www.arhammar.se\\\/blog\\\/author\\\/anders\\\/\"}]}<\/script>\n<!-- \/ Yoast SEO plugin. -->","yoast_head_json":{"title":"Onsdag den 5 januari 1916. Jag har Bertil s\u00e5 fullkomligt i mina h\u00e4nder. - @Arhammar bokstavligen","robots":{"index":"index","follow":"follow","max-snippet":"max-snippet:-1","max-image-preview":"max-image-preview:large","max-video-preview":"max-video-preview:-1"},"canonical":"https:\/\/www.arhammar.se\/blog\/onsdag-den-5-januari-1916\/","og_locale":"en_US","og_type":"article","og_title":"Onsdag den 5 januari 1916. Jag har Bertil s\u00e5 fullkomligt i mina h\u00e4nder. - @Arhammar bokstavligen","og_description":"Ig\u00e5r fick jag ett brev fr\u00e5n Bertil och ett s\u00e5 \u00f6verfl\u00f6dande k\u00e4rleksbrev har jag d\u00e5 aldrig f\u00f6rr mottagit. P\u00e5 s\u00e4tt och vis \u00e4r det nog en stor f\u00f6rdel b\u00e5de f\u00f6r Bertil och mig, att jag har honom s\u00e5 fullkomligt i mina h\u00e4nder. Han beh\u00f6ver s\u00e5 innerligt v\u00e4l n\u00e5gon att se upp till, att lita p\u00e5, [&hellip;]","og_url":"https:\/\/www.arhammar.se\/blog\/onsdag-den-5-januari-1916\/","og_site_name":"@Arhammar bokstavligen","article_published_time":"2020-03-05T23:14:30+00:00","article_modified_time":"2020-07-31T10:13:41+00:00","og_image":[{"width":640,"height":480,"url":"https:\/\/www.arhammar.se\/blog\/wp-content\/uploads\/2020\/01\/jan1916.jpg","type":"image\/jpeg"}],"author":"Anders Arhammar","twitter_card":"summary_large_image","twitter_misc":{"Written by":"Anders Arhammar","Est. reading time":"1 minute"},"schema":{"@context":"https:\/\/schema.org","@graph":[{"@type":"Article","@id":"https:\/\/www.arhammar.se\/blog\/onsdag-den-5-januari-1916\/#article","isPartOf":{"@id":"https:\/\/www.arhammar.se\/blog\/onsdag-den-5-januari-1916\/"},"author":{"name":"Anders Arhammar","@id":"https:\/\/www.arhammar.se\/blog\/#\/schema\/person\/061984c1d884b363e2c91550f2e00d1d"},"headline":"Onsdag den 5 januari 1916. Jag har Bertil s\u00e5 fullkomligt i mina h\u00e4nder.","datePublished":"2020-03-05T23:14:30+00:00","dateModified":"2020-07-31T10:13:41+00:00","mainEntityOfPage":{"@id":"https:\/\/www.arhammar.se\/blog\/onsdag-den-5-januari-1916\/"},"wordCount":216,"commentCount":0,"image":{"@id":"https:\/\/www.arhammar.se\/blog\/onsdag-den-5-januari-1916\/#primaryimage"},"thumbnailUrl":"https:\/\/www.arhammar.se\/blog\/wp-content\/uploads\/2020\/01\/jan1916.jpg","articleSection":["1916","mormors dagbok"],"inLanguage":"en-US","potentialAction":[{"@type":"CommentAction","name":"Comment","target":["https:\/\/www.arhammar.se\/blog\/onsdag-den-5-januari-1916\/#respond"]}]},{"@type":"WebPage","@id":"https:\/\/www.arhammar.se\/blog\/onsdag-den-5-januari-1916\/","url":"https:\/\/www.arhammar.se\/blog\/onsdag-den-5-januari-1916\/","name":"Onsdag den 5 januari 1916. Jag har Bertil s\u00e5 fullkomligt i mina h\u00e4nder. - @Arhammar bokstavligen","isPartOf":{"@id":"https:\/\/www.arhammar.se\/blog\/#website"},"primaryImageOfPage":{"@id":"https:\/\/www.arhammar.se\/blog\/onsdag-den-5-januari-1916\/#primaryimage"},"image":{"@id":"https:\/\/www.arhammar.se\/blog\/onsdag-den-5-januari-1916\/#primaryimage"},"thumbnailUrl":"https:\/\/www.arhammar.se\/blog\/wp-content\/uploads\/2020\/01\/jan1916.jpg","datePublished":"2020-03-05T23:14:30+00:00","dateModified":"2020-07-31T10:13:41+00:00","author":{"@id":"https:\/\/www.arhammar.se\/blog\/#\/schema\/person\/061984c1d884b363e2c91550f2e00d1d"},"breadcrumb":{"@id":"https:\/\/www.arhammar.se\/blog\/onsdag-den-5-januari-1916\/#breadcrumb"},"inLanguage":"en-US","potentialAction":[{"@type":"ReadAction","target":["https:\/\/www.arhammar.se\/blog\/onsdag-den-5-januari-1916\/"]}]},{"@type":"ImageObject","inLanguage":"en-US","@id":"https:\/\/www.arhammar.se\/blog\/onsdag-den-5-januari-1916\/#primaryimage","url":"https:\/\/www.arhammar.se\/blog\/wp-content\/uploads\/2020\/01\/jan1916.jpg","contentUrl":"https:\/\/www.arhammar.se\/blog\/wp-content\/uploads\/2020\/01\/jan1916.jpg","width":640,"height":480},{"@type":"BreadcrumbList","@id":"https:\/\/www.arhammar.se\/blog\/onsdag-den-5-januari-1916\/#breadcrumb","itemListElement":[{"@type":"ListItem","position":1,"name":"Home","item":"https:\/\/www.arhammar.se\/blog\/"},{"@type":"ListItem","position":2,"name":"Onsdag den 5 januari 1916. Jag har Bertil s\u00e5 fullkomligt i mina h\u00e4nder."}]},{"@type":"WebSite","@id":"https:\/\/www.arhammar.se\/blog\/#website","url":"https:\/\/www.arhammar.se\/blog\/","name":"@Arhammar bokstavligen","description":"Fr\u00e5n min penna och panna","potentialAction":[{"@type":"SearchAction","target":{"@type":"EntryPoint","urlTemplate":"https:\/\/www.arhammar.se\/blog\/?s={search_term_string}"},"query-input":{"@type":"PropertyValueSpecification","valueRequired":true,"valueName":"search_term_string"}}],"inLanguage":"en-US"},{"@type":"Person","@id":"https:\/\/www.arhammar.se\/blog\/#\/schema\/person\/061984c1d884b363e2c91550f2e00d1d","name":"Anders Arhammar","image":{"@type":"ImageObject","inLanguage":"en-US","@id":"https:\/\/secure.gravatar.com\/avatar\/784b5b36cfe145ae19a52340f405285a939bcc08d4a21136b3a81f9e378ffae0?s=96&d=mm&r=g","url":"https:\/\/secure.gravatar.com\/avatar\/784b5b36cfe145ae19a52340f405285a939bcc08d4a21136b3a81f9e378ffae0?s=96&d=mm&r=g","contentUrl":"https:\/\/secure.gravatar.com\/avatar\/784b5b36cfe145ae19a52340f405285a939bcc08d4a21136b3a81f9e378ffae0?s=96&d=mm&r=g","caption":"Anders Arhammar"},"url":"https:\/\/www.arhammar.se\/blog\/author\/anders\/"}]}},"_links":{"self":[{"href":"https:\/\/www.arhammar.se\/blog\/wp-json\/wp\/v2\/posts\/25285","targetHints":{"allow":["GET"]}}],"collection":[{"href":"https:\/\/www.arhammar.se\/blog\/wp-json\/wp\/v2\/posts"}],"about":[{"href":"https:\/\/www.arhammar.se\/blog\/wp-json\/wp\/v2\/types\/post"}],"author":[{"embeddable":true,"href":"https:\/\/www.arhammar.se\/blog\/wp-json\/wp\/v2\/users\/2"}],"replies":[{"embeddable":true,"href":"https:\/\/www.arhammar.se\/blog\/wp-json\/wp\/v2\/comments?post=25285"}],"version-history":[{"count":3,"href":"https:\/\/www.arhammar.se\/blog\/wp-json\/wp\/v2\/posts\/25285\/revisions"}],"predecessor-version":[{"id":28140,"href":"https:\/\/www.arhammar.se\/blog\/wp-json\/wp\/v2\/posts\/25285\/revisions\/28140"}],"wp:featuredmedia":[{"embeddable":true,"href":"https:\/\/www.arhammar.se\/blog\/wp-json\/wp\/v2\/media\/25856"}],"wp:attachment":[{"href":"https:\/\/www.arhammar.se\/blog\/wp-json\/wp\/v2\/media?parent=25285"}],"wp:term":[{"taxonomy":"category","embeddable":true,"href":"https:\/\/www.arhammar.se\/blog\/wp-json\/wp\/v2\/categories?post=25285"},{"taxonomy":"post_tag","embeddable":true,"href":"https:\/\/www.arhammar.se\/blog\/wp-json\/wp\/v2\/tags?post=25285"}],"curies":[{"name":"wp","href":"https:\/\/api.w.org\/{rel}","templated":true}]}}