{"id":25115,"date":"2020-03-03T00:10:08","date_gmt":"2020-03-02T23:10:08","guid":{"rendered":"https:\/\/www.arhammar.se\/blog\/?p=25115"},"modified":"2020-04-25T15:32:15","modified_gmt":"2020-04-25T14:32:15","slug":"onsdag-den-1-januari-1913-en-sjuttonaring-valver-ej-onda-planer","status":"publish","type":"post","link":"https:\/\/www.arhammar.se\/blog\/onsdag-den-1-januari-1913-en-sjuttonaring-valver-ej-onda-planer\/","title":{"rendered":"Onsdag den 1 januari 1913. En sjutton\u00e5ring v\u00e4lver ej onda planer."},"content":{"rendered":"<p>Bing-b\u00e5ng, bing-b\u00e5ng! Kyrkklockorna ringa in det nya \u00e5ret. Klockan \u00e4r tolv p\u00e5 ny\u00e5rsnatten. Alla utom Naemi och jag \u00e4ro p\u00e5 vaka. Under det g\u00e5ngna \u00e5ret, det k\u00e4ra 1912, har det h\u00e4nt s\u00e5 mycket, b\u00e5de roligt och tr\u00e5kigt. Men det roliga har dock betydligt \u00f6verv\u00e4gt det tr\u00e5kiga. Ett i alla avseenden rikt och gott \u00e5r har 1912 varit f\u00f6r mig, och med saknad s\u00e4ger jag det nu farv\u00e4l. <\/p>\n<p>N\u00e4r jag sitter och t\u00e4nker tillbaka p\u00e5 det g\u00e5ngna \u00e5ret, framst\u00e5 sommarens ljuva minnen klarast. Underliga tankar v\u00e4lva sig i min hj\u00e4rna. &#8220;M\u00e5nne jag kunnat s\u00e5 leva under \u00e5ret, att jag utan ledsnad kan t\u00e4nka tillbaka p\u00e5 det&#8221;. Ack ja, en sjutton\u00e5ring v\u00e4lver ej onda planer i sitt huvud. Hon vill hela v\u00e4rlden v\u00e4l. Ibland kan det ju vara s\u00e5 m\u00f6rkt och tungt i hj\u00e4rtat men ungdomsblodet tar dock ut sin r\u00e4tt, det m\u00f6rka och tunga jagas bort och sjutton\u00e5ringen vill ej t\u00e4nka p\u00e5 n\u00e5got s\u00e5dant. <\/p>\n<p>&#8220;Gud, hj\u00e4lp mig, att p\u00e5 ett r\u00e4tt och v\u00e4rdigt s\u00e4tt g\u00e5 det nya \u00e5ret till m\u00f6tes&#8221;!<\/p>\n<p><a style=\"display:none;\" id=\"ddetlink1849563540\" href=\"javascript:expand(document.getElementById('ddet1849563540'))\">&#8230; Den f\u00f6rsvunna dagboken \u00e4r volym 3 &#8230;<\/a>\n<div class=\"ddet_div\" id=\"ddet1849563540\"><script language=\"JavaScript\" type=\"text\/javascript\">expand(document.getElementById('ddet1849563540'));expand(document.getElementById('ddetlink1849563540'))<\/script><\/p>\n<p>&#8230;som ber\u00e4ttar vad som h\u00e4nde under v\u00e5ren 1913. Vilket verkar vara en hel del, f\u00f6r s\u00e5 h\u00e4r b\u00f6rjar n\u00e4sta volym.<\/p>\n<p><em>Judit Rencke Dagbok Vol. 4 1913 sommaren och h\u00f6sten.<br \/>\nDen, som l\u00e4ser denna bok utan till\u00e5telse \u00e4r ingen bra m\u00e4nniska.<\/p>\n<p>Forts.<br \/>\n&#8230;lovade att f\u00f6rs\u00f6ka st\u00e4lla saken till r\u00e4tta! F\u00e5r se, hur det h\u00e4r avl\u00f6per. Denna helgen har avlupit mycket lugnt. Jag har varit mycket lat, bara \u00e4tit promenerat ooh l\u00e4st. Idun och Vecko-Journalen, Handelstidningen och G\u00f6teborgsposten i flera nummer och tv\u00e5 25-\u00f6resb\u00f6cker. &#8220;Bj\u00f6rnarna p\u00e5 Hohen Esp&#8221; av N.v Eschtruth, ganska rara. Nu \u00e4r jag s\u00e5 stoppm\u00e4tt, s\u00e5 genomprosaiskt stoppm\u00e4tt att jag inte orkar skriva mer.<br \/>\n <\/em><\/p>\n<p><\/div><\/p>\n<!-- AddThis Advanced Settings generic via filter on the_content --><!-- AddThis Share Buttons generic via filter on the_content -->","protected":false},"excerpt":{"rendered":"<p>Bing-b\u00e5ng, bing-b\u00e5ng! Kyrkklockorna ringa in det nya \u00e5ret. Klockan \u00e4r tolv p\u00e5 ny\u00e5rsnatten. Alla utom Naemi och jag \u00e4ro p\u00e5 vaka. Under det g\u00e5ngna \u00e5ret, det k\u00e4ra 1912, har det h\u00e4nt s\u00e5 mycket, b\u00e5de roligt och tr\u00e5kigt. Men det roliga har dock betydligt \u00f6verv\u00e4gt det tr\u00e5kiga. Ett i alla avseenden rikt och gott \u00e5r har [&hellip;]<!-- AddThis Advanced Settings generic via filter on wp_trim_excerpt --><!-- AddThis Share Buttons generic via filter on wp_trim_excerpt --><\/p>\n","protected":false},"author":2,"featured_media":25853,"comment_status":"open","ping_status":"open","sticky":false,"template":"","format":"standard","meta":{"footnotes":""},"categories":[3438,3425],"tags":[],"class_list":["post-25115","post","type-post","status-publish","format-standard","has-post-thumbnail","hentry","category-3438","category-mormors-dagbok"],"yoast_head":"<!-- This site is optimized with the Yoast SEO plugin v27.4 - https:\/\/yoast.com\/product\/yoast-seo-wordpress\/ -->\n<title>Onsdag den 1 januari 1913. En sjutton\u00e5ring v\u00e4lver ej onda planer. - @Arhammar bokstavligen<\/title>\n<meta name=\"robots\" content=\"index, follow, max-snippet:-1, max-image-preview:large, max-video-preview:-1\" \/>\n<link rel=\"canonical\" href=\"https:\/\/www.arhammar.se\/blog\/onsdag-den-1-januari-1913-en-sjuttonaring-valver-ej-onda-planer\/\" \/>\n<meta property=\"og:locale\" content=\"en_US\" \/>\n<meta property=\"og:type\" content=\"article\" \/>\n<meta property=\"og:title\" content=\"Onsdag den 1 januari 1913. En sjutton\u00e5ring v\u00e4lver ej onda planer. - @Arhammar bokstavligen\" \/>\n<meta property=\"og:description\" content=\"Bing-b\u00e5ng, bing-b\u00e5ng! Kyrkklockorna ringa in det nya \u00e5ret. Klockan \u00e4r tolv p\u00e5 ny\u00e5rsnatten. Alla utom Naemi och jag \u00e4ro p\u00e5 vaka. Under det g\u00e5ngna \u00e5ret, det k\u00e4ra 1912, har det h\u00e4nt s\u00e5 mycket, b\u00e5de roligt och tr\u00e5kigt. Men det roliga har dock betydligt \u00f6verv\u00e4gt det tr\u00e5kiga. Ett i alla avseenden rikt och gott \u00e5r har [&hellip;]\" \/>\n<meta property=\"og:url\" content=\"https:\/\/www.arhammar.se\/blog\/onsdag-den-1-januari-1913-en-sjuttonaring-valver-ej-onda-planer\/\" \/>\n<meta property=\"og:site_name\" content=\"@Arhammar bokstavligen\" \/>\n<meta property=\"article:published_time\" content=\"2020-03-02T23:10:08+00:00\" \/>\n<meta property=\"article:modified_time\" content=\"2020-04-25T14:32:15+00:00\" \/>\n<meta property=\"og:image\" content=\"https:\/\/www.arhammar.se\/blog\/wp-content\/uploads\/2020\/01\/jan1913.jpg\" \/>\n\t<meta property=\"og:image:width\" content=\"640\" \/>\n\t<meta property=\"og:image:height\" content=\"480\" \/>\n\t<meta property=\"og:image:type\" content=\"image\/jpeg\" \/>\n<meta name=\"author\" content=\"Anders Arhammar\" \/>\n<meta name=\"twitter:card\" content=\"summary_large_image\" \/>\n<meta name=\"twitter:label1\" content=\"Written by\" \/>\n\t<meta name=\"twitter:data1\" content=\"Anders Arhammar\" \/>\n\t<meta name=\"twitter:label2\" content=\"Est. reading time\" \/>\n\t<meta name=\"twitter:data2\" content=\"2 minutes\" \/>\n<script type=\"application\/ld+json\" class=\"yoast-schema-graph\">{\"@context\":\"https:\\\/\\\/schema.org\",\"@graph\":[{\"@type\":\"Article\",\"@id\":\"https:\\\/\\\/www.arhammar.se\\\/blog\\\/onsdag-den-1-januari-1913-en-sjuttonaring-valver-ej-onda-planer\\\/#article\",\"isPartOf\":{\"@id\":\"https:\\\/\\\/www.arhammar.se\\\/blog\\\/onsdag-den-1-januari-1913-en-sjuttonaring-valver-ej-onda-planer\\\/\"},\"author\":{\"name\":\"Anders Arhammar\",\"@id\":\"https:\\\/\\\/www.arhammar.se\\\/blog\\\/#\\\/schema\\\/person\\\/061984c1d884b363e2c91550f2e00d1d\"},\"headline\":\"Onsdag den 1 januari 1913. En sjutton\u00e5ring v\u00e4lver ej onda planer.\",\"datePublished\":\"2020-03-02T23:10:08+00:00\",\"dateModified\":\"2020-04-25T14:32:15+00:00\",\"mainEntityOfPage\":{\"@id\":\"https:\\\/\\\/www.arhammar.se\\\/blog\\\/onsdag-den-1-januari-1913-en-sjuttonaring-valver-ej-onda-planer\\\/\"},\"wordCount\":351,\"commentCount\":0,\"image\":{\"@id\":\"https:\\\/\\\/www.arhammar.se\\\/blog\\\/onsdag-den-1-januari-1913-en-sjuttonaring-valver-ej-onda-planer\\\/#primaryimage\"},\"thumbnailUrl\":\"https:\\\/\\\/www.arhammar.se\\\/blog\\\/wp-content\\\/uploads\\\/2020\\\/01\\\/jan1913.jpg\",\"articleSection\":[\"1913\",\"mormors dagbok\"],\"inLanguage\":\"en-US\",\"potentialAction\":[{\"@type\":\"CommentAction\",\"name\":\"Comment\",\"target\":[\"https:\\\/\\\/www.arhammar.se\\\/blog\\\/onsdag-den-1-januari-1913-en-sjuttonaring-valver-ej-onda-planer\\\/#respond\"]}]},{\"@type\":\"WebPage\",\"@id\":\"https:\\\/\\\/www.arhammar.se\\\/blog\\\/onsdag-den-1-januari-1913-en-sjuttonaring-valver-ej-onda-planer\\\/\",\"url\":\"https:\\\/\\\/www.arhammar.se\\\/blog\\\/onsdag-den-1-januari-1913-en-sjuttonaring-valver-ej-onda-planer\\\/\",\"name\":\"Onsdag den 1 januari 1913. En sjutton\u00e5ring v\u00e4lver ej onda planer. - @Arhammar bokstavligen\",\"isPartOf\":{\"@id\":\"https:\\\/\\\/www.arhammar.se\\\/blog\\\/#website\"},\"primaryImageOfPage\":{\"@id\":\"https:\\\/\\\/www.arhammar.se\\\/blog\\\/onsdag-den-1-januari-1913-en-sjuttonaring-valver-ej-onda-planer\\\/#primaryimage\"},\"image\":{\"@id\":\"https:\\\/\\\/www.arhammar.se\\\/blog\\\/onsdag-den-1-januari-1913-en-sjuttonaring-valver-ej-onda-planer\\\/#primaryimage\"},\"thumbnailUrl\":\"https:\\\/\\\/www.arhammar.se\\\/blog\\\/wp-content\\\/uploads\\\/2020\\\/01\\\/jan1913.jpg\",\"datePublished\":\"2020-03-02T23:10:08+00:00\",\"dateModified\":\"2020-04-25T14:32:15+00:00\",\"author\":{\"@id\":\"https:\\\/\\\/www.arhammar.se\\\/blog\\\/#\\\/schema\\\/person\\\/061984c1d884b363e2c91550f2e00d1d\"},\"breadcrumb\":{\"@id\":\"https:\\\/\\\/www.arhammar.se\\\/blog\\\/onsdag-den-1-januari-1913-en-sjuttonaring-valver-ej-onda-planer\\\/#breadcrumb\"},\"inLanguage\":\"en-US\",\"potentialAction\":[{\"@type\":\"ReadAction\",\"target\":[\"https:\\\/\\\/www.arhammar.se\\\/blog\\\/onsdag-den-1-januari-1913-en-sjuttonaring-valver-ej-onda-planer\\\/\"]}]},{\"@type\":\"ImageObject\",\"inLanguage\":\"en-US\",\"@id\":\"https:\\\/\\\/www.arhammar.se\\\/blog\\\/onsdag-den-1-januari-1913-en-sjuttonaring-valver-ej-onda-planer\\\/#primaryimage\",\"url\":\"https:\\\/\\\/www.arhammar.se\\\/blog\\\/wp-content\\\/uploads\\\/2020\\\/01\\\/jan1913.jpg\",\"contentUrl\":\"https:\\\/\\\/www.arhammar.se\\\/blog\\\/wp-content\\\/uploads\\\/2020\\\/01\\\/jan1913.jpg\",\"width\":640,\"height\":480},{\"@type\":\"BreadcrumbList\",\"@id\":\"https:\\\/\\\/www.arhammar.se\\\/blog\\\/onsdag-den-1-januari-1913-en-sjuttonaring-valver-ej-onda-planer\\\/#breadcrumb\",\"itemListElement\":[{\"@type\":\"ListItem\",\"position\":1,\"name\":\"Home\",\"item\":\"https:\\\/\\\/www.arhammar.se\\\/blog\\\/\"},{\"@type\":\"ListItem\",\"position\":2,\"name\":\"Onsdag den 1 januari 1913. En sjutton\u00e5ring v\u00e4lver ej onda planer.\"}]},{\"@type\":\"WebSite\",\"@id\":\"https:\\\/\\\/www.arhammar.se\\\/blog\\\/#website\",\"url\":\"https:\\\/\\\/www.arhammar.se\\\/blog\\\/\",\"name\":\"@Arhammar bokstavligen\",\"description\":\"Fr\u00e5n min penna och panna\",\"potentialAction\":[{\"@type\":\"SearchAction\",\"target\":{\"@type\":\"EntryPoint\",\"urlTemplate\":\"https:\\\/\\\/www.arhammar.se\\\/blog\\\/?s={search_term_string}\"},\"query-input\":{\"@type\":\"PropertyValueSpecification\",\"valueRequired\":true,\"valueName\":\"search_term_string\"}}],\"inLanguage\":\"en-US\"},{\"@type\":\"Person\",\"@id\":\"https:\\\/\\\/www.arhammar.se\\\/blog\\\/#\\\/schema\\\/person\\\/061984c1d884b363e2c91550f2e00d1d\",\"name\":\"Anders Arhammar\",\"image\":{\"@type\":\"ImageObject\",\"inLanguage\":\"en-US\",\"@id\":\"https:\\\/\\\/secure.gravatar.com\\\/avatar\\\/784b5b36cfe145ae19a52340f405285a939bcc08d4a21136b3a81f9e378ffae0?s=96&d=mm&r=g\",\"url\":\"https:\\\/\\\/secure.gravatar.com\\\/avatar\\\/784b5b36cfe145ae19a52340f405285a939bcc08d4a21136b3a81f9e378ffae0?s=96&d=mm&r=g\",\"contentUrl\":\"https:\\\/\\\/secure.gravatar.com\\\/avatar\\\/784b5b36cfe145ae19a52340f405285a939bcc08d4a21136b3a81f9e378ffae0?s=96&d=mm&r=g\",\"caption\":\"Anders Arhammar\"},\"url\":\"https:\\\/\\\/www.arhammar.se\\\/blog\\\/author\\\/anders\\\/\"}]}<\/script>\n<!-- \/ Yoast SEO plugin. -->","yoast_head_json":{"title":"Onsdag den 1 januari 1913. En sjutton\u00e5ring v\u00e4lver ej onda planer. - @Arhammar bokstavligen","robots":{"index":"index","follow":"follow","max-snippet":"max-snippet:-1","max-image-preview":"max-image-preview:large","max-video-preview":"max-video-preview:-1"},"canonical":"https:\/\/www.arhammar.se\/blog\/onsdag-den-1-januari-1913-en-sjuttonaring-valver-ej-onda-planer\/","og_locale":"en_US","og_type":"article","og_title":"Onsdag den 1 januari 1913. En sjutton\u00e5ring v\u00e4lver ej onda planer. - @Arhammar bokstavligen","og_description":"Bing-b\u00e5ng, bing-b\u00e5ng! Kyrkklockorna ringa in det nya \u00e5ret. Klockan \u00e4r tolv p\u00e5 ny\u00e5rsnatten. Alla utom Naemi och jag \u00e4ro p\u00e5 vaka. Under det g\u00e5ngna \u00e5ret, det k\u00e4ra 1912, har det h\u00e4nt s\u00e5 mycket, b\u00e5de roligt och tr\u00e5kigt. Men det roliga har dock betydligt \u00f6verv\u00e4gt det tr\u00e5kiga. Ett i alla avseenden rikt och gott \u00e5r har [&hellip;]","og_url":"https:\/\/www.arhammar.se\/blog\/onsdag-den-1-januari-1913-en-sjuttonaring-valver-ej-onda-planer\/","og_site_name":"@Arhammar bokstavligen","article_published_time":"2020-03-02T23:10:08+00:00","article_modified_time":"2020-04-25T14:32:15+00:00","og_image":[{"width":640,"height":480,"url":"https:\/\/www.arhammar.se\/blog\/wp-content\/uploads\/2020\/01\/jan1913.jpg","type":"image\/jpeg"}],"author":"Anders Arhammar","twitter_card":"summary_large_image","twitter_misc":{"Written by":"Anders Arhammar","Est. reading time":"2 minutes"},"schema":{"@context":"https:\/\/schema.org","@graph":[{"@type":"Article","@id":"https:\/\/www.arhammar.se\/blog\/onsdag-den-1-januari-1913-en-sjuttonaring-valver-ej-onda-planer\/#article","isPartOf":{"@id":"https:\/\/www.arhammar.se\/blog\/onsdag-den-1-januari-1913-en-sjuttonaring-valver-ej-onda-planer\/"},"author":{"name":"Anders Arhammar","@id":"https:\/\/www.arhammar.se\/blog\/#\/schema\/person\/061984c1d884b363e2c91550f2e00d1d"},"headline":"Onsdag den 1 januari 1913. En sjutton\u00e5ring v\u00e4lver ej onda planer.","datePublished":"2020-03-02T23:10:08+00:00","dateModified":"2020-04-25T14:32:15+00:00","mainEntityOfPage":{"@id":"https:\/\/www.arhammar.se\/blog\/onsdag-den-1-januari-1913-en-sjuttonaring-valver-ej-onda-planer\/"},"wordCount":351,"commentCount":0,"image":{"@id":"https:\/\/www.arhammar.se\/blog\/onsdag-den-1-januari-1913-en-sjuttonaring-valver-ej-onda-planer\/#primaryimage"},"thumbnailUrl":"https:\/\/www.arhammar.se\/blog\/wp-content\/uploads\/2020\/01\/jan1913.jpg","articleSection":["1913","mormors dagbok"],"inLanguage":"en-US","potentialAction":[{"@type":"CommentAction","name":"Comment","target":["https:\/\/www.arhammar.se\/blog\/onsdag-den-1-januari-1913-en-sjuttonaring-valver-ej-onda-planer\/#respond"]}]},{"@type":"WebPage","@id":"https:\/\/www.arhammar.se\/blog\/onsdag-den-1-januari-1913-en-sjuttonaring-valver-ej-onda-planer\/","url":"https:\/\/www.arhammar.se\/blog\/onsdag-den-1-januari-1913-en-sjuttonaring-valver-ej-onda-planer\/","name":"Onsdag den 1 januari 1913. En sjutton\u00e5ring v\u00e4lver ej onda planer. - @Arhammar bokstavligen","isPartOf":{"@id":"https:\/\/www.arhammar.se\/blog\/#website"},"primaryImageOfPage":{"@id":"https:\/\/www.arhammar.se\/blog\/onsdag-den-1-januari-1913-en-sjuttonaring-valver-ej-onda-planer\/#primaryimage"},"image":{"@id":"https:\/\/www.arhammar.se\/blog\/onsdag-den-1-januari-1913-en-sjuttonaring-valver-ej-onda-planer\/#primaryimage"},"thumbnailUrl":"https:\/\/www.arhammar.se\/blog\/wp-content\/uploads\/2020\/01\/jan1913.jpg","datePublished":"2020-03-02T23:10:08+00:00","dateModified":"2020-04-25T14:32:15+00:00","author":{"@id":"https:\/\/www.arhammar.se\/blog\/#\/schema\/person\/061984c1d884b363e2c91550f2e00d1d"},"breadcrumb":{"@id":"https:\/\/www.arhammar.se\/blog\/onsdag-den-1-januari-1913-en-sjuttonaring-valver-ej-onda-planer\/#breadcrumb"},"inLanguage":"en-US","potentialAction":[{"@type":"ReadAction","target":["https:\/\/www.arhammar.se\/blog\/onsdag-den-1-januari-1913-en-sjuttonaring-valver-ej-onda-planer\/"]}]},{"@type":"ImageObject","inLanguage":"en-US","@id":"https:\/\/www.arhammar.se\/blog\/onsdag-den-1-januari-1913-en-sjuttonaring-valver-ej-onda-planer\/#primaryimage","url":"https:\/\/www.arhammar.se\/blog\/wp-content\/uploads\/2020\/01\/jan1913.jpg","contentUrl":"https:\/\/www.arhammar.se\/blog\/wp-content\/uploads\/2020\/01\/jan1913.jpg","width":640,"height":480},{"@type":"BreadcrumbList","@id":"https:\/\/www.arhammar.se\/blog\/onsdag-den-1-januari-1913-en-sjuttonaring-valver-ej-onda-planer\/#breadcrumb","itemListElement":[{"@type":"ListItem","position":1,"name":"Home","item":"https:\/\/www.arhammar.se\/blog\/"},{"@type":"ListItem","position":2,"name":"Onsdag den 1 januari 1913. En sjutton\u00e5ring v\u00e4lver ej onda planer."}]},{"@type":"WebSite","@id":"https:\/\/www.arhammar.se\/blog\/#website","url":"https:\/\/www.arhammar.se\/blog\/","name":"@Arhammar bokstavligen","description":"Fr\u00e5n min penna och panna","potentialAction":[{"@type":"SearchAction","target":{"@type":"EntryPoint","urlTemplate":"https:\/\/www.arhammar.se\/blog\/?s={search_term_string}"},"query-input":{"@type":"PropertyValueSpecification","valueRequired":true,"valueName":"search_term_string"}}],"inLanguage":"en-US"},{"@type":"Person","@id":"https:\/\/www.arhammar.se\/blog\/#\/schema\/person\/061984c1d884b363e2c91550f2e00d1d","name":"Anders Arhammar","image":{"@type":"ImageObject","inLanguage":"en-US","@id":"https:\/\/secure.gravatar.com\/avatar\/784b5b36cfe145ae19a52340f405285a939bcc08d4a21136b3a81f9e378ffae0?s=96&d=mm&r=g","url":"https:\/\/secure.gravatar.com\/avatar\/784b5b36cfe145ae19a52340f405285a939bcc08d4a21136b3a81f9e378ffae0?s=96&d=mm&r=g","contentUrl":"https:\/\/secure.gravatar.com\/avatar\/784b5b36cfe145ae19a52340f405285a939bcc08d4a21136b3a81f9e378ffae0?s=96&d=mm&r=g","caption":"Anders Arhammar"},"url":"https:\/\/www.arhammar.se\/blog\/author\/anders\/"}]}},"_links":{"self":[{"href":"https:\/\/www.arhammar.se\/blog\/wp-json\/wp\/v2\/posts\/25115","targetHints":{"allow":["GET"]}}],"collection":[{"href":"https:\/\/www.arhammar.se\/blog\/wp-json\/wp\/v2\/posts"}],"about":[{"href":"https:\/\/www.arhammar.se\/blog\/wp-json\/wp\/v2\/types\/post"}],"author":[{"embeddable":true,"href":"https:\/\/www.arhammar.se\/blog\/wp-json\/wp\/v2\/users\/2"}],"replies":[{"embeddable":true,"href":"https:\/\/www.arhammar.se\/blog\/wp-json\/wp\/v2\/comments?post=25115"}],"version-history":[{"count":8,"href":"https:\/\/www.arhammar.se\/blog\/wp-json\/wp\/v2\/posts\/25115\/revisions"}],"predecessor-version":[{"id":28153,"href":"https:\/\/www.arhammar.se\/blog\/wp-json\/wp\/v2\/posts\/25115\/revisions\/28153"}],"wp:featuredmedia":[{"embeddable":true,"href":"https:\/\/www.arhammar.se\/blog\/wp-json\/wp\/v2\/media\/25853"}],"wp:attachment":[{"href":"https:\/\/www.arhammar.se\/blog\/wp-json\/wp\/v2\/media?parent=25115"}],"wp:term":[{"taxonomy":"category","embeddable":true,"href":"https:\/\/www.arhammar.se\/blog\/wp-json\/wp\/v2\/categories?post=25115"},{"taxonomy":"post_tag","embeddable":true,"href":"https:\/\/www.arhammar.se\/blog\/wp-json\/wp\/v2\/tags?post=25115"}],"curies":[{"name":"wp","href":"https:\/\/api.w.org\/{rel}","templated":true}]}}