{"id":24808,"date":"2020-01-15T12:59:47","date_gmt":"2020-01-15T11:59:47","guid":{"rendered":"https:\/\/www.arhammar.se\/projekt\/?p=24808"},"modified":"2020-02-12T21:59:08","modified_gmt":"2020-02-12T20:59:08","slug":"mandag-den-15-januari-en-fortjusande-vacker-musikant","status":"publish","type":"post","link":"https:\/\/www.arhammar.se\/blog\/mandag-den-15-januari-en-fortjusande-vacker-musikant\/","title":{"rendered":"M\u00e5ndag den 15 januari 1912. En f\u00f6rtjusande vacker musikant."},"content":{"rendered":"<p>Ig\u00e5r var jag p\u00e5 f\u00f6rmiddagen p\u00e5 Fr\u00e4lsningsarm\u00e9n och tittade p\u00e5 en f\u00f6rtjusande vacker musikant. Greta och jag satt och tittade p\u00e5 honom n\u00e4stan hela tiden. P\u00e5 eftermiddagen var jag hos Anna-Lisa ett tag, men det var inget vidare skojigt. Idag har jag varit p\u00e5 dammen p\u00e5 f\u00f6rmiddagen. D\u00e4r var ingen bekant. Nu p\u00e5 eftermiddagen skall jag g\u00e5 med Anna-Lisa ut ett tag. Idag har R\u00f6nnblom varit h\u00e4r. T\u00e4nk att nu har vi bara 3 dagar kvar till dess vi skola b\u00f6rja skolan. Jag begriper inte vart lovet har tagit v\u00e4gen. Bara nu den h\u00e4r terminen ville g\u00e5 lika fort.<\/p>\n<!-- AddThis Advanced Settings generic via filter on the_content --><!-- AddThis Share Buttons generic via filter on the_content -->","protected":false},"excerpt":{"rendered":"<p>Ig\u00e5r var jag p\u00e5 f\u00f6rmiddagen p\u00e5 Fr\u00e4lsningsarm\u00e9n och tittade p\u00e5 en f\u00f6rtjusande vacker musikant. Greta och jag satt och tittade p\u00e5 honom n\u00e4stan hela tiden. P\u00e5 eftermiddagen var jag hos Anna-Lisa ett tag, men det var inget vidare skojigt. Idag har jag varit p\u00e5 dammen p\u00e5 f\u00f6rmiddagen. D\u00e4r var ingen bekant. Nu p\u00e5 eftermiddagen skall [&hellip;]<!-- AddThis Advanced Settings generic via filter on wp_trim_excerpt --><!-- AddThis Share Buttons generic via filter on wp_trim_excerpt --><\/p>\n","protected":false},"author":2,"featured_media":25852,"comment_status":"closed","ping_status":"open","sticky":false,"template":"","format":"standard","meta":{"footnotes":""},"categories":[3437,3425],"tags":[],"class_list":["post-24808","post","type-post","status-publish","format-standard","has-post-thumbnail","hentry","category-3437","category-mormors-dagbok"],"yoast_head":"<!-- This site is optimized with the Yoast SEO plugin v27.4 - https:\/\/yoast.com\/product\/yoast-seo-wordpress\/ -->\n<title>M\u00e5ndag den 15 januari 1912. En f\u00f6rtjusande vacker musikant. - @Arhammar bokstavligen<\/title>\n<meta name=\"robots\" content=\"index, follow, max-snippet:-1, max-image-preview:large, max-video-preview:-1\" \/>\n<link rel=\"canonical\" href=\"https:\/\/www.arhammar.se\/blog\/mandag-den-15-januari-en-fortjusande-vacker-musikant\/\" \/>\n<meta property=\"og:locale\" content=\"en_US\" \/>\n<meta property=\"og:type\" content=\"article\" \/>\n<meta property=\"og:title\" content=\"M\u00e5ndag den 15 januari 1912. En f\u00f6rtjusande vacker musikant. - @Arhammar bokstavligen\" \/>\n<meta property=\"og:description\" content=\"Ig\u00e5r var jag p\u00e5 f\u00f6rmiddagen p\u00e5 Fr\u00e4lsningsarm\u00e9n och tittade p\u00e5 en f\u00f6rtjusande vacker musikant. Greta och jag satt och tittade p\u00e5 honom n\u00e4stan hela tiden. P\u00e5 eftermiddagen var jag hos Anna-Lisa ett tag, men det var inget vidare skojigt. Idag har jag varit p\u00e5 dammen p\u00e5 f\u00f6rmiddagen. D\u00e4r var ingen bekant. Nu p\u00e5 eftermiddagen skall [&hellip;]\" \/>\n<meta property=\"og:url\" content=\"https:\/\/www.arhammar.se\/blog\/mandag-den-15-januari-en-fortjusande-vacker-musikant\/\" \/>\n<meta property=\"og:site_name\" content=\"@Arhammar bokstavligen\" \/>\n<meta property=\"article:published_time\" content=\"2020-01-15T11:59:47+00:00\" \/>\n<meta property=\"article:modified_time\" content=\"2020-02-12T20:59:08+00:00\" \/>\n<meta property=\"og:image\" content=\"https:\/\/www.arhammar.se\/blog\/wp-content\/uploads\/2020\/01\/jan1912.jpg\" \/>\n\t<meta property=\"og:image:width\" content=\"640\" \/>\n\t<meta property=\"og:image:height\" content=\"480\" \/>\n\t<meta property=\"og:image:type\" content=\"image\/jpeg\" \/>\n<meta name=\"author\" content=\"Anders Arhammar\" \/>\n<meta name=\"twitter:card\" content=\"summary_large_image\" \/>\n<meta name=\"twitter:label1\" content=\"Written by\" \/>\n\t<meta name=\"twitter:data1\" content=\"Anders Arhammar\" \/>\n\t<meta name=\"twitter:label2\" content=\"Est. reading time\" \/>\n\t<meta name=\"twitter:data2\" content=\"1 minute\" \/>\n<script type=\"application\/ld+json\" class=\"yoast-schema-graph\">{\"@context\":\"https:\\\/\\\/schema.org\",\"@graph\":[{\"@type\":\"Article\",\"@id\":\"https:\\\/\\\/www.arhammar.se\\\/blog\\\/mandag-den-15-januari-en-fortjusande-vacker-musikant\\\/#article\",\"isPartOf\":{\"@id\":\"https:\\\/\\\/www.arhammar.se\\\/blog\\\/mandag-den-15-januari-en-fortjusande-vacker-musikant\\\/\"},\"author\":{\"name\":\"Anders Arhammar\",\"@id\":\"https:\\\/\\\/www.arhammar.se\\\/blog\\\/#\\\/schema\\\/person\\\/061984c1d884b363e2c91550f2e00d1d\"},\"headline\":\"M\u00e5ndag den 15 januari 1912. En f\u00f6rtjusande vacker musikant.\",\"datePublished\":\"2020-01-15T11:59:47+00:00\",\"dateModified\":\"2020-02-12T20:59:08+00:00\",\"mainEntityOfPage\":{\"@id\":\"https:\\\/\\\/www.arhammar.se\\\/blog\\\/mandag-den-15-januari-en-fortjusande-vacker-musikant\\\/\"},\"wordCount\":121,\"image\":{\"@id\":\"https:\\\/\\\/www.arhammar.se\\\/blog\\\/mandag-den-15-januari-en-fortjusande-vacker-musikant\\\/#primaryimage\"},\"thumbnailUrl\":\"https:\\\/\\\/www.arhammar.se\\\/blog\\\/wp-content\\\/uploads\\\/2020\\\/01\\\/jan1912.jpg\",\"articleSection\":[\"1912\",\"mormors dagbok\"],\"inLanguage\":\"en-US\"},{\"@type\":\"WebPage\",\"@id\":\"https:\\\/\\\/www.arhammar.se\\\/blog\\\/mandag-den-15-januari-en-fortjusande-vacker-musikant\\\/\",\"url\":\"https:\\\/\\\/www.arhammar.se\\\/blog\\\/mandag-den-15-januari-en-fortjusande-vacker-musikant\\\/\",\"name\":\"M\u00e5ndag den 15 januari 1912. En f\u00f6rtjusande vacker musikant. - @Arhammar bokstavligen\",\"isPartOf\":{\"@id\":\"https:\\\/\\\/www.arhammar.se\\\/blog\\\/#website\"},\"primaryImageOfPage\":{\"@id\":\"https:\\\/\\\/www.arhammar.se\\\/blog\\\/mandag-den-15-januari-en-fortjusande-vacker-musikant\\\/#primaryimage\"},\"image\":{\"@id\":\"https:\\\/\\\/www.arhammar.se\\\/blog\\\/mandag-den-15-januari-en-fortjusande-vacker-musikant\\\/#primaryimage\"},\"thumbnailUrl\":\"https:\\\/\\\/www.arhammar.se\\\/blog\\\/wp-content\\\/uploads\\\/2020\\\/01\\\/jan1912.jpg\",\"datePublished\":\"2020-01-15T11:59:47+00:00\",\"dateModified\":\"2020-02-12T20:59:08+00:00\",\"author\":{\"@id\":\"https:\\\/\\\/www.arhammar.se\\\/blog\\\/#\\\/schema\\\/person\\\/061984c1d884b363e2c91550f2e00d1d\"},\"breadcrumb\":{\"@id\":\"https:\\\/\\\/www.arhammar.se\\\/blog\\\/mandag-den-15-januari-en-fortjusande-vacker-musikant\\\/#breadcrumb\"},\"inLanguage\":\"en-US\",\"potentialAction\":[{\"@type\":\"ReadAction\",\"target\":[\"https:\\\/\\\/www.arhammar.se\\\/blog\\\/mandag-den-15-januari-en-fortjusande-vacker-musikant\\\/\"]}]},{\"@type\":\"ImageObject\",\"inLanguage\":\"en-US\",\"@id\":\"https:\\\/\\\/www.arhammar.se\\\/blog\\\/mandag-den-15-januari-en-fortjusande-vacker-musikant\\\/#primaryimage\",\"url\":\"https:\\\/\\\/www.arhammar.se\\\/blog\\\/wp-content\\\/uploads\\\/2020\\\/01\\\/jan1912.jpg\",\"contentUrl\":\"https:\\\/\\\/www.arhammar.se\\\/blog\\\/wp-content\\\/uploads\\\/2020\\\/01\\\/jan1912.jpg\",\"width\":640,\"height\":480},{\"@type\":\"BreadcrumbList\",\"@id\":\"https:\\\/\\\/www.arhammar.se\\\/blog\\\/mandag-den-15-januari-en-fortjusande-vacker-musikant\\\/#breadcrumb\",\"itemListElement\":[{\"@type\":\"ListItem\",\"position\":1,\"name\":\"Home\",\"item\":\"https:\\\/\\\/www.arhammar.se\\\/blog\\\/\"},{\"@type\":\"ListItem\",\"position\":2,\"name\":\"M\u00e5ndag den 15 januari 1912. En f\u00f6rtjusande vacker musikant.\"}]},{\"@type\":\"WebSite\",\"@id\":\"https:\\\/\\\/www.arhammar.se\\\/blog\\\/#website\",\"url\":\"https:\\\/\\\/www.arhammar.se\\\/blog\\\/\",\"name\":\"@Arhammar bokstavligen\",\"description\":\"Fr\u00e5n min penna och panna\",\"potentialAction\":[{\"@type\":\"SearchAction\",\"target\":{\"@type\":\"EntryPoint\",\"urlTemplate\":\"https:\\\/\\\/www.arhammar.se\\\/blog\\\/?s={search_term_string}\"},\"query-input\":{\"@type\":\"PropertyValueSpecification\",\"valueRequired\":true,\"valueName\":\"search_term_string\"}}],\"inLanguage\":\"en-US\"},{\"@type\":\"Person\",\"@id\":\"https:\\\/\\\/www.arhammar.se\\\/blog\\\/#\\\/schema\\\/person\\\/061984c1d884b363e2c91550f2e00d1d\",\"name\":\"Anders Arhammar\",\"image\":{\"@type\":\"ImageObject\",\"inLanguage\":\"en-US\",\"@id\":\"https:\\\/\\\/secure.gravatar.com\\\/avatar\\\/784b5b36cfe145ae19a52340f405285a939bcc08d4a21136b3a81f9e378ffae0?s=96&d=mm&r=g\",\"url\":\"https:\\\/\\\/secure.gravatar.com\\\/avatar\\\/784b5b36cfe145ae19a52340f405285a939bcc08d4a21136b3a81f9e378ffae0?s=96&d=mm&r=g\",\"contentUrl\":\"https:\\\/\\\/secure.gravatar.com\\\/avatar\\\/784b5b36cfe145ae19a52340f405285a939bcc08d4a21136b3a81f9e378ffae0?s=96&d=mm&r=g\",\"caption\":\"Anders Arhammar\"},\"url\":\"https:\\\/\\\/www.arhammar.se\\\/blog\\\/author\\\/anders\\\/\"}]}<\/script>\n<!-- \/ Yoast SEO plugin. -->","yoast_head_json":{"title":"M\u00e5ndag den 15 januari 1912. En f\u00f6rtjusande vacker musikant. - @Arhammar bokstavligen","robots":{"index":"index","follow":"follow","max-snippet":"max-snippet:-1","max-image-preview":"max-image-preview:large","max-video-preview":"max-video-preview:-1"},"canonical":"https:\/\/www.arhammar.se\/blog\/mandag-den-15-januari-en-fortjusande-vacker-musikant\/","og_locale":"en_US","og_type":"article","og_title":"M\u00e5ndag den 15 januari 1912. En f\u00f6rtjusande vacker musikant. - @Arhammar bokstavligen","og_description":"Ig\u00e5r var jag p\u00e5 f\u00f6rmiddagen p\u00e5 Fr\u00e4lsningsarm\u00e9n och tittade p\u00e5 en f\u00f6rtjusande vacker musikant. Greta och jag satt och tittade p\u00e5 honom n\u00e4stan hela tiden. P\u00e5 eftermiddagen var jag hos Anna-Lisa ett tag, men det var inget vidare skojigt. Idag har jag varit p\u00e5 dammen p\u00e5 f\u00f6rmiddagen. D\u00e4r var ingen bekant. Nu p\u00e5 eftermiddagen skall [&hellip;]","og_url":"https:\/\/www.arhammar.se\/blog\/mandag-den-15-januari-en-fortjusande-vacker-musikant\/","og_site_name":"@Arhammar bokstavligen","article_published_time":"2020-01-15T11:59:47+00:00","article_modified_time":"2020-02-12T20:59:08+00:00","og_image":[{"width":640,"height":480,"url":"https:\/\/www.arhammar.se\/blog\/wp-content\/uploads\/2020\/01\/jan1912.jpg","type":"image\/jpeg"}],"author":"Anders Arhammar","twitter_card":"summary_large_image","twitter_misc":{"Written by":"Anders Arhammar","Est. reading time":"1 minute"},"schema":{"@context":"https:\/\/schema.org","@graph":[{"@type":"Article","@id":"https:\/\/www.arhammar.se\/blog\/mandag-den-15-januari-en-fortjusande-vacker-musikant\/#article","isPartOf":{"@id":"https:\/\/www.arhammar.se\/blog\/mandag-den-15-januari-en-fortjusande-vacker-musikant\/"},"author":{"name":"Anders Arhammar","@id":"https:\/\/www.arhammar.se\/blog\/#\/schema\/person\/061984c1d884b363e2c91550f2e00d1d"},"headline":"M\u00e5ndag den 15 januari 1912. En f\u00f6rtjusande vacker musikant.","datePublished":"2020-01-15T11:59:47+00:00","dateModified":"2020-02-12T20:59:08+00:00","mainEntityOfPage":{"@id":"https:\/\/www.arhammar.se\/blog\/mandag-den-15-januari-en-fortjusande-vacker-musikant\/"},"wordCount":121,"image":{"@id":"https:\/\/www.arhammar.se\/blog\/mandag-den-15-januari-en-fortjusande-vacker-musikant\/#primaryimage"},"thumbnailUrl":"https:\/\/www.arhammar.se\/blog\/wp-content\/uploads\/2020\/01\/jan1912.jpg","articleSection":["1912","mormors dagbok"],"inLanguage":"en-US"},{"@type":"WebPage","@id":"https:\/\/www.arhammar.se\/blog\/mandag-den-15-januari-en-fortjusande-vacker-musikant\/","url":"https:\/\/www.arhammar.se\/blog\/mandag-den-15-januari-en-fortjusande-vacker-musikant\/","name":"M\u00e5ndag den 15 januari 1912. En f\u00f6rtjusande vacker musikant. - @Arhammar bokstavligen","isPartOf":{"@id":"https:\/\/www.arhammar.se\/blog\/#website"},"primaryImageOfPage":{"@id":"https:\/\/www.arhammar.se\/blog\/mandag-den-15-januari-en-fortjusande-vacker-musikant\/#primaryimage"},"image":{"@id":"https:\/\/www.arhammar.se\/blog\/mandag-den-15-januari-en-fortjusande-vacker-musikant\/#primaryimage"},"thumbnailUrl":"https:\/\/www.arhammar.se\/blog\/wp-content\/uploads\/2020\/01\/jan1912.jpg","datePublished":"2020-01-15T11:59:47+00:00","dateModified":"2020-02-12T20:59:08+00:00","author":{"@id":"https:\/\/www.arhammar.se\/blog\/#\/schema\/person\/061984c1d884b363e2c91550f2e00d1d"},"breadcrumb":{"@id":"https:\/\/www.arhammar.se\/blog\/mandag-den-15-januari-en-fortjusande-vacker-musikant\/#breadcrumb"},"inLanguage":"en-US","potentialAction":[{"@type":"ReadAction","target":["https:\/\/www.arhammar.se\/blog\/mandag-den-15-januari-en-fortjusande-vacker-musikant\/"]}]},{"@type":"ImageObject","inLanguage":"en-US","@id":"https:\/\/www.arhammar.se\/blog\/mandag-den-15-januari-en-fortjusande-vacker-musikant\/#primaryimage","url":"https:\/\/www.arhammar.se\/blog\/wp-content\/uploads\/2020\/01\/jan1912.jpg","contentUrl":"https:\/\/www.arhammar.se\/blog\/wp-content\/uploads\/2020\/01\/jan1912.jpg","width":640,"height":480},{"@type":"BreadcrumbList","@id":"https:\/\/www.arhammar.se\/blog\/mandag-den-15-januari-en-fortjusande-vacker-musikant\/#breadcrumb","itemListElement":[{"@type":"ListItem","position":1,"name":"Home","item":"https:\/\/www.arhammar.se\/blog\/"},{"@type":"ListItem","position":2,"name":"M\u00e5ndag den 15 januari 1912. En f\u00f6rtjusande vacker musikant."}]},{"@type":"WebSite","@id":"https:\/\/www.arhammar.se\/blog\/#website","url":"https:\/\/www.arhammar.se\/blog\/","name":"@Arhammar bokstavligen","description":"Fr\u00e5n min penna och panna","potentialAction":[{"@type":"SearchAction","target":{"@type":"EntryPoint","urlTemplate":"https:\/\/www.arhammar.se\/blog\/?s={search_term_string}"},"query-input":{"@type":"PropertyValueSpecification","valueRequired":true,"valueName":"search_term_string"}}],"inLanguage":"en-US"},{"@type":"Person","@id":"https:\/\/www.arhammar.se\/blog\/#\/schema\/person\/061984c1d884b363e2c91550f2e00d1d","name":"Anders Arhammar","image":{"@type":"ImageObject","inLanguage":"en-US","@id":"https:\/\/secure.gravatar.com\/avatar\/784b5b36cfe145ae19a52340f405285a939bcc08d4a21136b3a81f9e378ffae0?s=96&d=mm&r=g","url":"https:\/\/secure.gravatar.com\/avatar\/784b5b36cfe145ae19a52340f405285a939bcc08d4a21136b3a81f9e378ffae0?s=96&d=mm&r=g","contentUrl":"https:\/\/secure.gravatar.com\/avatar\/784b5b36cfe145ae19a52340f405285a939bcc08d4a21136b3a81f9e378ffae0?s=96&d=mm&r=g","caption":"Anders Arhammar"},"url":"https:\/\/www.arhammar.se\/blog\/author\/anders\/"}]}},"_links":{"self":[{"href":"https:\/\/www.arhammar.se\/blog\/wp-json\/wp\/v2\/posts\/24808","targetHints":{"allow":["GET"]}}],"collection":[{"href":"https:\/\/www.arhammar.se\/blog\/wp-json\/wp\/v2\/posts"}],"about":[{"href":"https:\/\/www.arhammar.se\/blog\/wp-json\/wp\/v2\/types\/post"}],"author":[{"embeddable":true,"href":"https:\/\/www.arhammar.se\/blog\/wp-json\/wp\/v2\/users\/2"}],"replies":[{"embeddable":true,"href":"https:\/\/www.arhammar.se\/blog\/wp-json\/wp\/v2\/comments?post=24808"}],"version-history":[{"count":4,"href":"https:\/\/www.arhammar.se\/blog\/wp-json\/wp\/v2\/posts\/24808\/revisions"}],"predecessor-version":[{"id":25890,"href":"https:\/\/www.arhammar.se\/blog\/wp-json\/wp\/v2\/posts\/24808\/revisions\/25890"}],"wp:featuredmedia":[{"embeddable":true,"href":"https:\/\/www.arhammar.se\/blog\/wp-json\/wp\/v2\/media\/25852"}],"wp:attachment":[{"href":"https:\/\/www.arhammar.se\/blog\/wp-json\/wp\/v2\/media?parent=24808"}],"wp:term":[{"taxonomy":"category","embeddable":true,"href":"https:\/\/www.arhammar.se\/blog\/wp-json\/wp\/v2\/categories?post=24808"},{"taxonomy":"post_tag","embeddable":true,"href":"https:\/\/www.arhammar.se\/blog\/wp-json\/wp\/v2\/tags?post=24808"}],"curies":[{"name":"wp","href":"https:\/\/api.w.org\/{rel}","templated":true}]}}