{"id":2084,"date":"2008-09-24T16:47:55","date_gmt":"2008-09-24T14:47:55","guid":{"rendered":"http:\/\/www.arhammar.se\/blog\/?p=2084"},"modified":"2016-04-10T21:45:23","modified_gmt":"2016-04-10T19:45:23","slug":"chagall-hojer-vardet-pa-sten-och-olja","status":"publish","type":"post","link":"https:\/\/www.arhammar.se\/blog\/chagall-hojer-vardet-pa-sten-och-olja\/","title":{"rendered":"Chagall h\u00f6jer v\u00e4rdet p\u00e5 sten och olja"},"content":{"rendered":"<p><img decoding=\"async\" src=\"http:\/\/www.arhammar.se\/blog\/wp-photos\/IMG_0231.jpg\"width=\"640\" height=\"420\" alt=\"\" \/><\/p>\n<p>Tv\u00e5 rader text p\u00e5 en marmorplatta. Inte mycket v\u00e4rt egentligen. Men sen en tredje rad ditdarrad l\u00e4ngst ner. Marc Chagall. Och pl\u00f6tsligt blir plattan v\u00e4rd miljoner och upph\u00e4ngd p\u00e5 ett museum. Och f\u00f6r att \u00f6ka v\u00e4rdet p\u00e5 det h\u00e4r blogginl\u00e4gget, tar vi med tv\u00e5 namnteckningar, en ristad i sten och en i olja.<\/p>\n<p><img decoding=\"async\" src=\"http:\/\/www.arhammar.se\/blog\/wp-photos\/IMG_0229.jpg\"width=\"640\" height=\"420\" alt=\"\" \/><\/p>\n<!-- AddThis Advanced Settings generic via filter on the_content --><!-- AddThis Share Buttons generic via filter on the_content -->","protected":false},"excerpt":{"rendered":"<p>Tv\u00e5 rader text p\u00e5 en marmorplatta. Inte mycket v\u00e4rt egentligen. Men sen en tredje rad ditdarrad l\u00e4ngst ner. Marc Chagall. Och pl\u00f6tsligt blir plattan v\u00e4rd miljoner och upph\u00e4ngd p\u00e5 ett museum. Och f\u00f6r att \u00f6ka v\u00e4rdet p\u00e5 det h\u00e4r blogginl\u00e4gget, tar vi med tv\u00e5 namnteckningar, en ristad i sten och en i olja.<!-- AddThis Advanced Settings generic via filter on wp_trim_excerpt --><!-- AddThis Share Buttons generic via filter on wp_trim_excerpt --><\/p>\n","protected":false},"author":2,"featured_media":8537,"comment_status":"open","ping_status":"open","sticky":false,"template":"","format":"standard","meta":{"footnotes":""},"categories":[28,17],"tags":[183,2933,182],"class_list":["post-2084","post","type-post","status-publish","format-standard","has-post-thumbnail","hentry","category-franska-bilder","category-mobilt08","tag-chagall","tag-namnteckning","tag-nice"],"yoast_head":"<!-- This site is optimized with the Yoast SEO plugin v27.4 - https:\/\/yoast.com\/product\/yoast-seo-wordpress\/ -->\n<title>Chagall h\u00f6jer v\u00e4rdet p\u00e5 sten och olja - @Arhammar bokstavligen<\/title>\n<meta name=\"robots\" content=\"index, follow, max-snippet:-1, max-image-preview:large, max-video-preview:-1\" \/>\n<link rel=\"canonical\" href=\"https:\/\/www.arhammar.se\/blog\/chagall-hojer-vardet-pa-sten-och-olja\/\" \/>\n<meta property=\"og:locale\" content=\"en_US\" \/>\n<meta property=\"og:type\" content=\"article\" \/>\n<meta property=\"og:title\" content=\"Chagall h\u00f6jer v\u00e4rdet p\u00e5 sten och olja - @Arhammar bokstavligen\" \/>\n<meta property=\"og:description\" content=\"Tv\u00e5 rader text p\u00e5 en marmorplatta. Inte mycket v\u00e4rt egentligen. Men sen en tredje rad ditdarrad l\u00e4ngst ner. Marc Chagall. Och pl\u00f6tsligt blir plattan v\u00e4rd miljoner och upph\u00e4ngd p\u00e5 ett museum. Och f\u00f6r att \u00f6ka v\u00e4rdet p\u00e5 det h\u00e4r blogginl\u00e4gget, tar vi med tv\u00e5 namnteckningar, en ristad i sten och en i olja.\" \/>\n<meta property=\"og:url\" content=\"https:\/\/www.arhammar.se\/blog\/chagall-hojer-vardet-pa-sten-och-olja\/\" \/>\n<meta property=\"og:site_name\" content=\"@Arhammar bokstavligen\" \/>\n<meta property=\"article:published_time\" content=\"2008-09-24T14:47:55+00:00\" \/>\n<meta property=\"article:modified_time\" content=\"2016-04-10T19:45:23+00:00\" \/>\n<meta property=\"og:image\" content=\"https:\/\/www.arhammar.se\/blog\/wp-content\/uploads\/2016\/01\/IMG_0231.jpg\" \/>\n\t<meta property=\"og:image:width\" content=\"640\" \/>\n\t<meta property=\"og:image:height\" content=\"480\" \/>\n\t<meta property=\"og:image:type\" content=\"image\/jpeg\" \/>\n<meta name=\"author\" content=\"Anders Arhammar\" \/>\n<meta name=\"twitter:card\" content=\"summary_large_image\" \/>\n<meta name=\"twitter:label1\" content=\"Written by\" \/>\n\t<meta name=\"twitter:data1\" content=\"Anders Arhammar\" \/>\n<script type=\"application\/ld+json\" class=\"yoast-schema-graph\">{\"@context\":\"https:\\\/\\\/schema.org\",\"@graph\":[{\"@type\":\"Article\",\"@id\":\"https:\\\/\\\/www.arhammar.se\\\/blog\\\/chagall-hojer-vardet-pa-sten-och-olja\\\/#article\",\"isPartOf\":{\"@id\":\"https:\\\/\\\/www.arhammar.se\\\/blog\\\/chagall-hojer-vardet-pa-sten-och-olja\\\/\"},\"author\":{\"name\":\"Anders Arhammar\",\"@id\":\"https:\\\/\\\/www.arhammar.se\\\/blog\\\/#\\\/schema\\\/person\\\/061984c1d884b363e2c91550f2e00d1d\"},\"headline\":\"Chagall h\u00f6jer v\u00e4rdet p\u00e5 sten och olja\",\"datePublished\":\"2008-09-24T14:47:55+00:00\",\"dateModified\":\"2016-04-10T19:45:23+00:00\",\"mainEntityOfPage\":{\"@id\":\"https:\\\/\\\/www.arhammar.se\\\/blog\\\/chagall-hojer-vardet-pa-sten-och-olja\\\/\"},\"wordCount\":71,\"commentCount\":0,\"image\":{\"@id\":\"https:\\\/\\\/www.arhammar.se\\\/blog\\\/chagall-hojer-vardet-pa-sten-och-olja\\\/#primaryimage\"},\"thumbnailUrl\":\"https:\\\/\\\/www.arhammar.se\\\/blog\\\/wp-content\\\/uploads\\\/2016\\\/01\\\/IMG_0231.jpg\",\"keywords\":[\"Chagall\",\"namnteckning\",\"Nice\"],\"articleSection\":[\"Franska bilder\",\"Mobil blogg 08\"],\"inLanguage\":\"en-US\",\"potentialAction\":[{\"@type\":\"CommentAction\",\"name\":\"Comment\",\"target\":[\"https:\\\/\\\/www.arhammar.se\\\/blog\\\/chagall-hojer-vardet-pa-sten-och-olja\\\/#respond\"]}]},{\"@type\":\"WebPage\",\"@id\":\"https:\\\/\\\/www.arhammar.se\\\/blog\\\/chagall-hojer-vardet-pa-sten-och-olja\\\/\",\"url\":\"https:\\\/\\\/www.arhammar.se\\\/blog\\\/chagall-hojer-vardet-pa-sten-och-olja\\\/\",\"name\":\"Chagall h\u00f6jer v\u00e4rdet p\u00e5 sten och olja - @Arhammar bokstavligen\",\"isPartOf\":{\"@id\":\"https:\\\/\\\/www.arhammar.se\\\/blog\\\/#website\"},\"primaryImageOfPage\":{\"@id\":\"https:\\\/\\\/www.arhammar.se\\\/blog\\\/chagall-hojer-vardet-pa-sten-och-olja\\\/#primaryimage\"},\"image\":{\"@id\":\"https:\\\/\\\/www.arhammar.se\\\/blog\\\/chagall-hojer-vardet-pa-sten-och-olja\\\/#primaryimage\"},\"thumbnailUrl\":\"https:\\\/\\\/www.arhammar.se\\\/blog\\\/wp-content\\\/uploads\\\/2016\\\/01\\\/IMG_0231.jpg\",\"datePublished\":\"2008-09-24T14:47:55+00:00\",\"dateModified\":\"2016-04-10T19:45:23+00:00\",\"author\":{\"@id\":\"https:\\\/\\\/www.arhammar.se\\\/blog\\\/#\\\/schema\\\/person\\\/061984c1d884b363e2c91550f2e00d1d\"},\"breadcrumb\":{\"@id\":\"https:\\\/\\\/www.arhammar.se\\\/blog\\\/chagall-hojer-vardet-pa-sten-och-olja\\\/#breadcrumb\"},\"inLanguage\":\"en-US\",\"potentialAction\":[{\"@type\":\"ReadAction\",\"target\":[\"https:\\\/\\\/www.arhammar.se\\\/blog\\\/chagall-hojer-vardet-pa-sten-och-olja\\\/\"]}]},{\"@type\":\"ImageObject\",\"inLanguage\":\"en-US\",\"@id\":\"https:\\\/\\\/www.arhammar.se\\\/blog\\\/chagall-hojer-vardet-pa-sten-och-olja\\\/#primaryimage\",\"url\":\"https:\\\/\\\/www.arhammar.se\\\/blog\\\/wp-content\\\/uploads\\\/2016\\\/01\\\/IMG_0231.jpg\",\"contentUrl\":\"https:\\\/\\\/www.arhammar.se\\\/blog\\\/wp-content\\\/uploads\\\/2016\\\/01\\\/IMG_0231.jpg\",\"width\":640,\"height\":480},{\"@type\":\"BreadcrumbList\",\"@id\":\"https:\\\/\\\/www.arhammar.se\\\/blog\\\/chagall-hojer-vardet-pa-sten-och-olja\\\/#breadcrumb\",\"itemListElement\":[{\"@type\":\"ListItem\",\"position\":1,\"name\":\"Home\",\"item\":\"https:\\\/\\\/www.arhammar.se\\\/blog\\\/\"},{\"@type\":\"ListItem\",\"position\":2,\"name\":\"Chagall h\u00f6jer v\u00e4rdet p\u00e5 sten och olja\"}]},{\"@type\":\"WebSite\",\"@id\":\"https:\\\/\\\/www.arhammar.se\\\/blog\\\/#website\",\"url\":\"https:\\\/\\\/www.arhammar.se\\\/blog\\\/\",\"name\":\"@Arhammar bokstavligen\",\"description\":\"Fr\u00e5n min penna och panna\",\"potentialAction\":[{\"@type\":\"SearchAction\",\"target\":{\"@type\":\"EntryPoint\",\"urlTemplate\":\"https:\\\/\\\/www.arhammar.se\\\/blog\\\/?s={search_term_string}\"},\"query-input\":{\"@type\":\"PropertyValueSpecification\",\"valueRequired\":true,\"valueName\":\"search_term_string\"}}],\"inLanguage\":\"en-US\"},{\"@type\":\"Person\",\"@id\":\"https:\\\/\\\/www.arhammar.se\\\/blog\\\/#\\\/schema\\\/person\\\/061984c1d884b363e2c91550f2e00d1d\",\"name\":\"Anders Arhammar\",\"image\":{\"@type\":\"ImageObject\",\"inLanguage\":\"en-US\",\"@id\":\"https:\\\/\\\/secure.gravatar.com\\\/avatar\\\/784b5b36cfe145ae19a52340f405285a939bcc08d4a21136b3a81f9e378ffae0?s=96&d=mm&r=g\",\"url\":\"https:\\\/\\\/secure.gravatar.com\\\/avatar\\\/784b5b36cfe145ae19a52340f405285a939bcc08d4a21136b3a81f9e378ffae0?s=96&d=mm&r=g\",\"contentUrl\":\"https:\\\/\\\/secure.gravatar.com\\\/avatar\\\/784b5b36cfe145ae19a52340f405285a939bcc08d4a21136b3a81f9e378ffae0?s=96&d=mm&r=g\",\"caption\":\"Anders Arhammar\"},\"url\":\"https:\\\/\\\/www.arhammar.se\\\/blog\\\/author\\\/anders\\\/\"}]}<\/script>\n<!-- \/ Yoast SEO plugin. -->","yoast_head_json":{"title":"Chagall h\u00f6jer v\u00e4rdet p\u00e5 sten och olja - @Arhammar bokstavligen","robots":{"index":"index","follow":"follow","max-snippet":"max-snippet:-1","max-image-preview":"max-image-preview:large","max-video-preview":"max-video-preview:-1"},"canonical":"https:\/\/www.arhammar.se\/blog\/chagall-hojer-vardet-pa-sten-och-olja\/","og_locale":"en_US","og_type":"article","og_title":"Chagall h\u00f6jer v\u00e4rdet p\u00e5 sten och olja - @Arhammar bokstavligen","og_description":"Tv\u00e5 rader text p\u00e5 en marmorplatta. Inte mycket v\u00e4rt egentligen. Men sen en tredje rad ditdarrad l\u00e4ngst ner. Marc Chagall. Och pl\u00f6tsligt blir plattan v\u00e4rd miljoner och upph\u00e4ngd p\u00e5 ett museum. Och f\u00f6r att \u00f6ka v\u00e4rdet p\u00e5 det h\u00e4r blogginl\u00e4gget, tar vi med tv\u00e5 namnteckningar, en ristad i sten och en i olja.","og_url":"https:\/\/www.arhammar.se\/blog\/chagall-hojer-vardet-pa-sten-och-olja\/","og_site_name":"@Arhammar bokstavligen","article_published_time":"2008-09-24T14:47:55+00:00","article_modified_time":"2016-04-10T19:45:23+00:00","og_image":[{"width":640,"height":480,"url":"https:\/\/www.arhammar.se\/blog\/wp-content\/uploads\/2016\/01\/IMG_0231.jpg","type":"image\/jpeg"}],"author":"Anders Arhammar","twitter_card":"summary_large_image","twitter_misc":{"Written by":"Anders Arhammar"},"schema":{"@context":"https:\/\/schema.org","@graph":[{"@type":"Article","@id":"https:\/\/www.arhammar.se\/blog\/chagall-hojer-vardet-pa-sten-och-olja\/#article","isPartOf":{"@id":"https:\/\/www.arhammar.se\/blog\/chagall-hojer-vardet-pa-sten-och-olja\/"},"author":{"name":"Anders Arhammar","@id":"https:\/\/www.arhammar.se\/blog\/#\/schema\/person\/061984c1d884b363e2c91550f2e00d1d"},"headline":"Chagall h\u00f6jer v\u00e4rdet p\u00e5 sten och olja","datePublished":"2008-09-24T14:47:55+00:00","dateModified":"2016-04-10T19:45:23+00:00","mainEntityOfPage":{"@id":"https:\/\/www.arhammar.se\/blog\/chagall-hojer-vardet-pa-sten-och-olja\/"},"wordCount":71,"commentCount":0,"image":{"@id":"https:\/\/www.arhammar.se\/blog\/chagall-hojer-vardet-pa-sten-och-olja\/#primaryimage"},"thumbnailUrl":"https:\/\/www.arhammar.se\/blog\/wp-content\/uploads\/2016\/01\/IMG_0231.jpg","keywords":["Chagall","namnteckning","Nice"],"articleSection":["Franska bilder","Mobil blogg 08"],"inLanguage":"en-US","potentialAction":[{"@type":"CommentAction","name":"Comment","target":["https:\/\/www.arhammar.se\/blog\/chagall-hojer-vardet-pa-sten-och-olja\/#respond"]}]},{"@type":"WebPage","@id":"https:\/\/www.arhammar.se\/blog\/chagall-hojer-vardet-pa-sten-och-olja\/","url":"https:\/\/www.arhammar.se\/blog\/chagall-hojer-vardet-pa-sten-och-olja\/","name":"Chagall h\u00f6jer v\u00e4rdet p\u00e5 sten och olja - @Arhammar bokstavligen","isPartOf":{"@id":"https:\/\/www.arhammar.se\/blog\/#website"},"primaryImageOfPage":{"@id":"https:\/\/www.arhammar.se\/blog\/chagall-hojer-vardet-pa-sten-och-olja\/#primaryimage"},"image":{"@id":"https:\/\/www.arhammar.se\/blog\/chagall-hojer-vardet-pa-sten-och-olja\/#primaryimage"},"thumbnailUrl":"https:\/\/www.arhammar.se\/blog\/wp-content\/uploads\/2016\/01\/IMG_0231.jpg","datePublished":"2008-09-24T14:47:55+00:00","dateModified":"2016-04-10T19:45:23+00:00","author":{"@id":"https:\/\/www.arhammar.se\/blog\/#\/schema\/person\/061984c1d884b363e2c91550f2e00d1d"},"breadcrumb":{"@id":"https:\/\/www.arhammar.se\/blog\/chagall-hojer-vardet-pa-sten-och-olja\/#breadcrumb"},"inLanguage":"en-US","potentialAction":[{"@type":"ReadAction","target":["https:\/\/www.arhammar.se\/blog\/chagall-hojer-vardet-pa-sten-och-olja\/"]}]},{"@type":"ImageObject","inLanguage":"en-US","@id":"https:\/\/www.arhammar.se\/blog\/chagall-hojer-vardet-pa-sten-och-olja\/#primaryimage","url":"https:\/\/www.arhammar.se\/blog\/wp-content\/uploads\/2016\/01\/IMG_0231.jpg","contentUrl":"https:\/\/www.arhammar.se\/blog\/wp-content\/uploads\/2016\/01\/IMG_0231.jpg","width":640,"height":480},{"@type":"BreadcrumbList","@id":"https:\/\/www.arhammar.se\/blog\/chagall-hojer-vardet-pa-sten-och-olja\/#breadcrumb","itemListElement":[{"@type":"ListItem","position":1,"name":"Home","item":"https:\/\/www.arhammar.se\/blog\/"},{"@type":"ListItem","position":2,"name":"Chagall h\u00f6jer v\u00e4rdet p\u00e5 sten och olja"}]},{"@type":"WebSite","@id":"https:\/\/www.arhammar.se\/blog\/#website","url":"https:\/\/www.arhammar.se\/blog\/","name":"@Arhammar bokstavligen","description":"Fr\u00e5n min penna och panna","potentialAction":[{"@type":"SearchAction","target":{"@type":"EntryPoint","urlTemplate":"https:\/\/www.arhammar.se\/blog\/?s={search_term_string}"},"query-input":{"@type":"PropertyValueSpecification","valueRequired":true,"valueName":"search_term_string"}}],"inLanguage":"en-US"},{"@type":"Person","@id":"https:\/\/www.arhammar.se\/blog\/#\/schema\/person\/061984c1d884b363e2c91550f2e00d1d","name":"Anders Arhammar","image":{"@type":"ImageObject","inLanguage":"en-US","@id":"https:\/\/secure.gravatar.com\/avatar\/784b5b36cfe145ae19a52340f405285a939bcc08d4a21136b3a81f9e378ffae0?s=96&d=mm&r=g","url":"https:\/\/secure.gravatar.com\/avatar\/784b5b36cfe145ae19a52340f405285a939bcc08d4a21136b3a81f9e378ffae0?s=96&d=mm&r=g","contentUrl":"https:\/\/secure.gravatar.com\/avatar\/784b5b36cfe145ae19a52340f405285a939bcc08d4a21136b3a81f9e378ffae0?s=96&d=mm&r=g","caption":"Anders Arhammar"},"url":"https:\/\/www.arhammar.se\/blog\/author\/anders\/"}]}},"_links":{"self":[{"href":"https:\/\/www.arhammar.se\/blog\/wp-json\/wp\/v2\/posts\/2084","targetHints":{"allow":["GET"]}}],"collection":[{"href":"https:\/\/www.arhammar.se\/blog\/wp-json\/wp\/v2\/posts"}],"about":[{"href":"https:\/\/www.arhammar.se\/blog\/wp-json\/wp\/v2\/types\/post"}],"author":[{"embeddable":true,"href":"https:\/\/www.arhammar.se\/blog\/wp-json\/wp\/v2\/users\/2"}],"replies":[{"embeddable":true,"href":"https:\/\/www.arhammar.se\/blog\/wp-json\/wp\/v2\/comments?post=2084"}],"version-history":[{"count":0,"href":"https:\/\/www.arhammar.se\/blog\/wp-json\/wp\/v2\/posts\/2084\/revisions"}],"wp:featuredmedia":[{"embeddable":true,"href":"https:\/\/www.arhammar.se\/blog\/wp-json\/wp\/v2\/media\/8537"}],"wp:attachment":[{"href":"https:\/\/www.arhammar.se\/blog\/wp-json\/wp\/v2\/media?parent=2084"}],"wp:term":[{"taxonomy":"category","embeddable":true,"href":"https:\/\/www.arhammar.se\/blog\/wp-json\/wp\/v2\/categories?post=2084"},{"taxonomy":"post_tag","embeddable":true,"href":"https:\/\/www.arhammar.se\/blog\/wp-json\/wp\/v2\/tags?post=2084"}],"curies":[{"name":"wp","href":"https:\/\/api.w.org\/{rel}","templated":true}]}}