{"id":2043,"date":"2008-09-24T08:56:12","date_gmt":"2008-09-24T06:56:12","guid":{"rendered":"http:\/\/www.arhammar.se\/blog\/?p=2043"},"modified":"2016-04-10T21:40:39","modified_gmt":"2016-04-10T19:40:39","slug":"den-lilla-baten-som-inte-fick-bada","status":"publish","type":"post","link":"https:\/\/www.arhammar.se\/blog\/den-lilla-baten-som-inte-fick-bada\/","title":{"rendered":"Den lilla b\u00e5ten som inte fick bada"},"content":{"rendered":"<p><img decoding=\"async\" src=\"http:\/\/www.arhammar.se\/blog\/wp-photos\/IMG_0223.jpg\"width=\"640\" height=\"420\" alt=\"\"  \/><\/p>\n<p>Det var en g\u00e5ng en pappab\u00e5t och en mammab\u00e5t. Dom brukade \u00e5ka l\u00e5\u00e5\u00e5\u00e5ngt ut p\u00e5 havet, med passagerare och stora laster. Och s\u00e5 var det deras pojke, den lilla knubbiga r\u00f6dvitabl\u00e5 b\u00e5ten 457406 som ville bli stor och stark n\u00e4r han v\u00e4xte upp. Men \u00e4n s\u00e5 l\u00e4nge fick han bara vara p\u00e5 land och se p\u00e5 n\u00e4r de st\u00f6rre barnen plaskade runt i hamnen, jagade varandra \u00f6ver v\u00e5gorna och tutade i sina mistlurar.<br \/>\n&#8211; S\u00e5 ska jag ocks\u00e5 g\u00f6ra n\u00e4r jag blir stor, t\u00e4nkte 457406, och d\u00e5 ska jag f\u00e5 ett fint namn och \u00e5ka ut p\u00e5 de stora haven och fiska.<\/p>\n<!-- AddThis Advanced Settings generic via filter on the_content --><!-- AddThis Share Buttons generic via filter on the_content -->","protected":false},"excerpt":{"rendered":"<p>Det var en g\u00e5ng en pappab\u00e5t och en mammab\u00e5t. Dom brukade \u00e5ka l\u00e5\u00e5\u00e5\u00e5ngt ut p\u00e5 havet, med passagerare och stora laster. Och s\u00e5 var det deras pojke, den lilla knubbiga r\u00f6dvitabl\u00e5 b\u00e5ten 457406 som ville bli stor och stark n\u00e4r han v\u00e4xte upp. Men \u00e4n s\u00e5 l\u00e4nge fick han bara vara p\u00e5 land och se [&hellip;]<!-- AddThis Advanced Settings generic via filter on wp_trim_excerpt --><!-- AddThis Share Buttons generic via filter on wp_trim_excerpt --><\/p>\n","protected":false},"author":2,"featured_media":8521,"comment_status":"open","ping_status":"open","sticky":false,"template":"","format":"standard","meta":{"footnotes":""},"categories":[28,17],"tags":[2025,2932,182],"class_list":["post-2043","post","type-post","status-publish","format-standard","has-post-thumbnail","hentry","category-franska-bilder","category-mobilt08","tag-batar","tag-hamn","tag-nice"],"yoast_head":"<!-- This site is optimized with the Yoast SEO plugin v27.4 - https:\/\/yoast.com\/product\/yoast-seo-wordpress\/ -->\n<title>Den lilla b\u00e5ten som inte fick bada - @Arhammar bokstavligen<\/title>\n<meta name=\"robots\" content=\"index, follow, max-snippet:-1, max-image-preview:large, max-video-preview:-1\" \/>\n<link rel=\"canonical\" href=\"https:\/\/www.arhammar.se\/blog\/den-lilla-baten-som-inte-fick-bada\/\" \/>\n<meta property=\"og:locale\" content=\"en_US\" \/>\n<meta property=\"og:type\" content=\"article\" \/>\n<meta property=\"og:title\" content=\"Den lilla b\u00e5ten som inte fick bada - @Arhammar bokstavligen\" \/>\n<meta property=\"og:description\" content=\"Det var en g\u00e5ng en pappab\u00e5t och en mammab\u00e5t. Dom brukade \u00e5ka l\u00e5\u00e5\u00e5\u00e5ngt ut p\u00e5 havet, med passagerare och stora laster. Och s\u00e5 var det deras pojke, den lilla knubbiga r\u00f6dvitabl\u00e5 b\u00e5ten 457406 som ville bli stor och stark n\u00e4r han v\u00e4xte upp. Men \u00e4n s\u00e5 l\u00e4nge fick han bara vara p\u00e5 land och se [&hellip;]\" \/>\n<meta property=\"og:url\" content=\"https:\/\/www.arhammar.se\/blog\/den-lilla-baten-som-inte-fick-bada\/\" \/>\n<meta property=\"og:site_name\" content=\"@Arhammar bokstavligen\" \/>\n<meta property=\"article:published_time\" content=\"2008-09-24T06:56:12+00:00\" \/>\n<meta property=\"article:modified_time\" content=\"2016-04-10T19:40:39+00:00\" \/>\n<meta property=\"og:image\" content=\"https:\/\/www.arhammar.se\/blog\/wp-content\/uploads\/2016\/01\/IMG_0223.jpg\" \/>\n\t<meta property=\"og:image:width\" content=\"640\" \/>\n\t<meta property=\"og:image:height\" content=\"480\" \/>\n\t<meta property=\"og:image:type\" content=\"image\/jpeg\" \/>\n<meta name=\"author\" content=\"Anders Arhammar\" \/>\n<meta name=\"twitter:card\" content=\"summary_large_image\" \/>\n<meta name=\"twitter:label1\" content=\"Written by\" \/>\n\t<meta name=\"twitter:data1\" content=\"Anders Arhammar\" \/>\n\t<meta name=\"twitter:label2\" content=\"Est. reading time\" \/>\n\t<meta name=\"twitter:data2\" content=\"1 minute\" \/>\n<script type=\"application\/ld+json\" class=\"yoast-schema-graph\">{\"@context\":\"https:\\\/\\\/schema.org\",\"@graph\":[{\"@type\":\"Article\",\"@id\":\"https:\\\/\\\/www.arhammar.se\\\/blog\\\/den-lilla-baten-som-inte-fick-bada\\\/#article\",\"isPartOf\":{\"@id\":\"https:\\\/\\\/www.arhammar.se\\\/blog\\\/den-lilla-baten-som-inte-fick-bada\\\/\"},\"author\":{\"name\":\"Anders Arhammar\",\"@id\":\"https:\\\/\\\/www.arhammar.se\\\/blog\\\/#\\\/schema\\\/person\\\/061984c1d884b363e2c91550f2e00d1d\"},\"headline\":\"Den lilla b\u00e5ten som inte fick bada\",\"datePublished\":\"2008-09-24T06:56:12+00:00\",\"dateModified\":\"2016-04-10T19:40:39+00:00\",\"mainEntityOfPage\":{\"@id\":\"https:\\\/\\\/www.arhammar.se\\\/blog\\\/den-lilla-baten-som-inte-fick-bada\\\/\"},\"wordCount\":123,\"commentCount\":0,\"image\":{\"@id\":\"https:\\\/\\\/www.arhammar.se\\\/blog\\\/den-lilla-baten-som-inte-fick-bada\\\/#primaryimage\"},\"thumbnailUrl\":\"https:\\\/\\\/www.arhammar.se\\\/blog\\\/wp-content\\\/uploads\\\/2016\\\/01\\\/IMG_0223.jpg\",\"keywords\":[\"b\u00e5tar\",\"hamn\",\"Nice\"],\"articleSection\":[\"Franska bilder\",\"Mobil blogg 08\"],\"inLanguage\":\"en-US\",\"potentialAction\":[{\"@type\":\"CommentAction\",\"name\":\"Comment\",\"target\":[\"https:\\\/\\\/www.arhammar.se\\\/blog\\\/den-lilla-baten-som-inte-fick-bada\\\/#respond\"]}]},{\"@type\":\"WebPage\",\"@id\":\"https:\\\/\\\/www.arhammar.se\\\/blog\\\/den-lilla-baten-som-inte-fick-bada\\\/\",\"url\":\"https:\\\/\\\/www.arhammar.se\\\/blog\\\/den-lilla-baten-som-inte-fick-bada\\\/\",\"name\":\"Den lilla b\u00e5ten som inte fick bada - @Arhammar bokstavligen\",\"isPartOf\":{\"@id\":\"https:\\\/\\\/www.arhammar.se\\\/blog\\\/#website\"},\"primaryImageOfPage\":{\"@id\":\"https:\\\/\\\/www.arhammar.se\\\/blog\\\/den-lilla-baten-som-inte-fick-bada\\\/#primaryimage\"},\"image\":{\"@id\":\"https:\\\/\\\/www.arhammar.se\\\/blog\\\/den-lilla-baten-som-inte-fick-bada\\\/#primaryimage\"},\"thumbnailUrl\":\"https:\\\/\\\/www.arhammar.se\\\/blog\\\/wp-content\\\/uploads\\\/2016\\\/01\\\/IMG_0223.jpg\",\"datePublished\":\"2008-09-24T06:56:12+00:00\",\"dateModified\":\"2016-04-10T19:40:39+00:00\",\"author\":{\"@id\":\"https:\\\/\\\/www.arhammar.se\\\/blog\\\/#\\\/schema\\\/person\\\/061984c1d884b363e2c91550f2e00d1d\"},\"breadcrumb\":{\"@id\":\"https:\\\/\\\/www.arhammar.se\\\/blog\\\/den-lilla-baten-som-inte-fick-bada\\\/#breadcrumb\"},\"inLanguage\":\"en-US\",\"potentialAction\":[{\"@type\":\"ReadAction\",\"target\":[\"https:\\\/\\\/www.arhammar.se\\\/blog\\\/den-lilla-baten-som-inte-fick-bada\\\/\"]}]},{\"@type\":\"ImageObject\",\"inLanguage\":\"en-US\",\"@id\":\"https:\\\/\\\/www.arhammar.se\\\/blog\\\/den-lilla-baten-som-inte-fick-bada\\\/#primaryimage\",\"url\":\"https:\\\/\\\/www.arhammar.se\\\/blog\\\/wp-content\\\/uploads\\\/2016\\\/01\\\/IMG_0223.jpg\",\"contentUrl\":\"https:\\\/\\\/www.arhammar.se\\\/blog\\\/wp-content\\\/uploads\\\/2016\\\/01\\\/IMG_0223.jpg\",\"width\":640,\"height\":480},{\"@type\":\"BreadcrumbList\",\"@id\":\"https:\\\/\\\/www.arhammar.se\\\/blog\\\/den-lilla-baten-som-inte-fick-bada\\\/#breadcrumb\",\"itemListElement\":[{\"@type\":\"ListItem\",\"position\":1,\"name\":\"Home\",\"item\":\"https:\\\/\\\/www.arhammar.se\\\/blog\\\/\"},{\"@type\":\"ListItem\",\"position\":2,\"name\":\"Den lilla b\u00e5ten som inte fick bada\"}]},{\"@type\":\"WebSite\",\"@id\":\"https:\\\/\\\/www.arhammar.se\\\/blog\\\/#website\",\"url\":\"https:\\\/\\\/www.arhammar.se\\\/blog\\\/\",\"name\":\"@Arhammar bokstavligen\",\"description\":\"Fr\u00e5n min penna och panna\",\"potentialAction\":[{\"@type\":\"SearchAction\",\"target\":{\"@type\":\"EntryPoint\",\"urlTemplate\":\"https:\\\/\\\/www.arhammar.se\\\/blog\\\/?s={search_term_string}\"},\"query-input\":{\"@type\":\"PropertyValueSpecification\",\"valueRequired\":true,\"valueName\":\"search_term_string\"}}],\"inLanguage\":\"en-US\"},{\"@type\":\"Person\",\"@id\":\"https:\\\/\\\/www.arhammar.se\\\/blog\\\/#\\\/schema\\\/person\\\/061984c1d884b363e2c91550f2e00d1d\",\"name\":\"Anders Arhammar\",\"image\":{\"@type\":\"ImageObject\",\"inLanguage\":\"en-US\",\"@id\":\"https:\\\/\\\/secure.gravatar.com\\\/avatar\\\/784b5b36cfe145ae19a52340f405285a939bcc08d4a21136b3a81f9e378ffae0?s=96&d=mm&r=g\",\"url\":\"https:\\\/\\\/secure.gravatar.com\\\/avatar\\\/784b5b36cfe145ae19a52340f405285a939bcc08d4a21136b3a81f9e378ffae0?s=96&d=mm&r=g\",\"contentUrl\":\"https:\\\/\\\/secure.gravatar.com\\\/avatar\\\/784b5b36cfe145ae19a52340f405285a939bcc08d4a21136b3a81f9e378ffae0?s=96&d=mm&r=g\",\"caption\":\"Anders Arhammar\"},\"url\":\"https:\\\/\\\/www.arhammar.se\\\/blog\\\/author\\\/anders\\\/\"}]}<\/script>\n<!-- \/ Yoast SEO plugin. -->","yoast_head_json":{"title":"Den lilla b\u00e5ten som inte fick bada - @Arhammar bokstavligen","robots":{"index":"index","follow":"follow","max-snippet":"max-snippet:-1","max-image-preview":"max-image-preview:large","max-video-preview":"max-video-preview:-1"},"canonical":"https:\/\/www.arhammar.se\/blog\/den-lilla-baten-som-inte-fick-bada\/","og_locale":"en_US","og_type":"article","og_title":"Den lilla b\u00e5ten som inte fick bada - @Arhammar bokstavligen","og_description":"Det var en g\u00e5ng en pappab\u00e5t och en mammab\u00e5t. Dom brukade \u00e5ka l\u00e5\u00e5\u00e5\u00e5ngt ut p\u00e5 havet, med passagerare och stora laster. Och s\u00e5 var det deras pojke, den lilla knubbiga r\u00f6dvitabl\u00e5 b\u00e5ten 457406 som ville bli stor och stark n\u00e4r han v\u00e4xte upp. Men \u00e4n s\u00e5 l\u00e4nge fick han bara vara p\u00e5 land och se [&hellip;]","og_url":"https:\/\/www.arhammar.se\/blog\/den-lilla-baten-som-inte-fick-bada\/","og_site_name":"@Arhammar bokstavligen","article_published_time":"2008-09-24T06:56:12+00:00","article_modified_time":"2016-04-10T19:40:39+00:00","og_image":[{"width":640,"height":480,"url":"https:\/\/www.arhammar.se\/blog\/wp-content\/uploads\/2016\/01\/IMG_0223.jpg","type":"image\/jpeg"}],"author":"Anders Arhammar","twitter_card":"summary_large_image","twitter_misc":{"Written by":"Anders Arhammar","Est. reading time":"1 minute"},"schema":{"@context":"https:\/\/schema.org","@graph":[{"@type":"Article","@id":"https:\/\/www.arhammar.se\/blog\/den-lilla-baten-som-inte-fick-bada\/#article","isPartOf":{"@id":"https:\/\/www.arhammar.se\/blog\/den-lilla-baten-som-inte-fick-bada\/"},"author":{"name":"Anders Arhammar","@id":"https:\/\/www.arhammar.se\/blog\/#\/schema\/person\/061984c1d884b363e2c91550f2e00d1d"},"headline":"Den lilla b\u00e5ten som inte fick bada","datePublished":"2008-09-24T06:56:12+00:00","dateModified":"2016-04-10T19:40:39+00:00","mainEntityOfPage":{"@id":"https:\/\/www.arhammar.se\/blog\/den-lilla-baten-som-inte-fick-bada\/"},"wordCount":123,"commentCount":0,"image":{"@id":"https:\/\/www.arhammar.se\/blog\/den-lilla-baten-som-inte-fick-bada\/#primaryimage"},"thumbnailUrl":"https:\/\/www.arhammar.se\/blog\/wp-content\/uploads\/2016\/01\/IMG_0223.jpg","keywords":["b\u00e5tar","hamn","Nice"],"articleSection":["Franska bilder","Mobil blogg 08"],"inLanguage":"en-US","potentialAction":[{"@type":"CommentAction","name":"Comment","target":["https:\/\/www.arhammar.se\/blog\/den-lilla-baten-som-inte-fick-bada\/#respond"]}]},{"@type":"WebPage","@id":"https:\/\/www.arhammar.se\/blog\/den-lilla-baten-som-inte-fick-bada\/","url":"https:\/\/www.arhammar.se\/blog\/den-lilla-baten-som-inte-fick-bada\/","name":"Den lilla b\u00e5ten som inte fick bada - @Arhammar bokstavligen","isPartOf":{"@id":"https:\/\/www.arhammar.se\/blog\/#website"},"primaryImageOfPage":{"@id":"https:\/\/www.arhammar.se\/blog\/den-lilla-baten-som-inte-fick-bada\/#primaryimage"},"image":{"@id":"https:\/\/www.arhammar.se\/blog\/den-lilla-baten-som-inte-fick-bada\/#primaryimage"},"thumbnailUrl":"https:\/\/www.arhammar.se\/blog\/wp-content\/uploads\/2016\/01\/IMG_0223.jpg","datePublished":"2008-09-24T06:56:12+00:00","dateModified":"2016-04-10T19:40:39+00:00","author":{"@id":"https:\/\/www.arhammar.se\/blog\/#\/schema\/person\/061984c1d884b363e2c91550f2e00d1d"},"breadcrumb":{"@id":"https:\/\/www.arhammar.se\/blog\/den-lilla-baten-som-inte-fick-bada\/#breadcrumb"},"inLanguage":"en-US","potentialAction":[{"@type":"ReadAction","target":["https:\/\/www.arhammar.se\/blog\/den-lilla-baten-som-inte-fick-bada\/"]}]},{"@type":"ImageObject","inLanguage":"en-US","@id":"https:\/\/www.arhammar.se\/blog\/den-lilla-baten-som-inte-fick-bada\/#primaryimage","url":"https:\/\/www.arhammar.se\/blog\/wp-content\/uploads\/2016\/01\/IMG_0223.jpg","contentUrl":"https:\/\/www.arhammar.se\/blog\/wp-content\/uploads\/2016\/01\/IMG_0223.jpg","width":640,"height":480},{"@type":"BreadcrumbList","@id":"https:\/\/www.arhammar.se\/blog\/den-lilla-baten-som-inte-fick-bada\/#breadcrumb","itemListElement":[{"@type":"ListItem","position":1,"name":"Home","item":"https:\/\/www.arhammar.se\/blog\/"},{"@type":"ListItem","position":2,"name":"Den lilla b\u00e5ten som inte fick bada"}]},{"@type":"WebSite","@id":"https:\/\/www.arhammar.se\/blog\/#website","url":"https:\/\/www.arhammar.se\/blog\/","name":"@Arhammar bokstavligen","description":"Fr\u00e5n min penna och panna","potentialAction":[{"@type":"SearchAction","target":{"@type":"EntryPoint","urlTemplate":"https:\/\/www.arhammar.se\/blog\/?s={search_term_string}"},"query-input":{"@type":"PropertyValueSpecification","valueRequired":true,"valueName":"search_term_string"}}],"inLanguage":"en-US"},{"@type":"Person","@id":"https:\/\/www.arhammar.se\/blog\/#\/schema\/person\/061984c1d884b363e2c91550f2e00d1d","name":"Anders Arhammar","image":{"@type":"ImageObject","inLanguage":"en-US","@id":"https:\/\/secure.gravatar.com\/avatar\/784b5b36cfe145ae19a52340f405285a939bcc08d4a21136b3a81f9e378ffae0?s=96&d=mm&r=g","url":"https:\/\/secure.gravatar.com\/avatar\/784b5b36cfe145ae19a52340f405285a939bcc08d4a21136b3a81f9e378ffae0?s=96&d=mm&r=g","contentUrl":"https:\/\/secure.gravatar.com\/avatar\/784b5b36cfe145ae19a52340f405285a939bcc08d4a21136b3a81f9e378ffae0?s=96&d=mm&r=g","caption":"Anders Arhammar"},"url":"https:\/\/www.arhammar.se\/blog\/author\/anders\/"}]}},"_links":{"self":[{"href":"https:\/\/www.arhammar.se\/blog\/wp-json\/wp\/v2\/posts\/2043","targetHints":{"allow":["GET"]}}],"collection":[{"href":"https:\/\/www.arhammar.se\/blog\/wp-json\/wp\/v2\/posts"}],"about":[{"href":"https:\/\/www.arhammar.se\/blog\/wp-json\/wp\/v2\/types\/post"}],"author":[{"embeddable":true,"href":"https:\/\/www.arhammar.se\/blog\/wp-json\/wp\/v2\/users\/2"}],"replies":[{"embeddable":true,"href":"https:\/\/www.arhammar.se\/blog\/wp-json\/wp\/v2\/comments?post=2043"}],"version-history":[{"count":0,"href":"https:\/\/www.arhammar.se\/blog\/wp-json\/wp\/v2\/posts\/2043\/revisions"}],"wp:featuredmedia":[{"embeddable":true,"href":"https:\/\/www.arhammar.se\/blog\/wp-json\/wp\/v2\/media\/8521"}],"wp:attachment":[{"href":"https:\/\/www.arhammar.se\/blog\/wp-json\/wp\/v2\/media?parent=2043"}],"wp:term":[{"taxonomy":"category","embeddable":true,"href":"https:\/\/www.arhammar.se\/blog\/wp-json\/wp\/v2\/categories?post=2043"},{"taxonomy":"post_tag","embeddable":true,"href":"https:\/\/www.arhammar.se\/blog\/wp-json\/wp\/v2\/tags?post=2043"}],"curies":[{"name":"wp","href":"https:\/\/api.w.org\/{rel}","templated":true}]}}