{"id":1604,"date":"2016-07-02T21:28:27","date_gmt":"2016-07-02T19:28:27","guid":{"rendered":"http:\/\/www.arhammar.se\/blog\/?p=1604"},"modified":"2016-07-01T08:50:13","modified_gmt":"2016-07-01T06:50:13","slug":"nar-rovarna-harskade-langs-vagen-mot-asmara","status":"publish","type":"post","link":"https:\/\/www.arhammar.se\/blog\/nar-rovarna-harskade-langs-vagen-mot-asmara\/","title":{"rendered":"N\u00e4r r\u00f6varna h\u00e4rskade l\u00e4ngs v\u00e4gen mot Asmara"},"content":{"rendered":"<p><img decoding=\"async\" src=\"http:\/\/www.arhammar.se\/blog\/wp-photos\/vykort66.jpg\"width=\"640\" height=\"420\" alt=\"\" \/><\/p>\n<p>Det \u00e4r tidigt sextital. Haile Selassie har varit p\u00e5 Jamaica och blivit f\u00f6rklarad gud, \u00e5terv\u00e4nt och slagit ner en revolution. Eritrea tillh\u00f6rde fortfarande Etiopien, men l\u00e4ngs v\u00e4gen till Asmara kunde man r\u00e5ka ut f\u00f6r Shiftas, r\u00f6vare. Undrar vad de skulle kallas f\u00f6r idag.<\/p>\n<p><em>&#8220;Hej, vi har lyckligt n\u00e5tt Asmara, \u00f6ver ett landskap som skulle f\u00e5 en alpinist att hissna. Allt v\u00e4l. \u00c5ker till Massawa i morron. Kram pappa.&#8221;<\/em><\/p>\n<p><img decoding=\"async\" src=\"http:\/\/www.arhammar.se\/blog\/wp-photos\/vykort66a.jpg\"width=\"640\" height=\"420\" alt=\"\"  \/><\/p>\n<!-- AddThis Advanced Settings generic via filter on the_content --><!-- AddThis Share Buttons generic via filter on the_content -->","protected":false},"excerpt":{"rendered":"<p>Det \u00e4r tidigt sextital. Haile Selassie har varit p\u00e5 Jamaica och blivit f\u00f6rklarad gud, \u00e5terv\u00e4nt och slagit ner en revolution. Eritrea tillh\u00f6rde fortfarande Etiopien, men l\u00e4ngs v\u00e4gen till Asmara kunde man r\u00e5ka ut f\u00f6r Shiftas, r\u00f6vare. Undrar vad de skulle kallas f\u00f6r idag. &#8220;Hej, vi har lyckligt n\u00e5tt Asmara, \u00f6ver ett landskap som skulle f\u00e5 [&hellip;]<!-- AddThis Advanced Settings generic via filter on wp_trim_excerpt --><!-- AddThis Share Buttons generic via filter on wp_trim_excerpt --><\/p>\n","protected":false},"author":2,"featured_media":8477,"comment_status":"open","ping_status":"open","sticky":false,"template":"","format":"standard","meta":{"footnotes":""},"categories":[71],"tags":[149,150,1241,151],"class_list":["post-1604","post","type-post","status-publish","format-standard","has-post-thumbnail","hentry","category-dagens-vykort","tag-alpinist","tag-asmara","tag-dagens-vykort","tag-massawa"],"yoast_head":"<!-- This site is optimized with the Yoast SEO plugin v27.5 - https:\/\/yoast.com\/product\/yoast-seo-wordpress\/ -->\n<title>N\u00e4r r\u00f6varna h\u00e4rskade l\u00e4ngs v\u00e4gen mot Asmara - @Arhammar bokstavligen<\/title>\n<meta name=\"robots\" content=\"index, follow, max-snippet:-1, max-image-preview:large, max-video-preview:-1\" \/>\n<link rel=\"canonical\" href=\"https:\/\/www.arhammar.se\/blog\/nar-rovarna-harskade-langs-vagen-mot-asmara\/\" \/>\n<meta property=\"og:locale\" content=\"en_US\" \/>\n<meta property=\"og:type\" content=\"article\" \/>\n<meta property=\"og:title\" content=\"N\u00e4r r\u00f6varna h\u00e4rskade l\u00e4ngs v\u00e4gen mot Asmara - @Arhammar bokstavligen\" \/>\n<meta property=\"og:description\" content=\"Det \u00e4r tidigt sextital. Haile Selassie har varit p\u00e5 Jamaica och blivit f\u00f6rklarad gud, \u00e5terv\u00e4nt och slagit ner en revolution. Eritrea tillh\u00f6rde fortfarande Etiopien, men l\u00e4ngs v\u00e4gen till Asmara kunde man r\u00e5ka ut f\u00f6r Shiftas, r\u00f6vare. Undrar vad de skulle kallas f\u00f6r idag. &#8220;Hej, vi har lyckligt n\u00e5tt Asmara, \u00f6ver ett landskap som skulle f\u00e5 [&hellip;]\" \/>\n<meta property=\"og:url\" content=\"https:\/\/www.arhammar.se\/blog\/nar-rovarna-harskade-langs-vagen-mot-asmara\/\" \/>\n<meta property=\"og:site_name\" content=\"@Arhammar bokstavligen\" \/>\n<meta property=\"article:published_time\" content=\"2016-07-02T19:28:27+00:00\" \/>\n<meta property=\"og:image\" content=\"https:\/\/www.arhammar.se\/blog\/wp-content\/uploads\/2016\/01\/vykort66.jpg\" \/>\n\t<meta property=\"og:image:width\" content=\"640\" \/>\n\t<meta property=\"og:image:height\" content=\"417\" \/>\n\t<meta property=\"og:image:type\" content=\"image\/jpeg\" \/>\n<meta name=\"author\" content=\"Anders Arhammar\" \/>\n<meta name=\"twitter:card\" content=\"summary_large_image\" \/>\n<meta name=\"twitter:label1\" content=\"Written by\" \/>\n\t<meta name=\"twitter:data1\" content=\"Anders Arhammar\" \/>\n<script type=\"application\/ld+json\" class=\"yoast-schema-graph\">{\"@context\":\"https:\\\/\\\/schema.org\",\"@graph\":[{\"@type\":\"Article\",\"@id\":\"https:\\\/\\\/www.arhammar.se\\\/blog\\\/nar-rovarna-harskade-langs-vagen-mot-asmara\\\/#article\",\"isPartOf\":{\"@id\":\"https:\\\/\\\/www.arhammar.se\\\/blog\\\/nar-rovarna-harskade-langs-vagen-mot-asmara\\\/\"},\"author\":{\"name\":\"Anders Arhammar\",\"@id\":\"https:\\\/\\\/www.arhammar.se\\\/blog\\\/#\\\/schema\\\/person\\\/061984c1d884b363e2c91550f2e00d1d\"},\"headline\":\"N\u00e4r r\u00f6varna h\u00e4rskade l\u00e4ngs v\u00e4gen mot Asmara\",\"datePublished\":\"2016-07-02T19:28:27+00:00\",\"mainEntityOfPage\":{\"@id\":\"https:\\\/\\\/www.arhammar.se\\\/blog\\\/nar-rovarna-harskade-langs-vagen-mot-asmara\\\/\"},\"wordCount\":91,\"commentCount\":0,\"image\":{\"@id\":\"https:\\\/\\\/www.arhammar.se\\\/blog\\\/nar-rovarna-harskade-langs-vagen-mot-asmara\\\/#primaryimage\"},\"thumbnailUrl\":\"https:\\\/\\\/www.arhammar.se\\\/blog\\\/wp-content\\\/uploads\\\/2016\\\/01\\\/vykort66.jpg\",\"keywords\":[\"alpinist\",\"Asmara\",\"Dagens vykort\",\"Massawa\"],\"articleSection\":[\"Dagens vykort\"],\"inLanguage\":\"en-US\",\"potentialAction\":[{\"@type\":\"CommentAction\",\"name\":\"Comment\",\"target\":[\"https:\\\/\\\/www.arhammar.se\\\/blog\\\/nar-rovarna-harskade-langs-vagen-mot-asmara\\\/#respond\"]}]},{\"@type\":\"WebPage\",\"@id\":\"https:\\\/\\\/www.arhammar.se\\\/blog\\\/nar-rovarna-harskade-langs-vagen-mot-asmara\\\/\",\"url\":\"https:\\\/\\\/www.arhammar.se\\\/blog\\\/nar-rovarna-harskade-langs-vagen-mot-asmara\\\/\",\"name\":\"N\u00e4r r\u00f6varna h\u00e4rskade l\u00e4ngs v\u00e4gen mot Asmara - @Arhammar bokstavligen\",\"isPartOf\":{\"@id\":\"https:\\\/\\\/www.arhammar.se\\\/blog\\\/#website\"},\"primaryImageOfPage\":{\"@id\":\"https:\\\/\\\/www.arhammar.se\\\/blog\\\/nar-rovarna-harskade-langs-vagen-mot-asmara\\\/#primaryimage\"},\"image\":{\"@id\":\"https:\\\/\\\/www.arhammar.se\\\/blog\\\/nar-rovarna-harskade-langs-vagen-mot-asmara\\\/#primaryimage\"},\"thumbnailUrl\":\"https:\\\/\\\/www.arhammar.se\\\/blog\\\/wp-content\\\/uploads\\\/2016\\\/01\\\/vykort66.jpg\",\"datePublished\":\"2016-07-02T19:28:27+00:00\",\"author\":{\"@id\":\"https:\\\/\\\/www.arhammar.se\\\/blog\\\/#\\\/schema\\\/person\\\/061984c1d884b363e2c91550f2e00d1d\"},\"breadcrumb\":{\"@id\":\"https:\\\/\\\/www.arhammar.se\\\/blog\\\/nar-rovarna-harskade-langs-vagen-mot-asmara\\\/#breadcrumb\"},\"inLanguage\":\"en-US\",\"potentialAction\":[{\"@type\":\"ReadAction\",\"target\":[\"https:\\\/\\\/www.arhammar.se\\\/blog\\\/nar-rovarna-harskade-langs-vagen-mot-asmara\\\/\"]}]},{\"@type\":\"ImageObject\",\"inLanguage\":\"en-US\",\"@id\":\"https:\\\/\\\/www.arhammar.se\\\/blog\\\/nar-rovarna-harskade-langs-vagen-mot-asmara\\\/#primaryimage\",\"url\":\"https:\\\/\\\/www.arhammar.se\\\/blog\\\/wp-content\\\/uploads\\\/2016\\\/01\\\/vykort66.jpg\",\"contentUrl\":\"https:\\\/\\\/www.arhammar.se\\\/blog\\\/wp-content\\\/uploads\\\/2016\\\/01\\\/vykort66.jpg\",\"width\":640,\"height\":417},{\"@type\":\"BreadcrumbList\",\"@id\":\"https:\\\/\\\/www.arhammar.se\\\/blog\\\/nar-rovarna-harskade-langs-vagen-mot-asmara\\\/#breadcrumb\",\"itemListElement\":[{\"@type\":\"ListItem\",\"position\":1,\"name\":\"Home\",\"item\":\"https:\\\/\\\/www.arhammar.se\\\/blog\\\/\"},{\"@type\":\"ListItem\",\"position\":2,\"name\":\"N\u00e4r r\u00f6varna h\u00e4rskade l\u00e4ngs v\u00e4gen mot Asmara\"}]},{\"@type\":\"WebSite\",\"@id\":\"https:\\\/\\\/www.arhammar.se\\\/blog\\\/#website\",\"url\":\"https:\\\/\\\/www.arhammar.se\\\/blog\\\/\",\"name\":\"@Arhammar bokstavligen\",\"description\":\"Fr\u00e5n min penna och panna\",\"potentialAction\":[{\"@type\":\"SearchAction\",\"target\":{\"@type\":\"EntryPoint\",\"urlTemplate\":\"https:\\\/\\\/www.arhammar.se\\\/blog\\\/?s={search_term_string}\"},\"query-input\":{\"@type\":\"PropertyValueSpecification\",\"valueRequired\":true,\"valueName\":\"search_term_string\"}}],\"inLanguage\":\"en-US\"},{\"@type\":\"Person\",\"@id\":\"https:\\\/\\\/www.arhammar.se\\\/blog\\\/#\\\/schema\\\/person\\\/061984c1d884b363e2c91550f2e00d1d\",\"name\":\"Anders Arhammar\",\"image\":{\"@type\":\"ImageObject\",\"inLanguage\":\"en-US\",\"@id\":\"https:\\\/\\\/secure.gravatar.com\\\/avatar\\\/784b5b36cfe145ae19a52340f405285a939bcc08d4a21136b3a81f9e378ffae0?s=96&d=mm&r=g\",\"url\":\"https:\\\/\\\/secure.gravatar.com\\\/avatar\\\/784b5b36cfe145ae19a52340f405285a939bcc08d4a21136b3a81f9e378ffae0?s=96&d=mm&r=g\",\"contentUrl\":\"https:\\\/\\\/secure.gravatar.com\\\/avatar\\\/784b5b36cfe145ae19a52340f405285a939bcc08d4a21136b3a81f9e378ffae0?s=96&d=mm&r=g\",\"caption\":\"Anders Arhammar\"},\"url\":\"https:\\\/\\\/www.arhammar.se\\\/blog\\\/author\\\/anders\\\/\"}]}<\/script>\n<!-- \/ Yoast SEO plugin. -->","yoast_head_json":{"title":"N\u00e4r r\u00f6varna h\u00e4rskade l\u00e4ngs v\u00e4gen mot Asmara - @Arhammar bokstavligen","robots":{"index":"index","follow":"follow","max-snippet":"max-snippet:-1","max-image-preview":"max-image-preview:large","max-video-preview":"max-video-preview:-1"},"canonical":"https:\/\/www.arhammar.se\/blog\/nar-rovarna-harskade-langs-vagen-mot-asmara\/","og_locale":"en_US","og_type":"article","og_title":"N\u00e4r r\u00f6varna h\u00e4rskade l\u00e4ngs v\u00e4gen mot Asmara - @Arhammar bokstavligen","og_description":"Det \u00e4r tidigt sextital. Haile Selassie har varit p\u00e5 Jamaica och blivit f\u00f6rklarad gud, \u00e5terv\u00e4nt och slagit ner en revolution. Eritrea tillh\u00f6rde fortfarande Etiopien, men l\u00e4ngs v\u00e4gen till Asmara kunde man r\u00e5ka ut f\u00f6r Shiftas, r\u00f6vare. Undrar vad de skulle kallas f\u00f6r idag. &#8220;Hej, vi har lyckligt n\u00e5tt Asmara, \u00f6ver ett landskap som skulle f\u00e5 [&hellip;]","og_url":"https:\/\/www.arhammar.se\/blog\/nar-rovarna-harskade-langs-vagen-mot-asmara\/","og_site_name":"@Arhammar bokstavligen","article_published_time":"2016-07-02T19:28:27+00:00","og_image":[{"width":640,"height":417,"url":"https:\/\/www.arhammar.se\/blog\/wp-content\/uploads\/2016\/01\/vykort66.jpg","type":"image\/jpeg"}],"author":"Anders Arhammar","twitter_card":"summary_large_image","twitter_misc":{"Written by":"Anders Arhammar"},"schema":{"@context":"https:\/\/schema.org","@graph":[{"@type":"Article","@id":"https:\/\/www.arhammar.se\/blog\/nar-rovarna-harskade-langs-vagen-mot-asmara\/#article","isPartOf":{"@id":"https:\/\/www.arhammar.se\/blog\/nar-rovarna-harskade-langs-vagen-mot-asmara\/"},"author":{"name":"Anders Arhammar","@id":"https:\/\/www.arhammar.se\/blog\/#\/schema\/person\/061984c1d884b363e2c91550f2e00d1d"},"headline":"N\u00e4r r\u00f6varna h\u00e4rskade l\u00e4ngs v\u00e4gen mot Asmara","datePublished":"2016-07-02T19:28:27+00:00","mainEntityOfPage":{"@id":"https:\/\/www.arhammar.se\/blog\/nar-rovarna-harskade-langs-vagen-mot-asmara\/"},"wordCount":91,"commentCount":0,"image":{"@id":"https:\/\/www.arhammar.se\/blog\/nar-rovarna-harskade-langs-vagen-mot-asmara\/#primaryimage"},"thumbnailUrl":"https:\/\/www.arhammar.se\/blog\/wp-content\/uploads\/2016\/01\/vykort66.jpg","keywords":["alpinist","Asmara","Dagens vykort","Massawa"],"articleSection":["Dagens vykort"],"inLanguage":"en-US","potentialAction":[{"@type":"CommentAction","name":"Comment","target":["https:\/\/www.arhammar.se\/blog\/nar-rovarna-harskade-langs-vagen-mot-asmara\/#respond"]}]},{"@type":"WebPage","@id":"https:\/\/www.arhammar.se\/blog\/nar-rovarna-harskade-langs-vagen-mot-asmara\/","url":"https:\/\/www.arhammar.se\/blog\/nar-rovarna-harskade-langs-vagen-mot-asmara\/","name":"N\u00e4r r\u00f6varna h\u00e4rskade l\u00e4ngs v\u00e4gen mot Asmara - @Arhammar bokstavligen","isPartOf":{"@id":"https:\/\/www.arhammar.se\/blog\/#website"},"primaryImageOfPage":{"@id":"https:\/\/www.arhammar.se\/blog\/nar-rovarna-harskade-langs-vagen-mot-asmara\/#primaryimage"},"image":{"@id":"https:\/\/www.arhammar.se\/blog\/nar-rovarna-harskade-langs-vagen-mot-asmara\/#primaryimage"},"thumbnailUrl":"https:\/\/www.arhammar.se\/blog\/wp-content\/uploads\/2016\/01\/vykort66.jpg","datePublished":"2016-07-02T19:28:27+00:00","author":{"@id":"https:\/\/www.arhammar.se\/blog\/#\/schema\/person\/061984c1d884b363e2c91550f2e00d1d"},"breadcrumb":{"@id":"https:\/\/www.arhammar.se\/blog\/nar-rovarna-harskade-langs-vagen-mot-asmara\/#breadcrumb"},"inLanguage":"en-US","potentialAction":[{"@type":"ReadAction","target":["https:\/\/www.arhammar.se\/blog\/nar-rovarna-harskade-langs-vagen-mot-asmara\/"]}]},{"@type":"ImageObject","inLanguage":"en-US","@id":"https:\/\/www.arhammar.se\/blog\/nar-rovarna-harskade-langs-vagen-mot-asmara\/#primaryimage","url":"https:\/\/www.arhammar.se\/blog\/wp-content\/uploads\/2016\/01\/vykort66.jpg","contentUrl":"https:\/\/www.arhammar.se\/blog\/wp-content\/uploads\/2016\/01\/vykort66.jpg","width":640,"height":417},{"@type":"BreadcrumbList","@id":"https:\/\/www.arhammar.se\/blog\/nar-rovarna-harskade-langs-vagen-mot-asmara\/#breadcrumb","itemListElement":[{"@type":"ListItem","position":1,"name":"Home","item":"https:\/\/www.arhammar.se\/blog\/"},{"@type":"ListItem","position":2,"name":"N\u00e4r r\u00f6varna h\u00e4rskade l\u00e4ngs v\u00e4gen mot Asmara"}]},{"@type":"WebSite","@id":"https:\/\/www.arhammar.se\/blog\/#website","url":"https:\/\/www.arhammar.se\/blog\/","name":"@Arhammar bokstavligen","description":"Fr\u00e5n min penna och panna","potentialAction":[{"@type":"SearchAction","target":{"@type":"EntryPoint","urlTemplate":"https:\/\/www.arhammar.se\/blog\/?s={search_term_string}"},"query-input":{"@type":"PropertyValueSpecification","valueRequired":true,"valueName":"search_term_string"}}],"inLanguage":"en-US"},{"@type":"Person","@id":"https:\/\/www.arhammar.se\/blog\/#\/schema\/person\/061984c1d884b363e2c91550f2e00d1d","name":"Anders Arhammar","image":{"@type":"ImageObject","inLanguage":"en-US","@id":"https:\/\/secure.gravatar.com\/avatar\/784b5b36cfe145ae19a52340f405285a939bcc08d4a21136b3a81f9e378ffae0?s=96&d=mm&r=g","url":"https:\/\/secure.gravatar.com\/avatar\/784b5b36cfe145ae19a52340f405285a939bcc08d4a21136b3a81f9e378ffae0?s=96&d=mm&r=g","contentUrl":"https:\/\/secure.gravatar.com\/avatar\/784b5b36cfe145ae19a52340f405285a939bcc08d4a21136b3a81f9e378ffae0?s=96&d=mm&r=g","caption":"Anders Arhammar"},"url":"https:\/\/www.arhammar.se\/blog\/author\/anders\/"}]}},"_links":{"self":[{"href":"https:\/\/www.arhammar.se\/blog\/wp-json\/wp\/v2\/posts\/1604","targetHints":{"allow":["GET"]}}],"collection":[{"href":"https:\/\/www.arhammar.se\/blog\/wp-json\/wp\/v2\/posts"}],"about":[{"href":"https:\/\/www.arhammar.se\/blog\/wp-json\/wp\/v2\/types\/post"}],"author":[{"embeddable":true,"href":"https:\/\/www.arhammar.se\/blog\/wp-json\/wp\/v2\/users\/2"}],"replies":[{"embeddable":true,"href":"https:\/\/www.arhammar.se\/blog\/wp-json\/wp\/v2\/comments?post=1604"}],"version-history":[{"count":0,"href":"https:\/\/www.arhammar.se\/blog\/wp-json\/wp\/v2\/posts\/1604\/revisions"}],"wp:featuredmedia":[{"embeddable":true,"href":"https:\/\/www.arhammar.se\/blog\/wp-json\/wp\/v2\/media\/8477"}],"wp:attachment":[{"href":"https:\/\/www.arhammar.se\/blog\/wp-json\/wp\/v2\/media?parent=1604"}],"wp:term":[{"taxonomy":"category","embeddable":true,"href":"https:\/\/www.arhammar.se\/blog\/wp-json\/wp\/v2\/categories?post=1604"},{"taxonomy":"post_tag","embeddable":true,"href":"https:\/\/www.arhammar.se\/blog\/wp-json\/wp\/v2\/tags?post=1604"}],"curies":[{"name":"wp","href":"https:\/\/api.w.org\/{rel}","templated":true}]}}