{"id":1586,"date":"2016-07-06T21:31:05","date_gmt":"2016-07-06T19:31:05","guid":{"rendered":"http:\/\/www.arhammar.se\/blog\/?p=1586"},"modified":"2016-07-01T08:50:46","modified_gmt":"2016-07-01T06:50:46","slug":"gyllene-salen-stockholms-stadshus","status":"publish","type":"post","link":"https:\/\/www.arhammar.se\/blog\/gyllene-salen-stockholms-stadshus\/","title":{"rendered":"Gyllene salen i Stockholms stadshus"},"content":{"rendered":"<p><img decoding=\"async\" src=\"http:\/\/www.arhammar.se\/blog\/wp-photos\/vykort75.jpg\"width=\"640\" height=\"420\" alt=\"\" \/><\/p>\n<p>Vissa platser \u00e4ndrar sig st\u00e4ndigt, medan andra bara finns genom \u00e5rhundraden, or\u00f6rda, som den h\u00e4r glimrande salen. Lika vacker nu som d\u00e5, n\u00e4r farmor Judit skrev till sin pappa.<br \/>\n<em>Hej!<br \/>\nK\u00e4nner du igen den h\u00e4r bilden av &#8220;Gyllene salen&#8221; i Stadshuset? Vi \u00e4r d\u00e4r idag s\u00f6ndag, i s\u00e4llskap med Oskars sl\u00e4ktingar. Brev och pengar f\u00f6ljer. Tack f\u00f6r brev!<br \/>\nH\u00e4lsningar Judit.<\/em><\/p>\n<p><img decoding=\"async\" src=\"http:\/\/www.arhammar.se\/blog\/wp-photos\/vykort75a.jpg\"width=\"640\" height=\"420\" alt=\"\" \/><\/p>\n<!-- AddThis Advanced Settings generic via filter on the_content --><!-- AddThis Share Buttons generic via filter on the_content -->","protected":false},"excerpt":{"rendered":"<p>Vissa platser \u00e4ndrar sig st\u00e4ndigt, medan andra bara finns genom \u00e5rhundraden, or\u00f6rda, som den h\u00e4r glimrande salen. Lika vacker nu som d\u00e5, n\u00e4r farmor Judit skrev till sin pappa. Hej! K\u00e4nner du igen den h\u00e4r bilden av &#8220;Gyllene salen&#8221; i Stadshuset? Vi \u00e4r d\u00e4r idag s\u00f6ndag, i s\u00e4llskap med Oskars sl\u00e4ktingar. Brev och pengar f\u00f6ljer. [&hellip;]<!-- AddThis Advanced Settings generic via filter on wp_trim_excerpt --><!-- AddThis Share Buttons generic via filter on wp_trim_excerpt --><\/p>\n","protected":false},"author":2,"featured_media":8475,"comment_status":"open","ping_status":"open","sticky":false,"template":"","format":"standard","meta":{"footnotes":""},"categories":[71],"tags":[1241,174,1243],"class_list":["post-1586","post","type-post","status-publish","format-standard","has-post-thumbnail","hentry","category-dagens-vykort","tag-dagens-vykort","tag-stadshuset","tag-stockholm"],"yoast_head":"<!-- This site is optimized with the Yoast SEO plugin v27.5 - https:\/\/yoast.com\/product\/yoast-seo-wordpress\/ -->\n<title>Gyllene salen i Stockholms stadshus - @Arhammar bokstavligen<\/title>\n<meta name=\"robots\" content=\"index, follow, max-snippet:-1, max-image-preview:large, max-video-preview:-1\" \/>\n<link rel=\"canonical\" href=\"https:\/\/www.arhammar.se\/blog\/gyllene-salen-stockholms-stadshus\/\" \/>\n<meta property=\"og:locale\" content=\"en_US\" \/>\n<meta property=\"og:type\" content=\"article\" \/>\n<meta property=\"og:title\" content=\"Gyllene salen i Stockholms stadshus - @Arhammar bokstavligen\" \/>\n<meta property=\"og:description\" content=\"Vissa platser \u00e4ndrar sig st\u00e4ndigt, medan andra bara finns genom \u00e5rhundraden, or\u00f6rda, som den h\u00e4r glimrande salen. Lika vacker nu som d\u00e5, n\u00e4r farmor Judit skrev till sin pappa. Hej! K\u00e4nner du igen den h\u00e4r bilden av &#8220;Gyllene salen&#8221; i Stadshuset? Vi \u00e4r d\u00e4r idag s\u00f6ndag, i s\u00e4llskap med Oskars sl\u00e4ktingar. Brev och pengar f\u00f6ljer. [&hellip;]\" \/>\n<meta property=\"og:url\" content=\"https:\/\/www.arhammar.se\/blog\/gyllene-salen-stockholms-stadshus\/\" \/>\n<meta property=\"og:site_name\" content=\"@Arhammar bokstavligen\" \/>\n<meta property=\"article:published_time\" content=\"2016-07-06T19:31:05+00:00\" \/>\n<meta property=\"og:image\" content=\"https:\/\/www.arhammar.se\/blog\/wp-content\/uploads\/2016\/01\/vykort75.jpg\" \/>\n\t<meta property=\"og:image:width\" content=\"640\" \/>\n\t<meta property=\"og:image:height\" content=\"417\" \/>\n\t<meta property=\"og:image:type\" content=\"image\/jpeg\" \/>\n<meta name=\"author\" content=\"Anders Arhammar\" \/>\n<meta name=\"twitter:card\" content=\"summary_large_image\" \/>\n<meta name=\"twitter:label1\" content=\"Written by\" \/>\n\t<meta name=\"twitter:data1\" content=\"Anders Arhammar\" \/>\n<script type=\"application\/ld+json\" class=\"yoast-schema-graph\">{\"@context\":\"https:\\\/\\\/schema.org\",\"@graph\":[{\"@type\":\"Article\",\"@id\":\"https:\\\/\\\/www.arhammar.se\\\/blog\\\/gyllene-salen-stockholms-stadshus\\\/#article\",\"isPartOf\":{\"@id\":\"https:\\\/\\\/www.arhammar.se\\\/blog\\\/gyllene-salen-stockholms-stadshus\\\/\"},\"author\":{\"name\":\"Anders Arhammar\",\"@id\":\"https:\\\/\\\/www.arhammar.se\\\/blog\\\/#\\\/schema\\\/person\\\/061984c1d884b363e2c91550f2e00d1d\"},\"headline\":\"Gyllene salen i Stockholms stadshus\",\"datePublished\":\"2016-07-06T19:31:05+00:00\",\"mainEntityOfPage\":{\"@id\":\"https:\\\/\\\/www.arhammar.se\\\/blog\\\/gyllene-salen-stockholms-stadshus\\\/\"},\"wordCount\":78,\"commentCount\":0,\"image\":{\"@id\":\"https:\\\/\\\/www.arhammar.se\\\/blog\\\/gyllene-salen-stockholms-stadshus\\\/#primaryimage\"},\"thumbnailUrl\":\"https:\\\/\\\/www.arhammar.se\\\/blog\\\/wp-content\\\/uploads\\\/2016\\\/01\\\/vykort75.jpg\",\"keywords\":[\"Dagens vykort\",\"Stadshuset\",\"Stockholm\"],\"articleSection\":[\"Dagens vykort\"],\"inLanguage\":\"en-US\",\"potentialAction\":[{\"@type\":\"CommentAction\",\"name\":\"Comment\",\"target\":[\"https:\\\/\\\/www.arhammar.se\\\/blog\\\/gyllene-salen-stockholms-stadshus\\\/#respond\"]}]},{\"@type\":\"WebPage\",\"@id\":\"https:\\\/\\\/www.arhammar.se\\\/blog\\\/gyllene-salen-stockholms-stadshus\\\/\",\"url\":\"https:\\\/\\\/www.arhammar.se\\\/blog\\\/gyllene-salen-stockholms-stadshus\\\/\",\"name\":\"Gyllene salen i Stockholms stadshus - @Arhammar bokstavligen\",\"isPartOf\":{\"@id\":\"https:\\\/\\\/www.arhammar.se\\\/blog\\\/#website\"},\"primaryImageOfPage\":{\"@id\":\"https:\\\/\\\/www.arhammar.se\\\/blog\\\/gyllene-salen-stockholms-stadshus\\\/#primaryimage\"},\"image\":{\"@id\":\"https:\\\/\\\/www.arhammar.se\\\/blog\\\/gyllene-salen-stockholms-stadshus\\\/#primaryimage\"},\"thumbnailUrl\":\"https:\\\/\\\/www.arhammar.se\\\/blog\\\/wp-content\\\/uploads\\\/2016\\\/01\\\/vykort75.jpg\",\"datePublished\":\"2016-07-06T19:31:05+00:00\",\"author\":{\"@id\":\"https:\\\/\\\/www.arhammar.se\\\/blog\\\/#\\\/schema\\\/person\\\/061984c1d884b363e2c91550f2e00d1d\"},\"breadcrumb\":{\"@id\":\"https:\\\/\\\/www.arhammar.se\\\/blog\\\/gyllene-salen-stockholms-stadshus\\\/#breadcrumb\"},\"inLanguage\":\"en-US\",\"potentialAction\":[{\"@type\":\"ReadAction\",\"target\":[\"https:\\\/\\\/www.arhammar.se\\\/blog\\\/gyllene-salen-stockholms-stadshus\\\/\"]}]},{\"@type\":\"ImageObject\",\"inLanguage\":\"en-US\",\"@id\":\"https:\\\/\\\/www.arhammar.se\\\/blog\\\/gyllene-salen-stockholms-stadshus\\\/#primaryimage\",\"url\":\"https:\\\/\\\/www.arhammar.se\\\/blog\\\/wp-content\\\/uploads\\\/2016\\\/01\\\/vykort75.jpg\",\"contentUrl\":\"https:\\\/\\\/www.arhammar.se\\\/blog\\\/wp-content\\\/uploads\\\/2016\\\/01\\\/vykort75.jpg\",\"width\":640,\"height\":417},{\"@type\":\"BreadcrumbList\",\"@id\":\"https:\\\/\\\/www.arhammar.se\\\/blog\\\/gyllene-salen-stockholms-stadshus\\\/#breadcrumb\",\"itemListElement\":[{\"@type\":\"ListItem\",\"position\":1,\"name\":\"Home\",\"item\":\"https:\\\/\\\/www.arhammar.se\\\/blog\\\/\"},{\"@type\":\"ListItem\",\"position\":2,\"name\":\"Gyllene salen i Stockholms stadshus\"}]},{\"@type\":\"WebSite\",\"@id\":\"https:\\\/\\\/www.arhammar.se\\\/blog\\\/#website\",\"url\":\"https:\\\/\\\/www.arhammar.se\\\/blog\\\/\",\"name\":\"@Arhammar bokstavligen\",\"description\":\"Fr\u00e5n min penna och panna\",\"potentialAction\":[{\"@type\":\"SearchAction\",\"target\":{\"@type\":\"EntryPoint\",\"urlTemplate\":\"https:\\\/\\\/www.arhammar.se\\\/blog\\\/?s={search_term_string}\"},\"query-input\":{\"@type\":\"PropertyValueSpecification\",\"valueRequired\":true,\"valueName\":\"search_term_string\"}}],\"inLanguage\":\"en-US\"},{\"@type\":\"Person\",\"@id\":\"https:\\\/\\\/www.arhammar.se\\\/blog\\\/#\\\/schema\\\/person\\\/061984c1d884b363e2c91550f2e00d1d\",\"name\":\"Anders Arhammar\",\"image\":{\"@type\":\"ImageObject\",\"inLanguage\":\"en-US\",\"@id\":\"https:\\\/\\\/secure.gravatar.com\\\/avatar\\\/784b5b36cfe145ae19a52340f405285a939bcc08d4a21136b3a81f9e378ffae0?s=96&d=mm&r=g\",\"url\":\"https:\\\/\\\/secure.gravatar.com\\\/avatar\\\/784b5b36cfe145ae19a52340f405285a939bcc08d4a21136b3a81f9e378ffae0?s=96&d=mm&r=g\",\"contentUrl\":\"https:\\\/\\\/secure.gravatar.com\\\/avatar\\\/784b5b36cfe145ae19a52340f405285a939bcc08d4a21136b3a81f9e378ffae0?s=96&d=mm&r=g\",\"caption\":\"Anders Arhammar\"},\"url\":\"https:\\\/\\\/www.arhammar.se\\\/blog\\\/author\\\/anders\\\/\"}]}<\/script>\n<!-- \/ Yoast SEO plugin. -->","yoast_head_json":{"title":"Gyllene salen i Stockholms stadshus - @Arhammar bokstavligen","robots":{"index":"index","follow":"follow","max-snippet":"max-snippet:-1","max-image-preview":"max-image-preview:large","max-video-preview":"max-video-preview:-1"},"canonical":"https:\/\/www.arhammar.se\/blog\/gyllene-salen-stockholms-stadshus\/","og_locale":"en_US","og_type":"article","og_title":"Gyllene salen i Stockholms stadshus - @Arhammar bokstavligen","og_description":"Vissa platser \u00e4ndrar sig st\u00e4ndigt, medan andra bara finns genom \u00e5rhundraden, or\u00f6rda, som den h\u00e4r glimrande salen. Lika vacker nu som d\u00e5, n\u00e4r farmor Judit skrev till sin pappa. Hej! K\u00e4nner du igen den h\u00e4r bilden av &#8220;Gyllene salen&#8221; i Stadshuset? Vi \u00e4r d\u00e4r idag s\u00f6ndag, i s\u00e4llskap med Oskars sl\u00e4ktingar. Brev och pengar f\u00f6ljer. [&hellip;]","og_url":"https:\/\/www.arhammar.se\/blog\/gyllene-salen-stockholms-stadshus\/","og_site_name":"@Arhammar bokstavligen","article_published_time":"2016-07-06T19:31:05+00:00","og_image":[{"width":640,"height":417,"url":"https:\/\/www.arhammar.se\/blog\/wp-content\/uploads\/2016\/01\/vykort75.jpg","type":"image\/jpeg"}],"author":"Anders Arhammar","twitter_card":"summary_large_image","twitter_misc":{"Written by":"Anders Arhammar"},"schema":{"@context":"https:\/\/schema.org","@graph":[{"@type":"Article","@id":"https:\/\/www.arhammar.se\/blog\/gyllene-salen-stockholms-stadshus\/#article","isPartOf":{"@id":"https:\/\/www.arhammar.se\/blog\/gyllene-salen-stockholms-stadshus\/"},"author":{"name":"Anders Arhammar","@id":"https:\/\/www.arhammar.se\/blog\/#\/schema\/person\/061984c1d884b363e2c91550f2e00d1d"},"headline":"Gyllene salen i Stockholms stadshus","datePublished":"2016-07-06T19:31:05+00:00","mainEntityOfPage":{"@id":"https:\/\/www.arhammar.se\/blog\/gyllene-salen-stockholms-stadshus\/"},"wordCount":78,"commentCount":0,"image":{"@id":"https:\/\/www.arhammar.se\/blog\/gyllene-salen-stockholms-stadshus\/#primaryimage"},"thumbnailUrl":"https:\/\/www.arhammar.se\/blog\/wp-content\/uploads\/2016\/01\/vykort75.jpg","keywords":["Dagens vykort","Stadshuset","Stockholm"],"articleSection":["Dagens vykort"],"inLanguage":"en-US","potentialAction":[{"@type":"CommentAction","name":"Comment","target":["https:\/\/www.arhammar.se\/blog\/gyllene-salen-stockholms-stadshus\/#respond"]}]},{"@type":"WebPage","@id":"https:\/\/www.arhammar.se\/blog\/gyllene-salen-stockholms-stadshus\/","url":"https:\/\/www.arhammar.se\/blog\/gyllene-salen-stockholms-stadshus\/","name":"Gyllene salen i Stockholms stadshus - @Arhammar bokstavligen","isPartOf":{"@id":"https:\/\/www.arhammar.se\/blog\/#website"},"primaryImageOfPage":{"@id":"https:\/\/www.arhammar.se\/blog\/gyllene-salen-stockholms-stadshus\/#primaryimage"},"image":{"@id":"https:\/\/www.arhammar.se\/blog\/gyllene-salen-stockholms-stadshus\/#primaryimage"},"thumbnailUrl":"https:\/\/www.arhammar.se\/blog\/wp-content\/uploads\/2016\/01\/vykort75.jpg","datePublished":"2016-07-06T19:31:05+00:00","author":{"@id":"https:\/\/www.arhammar.se\/blog\/#\/schema\/person\/061984c1d884b363e2c91550f2e00d1d"},"breadcrumb":{"@id":"https:\/\/www.arhammar.se\/blog\/gyllene-salen-stockholms-stadshus\/#breadcrumb"},"inLanguage":"en-US","potentialAction":[{"@type":"ReadAction","target":["https:\/\/www.arhammar.se\/blog\/gyllene-salen-stockholms-stadshus\/"]}]},{"@type":"ImageObject","inLanguage":"en-US","@id":"https:\/\/www.arhammar.se\/blog\/gyllene-salen-stockholms-stadshus\/#primaryimage","url":"https:\/\/www.arhammar.se\/blog\/wp-content\/uploads\/2016\/01\/vykort75.jpg","contentUrl":"https:\/\/www.arhammar.se\/blog\/wp-content\/uploads\/2016\/01\/vykort75.jpg","width":640,"height":417},{"@type":"BreadcrumbList","@id":"https:\/\/www.arhammar.se\/blog\/gyllene-salen-stockholms-stadshus\/#breadcrumb","itemListElement":[{"@type":"ListItem","position":1,"name":"Home","item":"https:\/\/www.arhammar.se\/blog\/"},{"@type":"ListItem","position":2,"name":"Gyllene salen i Stockholms stadshus"}]},{"@type":"WebSite","@id":"https:\/\/www.arhammar.se\/blog\/#website","url":"https:\/\/www.arhammar.se\/blog\/","name":"@Arhammar bokstavligen","description":"Fr\u00e5n min penna och panna","potentialAction":[{"@type":"SearchAction","target":{"@type":"EntryPoint","urlTemplate":"https:\/\/www.arhammar.se\/blog\/?s={search_term_string}"},"query-input":{"@type":"PropertyValueSpecification","valueRequired":true,"valueName":"search_term_string"}}],"inLanguage":"en-US"},{"@type":"Person","@id":"https:\/\/www.arhammar.se\/blog\/#\/schema\/person\/061984c1d884b363e2c91550f2e00d1d","name":"Anders Arhammar","image":{"@type":"ImageObject","inLanguage":"en-US","@id":"https:\/\/secure.gravatar.com\/avatar\/784b5b36cfe145ae19a52340f405285a939bcc08d4a21136b3a81f9e378ffae0?s=96&d=mm&r=g","url":"https:\/\/secure.gravatar.com\/avatar\/784b5b36cfe145ae19a52340f405285a939bcc08d4a21136b3a81f9e378ffae0?s=96&d=mm&r=g","contentUrl":"https:\/\/secure.gravatar.com\/avatar\/784b5b36cfe145ae19a52340f405285a939bcc08d4a21136b3a81f9e378ffae0?s=96&d=mm&r=g","caption":"Anders Arhammar"},"url":"https:\/\/www.arhammar.se\/blog\/author\/anders\/"}]}},"_links":{"self":[{"href":"https:\/\/www.arhammar.se\/blog\/wp-json\/wp\/v2\/posts\/1586","targetHints":{"allow":["GET"]}}],"collection":[{"href":"https:\/\/www.arhammar.se\/blog\/wp-json\/wp\/v2\/posts"}],"about":[{"href":"https:\/\/www.arhammar.se\/blog\/wp-json\/wp\/v2\/types\/post"}],"author":[{"embeddable":true,"href":"https:\/\/www.arhammar.se\/blog\/wp-json\/wp\/v2\/users\/2"}],"replies":[{"embeddable":true,"href":"https:\/\/www.arhammar.se\/blog\/wp-json\/wp\/v2\/comments?post=1586"}],"version-history":[{"count":0,"href":"https:\/\/www.arhammar.se\/blog\/wp-json\/wp\/v2\/posts\/1586\/revisions"}],"wp:featuredmedia":[{"embeddable":true,"href":"https:\/\/www.arhammar.se\/blog\/wp-json\/wp\/v2\/media\/8475"}],"wp:attachment":[{"href":"https:\/\/www.arhammar.se\/blog\/wp-json\/wp\/v2\/media?parent=1586"}],"wp:term":[{"taxonomy":"category","embeddable":true,"href":"https:\/\/www.arhammar.se\/blog\/wp-json\/wp\/v2\/categories?post=1586"},{"taxonomy":"post_tag","embeddable":true,"href":"https:\/\/www.arhammar.se\/blog\/wp-json\/wp\/v2\/tags?post=1586"}],"curies":[{"name":"wp","href":"https:\/\/api.w.org\/{rel}","templated":true}]}}