{"id":1570,"date":"2016-07-08T21:17:22","date_gmt":"2016-07-08T19:17:22","guid":{"rendered":"http:\/\/www.arhammar.se\/blog\/?p=1570"},"modified":"2016-07-01T08:50:59","modified_gmt":"2016-07-01T06:50:59","slug":"oland-kallas-nordens-capri","status":"publish","type":"post","link":"https:\/\/www.arhammar.se\/blog\/oland-kallas-nordens-capri\/","title":{"rendered":"\u00d6land kallas f\u00f6r Nordens Capri"},"content":{"rendered":"<p><img decoding=\"async\" src=\"http:\/\/www.arhammar.se\/blog\/wp-photos\/vykort67.jpg\"width=\"640\" height=\"420\" alt=\"\" \/><\/p>\n<p>Res till \u00d6land, Nordens Capri, st\u00e5r det p\u00e5 vykortets baksida. Turistf\u00f6reningen har telefonnummer 300 om man vill veta mer. Det \u00e4r tidigt femtital.<br \/>\n.<br \/>\n<em>&#8220;Hj\u00e4rtliga h\u00e4lsningar fr\u00e5n \u00d6lands allvar, d\u00e4r vi vilar och solar om dagarna, och d\u00e4r luften l\u00e4r vara s\u00e5 bra mot (mosters) astma. Sj\u00e4lv var jag inte fult frisk n\u00e4r jag reste och den f\u00f6rsta tiden h\u00e4r fick jag en h\u00e4ftig (ol\u00e4sligt) igen s\u00e5 jag f\u00e5r nog l\u00e4gga in mig f\u00f6r observation och ev operation till h\u00f6sten. Hoppas du \u00e4r frisk och har trevligt och l\u00e4ser in kurserna.&#8221;<\/em><\/p>\n<p><img decoding=\"async\" src=\"http:\/\/www.arhammar.se\/blog\/wp-photos\/vykort67a.jpg\"width=\"640\" height=\"420\" alt=\"\"  \/><\/p>\n<!-- AddThis Advanced Settings generic via filter on the_content --><!-- AddThis Share Buttons generic via filter on the_content -->","protected":false},"excerpt":{"rendered":"<p>Res till \u00d6land, Nordens Capri, st\u00e5r det p\u00e5 vykortets baksida. Turistf\u00f6reningen har telefonnummer 300 om man vill veta mer. Det \u00e4r tidigt femtital. . &#8220;Hj\u00e4rtliga h\u00e4lsningar fr\u00e5n \u00d6lands allvar, d\u00e4r vi vilar och solar om dagarna, och d\u00e4r luften l\u00e4r vara s\u00e5 bra mot (mosters) astma. Sj\u00e4lv var jag inte fult frisk n\u00e4r jag reste [&hellip;]<!-- AddThis Advanced Settings generic via filter on wp_trim_excerpt --><!-- AddThis Share Buttons generic via filter on wp_trim_excerpt --><\/p>\n","protected":false},"author":2,"featured_media":8467,"comment_status":"open","ping_status":"open","sticky":false,"template":"","format":"standard","meta":{"footnotes":""},"categories":[71],"tags":[181,179,180,1241],"class_list":["post-1570","post","type-post","status-publish","format-standard","has-post-thumbnail","hentry","category-dagens-vykort","tag-astma","tag-oland","tag-borgholm","tag-dagens-vykort"],"yoast_head":"<!-- This site is optimized with the Yoast SEO plugin v27.5 - https:\/\/yoast.com\/product\/yoast-seo-wordpress\/ -->\n<title>\u00d6land kallas f\u00f6r Nordens Capri - @Arhammar bokstavligen<\/title>\n<meta name=\"robots\" content=\"index, follow, max-snippet:-1, max-image-preview:large, max-video-preview:-1\" \/>\n<link rel=\"canonical\" href=\"https:\/\/www.arhammar.se\/blog\/oland-kallas-nordens-capri\/\" \/>\n<meta property=\"og:locale\" content=\"en_US\" \/>\n<meta property=\"og:type\" content=\"article\" \/>\n<meta property=\"og:title\" content=\"\u00d6land kallas f\u00f6r Nordens Capri - @Arhammar bokstavligen\" \/>\n<meta property=\"og:description\" content=\"Res till \u00d6land, Nordens Capri, st\u00e5r det p\u00e5 vykortets baksida. Turistf\u00f6reningen har telefonnummer 300 om man vill veta mer. Det \u00e4r tidigt femtital. . &#8220;Hj\u00e4rtliga h\u00e4lsningar fr\u00e5n \u00d6lands allvar, d\u00e4r vi vilar och solar om dagarna, och d\u00e4r luften l\u00e4r vara s\u00e5 bra mot (mosters) astma. Sj\u00e4lv var jag inte fult frisk n\u00e4r jag reste [&hellip;]\" \/>\n<meta property=\"og:url\" content=\"https:\/\/www.arhammar.se\/blog\/oland-kallas-nordens-capri\/\" \/>\n<meta property=\"og:site_name\" content=\"@Arhammar bokstavligen\" \/>\n<meta property=\"article:published_time\" content=\"2016-07-08T19:17:22+00:00\" \/>\n<meta property=\"og:image\" content=\"https:\/\/www.arhammar.se\/blog\/wp-content\/uploads\/2016\/01\/vykort67.jpg\" \/>\n\t<meta property=\"og:image:width\" content=\"640\" \/>\n\t<meta property=\"og:image:height\" content=\"409\" \/>\n\t<meta property=\"og:image:type\" content=\"image\/jpeg\" \/>\n<meta name=\"author\" content=\"Anders Arhammar\" \/>\n<meta name=\"twitter:card\" content=\"summary_large_image\" \/>\n<meta name=\"twitter:label1\" content=\"Written by\" \/>\n\t<meta name=\"twitter:data1\" content=\"Anders Arhammar\" \/>\n\t<meta name=\"twitter:label2\" content=\"Est. reading time\" \/>\n\t<meta name=\"twitter:data2\" content=\"1 minute\" \/>\n<script type=\"application\/ld+json\" class=\"yoast-schema-graph\">{\"@context\":\"https:\\\/\\\/schema.org\",\"@graph\":[{\"@type\":\"Article\",\"@id\":\"https:\\\/\\\/www.arhammar.se\\\/blog\\\/oland-kallas-nordens-capri\\\/#article\",\"isPartOf\":{\"@id\":\"https:\\\/\\\/www.arhammar.se\\\/blog\\\/oland-kallas-nordens-capri\\\/\"},\"author\":{\"name\":\"Anders Arhammar\",\"@id\":\"https:\\\/\\\/www.arhammar.se\\\/blog\\\/#\\\/schema\\\/person\\\/061984c1d884b363e2c91550f2e00d1d\"},\"headline\":\"\u00d6land kallas f\u00f6r Nordens Capri\",\"datePublished\":\"2016-07-08T19:17:22+00:00\",\"mainEntityOfPage\":{\"@id\":\"https:\\\/\\\/www.arhammar.se\\\/blog\\\/oland-kallas-nordens-capri\\\/\"},\"wordCount\":114,\"commentCount\":0,\"image\":{\"@id\":\"https:\\\/\\\/www.arhammar.se\\\/blog\\\/oland-kallas-nordens-capri\\\/#primaryimage\"},\"thumbnailUrl\":\"https:\\\/\\\/www.arhammar.se\\\/blog\\\/wp-content\\\/uploads\\\/2016\\\/01\\\/vykort67.jpg\",\"keywords\":[\"astma\",\"\u00d6land\",\"Borgholm\",\"Dagens vykort\"],\"articleSection\":[\"Dagens vykort\"],\"inLanguage\":\"en-US\",\"potentialAction\":[{\"@type\":\"CommentAction\",\"name\":\"Comment\",\"target\":[\"https:\\\/\\\/www.arhammar.se\\\/blog\\\/oland-kallas-nordens-capri\\\/#respond\"]}]},{\"@type\":\"WebPage\",\"@id\":\"https:\\\/\\\/www.arhammar.se\\\/blog\\\/oland-kallas-nordens-capri\\\/\",\"url\":\"https:\\\/\\\/www.arhammar.se\\\/blog\\\/oland-kallas-nordens-capri\\\/\",\"name\":\"\u00d6land kallas f\u00f6r Nordens Capri - @Arhammar bokstavligen\",\"isPartOf\":{\"@id\":\"https:\\\/\\\/www.arhammar.se\\\/blog\\\/#website\"},\"primaryImageOfPage\":{\"@id\":\"https:\\\/\\\/www.arhammar.se\\\/blog\\\/oland-kallas-nordens-capri\\\/#primaryimage\"},\"image\":{\"@id\":\"https:\\\/\\\/www.arhammar.se\\\/blog\\\/oland-kallas-nordens-capri\\\/#primaryimage\"},\"thumbnailUrl\":\"https:\\\/\\\/www.arhammar.se\\\/blog\\\/wp-content\\\/uploads\\\/2016\\\/01\\\/vykort67.jpg\",\"datePublished\":\"2016-07-08T19:17:22+00:00\",\"author\":{\"@id\":\"https:\\\/\\\/www.arhammar.se\\\/blog\\\/#\\\/schema\\\/person\\\/061984c1d884b363e2c91550f2e00d1d\"},\"breadcrumb\":{\"@id\":\"https:\\\/\\\/www.arhammar.se\\\/blog\\\/oland-kallas-nordens-capri\\\/#breadcrumb\"},\"inLanguage\":\"en-US\",\"potentialAction\":[{\"@type\":\"ReadAction\",\"target\":[\"https:\\\/\\\/www.arhammar.se\\\/blog\\\/oland-kallas-nordens-capri\\\/\"]}]},{\"@type\":\"ImageObject\",\"inLanguage\":\"en-US\",\"@id\":\"https:\\\/\\\/www.arhammar.se\\\/blog\\\/oland-kallas-nordens-capri\\\/#primaryimage\",\"url\":\"https:\\\/\\\/www.arhammar.se\\\/blog\\\/wp-content\\\/uploads\\\/2016\\\/01\\\/vykort67.jpg\",\"contentUrl\":\"https:\\\/\\\/www.arhammar.se\\\/blog\\\/wp-content\\\/uploads\\\/2016\\\/01\\\/vykort67.jpg\",\"width\":640,\"height\":409},{\"@type\":\"BreadcrumbList\",\"@id\":\"https:\\\/\\\/www.arhammar.se\\\/blog\\\/oland-kallas-nordens-capri\\\/#breadcrumb\",\"itemListElement\":[{\"@type\":\"ListItem\",\"position\":1,\"name\":\"Home\",\"item\":\"https:\\\/\\\/www.arhammar.se\\\/blog\\\/\"},{\"@type\":\"ListItem\",\"position\":2,\"name\":\"\u00d6land kallas f\u00f6r Nordens Capri\"}]},{\"@type\":\"WebSite\",\"@id\":\"https:\\\/\\\/www.arhammar.se\\\/blog\\\/#website\",\"url\":\"https:\\\/\\\/www.arhammar.se\\\/blog\\\/\",\"name\":\"@Arhammar bokstavligen\",\"description\":\"Fr\u00e5n min penna och panna\",\"potentialAction\":[{\"@type\":\"SearchAction\",\"target\":{\"@type\":\"EntryPoint\",\"urlTemplate\":\"https:\\\/\\\/www.arhammar.se\\\/blog\\\/?s={search_term_string}\"},\"query-input\":{\"@type\":\"PropertyValueSpecification\",\"valueRequired\":true,\"valueName\":\"search_term_string\"}}],\"inLanguage\":\"en-US\"},{\"@type\":\"Person\",\"@id\":\"https:\\\/\\\/www.arhammar.se\\\/blog\\\/#\\\/schema\\\/person\\\/061984c1d884b363e2c91550f2e00d1d\",\"name\":\"Anders Arhammar\",\"image\":{\"@type\":\"ImageObject\",\"inLanguage\":\"en-US\",\"@id\":\"https:\\\/\\\/secure.gravatar.com\\\/avatar\\\/784b5b36cfe145ae19a52340f405285a939bcc08d4a21136b3a81f9e378ffae0?s=96&d=mm&r=g\",\"url\":\"https:\\\/\\\/secure.gravatar.com\\\/avatar\\\/784b5b36cfe145ae19a52340f405285a939bcc08d4a21136b3a81f9e378ffae0?s=96&d=mm&r=g\",\"contentUrl\":\"https:\\\/\\\/secure.gravatar.com\\\/avatar\\\/784b5b36cfe145ae19a52340f405285a939bcc08d4a21136b3a81f9e378ffae0?s=96&d=mm&r=g\",\"caption\":\"Anders Arhammar\"},\"url\":\"https:\\\/\\\/www.arhammar.se\\\/blog\\\/author\\\/anders\\\/\"}]}<\/script>\n<!-- \/ Yoast SEO plugin. -->","yoast_head_json":{"title":"\u00d6land kallas f\u00f6r Nordens Capri - @Arhammar bokstavligen","robots":{"index":"index","follow":"follow","max-snippet":"max-snippet:-1","max-image-preview":"max-image-preview:large","max-video-preview":"max-video-preview:-1"},"canonical":"https:\/\/www.arhammar.se\/blog\/oland-kallas-nordens-capri\/","og_locale":"en_US","og_type":"article","og_title":"\u00d6land kallas f\u00f6r Nordens Capri - @Arhammar bokstavligen","og_description":"Res till \u00d6land, Nordens Capri, st\u00e5r det p\u00e5 vykortets baksida. Turistf\u00f6reningen har telefonnummer 300 om man vill veta mer. Det \u00e4r tidigt femtital. . &#8220;Hj\u00e4rtliga h\u00e4lsningar fr\u00e5n \u00d6lands allvar, d\u00e4r vi vilar och solar om dagarna, och d\u00e4r luften l\u00e4r vara s\u00e5 bra mot (mosters) astma. Sj\u00e4lv var jag inte fult frisk n\u00e4r jag reste [&hellip;]","og_url":"https:\/\/www.arhammar.se\/blog\/oland-kallas-nordens-capri\/","og_site_name":"@Arhammar bokstavligen","article_published_time":"2016-07-08T19:17:22+00:00","og_image":[{"width":640,"height":409,"url":"https:\/\/www.arhammar.se\/blog\/wp-content\/uploads\/2016\/01\/vykort67.jpg","type":"image\/jpeg"}],"author":"Anders Arhammar","twitter_card":"summary_large_image","twitter_misc":{"Written by":"Anders Arhammar","Est. reading time":"1 minute"},"schema":{"@context":"https:\/\/schema.org","@graph":[{"@type":"Article","@id":"https:\/\/www.arhammar.se\/blog\/oland-kallas-nordens-capri\/#article","isPartOf":{"@id":"https:\/\/www.arhammar.se\/blog\/oland-kallas-nordens-capri\/"},"author":{"name":"Anders Arhammar","@id":"https:\/\/www.arhammar.se\/blog\/#\/schema\/person\/061984c1d884b363e2c91550f2e00d1d"},"headline":"\u00d6land kallas f\u00f6r Nordens Capri","datePublished":"2016-07-08T19:17:22+00:00","mainEntityOfPage":{"@id":"https:\/\/www.arhammar.se\/blog\/oland-kallas-nordens-capri\/"},"wordCount":114,"commentCount":0,"image":{"@id":"https:\/\/www.arhammar.se\/blog\/oland-kallas-nordens-capri\/#primaryimage"},"thumbnailUrl":"https:\/\/www.arhammar.se\/blog\/wp-content\/uploads\/2016\/01\/vykort67.jpg","keywords":["astma","\u00d6land","Borgholm","Dagens vykort"],"articleSection":["Dagens vykort"],"inLanguage":"en-US","potentialAction":[{"@type":"CommentAction","name":"Comment","target":["https:\/\/www.arhammar.se\/blog\/oland-kallas-nordens-capri\/#respond"]}]},{"@type":"WebPage","@id":"https:\/\/www.arhammar.se\/blog\/oland-kallas-nordens-capri\/","url":"https:\/\/www.arhammar.se\/blog\/oland-kallas-nordens-capri\/","name":"\u00d6land kallas f\u00f6r Nordens Capri - @Arhammar bokstavligen","isPartOf":{"@id":"https:\/\/www.arhammar.se\/blog\/#website"},"primaryImageOfPage":{"@id":"https:\/\/www.arhammar.se\/blog\/oland-kallas-nordens-capri\/#primaryimage"},"image":{"@id":"https:\/\/www.arhammar.se\/blog\/oland-kallas-nordens-capri\/#primaryimage"},"thumbnailUrl":"https:\/\/www.arhammar.se\/blog\/wp-content\/uploads\/2016\/01\/vykort67.jpg","datePublished":"2016-07-08T19:17:22+00:00","author":{"@id":"https:\/\/www.arhammar.se\/blog\/#\/schema\/person\/061984c1d884b363e2c91550f2e00d1d"},"breadcrumb":{"@id":"https:\/\/www.arhammar.se\/blog\/oland-kallas-nordens-capri\/#breadcrumb"},"inLanguage":"en-US","potentialAction":[{"@type":"ReadAction","target":["https:\/\/www.arhammar.se\/blog\/oland-kallas-nordens-capri\/"]}]},{"@type":"ImageObject","inLanguage":"en-US","@id":"https:\/\/www.arhammar.se\/blog\/oland-kallas-nordens-capri\/#primaryimage","url":"https:\/\/www.arhammar.se\/blog\/wp-content\/uploads\/2016\/01\/vykort67.jpg","contentUrl":"https:\/\/www.arhammar.se\/blog\/wp-content\/uploads\/2016\/01\/vykort67.jpg","width":640,"height":409},{"@type":"BreadcrumbList","@id":"https:\/\/www.arhammar.se\/blog\/oland-kallas-nordens-capri\/#breadcrumb","itemListElement":[{"@type":"ListItem","position":1,"name":"Home","item":"https:\/\/www.arhammar.se\/blog\/"},{"@type":"ListItem","position":2,"name":"\u00d6land kallas f\u00f6r Nordens Capri"}]},{"@type":"WebSite","@id":"https:\/\/www.arhammar.se\/blog\/#website","url":"https:\/\/www.arhammar.se\/blog\/","name":"@Arhammar bokstavligen","description":"Fr\u00e5n min penna och panna","potentialAction":[{"@type":"SearchAction","target":{"@type":"EntryPoint","urlTemplate":"https:\/\/www.arhammar.se\/blog\/?s={search_term_string}"},"query-input":{"@type":"PropertyValueSpecification","valueRequired":true,"valueName":"search_term_string"}}],"inLanguage":"en-US"},{"@type":"Person","@id":"https:\/\/www.arhammar.se\/blog\/#\/schema\/person\/061984c1d884b363e2c91550f2e00d1d","name":"Anders Arhammar","image":{"@type":"ImageObject","inLanguage":"en-US","@id":"https:\/\/secure.gravatar.com\/avatar\/784b5b36cfe145ae19a52340f405285a939bcc08d4a21136b3a81f9e378ffae0?s=96&d=mm&r=g","url":"https:\/\/secure.gravatar.com\/avatar\/784b5b36cfe145ae19a52340f405285a939bcc08d4a21136b3a81f9e378ffae0?s=96&d=mm&r=g","contentUrl":"https:\/\/secure.gravatar.com\/avatar\/784b5b36cfe145ae19a52340f405285a939bcc08d4a21136b3a81f9e378ffae0?s=96&d=mm&r=g","caption":"Anders Arhammar"},"url":"https:\/\/www.arhammar.se\/blog\/author\/anders\/"}]}},"_links":{"self":[{"href":"https:\/\/www.arhammar.se\/blog\/wp-json\/wp\/v2\/posts\/1570","targetHints":{"allow":["GET"]}}],"collection":[{"href":"https:\/\/www.arhammar.se\/blog\/wp-json\/wp\/v2\/posts"}],"about":[{"href":"https:\/\/www.arhammar.se\/blog\/wp-json\/wp\/v2\/types\/post"}],"author":[{"embeddable":true,"href":"https:\/\/www.arhammar.se\/blog\/wp-json\/wp\/v2\/users\/2"}],"replies":[{"embeddable":true,"href":"https:\/\/www.arhammar.se\/blog\/wp-json\/wp\/v2\/comments?post=1570"}],"version-history":[{"count":0,"href":"https:\/\/www.arhammar.se\/blog\/wp-json\/wp\/v2\/posts\/1570\/revisions"}],"wp:featuredmedia":[{"embeddable":true,"href":"https:\/\/www.arhammar.se\/blog\/wp-json\/wp\/v2\/media\/8467"}],"wp:attachment":[{"href":"https:\/\/www.arhammar.se\/blog\/wp-json\/wp\/v2\/media?parent=1570"}],"wp:term":[{"taxonomy":"category","embeddable":true,"href":"https:\/\/www.arhammar.se\/blog\/wp-json\/wp\/v2\/categories?post=1570"},{"taxonomy":"post_tag","embeddable":true,"href":"https:\/\/www.arhammar.se\/blog\/wp-json\/wp\/v2\/tags?post=1570"}],"curies":[{"name":"wp","href":"https:\/\/api.w.org\/{rel}","templated":true}]}}