{"id":1552,"date":"2016-07-03T21:26:36","date_gmt":"2016-07-03T19:26:36","guid":{"rendered":"http:\/\/www.arhammar.se\/blog\/?p=1552"},"modified":"2016-07-04T12:07:39","modified_gmt":"2016-07-04T10:07:39","slug":"det-regnar-inte-pa-bjorkon-idag","status":"publish","type":"post","link":"https:\/\/www.arhammar.se\/blog\/det-regnar-inte-pa-bjorkon-idag\/","title":{"rendered":"Det regnar inte p\u00e5 Bj\u00f6rk\u00f6n idag"},"content":{"rendered":"<p><img decoding=\"async\" src=\"http:\/\/www.arhammar.se\/blog\/wp-photos\/vykort62.jpg\"width=\"640\"  alt=\"Bj\u00f6rk\u00f6\" \/><\/p>\n<p>Det enda vykort jag hittat, till den adress d\u00e4r jag f\u00f6ddes, Aspgatan i Hagalund. Och det f\u00f6rest\u00e4ller Bj\u00f6rk\u00f6n. M\u00e5ste vara skrivet 1952, efter den 19 april. Fr\u00e5n min farmor.<\/p>\n<p><em>&#8220;H\u00e4lsningar fr\u00e5n Bj\u00f6rk\u00f6n, d\u00e4r vi just nu \u00e4r p\u00e5 utflykt. Idag \u00e4r den f\u00f6rsta vackra dagen p\u00e5 kursen, annars regnar det mest varje dag. Allt \u00e4r annars mycket trevligt och jag har b\u00f6rjat kunna sova bra. Hj\u00e4rtl. h\u00e4lsn. Mamma.&#8221;<\/em><\/p>\n<p><img decoding=\"async\" src=\"http:\/\/www.arhammar.se\/blog\/wp-photos\/vykort62a.jpg\"width=\"640\" height=\"420\" alt=\"\" \/><\/p>\n<!-- AddThis Advanced Settings generic via filter on the_content --><!-- AddThis Share Buttons generic via filter on the_content -->","protected":false},"excerpt":{"rendered":"<p>Det enda vykort jag hittat, till den adress d\u00e4r jag f\u00f6ddes, Aspgatan i Hagalund. Och det f\u00f6rest\u00e4ller Bj\u00f6rk\u00f6n. M\u00e5ste vara skrivet 1952, efter den 19 april. Fr\u00e5n min farmor. &#8220;H\u00e4lsningar fr\u00e5n Bj\u00f6rk\u00f6n, d\u00e4r vi just nu \u00e4r p\u00e5 utflykt. Idag \u00e4r den f\u00f6rsta vackra dagen p\u00e5 kursen, annars regnar det mest varje dag. Allt \u00e4r [&hellip;]<!-- AddThis Advanced Settings generic via filter on wp_trim_excerpt --><!-- AddThis Share Buttons generic via filter on wp_trim_excerpt --><\/p>\n","protected":false},"author":2,"featured_media":8463,"comment_status":"open","ping_status":"open","sticky":false,"template":"","format":"standard","meta":{"footnotes":""},"categories":[71],"tags":[154,1241,157],"class_list":["post-1552","post","type-post","status-publish","format-standard","has-post-thumbnail","hentry","category-dagens-vykort","tag-bjorko","tag-dagens-vykort","tag-hagalund"],"yoast_head":"<!-- This site is optimized with the Yoast SEO plugin v27.5 - https:\/\/yoast.com\/product\/yoast-seo-wordpress\/ -->\n<title>Det regnar inte p\u00e5 Bj\u00f6rk\u00f6n idag - @Arhammar bokstavligen<\/title>\n<meta name=\"robots\" content=\"index, follow, max-snippet:-1, max-image-preview:large, max-video-preview:-1\" \/>\n<link rel=\"canonical\" href=\"https:\/\/www.arhammar.se\/blog\/det-regnar-inte-pa-bjorkon-idag\/\" \/>\n<meta property=\"og:locale\" content=\"en_US\" \/>\n<meta property=\"og:type\" content=\"article\" \/>\n<meta property=\"og:title\" content=\"Det regnar inte p\u00e5 Bj\u00f6rk\u00f6n idag - @Arhammar bokstavligen\" \/>\n<meta property=\"og:description\" content=\"Det enda vykort jag hittat, till den adress d\u00e4r jag f\u00f6ddes, Aspgatan i Hagalund. Och det f\u00f6rest\u00e4ller Bj\u00f6rk\u00f6n. M\u00e5ste vara skrivet 1952, efter den 19 april. Fr\u00e5n min farmor. &#8220;H\u00e4lsningar fr\u00e5n Bj\u00f6rk\u00f6n, d\u00e4r vi just nu \u00e4r p\u00e5 utflykt. Idag \u00e4r den f\u00f6rsta vackra dagen p\u00e5 kursen, annars regnar det mest varje dag. Allt \u00e4r [&hellip;]\" \/>\n<meta property=\"og:url\" content=\"https:\/\/www.arhammar.se\/blog\/det-regnar-inte-pa-bjorkon-idag\/\" \/>\n<meta property=\"og:site_name\" content=\"@Arhammar bokstavligen\" \/>\n<meta property=\"article:published_time\" content=\"2016-07-03T19:26:36+00:00\" \/>\n<meta property=\"article:modified_time\" content=\"2016-07-04T10:07:39+00:00\" \/>\n<meta property=\"og:image\" content=\"https:\/\/www.arhammar.se\/blog\/wp-content\/uploads\/2016\/01\/vykort62.jpg\" \/>\n\t<meta property=\"og:image:width\" content=\"640\" \/>\n\t<meta property=\"og:image:height\" content=\"915\" \/>\n\t<meta property=\"og:image:type\" content=\"image\/jpeg\" \/>\n<meta name=\"author\" content=\"Anders Arhammar\" \/>\n<meta name=\"twitter:card\" content=\"summary_large_image\" \/>\n<meta name=\"twitter:label1\" content=\"Written by\" \/>\n\t<meta name=\"twitter:data1\" content=\"Anders Arhammar\" \/>\n<script type=\"application\/ld+json\" class=\"yoast-schema-graph\">{\"@context\":\"https:\\\/\\\/schema.org\",\"@graph\":[{\"@type\":\"Article\",\"@id\":\"https:\\\/\\\/www.arhammar.se\\\/blog\\\/det-regnar-inte-pa-bjorkon-idag\\\/#article\",\"isPartOf\":{\"@id\":\"https:\\\/\\\/www.arhammar.se\\\/blog\\\/det-regnar-inte-pa-bjorkon-idag\\\/\"},\"author\":{\"name\":\"Anders Arhammar\",\"@id\":\"https:\\\/\\\/www.arhammar.se\\\/blog\\\/#\\\/schema\\\/person\\\/061984c1d884b363e2c91550f2e00d1d\"},\"headline\":\"Det regnar inte p\u00e5 Bj\u00f6rk\u00f6n idag\",\"datePublished\":\"2016-07-03T19:26:36+00:00\",\"dateModified\":\"2016-07-04T10:07:39+00:00\",\"mainEntityOfPage\":{\"@id\":\"https:\\\/\\\/www.arhammar.se\\\/blog\\\/det-regnar-inte-pa-bjorkon-idag\\\/\"},\"wordCount\":91,\"commentCount\":0,\"image\":{\"@id\":\"https:\\\/\\\/www.arhammar.se\\\/blog\\\/det-regnar-inte-pa-bjorkon-idag\\\/#primaryimage\"},\"thumbnailUrl\":\"https:\\\/\\\/www.arhammar.se\\\/blog\\\/wp-content\\\/uploads\\\/2016\\\/01\\\/vykort62.jpg\",\"keywords\":[\"Bj\u00f6rk\u00f6\",\"Dagens vykort\",\"Hagalund\"],\"articleSection\":[\"Dagens vykort\"],\"inLanguage\":\"en-US\",\"potentialAction\":[{\"@type\":\"CommentAction\",\"name\":\"Comment\",\"target\":[\"https:\\\/\\\/www.arhammar.se\\\/blog\\\/det-regnar-inte-pa-bjorkon-idag\\\/#respond\"]}]},{\"@type\":\"WebPage\",\"@id\":\"https:\\\/\\\/www.arhammar.se\\\/blog\\\/det-regnar-inte-pa-bjorkon-idag\\\/\",\"url\":\"https:\\\/\\\/www.arhammar.se\\\/blog\\\/det-regnar-inte-pa-bjorkon-idag\\\/\",\"name\":\"Det regnar inte p\u00e5 Bj\u00f6rk\u00f6n idag - @Arhammar bokstavligen\",\"isPartOf\":{\"@id\":\"https:\\\/\\\/www.arhammar.se\\\/blog\\\/#website\"},\"primaryImageOfPage\":{\"@id\":\"https:\\\/\\\/www.arhammar.se\\\/blog\\\/det-regnar-inte-pa-bjorkon-idag\\\/#primaryimage\"},\"image\":{\"@id\":\"https:\\\/\\\/www.arhammar.se\\\/blog\\\/det-regnar-inte-pa-bjorkon-idag\\\/#primaryimage\"},\"thumbnailUrl\":\"https:\\\/\\\/www.arhammar.se\\\/blog\\\/wp-content\\\/uploads\\\/2016\\\/01\\\/vykort62.jpg\",\"datePublished\":\"2016-07-03T19:26:36+00:00\",\"dateModified\":\"2016-07-04T10:07:39+00:00\",\"author\":{\"@id\":\"https:\\\/\\\/www.arhammar.se\\\/blog\\\/#\\\/schema\\\/person\\\/061984c1d884b363e2c91550f2e00d1d\"},\"breadcrumb\":{\"@id\":\"https:\\\/\\\/www.arhammar.se\\\/blog\\\/det-regnar-inte-pa-bjorkon-idag\\\/#breadcrumb\"},\"inLanguage\":\"en-US\",\"potentialAction\":[{\"@type\":\"ReadAction\",\"target\":[\"https:\\\/\\\/www.arhammar.se\\\/blog\\\/det-regnar-inte-pa-bjorkon-idag\\\/\"]}]},{\"@type\":\"ImageObject\",\"inLanguage\":\"en-US\",\"@id\":\"https:\\\/\\\/www.arhammar.se\\\/blog\\\/det-regnar-inte-pa-bjorkon-idag\\\/#primaryimage\",\"url\":\"https:\\\/\\\/www.arhammar.se\\\/blog\\\/wp-content\\\/uploads\\\/2016\\\/01\\\/vykort62.jpg\",\"contentUrl\":\"https:\\\/\\\/www.arhammar.se\\\/blog\\\/wp-content\\\/uploads\\\/2016\\\/01\\\/vykort62.jpg\",\"width\":640,\"height\":915},{\"@type\":\"BreadcrumbList\",\"@id\":\"https:\\\/\\\/www.arhammar.se\\\/blog\\\/det-regnar-inte-pa-bjorkon-idag\\\/#breadcrumb\",\"itemListElement\":[{\"@type\":\"ListItem\",\"position\":1,\"name\":\"Home\",\"item\":\"https:\\\/\\\/www.arhammar.se\\\/blog\\\/\"},{\"@type\":\"ListItem\",\"position\":2,\"name\":\"Det regnar inte p\u00e5 Bj\u00f6rk\u00f6n idag\"}]},{\"@type\":\"WebSite\",\"@id\":\"https:\\\/\\\/www.arhammar.se\\\/blog\\\/#website\",\"url\":\"https:\\\/\\\/www.arhammar.se\\\/blog\\\/\",\"name\":\"@Arhammar bokstavligen\",\"description\":\"Fr\u00e5n min penna och panna\",\"potentialAction\":[{\"@type\":\"SearchAction\",\"target\":{\"@type\":\"EntryPoint\",\"urlTemplate\":\"https:\\\/\\\/www.arhammar.se\\\/blog\\\/?s={search_term_string}\"},\"query-input\":{\"@type\":\"PropertyValueSpecification\",\"valueRequired\":true,\"valueName\":\"search_term_string\"}}],\"inLanguage\":\"en-US\"},{\"@type\":\"Person\",\"@id\":\"https:\\\/\\\/www.arhammar.se\\\/blog\\\/#\\\/schema\\\/person\\\/061984c1d884b363e2c91550f2e00d1d\",\"name\":\"Anders Arhammar\",\"image\":{\"@type\":\"ImageObject\",\"inLanguage\":\"en-US\",\"@id\":\"https:\\\/\\\/secure.gravatar.com\\\/avatar\\\/784b5b36cfe145ae19a52340f405285a939bcc08d4a21136b3a81f9e378ffae0?s=96&d=mm&r=g\",\"url\":\"https:\\\/\\\/secure.gravatar.com\\\/avatar\\\/784b5b36cfe145ae19a52340f405285a939bcc08d4a21136b3a81f9e378ffae0?s=96&d=mm&r=g\",\"contentUrl\":\"https:\\\/\\\/secure.gravatar.com\\\/avatar\\\/784b5b36cfe145ae19a52340f405285a939bcc08d4a21136b3a81f9e378ffae0?s=96&d=mm&r=g\",\"caption\":\"Anders Arhammar\"},\"url\":\"https:\\\/\\\/www.arhammar.se\\\/blog\\\/author\\\/anders\\\/\"}]}<\/script>\n<!-- \/ Yoast SEO plugin. -->","yoast_head_json":{"title":"Det regnar inte p\u00e5 Bj\u00f6rk\u00f6n idag - @Arhammar bokstavligen","robots":{"index":"index","follow":"follow","max-snippet":"max-snippet:-1","max-image-preview":"max-image-preview:large","max-video-preview":"max-video-preview:-1"},"canonical":"https:\/\/www.arhammar.se\/blog\/det-regnar-inte-pa-bjorkon-idag\/","og_locale":"en_US","og_type":"article","og_title":"Det regnar inte p\u00e5 Bj\u00f6rk\u00f6n idag - @Arhammar bokstavligen","og_description":"Det enda vykort jag hittat, till den adress d\u00e4r jag f\u00f6ddes, Aspgatan i Hagalund. Och det f\u00f6rest\u00e4ller Bj\u00f6rk\u00f6n. M\u00e5ste vara skrivet 1952, efter den 19 april. Fr\u00e5n min farmor. &#8220;H\u00e4lsningar fr\u00e5n Bj\u00f6rk\u00f6n, d\u00e4r vi just nu \u00e4r p\u00e5 utflykt. Idag \u00e4r den f\u00f6rsta vackra dagen p\u00e5 kursen, annars regnar det mest varje dag. Allt \u00e4r [&hellip;]","og_url":"https:\/\/www.arhammar.se\/blog\/det-regnar-inte-pa-bjorkon-idag\/","og_site_name":"@Arhammar bokstavligen","article_published_time":"2016-07-03T19:26:36+00:00","article_modified_time":"2016-07-04T10:07:39+00:00","og_image":[{"width":640,"height":915,"url":"https:\/\/www.arhammar.se\/blog\/wp-content\/uploads\/2016\/01\/vykort62.jpg","type":"image\/jpeg"}],"author":"Anders Arhammar","twitter_card":"summary_large_image","twitter_misc":{"Written by":"Anders Arhammar"},"schema":{"@context":"https:\/\/schema.org","@graph":[{"@type":"Article","@id":"https:\/\/www.arhammar.se\/blog\/det-regnar-inte-pa-bjorkon-idag\/#article","isPartOf":{"@id":"https:\/\/www.arhammar.se\/blog\/det-regnar-inte-pa-bjorkon-idag\/"},"author":{"name":"Anders Arhammar","@id":"https:\/\/www.arhammar.se\/blog\/#\/schema\/person\/061984c1d884b363e2c91550f2e00d1d"},"headline":"Det regnar inte p\u00e5 Bj\u00f6rk\u00f6n idag","datePublished":"2016-07-03T19:26:36+00:00","dateModified":"2016-07-04T10:07:39+00:00","mainEntityOfPage":{"@id":"https:\/\/www.arhammar.se\/blog\/det-regnar-inte-pa-bjorkon-idag\/"},"wordCount":91,"commentCount":0,"image":{"@id":"https:\/\/www.arhammar.se\/blog\/det-regnar-inte-pa-bjorkon-idag\/#primaryimage"},"thumbnailUrl":"https:\/\/www.arhammar.se\/blog\/wp-content\/uploads\/2016\/01\/vykort62.jpg","keywords":["Bj\u00f6rk\u00f6","Dagens vykort","Hagalund"],"articleSection":["Dagens vykort"],"inLanguage":"en-US","potentialAction":[{"@type":"CommentAction","name":"Comment","target":["https:\/\/www.arhammar.se\/blog\/det-regnar-inte-pa-bjorkon-idag\/#respond"]}]},{"@type":"WebPage","@id":"https:\/\/www.arhammar.se\/blog\/det-regnar-inte-pa-bjorkon-idag\/","url":"https:\/\/www.arhammar.se\/blog\/det-regnar-inte-pa-bjorkon-idag\/","name":"Det regnar inte p\u00e5 Bj\u00f6rk\u00f6n idag - @Arhammar bokstavligen","isPartOf":{"@id":"https:\/\/www.arhammar.se\/blog\/#website"},"primaryImageOfPage":{"@id":"https:\/\/www.arhammar.se\/blog\/det-regnar-inte-pa-bjorkon-idag\/#primaryimage"},"image":{"@id":"https:\/\/www.arhammar.se\/blog\/det-regnar-inte-pa-bjorkon-idag\/#primaryimage"},"thumbnailUrl":"https:\/\/www.arhammar.se\/blog\/wp-content\/uploads\/2016\/01\/vykort62.jpg","datePublished":"2016-07-03T19:26:36+00:00","dateModified":"2016-07-04T10:07:39+00:00","author":{"@id":"https:\/\/www.arhammar.se\/blog\/#\/schema\/person\/061984c1d884b363e2c91550f2e00d1d"},"breadcrumb":{"@id":"https:\/\/www.arhammar.se\/blog\/det-regnar-inte-pa-bjorkon-idag\/#breadcrumb"},"inLanguage":"en-US","potentialAction":[{"@type":"ReadAction","target":["https:\/\/www.arhammar.se\/blog\/det-regnar-inte-pa-bjorkon-idag\/"]}]},{"@type":"ImageObject","inLanguage":"en-US","@id":"https:\/\/www.arhammar.se\/blog\/det-regnar-inte-pa-bjorkon-idag\/#primaryimage","url":"https:\/\/www.arhammar.se\/blog\/wp-content\/uploads\/2016\/01\/vykort62.jpg","contentUrl":"https:\/\/www.arhammar.se\/blog\/wp-content\/uploads\/2016\/01\/vykort62.jpg","width":640,"height":915},{"@type":"BreadcrumbList","@id":"https:\/\/www.arhammar.se\/blog\/det-regnar-inte-pa-bjorkon-idag\/#breadcrumb","itemListElement":[{"@type":"ListItem","position":1,"name":"Home","item":"https:\/\/www.arhammar.se\/blog\/"},{"@type":"ListItem","position":2,"name":"Det regnar inte p\u00e5 Bj\u00f6rk\u00f6n idag"}]},{"@type":"WebSite","@id":"https:\/\/www.arhammar.se\/blog\/#website","url":"https:\/\/www.arhammar.se\/blog\/","name":"@Arhammar bokstavligen","description":"Fr\u00e5n min penna och panna","potentialAction":[{"@type":"SearchAction","target":{"@type":"EntryPoint","urlTemplate":"https:\/\/www.arhammar.se\/blog\/?s={search_term_string}"},"query-input":{"@type":"PropertyValueSpecification","valueRequired":true,"valueName":"search_term_string"}}],"inLanguage":"en-US"},{"@type":"Person","@id":"https:\/\/www.arhammar.se\/blog\/#\/schema\/person\/061984c1d884b363e2c91550f2e00d1d","name":"Anders Arhammar","image":{"@type":"ImageObject","inLanguage":"en-US","@id":"https:\/\/secure.gravatar.com\/avatar\/784b5b36cfe145ae19a52340f405285a939bcc08d4a21136b3a81f9e378ffae0?s=96&d=mm&r=g","url":"https:\/\/secure.gravatar.com\/avatar\/784b5b36cfe145ae19a52340f405285a939bcc08d4a21136b3a81f9e378ffae0?s=96&d=mm&r=g","contentUrl":"https:\/\/secure.gravatar.com\/avatar\/784b5b36cfe145ae19a52340f405285a939bcc08d4a21136b3a81f9e378ffae0?s=96&d=mm&r=g","caption":"Anders Arhammar"},"url":"https:\/\/www.arhammar.se\/blog\/author\/anders\/"}]}},"_links":{"self":[{"href":"https:\/\/www.arhammar.se\/blog\/wp-json\/wp\/v2\/posts\/1552","targetHints":{"allow":["GET"]}}],"collection":[{"href":"https:\/\/www.arhammar.se\/blog\/wp-json\/wp\/v2\/posts"}],"about":[{"href":"https:\/\/www.arhammar.se\/blog\/wp-json\/wp\/v2\/types\/post"}],"author":[{"embeddable":true,"href":"https:\/\/www.arhammar.se\/blog\/wp-json\/wp\/v2\/users\/2"}],"replies":[{"embeddable":true,"href":"https:\/\/www.arhammar.se\/blog\/wp-json\/wp\/v2\/comments?post=1552"}],"version-history":[{"count":0,"href":"https:\/\/www.arhammar.se\/blog\/wp-json\/wp\/v2\/posts\/1552\/revisions"}],"wp:featuredmedia":[{"embeddable":true,"href":"https:\/\/www.arhammar.se\/blog\/wp-json\/wp\/v2\/media\/8463"}],"wp:attachment":[{"href":"https:\/\/www.arhammar.se\/blog\/wp-json\/wp\/v2\/media?parent=1552"}],"wp:term":[{"taxonomy":"category","embeddable":true,"href":"https:\/\/www.arhammar.se\/blog\/wp-json\/wp\/v2\/categories?post=1552"},{"taxonomy":"post_tag","embeddable":true,"href":"https:\/\/www.arhammar.se\/blog\/wp-json\/wp\/v2\/tags?post=1552"}],"curies":[{"name":"wp","href":"https:\/\/api.w.org\/{rel}","templated":true}]}}