{"id":11768,"date":"2017-06-01T22:22:17","date_gmt":"2017-06-01T20:22:17","guid":{"rendered":"https:\/\/www.arhammar.se\/blog\/?p=11768"},"modified":"2026-01-15T19:26:16","modified_gmt":"2026-01-15T18:26:16","slug":"solna-kulturmiljopris-2017","status":"publish","type":"post","link":"https:\/\/www.arhammar.se\/blog\/solna-kulturmiljopris-2017\/","title":{"rendered":"Solna kulturmilj\u00f6pris 2017"},"content":{"rendered":"<div class=\"et_pb_section_0 et_pb_section et_section_regular et_block_section\"><div class=\"et_pb_row_0 et_pb_row et_block_row\"><div class=\"et_pb_column_0 et_pb_column et_pb_column_4_4 et-last-child et_block_column et_pb_css_mix_blend_mode_passthrough\"><div class=\"et_pb_text_0 et_pb_text et_pb_bg_layout_light et_pb_module et_block_module et_pb_text_align_left\"><div class=\"et_pb_text_inner\"><p><img loading=\"lazy\" decoding=\"async\" src=\"https:\/\/www.arhammar.se\/blog\/wp-content\/uploads\/2017\/06\/IMG_3703.jpg\" alt=\"\" width=\"640\" height=\"480\" \/><\/p>\n<p>Jag har f\u00e5tt Solna kulturmilj\u00f6pris 2017.<br \/>\nMed \u00e4ran f\u00f6ljde en vacker blombukett, ett stiligt diplom men framf\u00f6rallt: en motivering som jag tackar extra f\u00f6r och g\u00e4rna delar med mig av.<\/p>\n<p><em>N\u00e4sta fredag den 9 juni \u00e4r det precis 190 \u00e5r sedan Johan Olof Wallin, en av v\u00e5ra mest k\u00e4nda psalmdiktare och sedermera \u00e4rkebiskop, invigde vad som de f\u00f6rsta100 \u00e5ren kallades f\u00f6r \"Nya kyrkog\u00e5rden\".<\/p>\n<p>Men som sedan 90 \u00e5r tillbaka g\u00e5r under namnet Stockholms norra begravningsplats. Av detta namn kan man l\u00e4tt f\u00f6rledas tro att den ligger i Stockholm, men den ligger - och har alltid legat -i Solna.<\/p>\n<p>Platsen omges av Solna kyrkv\u00e4g, Banvaktsv\u00e4gen, Hagav\u00e4gen och Uppsalav\u00e4gen. Mellan dessa fyra v\u00e4gar ryms hela 62 hektar milt tuktad natur och omkring 33 000 gravar, vilket g\u00f6r den till en av Sveriges st\u00f6rsta kyrkog\u00e5rdar. En imponerande anl\u00e4ggning som ocks\u00e5 \u00e4r en av Solna stads viktiga gr\u00f6na lungor.<\/p>\n<p>Begravningsplatsen \u00e4r ett vackert omr\u00e5de med stor variation och omv\u00e4xling samt m\u00e4ngder av m\u00e4nskliga sp\u00e5r i harmoni med naturen. Flera skulpturer, reliefer och andra konstn\u00e4rliga utsmyckningar \u00e4r skapade av n\u00e5gra av Sveriges mest framst\u00e5ende skulpt\u00f6rer. Mycket v\u00e4xtlighet omger och skuggar gravarna. H\u00e4r finns l\u00f6vtr\u00e4dsall\u00e9er samt klippta h\u00e4ckar och buskar.<\/p>\n<p>H\u00e4r finns enkla gravar, stora gravar, fantasisfulla gravar, vanliga gravar och \u00e4ven gravstenar som \u00e4r verkliga konstverk liksom ett och annat mausoleum.<\/p>\n<p>H\u00e4r kan vi l\u00e5ta tankarna g\u00e5 till de m\u00e4nniskor som levat och verkat f\u00f6re v\u00e5r tid. Och h\u00e4r kan vi p\u00e5minnas om k\u00e4nda personer som f\u00e5tt sin sista vila just p\u00e5 denna plats. En plats vars sj\u00e4l pr\u00e4glas av historia och kontinuitet, en plats som f\u00f6rtj\u00e4nar mer uppm\u00e4rksamhet \u00e4n vad den har idag.<\/p>\n<p>Men det \u00e4r ocks\u00e5 en plats som vi Solnabor kanske inte bes\u00f6ker s\u00e4rskilt ofta. Fast det finns Q person som har gjort v\u00e4ldigt m\u00e5nga bes\u00f6k h\u00e4r. Med kamera och anteckningsblock i h\u00f6gsta hugg. Syftet har varit att dokumentera platsen, ber\u00e4tta om den och d\u00e4rmed g\u00f6ra den \u00e4nnu mer tillg\u00e4nglig och intressant f\u00f6r oss Solnabor och alla andra som g\u00e4star v\u00e5r stad.<\/p>\n<p>Genom modern teknik -internet och webb - har begravningsplatsen gjorts tillg\u00e4nglig och intressant f\u00f6r oss som bor i Solna och andra intresserade \u00f6ver hela v\u00e4rlden. Webbplatsen rymmer nu vackra foton p\u00e5 700 gravstenar och konstverk.<\/p>\n<p>H\u00e4r f\u00e5r vi hj\u00e4lp att hitta till k\u00e4nda personers gravplats och vi f\u00e5r l\u00e4nkar till det digitala uppslagsverket Wikipedia, d\u00e4r vi kan stilla nyfikenheten om personen ifr\u00e5ga.<\/p>\n<p>Och det kommer mer. Det finns l\u00e5ngt framskridna planer p\u00e5 att komplettera webbplatsen med korta filmer. Det finns ocks\u00e5 planer p\u00e5 att g\u00f6ra en motsvarande webbplats som handlar om Solna kyrkog\u00e5rd.<\/p>\n<p>Solna kulturmilj\u00f6pris ska f\u00f6r\u00e4ras en person som gjort en betydelsefull insats f\u00f6r stadens kulturmilj\u00f6. P\u00e5 webbplatsen \"<a href=\"https:\/\/norrabegravningsplatsen.se\" target=\"_blank\">www.norrabegravningsplatsen.se<\/a>\" dokumenteras en viktig del av v\u00e5r kulturmilj\u00f6 p\u00e5 ett s\u00e4tt som engagerar och som lockar till bes\u00f6k och promenader.<\/p>\n<p>\u00c5rets kulturmilj\u00f6pristagare har en attityd som pr\u00e4glas inte bara av nyfikenhet och uppt\u00e4ckarlust utan minst lika mycket av generositet och en vilja att dela med sig av sina kunskaper.<\/p>\n<p>Arbetet har bedrivits under flera \u00e5r p\u00e5 eget initiativ och helt med egna resurser. En s\u00e5dan attityd vill vi g\u00e4rna lyfta fram, eftersom den \u00e4r n\u00f6dv\u00e4ndig f\u00f6r att vi tillsammans ska f\u00f6rm\u00e5 att v\u00e4rna om v\u00e5rt kulturarv. Det \u00e4r med gl\u00e4dje vi tilldelar fotografen och f\u00f6rfattaren Anders Arhammar Solna kulturmilj\u00f6pris 2017.<\/em><\/p>\n<\/div><\/div><\/div><\/div><\/div><!-- AddThis Advanced Settings generic via filter on the_content --><!-- AddThis Share Buttons generic via filter on the_content -->","protected":false},"excerpt":{"rendered":"<p><!-- AddThis Advanced Settings generic via filter on wp_trim_excerpt --><!-- AddThis Share Buttons generic via filter on wp_trim_excerpt --><\/p>\n","protected":false},"author":2,"featured_media":11770,"comment_status":"open","ping_status":"open","sticky":false,"template":"","format":"standard","meta":{"footnotes":""},"categories":[79,441,3407,483],"tags":[],"class_list":["post-11768","post","type-post","status-publish","format-standard","has-post-thumbnail","hentry","category-historia","category-mina-projekt","category-mobil-blogg-17","category-solna"],"yoast_head":"<!-- This site is optimized with the Yoast SEO plugin v27.5 - https:\/\/yoast.com\/product\/yoast-seo-wordpress\/ -->\n<title>Solna kulturmilj\u00f6pris 2017 - @Arhammar bokstavligen<\/title>\n<meta name=\"robots\" content=\"index, follow, max-snippet:-1, max-image-preview:large, max-video-preview:-1\" \/>\n<link rel=\"canonical\" href=\"https:\/\/www.arhammar.se\/blog\/solna-kulturmiljopris-2017\/\" \/>\n<meta property=\"og:locale\" content=\"en_US\" \/>\n<meta property=\"og:type\" content=\"article\" \/>\n<meta property=\"og:title\" content=\"Solna kulturmilj\u00f6pris 2017 - @Arhammar bokstavligen\" \/>\n<meta property=\"og:url\" content=\"https:\/\/www.arhammar.se\/blog\/solna-kulturmiljopris-2017\/\" \/>\n<meta property=\"og:site_name\" content=\"@Arhammar bokstavligen\" \/>\n<meta property=\"article:published_time\" content=\"2017-06-01T20:22:17+00:00\" \/>\n<meta property=\"article:modified_time\" content=\"2026-01-15T18:26:16+00:00\" \/>\n<meta property=\"og:image\" content=\"https:\/\/www.arhammar.se\/blog\/wp-content\/uploads\/2017\/06\/IMG_3703.jpg\" \/>\n\t<meta property=\"og:image:width\" content=\"640\" \/>\n\t<meta property=\"og:image:height\" content=\"480\" \/>\n\t<meta property=\"og:image:type\" content=\"image\/jpeg\" \/>\n<meta name=\"author\" content=\"Anders Arhammar\" \/>\n<meta name=\"twitter:card\" content=\"summary_large_image\" \/>\n<meta name=\"twitter:label1\" content=\"Written by\" \/>\n\t<meta name=\"twitter:data1\" content=\"Anders Arhammar\" \/>\n<script type=\"application\/ld+json\" class=\"yoast-schema-graph\">{\"@context\":\"https:\\\/\\\/schema.org\",\"@graph\":[{\"@type\":\"Article\",\"@id\":\"https:\\\/\\\/www.arhammar.se\\\/blog\\\/solna-kulturmiljopris-2017\\\/#article\",\"isPartOf\":{\"@id\":\"https:\\\/\\\/www.arhammar.se\\\/blog\\\/solna-kulturmiljopris-2017\\\/\"},\"author\":{\"name\":\"Anders Arhammar\",\"@id\":\"https:\\\/\\\/www.arhammar.se\\\/blog\\\/#\\\/schema\\\/person\\\/061984c1d884b363e2c91550f2e00d1d\"},\"headline\":\"Solna kulturmilj\u00f6pris 2017\",\"datePublished\":\"2017-06-01T20:22:17+00:00\",\"dateModified\":\"2026-01-15T18:26:16+00:00\",\"mainEntityOfPage\":{\"@id\":\"https:\\\/\\\/www.arhammar.se\\\/blog\\\/solna-kulturmiljopris-2017\\\/\"},\"wordCount\":3,\"commentCount\":2,\"image\":{\"@id\":\"https:\\\/\\\/www.arhammar.se\\\/blog\\\/solna-kulturmiljopris-2017\\\/#primaryimage\"},\"thumbnailUrl\":\"https:\\\/\\\/www.arhammar.se\\\/blog\\\/wp-content\\\/uploads\\\/2017\\\/06\\\/IMG_3703.jpg\",\"articleSection\":[\"Historia\",\"mina projekt\",\"mobil blogg 17\",\"Solna\"],\"inLanguage\":\"en-US\",\"potentialAction\":[{\"@type\":\"CommentAction\",\"name\":\"Comment\",\"target\":[\"https:\\\/\\\/www.arhammar.se\\\/blog\\\/solna-kulturmiljopris-2017\\\/#respond\"]}]},{\"@type\":\"WebPage\",\"@id\":\"https:\\\/\\\/www.arhammar.se\\\/blog\\\/solna-kulturmiljopris-2017\\\/\",\"url\":\"https:\\\/\\\/www.arhammar.se\\\/blog\\\/solna-kulturmiljopris-2017\\\/\",\"name\":\"Solna kulturmilj\u00f6pris 2017 - @Arhammar bokstavligen\",\"isPartOf\":{\"@id\":\"https:\\\/\\\/www.arhammar.se\\\/blog\\\/#website\"},\"primaryImageOfPage\":{\"@id\":\"https:\\\/\\\/www.arhammar.se\\\/blog\\\/solna-kulturmiljopris-2017\\\/#primaryimage\"},\"image\":{\"@id\":\"https:\\\/\\\/www.arhammar.se\\\/blog\\\/solna-kulturmiljopris-2017\\\/#primaryimage\"},\"thumbnailUrl\":\"https:\\\/\\\/www.arhammar.se\\\/blog\\\/wp-content\\\/uploads\\\/2017\\\/06\\\/IMG_3703.jpg\",\"datePublished\":\"2017-06-01T20:22:17+00:00\",\"dateModified\":\"2026-01-15T18:26:16+00:00\",\"author\":{\"@id\":\"https:\\\/\\\/www.arhammar.se\\\/blog\\\/#\\\/schema\\\/person\\\/061984c1d884b363e2c91550f2e00d1d\"},\"breadcrumb\":{\"@id\":\"https:\\\/\\\/www.arhammar.se\\\/blog\\\/solna-kulturmiljopris-2017\\\/#breadcrumb\"},\"inLanguage\":\"en-US\",\"potentialAction\":[{\"@type\":\"ReadAction\",\"target\":[\"https:\\\/\\\/www.arhammar.se\\\/blog\\\/solna-kulturmiljopris-2017\\\/\"]}]},{\"@type\":\"ImageObject\",\"inLanguage\":\"en-US\",\"@id\":\"https:\\\/\\\/www.arhammar.se\\\/blog\\\/solna-kulturmiljopris-2017\\\/#primaryimage\",\"url\":\"https:\\\/\\\/www.arhammar.se\\\/blog\\\/wp-content\\\/uploads\\\/2017\\\/06\\\/IMG_3703.jpg\",\"contentUrl\":\"https:\\\/\\\/www.arhammar.se\\\/blog\\\/wp-content\\\/uploads\\\/2017\\\/06\\\/IMG_3703.jpg\",\"width\":640,\"height\":480},{\"@type\":\"BreadcrumbList\",\"@id\":\"https:\\\/\\\/www.arhammar.se\\\/blog\\\/solna-kulturmiljopris-2017\\\/#breadcrumb\",\"itemListElement\":[{\"@type\":\"ListItem\",\"position\":1,\"name\":\"Home\",\"item\":\"https:\\\/\\\/www.arhammar.se\\\/blog\\\/\"},{\"@type\":\"ListItem\",\"position\":2,\"name\":\"Solna kulturmilj\u00f6pris 2017\"}]},{\"@type\":\"WebSite\",\"@id\":\"https:\\\/\\\/www.arhammar.se\\\/blog\\\/#website\",\"url\":\"https:\\\/\\\/www.arhammar.se\\\/blog\\\/\",\"name\":\"@Arhammar bokstavligen\",\"description\":\"Fr\u00e5n min penna och panna\",\"potentialAction\":[{\"@type\":\"SearchAction\",\"target\":{\"@type\":\"EntryPoint\",\"urlTemplate\":\"https:\\\/\\\/www.arhammar.se\\\/blog\\\/?s={search_term_string}\"},\"query-input\":{\"@type\":\"PropertyValueSpecification\",\"valueRequired\":true,\"valueName\":\"search_term_string\"}}],\"inLanguage\":\"en-US\"},{\"@type\":\"Person\",\"@id\":\"https:\\\/\\\/www.arhammar.se\\\/blog\\\/#\\\/schema\\\/person\\\/061984c1d884b363e2c91550f2e00d1d\",\"name\":\"Anders Arhammar\",\"image\":{\"@type\":\"ImageObject\",\"inLanguage\":\"en-US\",\"@id\":\"https:\\\/\\\/secure.gravatar.com\\\/avatar\\\/784b5b36cfe145ae19a52340f405285a939bcc08d4a21136b3a81f9e378ffae0?s=96&d=mm&r=g\",\"url\":\"https:\\\/\\\/secure.gravatar.com\\\/avatar\\\/784b5b36cfe145ae19a52340f405285a939bcc08d4a21136b3a81f9e378ffae0?s=96&d=mm&r=g\",\"contentUrl\":\"https:\\\/\\\/secure.gravatar.com\\\/avatar\\\/784b5b36cfe145ae19a52340f405285a939bcc08d4a21136b3a81f9e378ffae0?s=96&d=mm&r=g\",\"caption\":\"Anders Arhammar\"},\"url\":\"https:\\\/\\\/www.arhammar.se\\\/blog\\\/author\\\/anders\\\/\"}]}<\/script>\n<!-- \/ Yoast SEO plugin. -->","yoast_head_json":{"title":"Solna kulturmilj\u00f6pris 2017 - @Arhammar bokstavligen","robots":{"index":"index","follow":"follow","max-snippet":"max-snippet:-1","max-image-preview":"max-image-preview:large","max-video-preview":"max-video-preview:-1"},"canonical":"https:\/\/www.arhammar.se\/blog\/solna-kulturmiljopris-2017\/","og_locale":"en_US","og_type":"article","og_title":"Solna kulturmilj\u00f6pris 2017 - @Arhammar bokstavligen","og_url":"https:\/\/www.arhammar.se\/blog\/solna-kulturmiljopris-2017\/","og_site_name":"@Arhammar bokstavligen","article_published_time":"2017-06-01T20:22:17+00:00","article_modified_time":"2026-01-15T18:26:16+00:00","og_image":[{"width":640,"height":480,"url":"https:\/\/www.arhammar.se\/blog\/wp-content\/uploads\/2017\/06\/IMG_3703.jpg","type":"image\/jpeg"}],"author":"Anders Arhammar","twitter_card":"summary_large_image","twitter_misc":{"Written by":"Anders Arhammar"},"schema":{"@context":"https:\/\/schema.org","@graph":[{"@type":"Article","@id":"https:\/\/www.arhammar.se\/blog\/solna-kulturmiljopris-2017\/#article","isPartOf":{"@id":"https:\/\/www.arhammar.se\/blog\/solna-kulturmiljopris-2017\/"},"author":{"name":"Anders Arhammar","@id":"https:\/\/www.arhammar.se\/blog\/#\/schema\/person\/061984c1d884b363e2c91550f2e00d1d"},"headline":"Solna kulturmilj\u00f6pris 2017","datePublished":"2017-06-01T20:22:17+00:00","dateModified":"2026-01-15T18:26:16+00:00","mainEntityOfPage":{"@id":"https:\/\/www.arhammar.se\/blog\/solna-kulturmiljopris-2017\/"},"wordCount":3,"commentCount":2,"image":{"@id":"https:\/\/www.arhammar.se\/blog\/solna-kulturmiljopris-2017\/#primaryimage"},"thumbnailUrl":"https:\/\/www.arhammar.se\/blog\/wp-content\/uploads\/2017\/06\/IMG_3703.jpg","articleSection":["Historia","mina projekt","mobil blogg 17","Solna"],"inLanguage":"en-US","potentialAction":[{"@type":"CommentAction","name":"Comment","target":["https:\/\/www.arhammar.se\/blog\/solna-kulturmiljopris-2017\/#respond"]}]},{"@type":"WebPage","@id":"https:\/\/www.arhammar.se\/blog\/solna-kulturmiljopris-2017\/","url":"https:\/\/www.arhammar.se\/blog\/solna-kulturmiljopris-2017\/","name":"Solna kulturmilj\u00f6pris 2017 - @Arhammar bokstavligen","isPartOf":{"@id":"https:\/\/www.arhammar.se\/blog\/#website"},"primaryImageOfPage":{"@id":"https:\/\/www.arhammar.se\/blog\/solna-kulturmiljopris-2017\/#primaryimage"},"image":{"@id":"https:\/\/www.arhammar.se\/blog\/solna-kulturmiljopris-2017\/#primaryimage"},"thumbnailUrl":"https:\/\/www.arhammar.se\/blog\/wp-content\/uploads\/2017\/06\/IMG_3703.jpg","datePublished":"2017-06-01T20:22:17+00:00","dateModified":"2026-01-15T18:26:16+00:00","author":{"@id":"https:\/\/www.arhammar.se\/blog\/#\/schema\/person\/061984c1d884b363e2c91550f2e00d1d"},"breadcrumb":{"@id":"https:\/\/www.arhammar.se\/blog\/solna-kulturmiljopris-2017\/#breadcrumb"},"inLanguage":"en-US","potentialAction":[{"@type":"ReadAction","target":["https:\/\/www.arhammar.se\/blog\/solna-kulturmiljopris-2017\/"]}]},{"@type":"ImageObject","inLanguage":"en-US","@id":"https:\/\/www.arhammar.se\/blog\/solna-kulturmiljopris-2017\/#primaryimage","url":"https:\/\/www.arhammar.se\/blog\/wp-content\/uploads\/2017\/06\/IMG_3703.jpg","contentUrl":"https:\/\/www.arhammar.se\/blog\/wp-content\/uploads\/2017\/06\/IMG_3703.jpg","width":640,"height":480},{"@type":"BreadcrumbList","@id":"https:\/\/www.arhammar.se\/blog\/solna-kulturmiljopris-2017\/#breadcrumb","itemListElement":[{"@type":"ListItem","position":1,"name":"Home","item":"https:\/\/www.arhammar.se\/blog\/"},{"@type":"ListItem","position":2,"name":"Solna kulturmilj\u00f6pris 2017"}]},{"@type":"WebSite","@id":"https:\/\/www.arhammar.se\/blog\/#website","url":"https:\/\/www.arhammar.se\/blog\/","name":"@Arhammar bokstavligen","description":"Fr\u00e5n min penna och panna","potentialAction":[{"@type":"SearchAction","target":{"@type":"EntryPoint","urlTemplate":"https:\/\/www.arhammar.se\/blog\/?s={search_term_string}"},"query-input":{"@type":"PropertyValueSpecification","valueRequired":true,"valueName":"search_term_string"}}],"inLanguage":"en-US"},{"@type":"Person","@id":"https:\/\/www.arhammar.se\/blog\/#\/schema\/person\/061984c1d884b363e2c91550f2e00d1d","name":"Anders Arhammar","image":{"@type":"ImageObject","inLanguage":"en-US","@id":"https:\/\/secure.gravatar.com\/avatar\/784b5b36cfe145ae19a52340f405285a939bcc08d4a21136b3a81f9e378ffae0?s=96&d=mm&r=g","url":"https:\/\/secure.gravatar.com\/avatar\/784b5b36cfe145ae19a52340f405285a939bcc08d4a21136b3a81f9e378ffae0?s=96&d=mm&r=g","contentUrl":"https:\/\/secure.gravatar.com\/avatar\/784b5b36cfe145ae19a52340f405285a939bcc08d4a21136b3a81f9e378ffae0?s=96&d=mm&r=g","caption":"Anders Arhammar"},"url":"https:\/\/www.arhammar.se\/blog\/author\/anders\/"}]}},"_links":{"self":[{"href":"https:\/\/www.arhammar.se\/blog\/wp-json\/wp\/v2\/posts\/11768","targetHints":{"allow":["GET"]}}],"collection":[{"href":"https:\/\/www.arhammar.se\/blog\/wp-json\/wp\/v2\/posts"}],"about":[{"href":"https:\/\/www.arhammar.se\/blog\/wp-json\/wp\/v2\/types\/post"}],"author":[{"embeddable":true,"href":"https:\/\/www.arhammar.se\/blog\/wp-json\/wp\/v2\/users\/2"}],"replies":[{"embeddable":true,"href":"https:\/\/www.arhammar.se\/blog\/wp-json\/wp\/v2\/comments?post=11768"}],"version-history":[{"count":1,"href":"https:\/\/www.arhammar.se\/blog\/wp-json\/wp\/v2\/posts\/11768\/revisions"}],"predecessor-version":[{"id":30833,"href":"https:\/\/www.arhammar.se\/blog\/wp-json\/wp\/v2\/posts\/11768\/revisions\/30833"}],"wp:featuredmedia":[{"embeddable":true,"href":"https:\/\/www.arhammar.se\/blog\/wp-json\/wp\/v2\/media\/11770"}],"wp:attachment":[{"href":"https:\/\/www.arhammar.se\/blog\/wp-json\/wp\/v2\/media?parent=11768"}],"wp:term":[{"taxonomy":"category","embeddable":true,"href":"https:\/\/www.arhammar.se\/blog\/wp-json\/wp\/v2\/categories?post=11768"},{"taxonomy":"post_tag","embeddable":true,"href":"https:\/\/www.arhammar.se\/blog\/wp-json\/wp\/v2\/tags?post=11768"}],"curies":[{"name":"wp","href":"https:\/\/api.w.org\/{rel}","templated":true}]}}