{"id":11332,"date":"2016-04-09T21:11:38","date_gmt":"2016-04-09T19:11:38","guid":{"rendered":"http:\/\/www.arhammar.se\/blog\/?p=11332"},"modified":"2016-04-09T22:02:35","modified_gmt":"2016-04-09T20:02:35","slug":"det-ar-kvall-oregrund","status":"publish","type":"post","link":"https:\/\/www.arhammar.se\/blog\/det-ar-kvall-oregrund\/","title":{"rendered":"Det \u00e4r kv\u00e4ll i \u00d6regrund"},"content":{"rendered":"<p><img loading=\"lazy\" decoding=\"async\" src=\"http:\/\/www.arhammar.se\/blog\/wp-content\/uploads\/2016\/04\/oregrundkvall-640x480.jpg\" alt=\"oregrundkvall\" width=\"640\" height=\"480\" \/><br \/>\nDet \u00e4r kv\u00e4ll i \u00d6regrund. Nere i hamnen skr\u00e4nar m\u00e5sarna lite extra. Om en halvtimme g\u00e5r n\u00e4sta f\u00e4rja \u00f6ver till Gr\u00e4s\u00f6, det st\u00e5r tv\u00e5 bilar och v\u00e4ntar p\u00e5 att f\u00e5 \u00e5ka med. N\u00e4r den gula f\u00e4rjan l\u00e4gger till och sl\u00e4pper av tv\u00e5 bilar som snabbt \u00e5ker mot \u00d6sthammar och kanske Uppsala, d\u00e5 slutar m\u00e5sarna att skr\u00e4na. Man kunde tro att det skulle vara tv\u00e4rtom.<br \/>\nSommarstaden ligger fortfarande i vinterdvala, det ser igenbommat ut men man kan visst k\u00f6pa pizza i ett av husen vid hamnkanten. <\/p>\n<p><img loading=\"lazy\" decoding=\"async\" src=\"http:\/\/www.arhammar.se\/blog\/wp-content\/uploads\/2016\/04\/oregrundkvall2-640x480.jpg\" alt=\"oregrundkvall2\" width=\"640\" height=\"480\" \/><\/p>\n<!-- AddThis Advanced Settings generic via filter on the_content --><!-- AddThis Share Buttons generic via filter on the_content -->","protected":false},"excerpt":{"rendered":"<p>Det \u00e4r kv\u00e4ll i \u00d6regrund. Nere i hamnen skr\u00e4nar m\u00e5sarna lite extra. Om en halvtimme g\u00e5r n\u00e4sta f\u00e4rja \u00f6ver till Gr\u00e4s\u00f6, det st\u00e5r tv\u00e5 bilar och v\u00e4ntar p\u00e5 att f\u00e5 \u00e5ka med. N\u00e4r den gula f\u00e4rjan l\u00e4gger till och sl\u00e4pper av tv\u00e5 bilar som snabbt \u00e5ker mot \u00d6sthammar och kanske Uppsala, d\u00e5 slutar m\u00e5sarna att [&hellip;]<!-- AddThis Advanced Settings generic via filter on wp_trim_excerpt --><!-- AddThis Share Buttons generic via filter on wp_trim_excerpt --><\/p>\n","protected":false},"author":2,"featured_media":11333,"comment_status":"open","ping_status":"open","sticky":false,"template":"","format":"standard","meta":{"footnotes":""},"categories":[524,1565],"tags":[2781,491,1192],"class_list":["post-11332","post","type-post","status-publish","format-standard","has-post-thumbnail","hentry","category-blogg100-2","category-mobil-blogg-16","tag-oregrund","tag-farja","tag-fiskmasar"],"yoast_head":"<!-- This site is optimized with the Yoast SEO plugin v27.4 - https:\/\/yoast.com\/product\/yoast-seo-wordpress\/ -->\n<title>Det \u00e4r kv\u00e4ll i \u00d6regrund - @Arhammar bokstavligen<\/title>\n<meta name=\"robots\" content=\"index, follow, max-snippet:-1, max-image-preview:large, max-video-preview:-1\" \/>\n<link rel=\"canonical\" href=\"https:\/\/www.arhammar.se\/blog\/det-ar-kvall-oregrund\/\" \/>\n<meta property=\"og:locale\" content=\"en_US\" \/>\n<meta property=\"og:type\" content=\"article\" \/>\n<meta property=\"og:title\" content=\"Det \u00e4r kv\u00e4ll i \u00d6regrund - @Arhammar bokstavligen\" \/>\n<meta property=\"og:description\" content=\"Det \u00e4r kv\u00e4ll i \u00d6regrund. Nere i hamnen skr\u00e4nar m\u00e5sarna lite extra. Om en halvtimme g\u00e5r n\u00e4sta f\u00e4rja \u00f6ver till Gr\u00e4s\u00f6, det st\u00e5r tv\u00e5 bilar och v\u00e4ntar p\u00e5 att f\u00e5 \u00e5ka med. N\u00e4r den gula f\u00e4rjan l\u00e4gger till och sl\u00e4pper av tv\u00e5 bilar som snabbt \u00e5ker mot \u00d6sthammar och kanske Uppsala, d\u00e5 slutar m\u00e5sarna att [&hellip;]\" \/>\n<meta property=\"og:url\" content=\"https:\/\/www.arhammar.se\/blog\/det-ar-kvall-oregrund\/\" \/>\n<meta property=\"og:site_name\" content=\"@Arhammar bokstavligen\" \/>\n<meta property=\"article:published_time\" content=\"2016-04-09T19:11:38+00:00\" \/>\n<meta property=\"article:modified_time\" content=\"2016-04-09T20:02:35+00:00\" \/>\n<meta property=\"og:image\" content=\"https:\/\/www.arhammar.se\/blog\/wp-content\/uploads\/2016\/04\/oregrundkvall.jpg\" \/>\n\t<meta property=\"og:image:width\" content=\"640\" \/>\n\t<meta property=\"og:image:height\" content=\"480\" \/>\n\t<meta property=\"og:image:type\" content=\"image\/jpeg\" \/>\n<meta name=\"author\" content=\"Anders Arhammar\" \/>\n<meta name=\"twitter:card\" content=\"summary_large_image\" \/>\n<meta name=\"twitter:label1\" content=\"Written by\" \/>\n\t<meta name=\"twitter:data1\" content=\"Anders Arhammar\" \/>\n\t<meta name=\"twitter:label2\" content=\"Est. reading time\" \/>\n\t<meta name=\"twitter:data2\" content=\"1 minute\" \/>\n<script type=\"application\/ld+json\" class=\"yoast-schema-graph\">{\"@context\":\"https:\\\/\\\/schema.org\",\"@graph\":[{\"@type\":\"Article\",\"@id\":\"https:\\\/\\\/www.arhammar.se\\\/blog\\\/det-ar-kvall-oregrund\\\/#article\",\"isPartOf\":{\"@id\":\"https:\\\/\\\/www.arhammar.se\\\/blog\\\/det-ar-kvall-oregrund\\\/\"},\"author\":{\"name\":\"Anders Arhammar\",\"@id\":\"https:\\\/\\\/www.arhammar.se\\\/blog\\\/#\\\/schema\\\/person\\\/061984c1d884b363e2c91550f2e00d1d\"},\"headline\":\"Det \u00e4r kv\u00e4ll i \u00d6regrund\",\"datePublished\":\"2016-04-09T19:11:38+00:00\",\"dateModified\":\"2016-04-09T20:02:35+00:00\",\"mainEntityOfPage\":{\"@id\":\"https:\\\/\\\/www.arhammar.se\\\/blog\\\/det-ar-kvall-oregrund\\\/\"},\"wordCount\":108,\"commentCount\":0,\"image\":{\"@id\":\"https:\\\/\\\/www.arhammar.se\\\/blog\\\/det-ar-kvall-oregrund\\\/#primaryimage\"},\"thumbnailUrl\":\"https:\\\/\\\/www.arhammar.se\\\/blog\\\/wp-content\\\/uploads\\\/2016\\\/04\\\/oregrundkvall.jpg\",\"keywords\":[\"\u00d6regrund\",\"f\u00e4rja\",\"fiskm\u00e5sar\"],\"articleSection\":[\"blogg100\",\"mobil blogg 16\"],\"inLanguage\":\"en-US\",\"potentialAction\":[{\"@type\":\"CommentAction\",\"name\":\"Comment\",\"target\":[\"https:\\\/\\\/www.arhammar.se\\\/blog\\\/det-ar-kvall-oregrund\\\/#respond\"]}]},{\"@type\":\"WebPage\",\"@id\":\"https:\\\/\\\/www.arhammar.se\\\/blog\\\/det-ar-kvall-oregrund\\\/\",\"url\":\"https:\\\/\\\/www.arhammar.se\\\/blog\\\/det-ar-kvall-oregrund\\\/\",\"name\":\"Det \u00e4r kv\u00e4ll i \u00d6regrund - @Arhammar bokstavligen\",\"isPartOf\":{\"@id\":\"https:\\\/\\\/www.arhammar.se\\\/blog\\\/#website\"},\"primaryImageOfPage\":{\"@id\":\"https:\\\/\\\/www.arhammar.se\\\/blog\\\/det-ar-kvall-oregrund\\\/#primaryimage\"},\"image\":{\"@id\":\"https:\\\/\\\/www.arhammar.se\\\/blog\\\/det-ar-kvall-oregrund\\\/#primaryimage\"},\"thumbnailUrl\":\"https:\\\/\\\/www.arhammar.se\\\/blog\\\/wp-content\\\/uploads\\\/2016\\\/04\\\/oregrundkvall.jpg\",\"datePublished\":\"2016-04-09T19:11:38+00:00\",\"dateModified\":\"2016-04-09T20:02:35+00:00\",\"author\":{\"@id\":\"https:\\\/\\\/www.arhammar.se\\\/blog\\\/#\\\/schema\\\/person\\\/061984c1d884b363e2c91550f2e00d1d\"},\"breadcrumb\":{\"@id\":\"https:\\\/\\\/www.arhammar.se\\\/blog\\\/det-ar-kvall-oregrund\\\/#breadcrumb\"},\"inLanguage\":\"en-US\",\"potentialAction\":[{\"@type\":\"ReadAction\",\"target\":[\"https:\\\/\\\/www.arhammar.se\\\/blog\\\/det-ar-kvall-oregrund\\\/\"]}]},{\"@type\":\"ImageObject\",\"inLanguage\":\"en-US\",\"@id\":\"https:\\\/\\\/www.arhammar.se\\\/blog\\\/det-ar-kvall-oregrund\\\/#primaryimage\",\"url\":\"https:\\\/\\\/www.arhammar.se\\\/blog\\\/wp-content\\\/uploads\\\/2016\\\/04\\\/oregrundkvall.jpg\",\"contentUrl\":\"https:\\\/\\\/www.arhammar.se\\\/blog\\\/wp-content\\\/uploads\\\/2016\\\/04\\\/oregrundkvall.jpg\",\"width\":640,\"height\":480},{\"@type\":\"BreadcrumbList\",\"@id\":\"https:\\\/\\\/www.arhammar.se\\\/blog\\\/det-ar-kvall-oregrund\\\/#breadcrumb\",\"itemListElement\":[{\"@type\":\"ListItem\",\"position\":1,\"name\":\"Home\",\"item\":\"https:\\\/\\\/www.arhammar.se\\\/blog\\\/\"},{\"@type\":\"ListItem\",\"position\":2,\"name\":\"Det \u00e4r kv\u00e4ll i \u00d6regrund\"}]},{\"@type\":\"WebSite\",\"@id\":\"https:\\\/\\\/www.arhammar.se\\\/blog\\\/#website\",\"url\":\"https:\\\/\\\/www.arhammar.se\\\/blog\\\/\",\"name\":\"@Arhammar bokstavligen\",\"description\":\"Fr\u00e5n min penna och panna\",\"potentialAction\":[{\"@type\":\"SearchAction\",\"target\":{\"@type\":\"EntryPoint\",\"urlTemplate\":\"https:\\\/\\\/www.arhammar.se\\\/blog\\\/?s={search_term_string}\"},\"query-input\":{\"@type\":\"PropertyValueSpecification\",\"valueRequired\":true,\"valueName\":\"search_term_string\"}}],\"inLanguage\":\"en-US\"},{\"@type\":\"Person\",\"@id\":\"https:\\\/\\\/www.arhammar.se\\\/blog\\\/#\\\/schema\\\/person\\\/061984c1d884b363e2c91550f2e00d1d\",\"name\":\"Anders Arhammar\",\"image\":{\"@type\":\"ImageObject\",\"inLanguage\":\"en-US\",\"@id\":\"https:\\\/\\\/secure.gravatar.com\\\/avatar\\\/784b5b36cfe145ae19a52340f405285a939bcc08d4a21136b3a81f9e378ffae0?s=96&d=mm&r=g\",\"url\":\"https:\\\/\\\/secure.gravatar.com\\\/avatar\\\/784b5b36cfe145ae19a52340f405285a939bcc08d4a21136b3a81f9e378ffae0?s=96&d=mm&r=g\",\"contentUrl\":\"https:\\\/\\\/secure.gravatar.com\\\/avatar\\\/784b5b36cfe145ae19a52340f405285a939bcc08d4a21136b3a81f9e378ffae0?s=96&d=mm&r=g\",\"caption\":\"Anders Arhammar\"},\"url\":\"https:\\\/\\\/www.arhammar.se\\\/blog\\\/author\\\/anders\\\/\"}]}<\/script>\n<!-- \/ Yoast SEO plugin. -->","yoast_head_json":{"title":"Det \u00e4r kv\u00e4ll i \u00d6regrund - @Arhammar bokstavligen","robots":{"index":"index","follow":"follow","max-snippet":"max-snippet:-1","max-image-preview":"max-image-preview:large","max-video-preview":"max-video-preview:-1"},"canonical":"https:\/\/www.arhammar.se\/blog\/det-ar-kvall-oregrund\/","og_locale":"en_US","og_type":"article","og_title":"Det \u00e4r kv\u00e4ll i \u00d6regrund - @Arhammar bokstavligen","og_description":"Det \u00e4r kv\u00e4ll i \u00d6regrund. Nere i hamnen skr\u00e4nar m\u00e5sarna lite extra. Om en halvtimme g\u00e5r n\u00e4sta f\u00e4rja \u00f6ver till Gr\u00e4s\u00f6, det st\u00e5r tv\u00e5 bilar och v\u00e4ntar p\u00e5 att f\u00e5 \u00e5ka med. N\u00e4r den gula f\u00e4rjan l\u00e4gger till och sl\u00e4pper av tv\u00e5 bilar som snabbt \u00e5ker mot \u00d6sthammar och kanske Uppsala, d\u00e5 slutar m\u00e5sarna att [&hellip;]","og_url":"https:\/\/www.arhammar.se\/blog\/det-ar-kvall-oregrund\/","og_site_name":"@Arhammar bokstavligen","article_published_time":"2016-04-09T19:11:38+00:00","article_modified_time":"2016-04-09T20:02:35+00:00","og_image":[{"width":640,"height":480,"url":"https:\/\/www.arhammar.se\/blog\/wp-content\/uploads\/2016\/04\/oregrundkvall.jpg","type":"image\/jpeg"}],"author":"Anders Arhammar","twitter_card":"summary_large_image","twitter_misc":{"Written by":"Anders Arhammar","Est. reading time":"1 minute"},"schema":{"@context":"https:\/\/schema.org","@graph":[{"@type":"Article","@id":"https:\/\/www.arhammar.se\/blog\/det-ar-kvall-oregrund\/#article","isPartOf":{"@id":"https:\/\/www.arhammar.se\/blog\/det-ar-kvall-oregrund\/"},"author":{"name":"Anders Arhammar","@id":"https:\/\/www.arhammar.se\/blog\/#\/schema\/person\/061984c1d884b363e2c91550f2e00d1d"},"headline":"Det \u00e4r kv\u00e4ll i \u00d6regrund","datePublished":"2016-04-09T19:11:38+00:00","dateModified":"2016-04-09T20:02:35+00:00","mainEntityOfPage":{"@id":"https:\/\/www.arhammar.se\/blog\/det-ar-kvall-oregrund\/"},"wordCount":108,"commentCount":0,"image":{"@id":"https:\/\/www.arhammar.se\/blog\/det-ar-kvall-oregrund\/#primaryimage"},"thumbnailUrl":"https:\/\/www.arhammar.se\/blog\/wp-content\/uploads\/2016\/04\/oregrundkvall.jpg","keywords":["\u00d6regrund","f\u00e4rja","fiskm\u00e5sar"],"articleSection":["blogg100","mobil blogg 16"],"inLanguage":"en-US","potentialAction":[{"@type":"CommentAction","name":"Comment","target":["https:\/\/www.arhammar.se\/blog\/det-ar-kvall-oregrund\/#respond"]}]},{"@type":"WebPage","@id":"https:\/\/www.arhammar.se\/blog\/det-ar-kvall-oregrund\/","url":"https:\/\/www.arhammar.se\/blog\/det-ar-kvall-oregrund\/","name":"Det \u00e4r kv\u00e4ll i \u00d6regrund - @Arhammar bokstavligen","isPartOf":{"@id":"https:\/\/www.arhammar.se\/blog\/#website"},"primaryImageOfPage":{"@id":"https:\/\/www.arhammar.se\/blog\/det-ar-kvall-oregrund\/#primaryimage"},"image":{"@id":"https:\/\/www.arhammar.se\/blog\/det-ar-kvall-oregrund\/#primaryimage"},"thumbnailUrl":"https:\/\/www.arhammar.se\/blog\/wp-content\/uploads\/2016\/04\/oregrundkvall.jpg","datePublished":"2016-04-09T19:11:38+00:00","dateModified":"2016-04-09T20:02:35+00:00","author":{"@id":"https:\/\/www.arhammar.se\/blog\/#\/schema\/person\/061984c1d884b363e2c91550f2e00d1d"},"breadcrumb":{"@id":"https:\/\/www.arhammar.se\/blog\/det-ar-kvall-oregrund\/#breadcrumb"},"inLanguage":"en-US","potentialAction":[{"@type":"ReadAction","target":["https:\/\/www.arhammar.se\/blog\/det-ar-kvall-oregrund\/"]}]},{"@type":"ImageObject","inLanguage":"en-US","@id":"https:\/\/www.arhammar.se\/blog\/det-ar-kvall-oregrund\/#primaryimage","url":"https:\/\/www.arhammar.se\/blog\/wp-content\/uploads\/2016\/04\/oregrundkvall.jpg","contentUrl":"https:\/\/www.arhammar.se\/blog\/wp-content\/uploads\/2016\/04\/oregrundkvall.jpg","width":640,"height":480},{"@type":"BreadcrumbList","@id":"https:\/\/www.arhammar.se\/blog\/det-ar-kvall-oregrund\/#breadcrumb","itemListElement":[{"@type":"ListItem","position":1,"name":"Home","item":"https:\/\/www.arhammar.se\/blog\/"},{"@type":"ListItem","position":2,"name":"Det \u00e4r kv\u00e4ll i \u00d6regrund"}]},{"@type":"WebSite","@id":"https:\/\/www.arhammar.se\/blog\/#website","url":"https:\/\/www.arhammar.se\/blog\/","name":"@Arhammar bokstavligen","description":"Fr\u00e5n min penna och panna","potentialAction":[{"@type":"SearchAction","target":{"@type":"EntryPoint","urlTemplate":"https:\/\/www.arhammar.se\/blog\/?s={search_term_string}"},"query-input":{"@type":"PropertyValueSpecification","valueRequired":true,"valueName":"search_term_string"}}],"inLanguage":"en-US"},{"@type":"Person","@id":"https:\/\/www.arhammar.se\/blog\/#\/schema\/person\/061984c1d884b363e2c91550f2e00d1d","name":"Anders Arhammar","image":{"@type":"ImageObject","inLanguage":"en-US","@id":"https:\/\/secure.gravatar.com\/avatar\/784b5b36cfe145ae19a52340f405285a939bcc08d4a21136b3a81f9e378ffae0?s=96&d=mm&r=g","url":"https:\/\/secure.gravatar.com\/avatar\/784b5b36cfe145ae19a52340f405285a939bcc08d4a21136b3a81f9e378ffae0?s=96&d=mm&r=g","contentUrl":"https:\/\/secure.gravatar.com\/avatar\/784b5b36cfe145ae19a52340f405285a939bcc08d4a21136b3a81f9e378ffae0?s=96&d=mm&r=g","caption":"Anders Arhammar"},"url":"https:\/\/www.arhammar.se\/blog\/author\/anders\/"}]}},"_links":{"self":[{"href":"https:\/\/www.arhammar.se\/blog\/wp-json\/wp\/v2\/posts\/11332","targetHints":{"allow":["GET"]}}],"collection":[{"href":"https:\/\/www.arhammar.se\/blog\/wp-json\/wp\/v2\/posts"}],"about":[{"href":"https:\/\/www.arhammar.se\/blog\/wp-json\/wp\/v2\/types\/post"}],"author":[{"embeddable":true,"href":"https:\/\/www.arhammar.se\/blog\/wp-json\/wp\/v2\/users\/2"}],"replies":[{"embeddable":true,"href":"https:\/\/www.arhammar.se\/blog\/wp-json\/wp\/v2\/comments?post=11332"}],"version-history":[{"count":0,"href":"https:\/\/www.arhammar.se\/blog\/wp-json\/wp\/v2\/posts\/11332\/revisions"}],"wp:featuredmedia":[{"embeddable":true,"href":"https:\/\/www.arhammar.se\/blog\/wp-json\/wp\/v2\/media\/11333"}],"wp:attachment":[{"href":"https:\/\/www.arhammar.se\/blog\/wp-json\/wp\/v2\/media?parent=11332"}],"wp:term":[{"taxonomy":"category","embeddable":true,"href":"https:\/\/www.arhammar.se\/blog\/wp-json\/wp\/v2\/categories?post=11332"},{"taxonomy":"post_tag","embeddable":true,"href":"https:\/\/www.arhammar.se\/blog\/wp-json\/wp\/v2\/tags?post=11332"}],"curies":[{"name":"wp","href":"https:\/\/api.w.org\/{rel}","templated":true}]}}