{"id":11163,"date":"2016-03-23T19:08:59","date_gmt":"2016-03-23T18:08:59","guid":{"rendered":"http:\/\/www.arhammar.se\/blog\/?p=11163"},"modified":"2021-11-17T20:46:54","modified_gmt":"2021-11-17T19:46:54","slug":"vad-hander-langs-en-trakig-gata-stockholm","status":"publish","type":"post","link":"https:\/\/www.arhammar.se\/blog\/vad-hander-langs-en-trakig-gata-stockholm\/","title":{"rendered":"Vad h\u00e4nder l\u00e4ngs en tr\u00e5kig gata i Stockholm"},"content":{"rendered":"<p><img loading=\"lazy\" decoding=\"async\" src=\"http:\/\/www.arhammar.se\/blog\/wp-content\/uploads\/2016\/03\/IMG_8038.jpg\" alt=\"MG Rental\" width=\"640\" height=\"480\" \/><\/p>\n<p>Det var lite kallt, jag var inte r\u00e4tt kl\u00e4dd s\u00e5 jag m\u00e5ste r\u00f6ra mig. Men egentligen beh\u00f6vde jag inte flytta mig, f\u00f6r jag hade kommit dit jag skulle, det var bara tiden som blev lite fel. D\u00e4rf\u00f6r blev det en kort promenad n\u00e5got tiotal meter, fram, och sen tillbaka.<br \/>\nDen tredje, eller kanske var det femte g\u00e5ngen, jag tappade nog r\u00e4kningen. Vi s\u00e4ger v\u00e4l den sj\u00e4tte g\u00e5ngen jag gick samma tr\u00e5kiga intets\u00e4gande str\u00e4cka mellan tv\u00e5 gath\u00f6rn i Stockholm, noterade jag att den kanske inte var s\u00e5 tr\u00e5kig \u00e4nd\u00e5.<br \/>\nP\u00e5 ena h\u00f6rnet kunde jag hyra skruvdragare om jag beh\u00f6vde, eller en gr\u00e4vmaskin, slagborr och cementblandare. Lite l\u00e4ngre fram l\u00e5g en butik d\u00e4r man bistod med skr\u00e4ddade bokhyllor. Det \u00e4r v\u00e4l s\u00e5 l\u00e5ngt fr\u00e5n Billy man kan komma, kan jag t\u00e4nka. <\/p>\n<p><img loading=\"lazy\" decoding=\"async\" src=\"http:\/\/www.arhammar.se\/blog\/wp-content\/uploads\/2016\/03\/IMG_8041.jpg\" alt=\"skr\u00e4ddarsydda bokhyllor\" width=\"640\" height=\"480\" \/><\/p>\n<p>Och n\u00e5gra steg l\u00e4ngre bort, det som jag varje g\u00e5ng jag tidigare passerat trott var en farstu d\u00e4r n\u00e5gon st\u00e4llt sin cykel, visade sig vara ett mycket sofistikerat skyltf\u00f6nster f\u00f6r kl\u00e4dm\u00e4rket Tiger. Tydligen deras huvudkontor f\u00f6r intill l\u00e5g ena elegant butik som bara s\u00e5lde kl\u00e4der av deras m\u00e4rke, snyggt upplagda i bokhyllor. S\u00e4kert skr\u00e4ddarsydda bokhyllor.<\/p>\n<p><img loading=\"lazy\" decoding=\"async\" src=\"http:\/\/www.arhammar.se\/blog\/wp-content\/uploads\/2016\/03\/IMG_8042.jpg\" alt=\"Tiger cyklar\" width=\"640\" height=\"480\"  \/><\/p>\n<p>S\u00e5 en l\u00e5st port d\u00e4r Sveaskog h\u00e5ller till, Sveriges st\u00f6rsta skogs\u00e4gare. Sveaskog \u00e4ger 4,1 miljoner hektar mark varav cirka 3,1 miljoner hektar \u00e4r produktiv skogsmark. D\u00e4r sitter dom, bredvid Sofus Regulatory affairs som \u00e4r s\u00e5 internationellt inriktade att deras svenska hemsida bara finns p\u00e5 engelska, franska och tyska. Det \u00e4r n\u00e5got marknadsinriktat, vilket insightone nog ocks\u00e5 \u00e4r. Dom vill sprida sitt engelska motto att marknadshj\u00e4ltar f\u00f6ds genom, hmm vad\u00e5? Insyn? Kunskap? Insikt kanske. &#8220;Born from insight.&#8221;<\/p>\n<p><img loading=\"lazy\" decoding=\"async\" src=\"http:\/\/www.arhammar.se\/blog\/wp-content\/uploads\/2016\/03\/IMG_8044.jpg\" alt=\"port med namnskyltar\" width=\"640\" height=\"480\" \/><\/p>\n<p>I samma trappuppg\u00e5ng hittar vi ocks\u00e5 Tempurmadrassen, den som formar sig efter kroppen, men har man en lite oformlig kropp s\u00e5 \u00e4r just den madrassen inte v\u00e4rldens sk\u00f6naste. Den kropp som formar deras madrass p\u00e5 hemsidan \u00e4r dock formfull\u00e4ndad nog att kl\u00e4mma till en tempus p\u00e5 r\u00e4tt sovv\u00e4nligt s\u00e4tt.<br \/>\nS\u00e5 har vi Wrapp. Jag brukade wrappa f\u00f6rut, men s\u00e5g egentligen inga f\u00f6rdelar med det till slut. Man kanske skulle pr\u00f6va igen, deras hemsida ser ju v\u00e4ldigt internationell ut, n\u00e4stan som att de inte ens finns i Stockholm, och absolut inte p\u00e5 den h\u00e4r tr\u00e5kiga gatan.<\/p>\n<p><img loading=\"lazy\" decoding=\"async\" src=\"http:\/\/www.arhammar.se\/blog\/wp-content\/uploads\/2016\/03\/IMG_8045.jpg\" alt=\"IMG_8045\" width=\"640\" height=\"480\" \/><\/p>\n<p>L\u00e4ngst ner p\u00e5 gatan, d\u00e4r den korta promenaden tar slut, ligger mailboxes etc, d\u00e4r du kan skicka vadsomhelst till vemsomhelst. Men inte nog med det, de kan ocks\u00e5 <em>BINDA, BIGA, FALSA, KLAMMRA, H\u00c4FTA OCH LIMMA.<\/em> F\u00f6rutom att de klamrar med tv\u00e5 MM, s\u00e5 bigar de ocks\u00e5, dvs pressar in i ett papper s\u00e5 att det blir l\u00e4ttare att vika. T\u00e4nk att man kan f\u00e5 hj\u00e4lp att f\u00f6rvika ett papper!<br \/>\nDet \u00e4r inte ett d\u00e5ligt utbud, l\u00e4ngs n\u00e5gra meter p\u00e5 en tr\u00e5kig Stockholmsgata.<\/p>\n<!-- AddThis Advanced Settings generic via filter on the_content --><!-- AddThis Share Buttons generic via filter on the_content -->","protected":false},"excerpt":{"rendered":"<p>Det var lite kallt, jag var inte r\u00e4tt kl\u00e4dd s\u00e5 jag m\u00e5ste r\u00f6ra mig. Men egentligen beh\u00f6vde jag inte flytta mig, f\u00f6r jag hade kommit dit jag skulle, det var bara tiden som blev lite fel. D\u00e4rf\u00f6r blev det en kort promenad n\u00e5got tiotal meter, fram, och sen tillbaka. Den tredje, eller kanske var det [&hellip;]<!-- AddThis Advanced Settings generic via filter on wp_trim_excerpt --><!-- AddThis Share Buttons generic via filter on wp_trim_excerpt --><\/p>\n","protected":false},"author":2,"featured_media":11164,"comment_status":"open","ping_status":"open","sticky":false,"template":"","format":"standard","meta":{"footnotes":""},"categories":[524],"tags":[2552,2551,876],"class_list":["post-11163","post","type-post","status-publish","format-standard","has-post-thumbnail","hentry","category-blogg100-2","tag-affarer","tag-gata","tag-promenad"],"yoast_head":"<!-- This site is optimized with the Yoast SEO plugin v27.4 - https:\/\/yoast.com\/product\/yoast-seo-wordpress\/ -->\n<title>Vad h\u00e4nder l\u00e4ngs en tr\u00e5kig gata i Stockholm - @Arhammar bokstavligen<\/title>\n<meta name=\"robots\" content=\"index, follow, max-snippet:-1, max-image-preview:large, max-video-preview:-1\" \/>\n<link rel=\"canonical\" href=\"https:\/\/www.arhammar.se\/blog\/vad-hander-langs-en-trakig-gata-stockholm\/\" \/>\n<meta property=\"og:locale\" content=\"en_US\" \/>\n<meta property=\"og:type\" content=\"article\" \/>\n<meta property=\"og:title\" content=\"Vad h\u00e4nder l\u00e4ngs en tr\u00e5kig gata i Stockholm - @Arhammar bokstavligen\" \/>\n<meta property=\"og:description\" content=\"Det var lite kallt, jag var inte r\u00e4tt kl\u00e4dd s\u00e5 jag m\u00e5ste r\u00f6ra mig. Men egentligen beh\u00f6vde jag inte flytta mig, f\u00f6r jag hade kommit dit jag skulle, det var bara tiden som blev lite fel. D\u00e4rf\u00f6r blev det en kort promenad n\u00e5got tiotal meter, fram, och sen tillbaka. Den tredje, eller kanske var det [&hellip;]\" \/>\n<meta property=\"og:url\" content=\"https:\/\/www.arhammar.se\/blog\/vad-hander-langs-en-trakig-gata-stockholm\/\" \/>\n<meta property=\"og:site_name\" content=\"@Arhammar bokstavligen\" \/>\n<meta property=\"article:published_time\" content=\"2016-03-23T18:08:59+00:00\" \/>\n<meta property=\"article:modified_time\" content=\"2021-11-17T19:46:54+00:00\" \/>\n<meta property=\"og:image\" content=\"https:\/\/www.arhammar.se\/blog\/wp-content\/uploads\/2016\/03\/IMG_8038.jpg\" \/>\n\t<meta property=\"og:image:width\" content=\"640\" \/>\n\t<meta property=\"og:image:height\" content=\"480\" \/>\n\t<meta property=\"og:image:type\" content=\"image\/jpeg\" \/>\n<meta name=\"author\" content=\"Anders Arhammar\" \/>\n<meta name=\"twitter:card\" content=\"summary_large_image\" \/>\n<meta name=\"twitter:label1\" content=\"Written by\" \/>\n\t<meta name=\"twitter:data1\" content=\"Anders Arhammar\" \/>\n\t<meta name=\"twitter:label2\" content=\"Est. reading time\" \/>\n\t<meta name=\"twitter:data2\" content=\"3 minutes\" \/>\n<script type=\"application\/ld+json\" class=\"yoast-schema-graph\">{\"@context\":\"https:\\\/\\\/schema.org\",\"@graph\":[{\"@type\":\"Article\",\"@id\":\"https:\\\/\\\/www.arhammar.se\\\/blog\\\/vad-hander-langs-en-trakig-gata-stockholm\\\/#article\",\"isPartOf\":{\"@id\":\"https:\\\/\\\/www.arhammar.se\\\/blog\\\/vad-hander-langs-en-trakig-gata-stockholm\\\/\"},\"author\":{\"name\":\"Anders Arhammar\",\"@id\":\"https:\\\/\\\/www.arhammar.se\\\/blog\\\/#\\\/schema\\\/person\\\/061984c1d884b363e2c91550f2e00d1d\"},\"headline\":\"Vad h\u00e4nder l\u00e4ngs en tr\u00e5kig gata i Stockholm\",\"datePublished\":\"2016-03-23T18:08:59+00:00\",\"dateModified\":\"2021-11-17T19:46:54+00:00\",\"mainEntityOfPage\":{\"@id\":\"https:\\\/\\\/www.arhammar.se\\\/blog\\\/vad-hander-langs-en-trakig-gata-stockholm\\\/\"},\"wordCount\":532,\"commentCount\":0,\"image\":{\"@id\":\"https:\\\/\\\/www.arhammar.se\\\/blog\\\/vad-hander-langs-en-trakig-gata-stockholm\\\/#primaryimage\"},\"thumbnailUrl\":\"https:\\\/\\\/www.arhammar.se\\\/blog\\\/wp-content\\\/uploads\\\/2016\\\/03\\\/IMG_8038.jpg\",\"keywords\":[\"aff\u00e4rer\",\"gata\",\"promenad\"],\"articleSection\":[\"blogg100\"],\"inLanguage\":\"en-US\",\"potentialAction\":[{\"@type\":\"CommentAction\",\"name\":\"Comment\",\"target\":[\"https:\\\/\\\/www.arhammar.se\\\/blog\\\/vad-hander-langs-en-trakig-gata-stockholm\\\/#respond\"]}]},{\"@type\":\"WebPage\",\"@id\":\"https:\\\/\\\/www.arhammar.se\\\/blog\\\/vad-hander-langs-en-trakig-gata-stockholm\\\/\",\"url\":\"https:\\\/\\\/www.arhammar.se\\\/blog\\\/vad-hander-langs-en-trakig-gata-stockholm\\\/\",\"name\":\"Vad h\u00e4nder l\u00e4ngs en tr\u00e5kig gata i Stockholm - @Arhammar bokstavligen\",\"isPartOf\":{\"@id\":\"https:\\\/\\\/www.arhammar.se\\\/blog\\\/#website\"},\"primaryImageOfPage\":{\"@id\":\"https:\\\/\\\/www.arhammar.se\\\/blog\\\/vad-hander-langs-en-trakig-gata-stockholm\\\/#primaryimage\"},\"image\":{\"@id\":\"https:\\\/\\\/www.arhammar.se\\\/blog\\\/vad-hander-langs-en-trakig-gata-stockholm\\\/#primaryimage\"},\"thumbnailUrl\":\"https:\\\/\\\/www.arhammar.se\\\/blog\\\/wp-content\\\/uploads\\\/2016\\\/03\\\/IMG_8038.jpg\",\"datePublished\":\"2016-03-23T18:08:59+00:00\",\"dateModified\":\"2021-11-17T19:46:54+00:00\",\"author\":{\"@id\":\"https:\\\/\\\/www.arhammar.se\\\/blog\\\/#\\\/schema\\\/person\\\/061984c1d884b363e2c91550f2e00d1d\"},\"breadcrumb\":{\"@id\":\"https:\\\/\\\/www.arhammar.se\\\/blog\\\/vad-hander-langs-en-trakig-gata-stockholm\\\/#breadcrumb\"},\"inLanguage\":\"en-US\",\"potentialAction\":[{\"@type\":\"ReadAction\",\"target\":[\"https:\\\/\\\/www.arhammar.se\\\/blog\\\/vad-hander-langs-en-trakig-gata-stockholm\\\/\"]}]},{\"@type\":\"ImageObject\",\"inLanguage\":\"en-US\",\"@id\":\"https:\\\/\\\/www.arhammar.se\\\/blog\\\/vad-hander-langs-en-trakig-gata-stockholm\\\/#primaryimage\",\"url\":\"https:\\\/\\\/www.arhammar.se\\\/blog\\\/wp-content\\\/uploads\\\/2016\\\/03\\\/IMG_8038.jpg\",\"contentUrl\":\"https:\\\/\\\/www.arhammar.se\\\/blog\\\/wp-content\\\/uploads\\\/2016\\\/03\\\/IMG_8038.jpg\",\"width\":640,\"height\":480},{\"@type\":\"BreadcrumbList\",\"@id\":\"https:\\\/\\\/www.arhammar.se\\\/blog\\\/vad-hander-langs-en-trakig-gata-stockholm\\\/#breadcrumb\",\"itemListElement\":[{\"@type\":\"ListItem\",\"position\":1,\"name\":\"Home\",\"item\":\"https:\\\/\\\/www.arhammar.se\\\/blog\\\/\"},{\"@type\":\"ListItem\",\"position\":2,\"name\":\"Vad h\u00e4nder l\u00e4ngs en tr\u00e5kig gata i Stockholm\"}]},{\"@type\":\"WebSite\",\"@id\":\"https:\\\/\\\/www.arhammar.se\\\/blog\\\/#website\",\"url\":\"https:\\\/\\\/www.arhammar.se\\\/blog\\\/\",\"name\":\"@Arhammar bokstavligen\",\"description\":\"Fr\u00e5n min penna och panna\",\"potentialAction\":[{\"@type\":\"SearchAction\",\"target\":{\"@type\":\"EntryPoint\",\"urlTemplate\":\"https:\\\/\\\/www.arhammar.se\\\/blog\\\/?s={search_term_string}\"},\"query-input\":{\"@type\":\"PropertyValueSpecification\",\"valueRequired\":true,\"valueName\":\"search_term_string\"}}],\"inLanguage\":\"en-US\"},{\"@type\":\"Person\",\"@id\":\"https:\\\/\\\/www.arhammar.se\\\/blog\\\/#\\\/schema\\\/person\\\/061984c1d884b363e2c91550f2e00d1d\",\"name\":\"Anders Arhammar\",\"image\":{\"@type\":\"ImageObject\",\"inLanguage\":\"en-US\",\"@id\":\"https:\\\/\\\/secure.gravatar.com\\\/avatar\\\/784b5b36cfe145ae19a52340f405285a939bcc08d4a21136b3a81f9e378ffae0?s=96&d=mm&r=g\",\"url\":\"https:\\\/\\\/secure.gravatar.com\\\/avatar\\\/784b5b36cfe145ae19a52340f405285a939bcc08d4a21136b3a81f9e378ffae0?s=96&d=mm&r=g\",\"contentUrl\":\"https:\\\/\\\/secure.gravatar.com\\\/avatar\\\/784b5b36cfe145ae19a52340f405285a939bcc08d4a21136b3a81f9e378ffae0?s=96&d=mm&r=g\",\"caption\":\"Anders Arhammar\"},\"url\":\"https:\\\/\\\/www.arhammar.se\\\/blog\\\/author\\\/anders\\\/\"}]}<\/script>\n<!-- \/ Yoast SEO plugin. -->","yoast_head_json":{"title":"Vad h\u00e4nder l\u00e4ngs en tr\u00e5kig gata i Stockholm - @Arhammar bokstavligen","robots":{"index":"index","follow":"follow","max-snippet":"max-snippet:-1","max-image-preview":"max-image-preview:large","max-video-preview":"max-video-preview:-1"},"canonical":"https:\/\/www.arhammar.se\/blog\/vad-hander-langs-en-trakig-gata-stockholm\/","og_locale":"en_US","og_type":"article","og_title":"Vad h\u00e4nder l\u00e4ngs en tr\u00e5kig gata i Stockholm - @Arhammar bokstavligen","og_description":"Det var lite kallt, jag var inte r\u00e4tt kl\u00e4dd s\u00e5 jag m\u00e5ste r\u00f6ra mig. Men egentligen beh\u00f6vde jag inte flytta mig, f\u00f6r jag hade kommit dit jag skulle, det var bara tiden som blev lite fel. D\u00e4rf\u00f6r blev det en kort promenad n\u00e5got tiotal meter, fram, och sen tillbaka. Den tredje, eller kanske var det [&hellip;]","og_url":"https:\/\/www.arhammar.se\/blog\/vad-hander-langs-en-trakig-gata-stockholm\/","og_site_name":"@Arhammar bokstavligen","article_published_time":"2016-03-23T18:08:59+00:00","article_modified_time":"2021-11-17T19:46:54+00:00","og_image":[{"width":640,"height":480,"url":"https:\/\/www.arhammar.se\/blog\/wp-content\/uploads\/2016\/03\/IMG_8038.jpg","type":"image\/jpeg"}],"author":"Anders Arhammar","twitter_card":"summary_large_image","twitter_misc":{"Written by":"Anders Arhammar","Est. reading time":"3 minutes"},"schema":{"@context":"https:\/\/schema.org","@graph":[{"@type":"Article","@id":"https:\/\/www.arhammar.se\/blog\/vad-hander-langs-en-trakig-gata-stockholm\/#article","isPartOf":{"@id":"https:\/\/www.arhammar.se\/blog\/vad-hander-langs-en-trakig-gata-stockholm\/"},"author":{"name":"Anders Arhammar","@id":"https:\/\/www.arhammar.se\/blog\/#\/schema\/person\/061984c1d884b363e2c91550f2e00d1d"},"headline":"Vad h\u00e4nder l\u00e4ngs en tr\u00e5kig gata i Stockholm","datePublished":"2016-03-23T18:08:59+00:00","dateModified":"2021-11-17T19:46:54+00:00","mainEntityOfPage":{"@id":"https:\/\/www.arhammar.se\/blog\/vad-hander-langs-en-trakig-gata-stockholm\/"},"wordCount":532,"commentCount":0,"image":{"@id":"https:\/\/www.arhammar.se\/blog\/vad-hander-langs-en-trakig-gata-stockholm\/#primaryimage"},"thumbnailUrl":"https:\/\/www.arhammar.se\/blog\/wp-content\/uploads\/2016\/03\/IMG_8038.jpg","keywords":["aff\u00e4rer","gata","promenad"],"articleSection":["blogg100"],"inLanguage":"en-US","potentialAction":[{"@type":"CommentAction","name":"Comment","target":["https:\/\/www.arhammar.se\/blog\/vad-hander-langs-en-trakig-gata-stockholm\/#respond"]}]},{"@type":"WebPage","@id":"https:\/\/www.arhammar.se\/blog\/vad-hander-langs-en-trakig-gata-stockholm\/","url":"https:\/\/www.arhammar.se\/blog\/vad-hander-langs-en-trakig-gata-stockholm\/","name":"Vad h\u00e4nder l\u00e4ngs en tr\u00e5kig gata i Stockholm - @Arhammar bokstavligen","isPartOf":{"@id":"https:\/\/www.arhammar.se\/blog\/#website"},"primaryImageOfPage":{"@id":"https:\/\/www.arhammar.se\/blog\/vad-hander-langs-en-trakig-gata-stockholm\/#primaryimage"},"image":{"@id":"https:\/\/www.arhammar.se\/blog\/vad-hander-langs-en-trakig-gata-stockholm\/#primaryimage"},"thumbnailUrl":"https:\/\/www.arhammar.se\/blog\/wp-content\/uploads\/2016\/03\/IMG_8038.jpg","datePublished":"2016-03-23T18:08:59+00:00","dateModified":"2021-11-17T19:46:54+00:00","author":{"@id":"https:\/\/www.arhammar.se\/blog\/#\/schema\/person\/061984c1d884b363e2c91550f2e00d1d"},"breadcrumb":{"@id":"https:\/\/www.arhammar.se\/blog\/vad-hander-langs-en-trakig-gata-stockholm\/#breadcrumb"},"inLanguage":"en-US","potentialAction":[{"@type":"ReadAction","target":["https:\/\/www.arhammar.se\/blog\/vad-hander-langs-en-trakig-gata-stockholm\/"]}]},{"@type":"ImageObject","inLanguage":"en-US","@id":"https:\/\/www.arhammar.se\/blog\/vad-hander-langs-en-trakig-gata-stockholm\/#primaryimage","url":"https:\/\/www.arhammar.se\/blog\/wp-content\/uploads\/2016\/03\/IMG_8038.jpg","contentUrl":"https:\/\/www.arhammar.se\/blog\/wp-content\/uploads\/2016\/03\/IMG_8038.jpg","width":640,"height":480},{"@type":"BreadcrumbList","@id":"https:\/\/www.arhammar.se\/blog\/vad-hander-langs-en-trakig-gata-stockholm\/#breadcrumb","itemListElement":[{"@type":"ListItem","position":1,"name":"Home","item":"https:\/\/www.arhammar.se\/blog\/"},{"@type":"ListItem","position":2,"name":"Vad h\u00e4nder l\u00e4ngs en tr\u00e5kig gata i Stockholm"}]},{"@type":"WebSite","@id":"https:\/\/www.arhammar.se\/blog\/#website","url":"https:\/\/www.arhammar.se\/blog\/","name":"@Arhammar bokstavligen","description":"Fr\u00e5n min penna och panna","potentialAction":[{"@type":"SearchAction","target":{"@type":"EntryPoint","urlTemplate":"https:\/\/www.arhammar.se\/blog\/?s={search_term_string}"},"query-input":{"@type":"PropertyValueSpecification","valueRequired":true,"valueName":"search_term_string"}}],"inLanguage":"en-US"},{"@type":"Person","@id":"https:\/\/www.arhammar.se\/blog\/#\/schema\/person\/061984c1d884b363e2c91550f2e00d1d","name":"Anders Arhammar","image":{"@type":"ImageObject","inLanguage":"en-US","@id":"https:\/\/secure.gravatar.com\/avatar\/784b5b36cfe145ae19a52340f405285a939bcc08d4a21136b3a81f9e378ffae0?s=96&d=mm&r=g","url":"https:\/\/secure.gravatar.com\/avatar\/784b5b36cfe145ae19a52340f405285a939bcc08d4a21136b3a81f9e378ffae0?s=96&d=mm&r=g","contentUrl":"https:\/\/secure.gravatar.com\/avatar\/784b5b36cfe145ae19a52340f405285a939bcc08d4a21136b3a81f9e378ffae0?s=96&d=mm&r=g","caption":"Anders Arhammar"},"url":"https:\/\/www.arhammar.se\/blog\/author\/anders\/"}]}},"_links":{"self":[{"href":"https:\/\/www.arhammar.se\/blog\/wp-json\/wp\/v2\/posts\/11163","targetHints":{"allow":["GET"]}}],"collection":[{"href":"https:\/\/www.arhammar.se\/blog\/wp-json\/wp\/v2\/posts"}],"about":[{"href":"https:\/\/www.arhammar.se\/blog\/wp-json\/wp\/v2\/types\/post"}],"author":[{"embeddable":true,"href":"https:\/\/www.arhammar.se\/blog\/wp-json\/wp\/v2\/users\/2"}],"replies":[{"embeddable":true,"href":"https:\/\/www.arhammar.se\/blog\/wp-json\/wp\/v2\/comments?post=11163"}],"version-history":[{"count":2,"href":"https:\/\/www.arhammar.se\/blog\/wp-json\/wp\/v2\/posts\/11163\/revisions"}],"predecessor-version":[{"id":30185,"href":"https:\/\/www.arhammar.se\/blog\/wp-json\/wp\/v2\/posts\/11163\/revisions\/30185"}],"wp:featuredmedia":[{"embeddable":true,"href":"https:\/\/www.arhammar.se\/blog\/wp-json\/wp\/v2\/media\/11164"}],"wp:attachment":[{"href":"https:\/\/www.arhammar.se\/blog\/wp-json\/wp\/v2\/media?parent=11163"}],"wp:term":[{"taxonomy":"category","embeddable":true,"href":"https:\/\/www.arhammar.se\/blog\/wp-json\/wp\/v2\/categories?post=11163"},{"taxonomy":"post_tag","embeddable":true,"href":"https:\/\/www.arhammar.se\/blog\/wp-json\/wp\/v2\/tags?post=11163"}],"curies":[{"name":"wp","href":"https:\/\/api.w.org\/{rel}","templated":true}]}}