{"id":11027,"date":"2016-03-13T21:59:39","date_gmt":"2016-03-13T20:59:39","guid":{"rendered":"http:\/\/www.arhammar.se\/blog\/?p=11027"},"modified":"2016-03-13T22:01:45","modified_gmt":"2016-03-13T21:01:45","slug":"karleken-vaxer-och-jag-med-den","status":"publish","type":"post","link":"https:\/\/www.arhammar.se\/blog\/karleken-vaxer-och-jag-med-den\/","title":{"rendered":"K\u00e4rleken v\u00e4xer och jag med den"},"content":{"rendered":"<p><img loading=\"lazy\" decoding=\"async\" src=\"http:\/\/www.arhammar.se\/blog\/wp-content\/uploads\/2016\/03\/IMG_7947-1.jpg\" alt=\"IMG_7947\" width=\"640\" height=\"480\" \/><\/p>\n<p>Visst \u00e4r det underligt.<br \/>\nF\u00f6r varje barn jag vaggat i min famn, har mitt hj\u00e4rta sugit \u00e5t sig dess doft och v\u00e4sen.<br \/>\nF\u00f6r varje barn, och senare barnbarn, jag f\u00e5tt m\u00f6ta har min k\u00e4rlek v\u00e4xt och jag har t\u00e4nkt att nu blir det fullt. Och s\u00e5 kommer det ett nytt underverk och jag uppt\u00e4cker f\u00f6rundrad att det fortfarande finns gott om plats f\u00f6r en ny varelse. Jag tror banne mig att mina underverk skapar nya utrymmen hos mig, som jag fyller upp allteftersom. Ett utrymme fyllt av deras livskraft, som jag kan plocka av, de gr\u00e5 dagarna.<br \/>\nIdag var dock ingen gr\u00e5 dag.<\/p>\n<p>Idag fyllde ett av dessa underverk 10 \u00e5r, vilket bland annat firades med en av f\u00f6delsedagsbarnet egenbakad t\u00e5rta samt Ringette-match i ishallen.<\/p>\n<p><img loading=\"lazy\" decoding=\"async\" src=\"http:\/\/www.arhammar.se\/blog\/wp-content\/uploads\/2016\/03\/IMG_7952-1-640x480.jpg\" alt=\"Ringette spelaren\" width=\"640\" height=\"480\" \/><\/p>\n<p><img loading=\"lazy\" decoding=\"async\" src=\"http:\/\/www.arhammar.se\/blog\/wp-content\/uploads\/2016\/03\/IMG_7945-1-640x480.jpg\" alt=\"special t\u00e5rta width=\"640\" height=\"480\" \/><\/p>\n<!-- AddThis Advanced Settings generic via filter on the_content --><!-- AddThis Share Buttons generic via filter on the_content -->","protected":false},"excerpt":{"rendered":"<p>Visst \u00e4r det underligt. F\u00f6r varje barn jag vaggat i min famn, har mitt hj\u00e4rta sugit \u00e5t sig dess doft och v\u00e4sen. F\u00f6r varje barn, och senare barnbarn, jag f\u00e5tt m\u00f6ta har min k\u00e4rlek v\u00e4xt och jag har t\u00e4nkt att nu blir det fullt. Och s\u00e5 kommer det ett nytt underverk och jag uppt\u00e4cker f\u00f6rundrad [&hellip;]<!-- AddThis Advanced Settings generic via filter on wp_trim_excerpt --><!-- AddThis Share Buttons generic via filter on wp_trim_excerpt --><\/p>\n","protected":false},"author":2,"featured_media":11032,"comment_status":"open","ping_status":"open","sticky":false,"template":"","format":"standard","meta":{"footnotes":""},"categories":[524],"tags":[1835,2431,2430,443],"class_list":["post-11027","post","type-post","status-publish","format-standard","has-post-thumbnail","hentry","category-blogg100-2","tag-hilda","tag-minion","tag-ringette","tag-tarta"],"yoast_head":"<!-- This site is optimized with the Yoast SEO plugin v27.4 - https:\/\/yoast.com\/product\/yoast-seo-wordpress\/ -->\n<title>K\u00e4rleken v\u00e4xer och jag med den - @Arhammar bokstavligen<\/title>\n<meta name=\"robots\" content=\"index, follow, max-snippet:-1, max-image-preview:large, max-video-preview:-1\" \/>\n<link rel=\"canonical\" href=\"https:\/\/www.arhammar.se\/blog\/karleken-vaxer-och-jag-med-den\/\" \/>\n<meta property=\"og:locale\" content=\"en_US\" \/>\n<meta property=\"og:type\" content=\"article\" \/>\n<meta property=\"og:title\" content=\"K\u00e4rleken v\u00e4xer och jag med den - @Arhammar bokstavligen\" \/>\n<meta property=\"og:description\" content=\"Visst \u00e4r det underligt. F\u00f6r varje barn jag vaggat i min famn, har mitt hj\u00e4rta sugit \u00e5t sig dess doft och v\u00e4sen. F\u00f6r varje barn, och senare barnbarn, jag f\u00e5tt m\u00f6ta har min k\u00e4rlek v\u00e4xt och jag har t\u00e4nkt att nu blir det fullt. Och s\u00e5 kommer det ett nytt underverk och jag uppt\u00e4cker f\u00f6rundrad [&hellip;]\" \/>\n<meta property=\"og:url\" content=\"https:\/\/www.arhammar.se\/blog\/karleken-vaxer-och-jag-med-den\/\" \/>\n<meta property=\"og:site_name\" content=\"@Arhammar bokstavligen\" \/>\n<meta property=\"article:published_time\" content=\"2016-03-13T20:59:39+00:00\" \/>\n<meta property=\"article:modified_time\" content=\"2016-03-13T21:01:45+00:00\" \/>\n<meta property=\"og:image\" content=\"https:\/\/www.arhammar.se\/blog\/wp-content\/uploads\/2016\/03\/IMG_7947-1.jpg\" \/>\n\t<meta property=\"og:image:width\" content=\"640\" \/>\n\t<meta property=\"og:image:height\" content=\"480\" \/>\n\t<meta property=\"og:image:type\" content=\"image\/jpeg\" \/>\n<meta name=\"author\" content=\"Anders Arhammar\" \/>\n<meta name=\"twitter:card\" content=\"summary_large_image\" \/>\n<meta name=\"twitter:label1\" content=\"Written by\" \/>\n\t<meta name=\"twitter:data1\" content=\"Anders Arhammar\" \/>\n\t<meta name=\"twitter:label2\" content=\"Est. reading time\" \/>\n\t<meta name=\"twitter:data2\" content=\"1 minute\" \/>\n<script type=\"application\/ld+json\" class=\"yoast-schema-graph\">{\"@context\":\"https:\\\/\\\/schema.org\",\"@graph\":[{\"@type\":\"Article\",\"@id\":\"https:\\\/\\\/www.arhammar.se\\\/blog\\\/karleken-vaxer-och-jag-med-den\\\/#article\",\"isPartOf\":{\"@id\":\"https:\\\/\\\/www.arhammar.se\\\/blog\\\/karleken-vaxer-och-jag-med-den\\\/\"},\"author\":{\"name\":\"Anders Arhammar\",\"@id\":\"https:\\\/\\\/www.arhammar.se\\\/blog\\\/#\\\/schema\\\/person\\\/061984c1d884b363e2c91550f2e00d1d\"},\"headline\":\"K\u00e4rleken v\u00e4xer och jag med den\",\"datePublished\":\"2016-03-13T20:59:39+00:00\",\"dateModified\":\"2016-03-13T21:01:45+00:00\",\"mainEntityOfPage\":{\"@id\":\"https:\\\/\\\/www.arhammar.se\\\/blog\\\/karleken-vaxer-och-jag-med-den\\\/\"},\"wordCount\":146,\"commentCount\":0,\"image\":{\"@id\":\"https:\\\/\\\/www.arhammar.se\\\/blog\\\/karleken-vaxer-och-jag-med-den\\\/#primaryimage\"},\"thumbnailUrl\":\"https:\\\/\\\/www.arhammar.se\\\/blog\\\/wp-content\\\/uploads\\\/2016\\\/03\\\/IMG_7947-1.jpg\",\"keywords\":[\"Hilda\",\"minion\",\"ringette\",\"t\u00e5rta\"],\"articleSection\":[\"blogg100\"],\"inLanguage\":\"en-US\",\"potentialAction\":[{\"@type\":\"CommentAction\",\"name\":\"Comment\",\"target\":[\"https:\\\/\\\/www.arhammar.se\\\/blog\\\/karleken-vaxer-och-jag-med-den\\\/#respond\"]}]},{\"@type\":\"WebPage\",\"@id\":\"https:\\\/\\\/www.arhammar.se\\\/blog\\\/karleken-vaxer-och-jag-med-den\\\/\",\"url\":\"https:\\\/\\\/www.arhammar.se\\\/blog\\\/karleken-vaxer-och-jag-med-den\\\/\",\"name\":\"K\u00e4rleken v\u00e4xer och jag med den - @Arhammar bokstavligen\",\"isPartOf\":{\"@id\":\"https:\\\/\\\/www.arhammar.se\\\/blog\\\/#website\"},\"primaryImageOfPage\":{\"@id\":\"https:\\\/\\\/www.arhammar.se\\\/blog\\\/karleken-vaxer-och-jag-med-den\\\/#primaryimage\"},\"image\":{\"@id\":\"https:\\\/\\\/www.arhammar.se\\\/blog\\\/karleken-vaxer-och-jag-med-den\\\/#primaryimage\"},\"thumbnailUrl\":\"https:\\\/\\\/www.arhammar.se\\\/blog\\\/wp-content\\\/uploads\\\/2016\\\/03\\\/IMG_7947-1.jpg\",\"datePublished\":\"2016-03-13T20:59:39+00:00\",\"dateModified\":\"2016-03-13T21:01:45+00:00\",\"author\":{\"@id\":\"https:\\\/\\\/www.arhammar.se\\\/blog\\\/#\\\/schema\\\/person\\\/061984c1d884b363e2c91550f2e00d1d\"},\"breadcrumb\":{\"@id\":\"https:\\\/\\\/www.arhammar.se\\\/blog\\\/karleken-vaxer-och-jag-med-den\\\/#breadcrumb\"},\"inLanguage\":\"en-US\",\"potentialAction\":[{\"@type\":\"ReadAction\",\"target\":[\"https:\\\/\\\/www.arhammar.se\\\/blog\\\/karleken-vaxer-och-jag-med-den\\\/\"]}]},{\"@type\":\"ImageObject\",\"inLanguage\":\"en-US\",\"@id\":\"https:\\\/\\\/www.arhammar.se\\\/blog\\\/karleken-vaxer-och-jag-med-den\\\/#primaryimage\",\"url\":\"https:\\\/\\\/www.arhammar.se\\\/blog\\\/wp-content\\\/uploads\\\/2016\\\/03\\\/IMG_7947-1.jpg\",\"contentUrl\":\"https:\\\/\\\/www.arhammar.se\\\/blog\\\/wp-content\\\/uploads\\\/2016\\\/03\\\/IMG_7947-1.jpg\",\"width\":640,\"height\":480},{\"@type\":\"BreadcrumbList\",\"@id\":\"https:\\\/\\\/www.arhammar.se\\\/blog\\\/karleken-vaxer-och-jag-med-den\\\/#breadcrumb\",\"itemListElement\":[{\"@type\":\"ListItem\",\"position\":1,\"name\":\"Home\",\"item\":\"https:\\\/\\\/www.arhammar.se\\\/blog\\\/\"},{\"@type\":\"ListItem\",\"position\":2,\"name\":\"K\u00e4rleken v\u00e4xer och jag med den\"}]},{\"@type\":\"WebSite\",\"@id\":\"https:\\\/\\\/www.arhammar.se\\\/blog\\\/#website\",\"url\":\"https:\\\/\\\/www.arhammar.se\\\/blog\\\/\",\"name\":\"@Arhammar bokstavligen\",\"description\":\"Fr\u00e5n min penna och panna\",\"potentialAction\":[{\"@type\":\"SearchAction\",\"target\":{\"@type\":\"EntryPoint\",\"urlTemplate\":\"https:\\\/\\\/www.arhammar.se\\\/blog\\\/?s={search_term_string}\"},\"query-input\":{\"@type\":\"PropertyValueSpecification\",\"valueRequired\":true,\"valueName\":\"search_term_string\"}}],\"inLanguage\":\"en-US\"},{\"@type\":\"Person\",\"@id\":\"https:\\\/\\\/www.arhammar.se\\\/blog\\\/#\\\/schema\\\/person\\\/061984c1d884b363e2c91550f2e00d1d\",\"name\":\"Anders Arhammar\",\"image\":{\"@type\":\"ImageObject\",\"inLanguage\":\"en-US\",\"@id\":\"https:\\\/\\\/secure.gravatar.com\\\/avatar\\\/784b5b36cfe145ae19a52340f405285a939bcc08d4a21136b3a81f9e378ffae0?s=96&d=mm&r=g\",\"url\":\"https:\\\/\\\/secure.gravatar.com\\\/avatar\\\/784b5b36cfe145ae19a52340f405285a939bcc08d4a21136b3a81f9e378ffae0?s=96&d=mm&r=g\",\"contentUrl\":\"https:\\\/\\\/secure.gravatar.com\\\/avatar\\\/784b5b36cfe145ae19a52340f405285a939bcc08d4a21136b3a81f9e378ffae0?s=96&d=mm&r=g\",\"caption\":\"Anders Arhammar\"},\"url\":\"https:\\\/\\\/www.arhammar.se\\\/blog\\\/author\\\/anders\\\/\"}]}<\/script>\n<!-- \/ Yoast SEO plugin. -->","yoast_head_json":{"title":"K\u00e4rleken v\u00e4xer och jag med den - @Arhammar bokstavligen","robots":{"index":"index","follow":"follow","max-snippet":"max-snippet:-1","max-image-preview":"max-image-preview:large","max-video-preview":"max-video-preview:-1"},"canonical":"https:\/\/www.arhammar.se\/blog\/karleken-vaxer-och-jag-med-den\/","og_locale":"en_US","og_type":"article","og_title":"K\u00e4rleken v\u00e4xer och jag med den - @Arhammar bokstavligen","og_description":"Visst \u00e4r det underligt. F\u00f6r varje barn jag vaggat i min famn, har mitt hj\u00e4rta sugit \u00e5t sig dess doft och v\u00e4sen. F\u00f6r varje barn, och senare barnbarn, jag f\u00e5tt m\u00f6ta har min k\u00e4rlek v\u00e4xt och jag har t\u00e4nkt att nu blir det fullt. Och s\u00e5 kommer det ett nytt underverk och jag uppt\u00e4cker f\u00f6rundrad [&hellip;]","og_url":"https:\/\/www.arhammar.se\/blog\/karleken-vaxer-och-jag-med-den\/","og_site_name":"@Arhammar bokstavligen","article_published_time":"2016-03-13T20:59:39+00:00","article_modified_time":"2016-03-13T21:01:45+00:00","og_image":[{"width":640,"height":480,"url":"https:\/\/www.arhammar.se\/blog\/wp-content\/uploads\/2016\/03\/IMG_7947-1.jpg","type":"image\/jpeg"}],"author":"Anders Arhammar","twitter_card":"summary_large_image","twitter_misc":{"Written by":"Anders Arhammar","Est. reading time":"1 minute"},"schema":{"@context":"https:\/\/schema.org","@graph":[{"@type":"Article","@id":"https:\/\/www.arhammar.se\/blog\/karleken-vaxer-och-jag-med-den\/#article","isPartOf":{"@id":"https:\/\/www.arhammar.se\/blog\/karleken-vaxer-och-jag-med-den\/"},"author":{"name":"Anders Arhammar","@id":"https:\/\/www.arhammar.se\/blog\/#\/schema\/person\/061984c1d884b363e2c91550f2e00d1d"},"headline":"K\u00e4rleken v\u00e4xer och jag med den","datePublished":"2016-03-13T20:59:39+00:00","dateModified":"2016-03-13T21:01:45+00:00","mainEntityOfPage":{"@id":"https:\/\/www.arhammar.se\/blog\/karleken-vaxer-och-jag-med-den\/"},"wordCount":146,"commentCount":0,"image":{"@id":"https:\/\/www.arhammar.se\/blog\/karleken-vaxer-och-jag-med-den\/#primaryimage"},"thumbnailUrl":"https:\/\/www.arhammar.se\/blog\/wp-content\/uploads\/2016\/03\/IMG_7947-1.jpg","keywords":["Hilda","minion","ringette","t\u00e5rta"],"articleSection":["blogg100"],"inLanguage":"en-US","potentialAction":[{"@type":"CommentAction","name":"Comment","target":["https:\/\/www.arhammar.se\/blog\/karleken-vaxer-och-jag-med-den\/#respond"]}]},{"@type":"WebPage","@id":"https:\/\/www.arhammar.se\/blog\/karleken-vaxer-och-jag-med-den\/","url":"https:\/\/www.arhammar.se\/blog\/karleken-vaxer-och-jag-med-den\/","name":"K\u00e4rleken v\u00e4xer och jag med den - @Arhammar bokstavligen","isPartOf":{"@id":"https:\/\/www.arhammar.se\/blog\/#website"},"primaryImageOfPage":{"@id":"https:\/\/www.arhammar.se\/blog\/karleken-vaxer-och-jag-med-den\/#primaryimage"},"image":{"@id":"https:\/\/www.arhammar.se\/blog\/karleken-vaxer-och-jag-med-den\/#primaryimage"},"thumbnailUrl":"https:\/\/www.arhammar.se\/blog\/wp-content\/uploads\/2016\/03\/IMG_7947-1.jpg","datePublished":"2016-03-13T20:59:39+00:00","dateModified":"2016-03-13T21:01:45+00:00","author":{"@id":"https:\/\/www.arhammar.se\/blog\/#\/schema\/person\/061984c1d884b363e2c91550f2e00d1d"},"breadcrumb":{"@id":"https:\/\/www.arhammar.se\/blog\/karleken-vaxer-och-jag-med-den\/#breadcrumb"},"inLanguage":"en-US","potentialAction":[{"@type":"ReadAction","target":["https:\/\/www.arhammar.se\/blog\/karleken-vaxer-och-jag-med-den\/"]}]},{"@type":"ImageObject","inLanguage":"en-US","@id":"https:\/\/www.arhammar.se\/blog\/karleken-vaxer-och-jag-med-den\/#primaryimage","url":"https:\/\/www.arhammar.se\/blog\/wp-content\/uploads\/2016\/03\/IMG_7947-1.jpg","contentUrl":"https:\/\/www.arhammar.se\/blog\/wp-content\/uploads\/2016\/03\/IMG_7947-1.jpg","width":640,"height":480},{"@type":"BreadcrumbList","@id":"https:\/\/www.arhammar.se\/blog\/karleken-vaxer-och-jag-med-den\/#breadcrumb","itemListElement":[{"@type":"ListItem","position":1,"name":"Home","item":"https:\/\/www.arhammar.se\/blog\/"},{"@type":"ListItem","position":2,"name":"K\u00e4rleken v\u00e4xer och jag med den"}]},{"@type":"WebSite","@id":"https:\/\/www.arhammar.se\/blog\/#website","url":"https:\/\/www.arhammar.se\/blog\/","name":"@Arhammar bokstavligen","description":"Fr\u00e5n min penna och panna","potentialAction":[{"@type":"SearchAction","target":{"@type":"EntryPoint","urlTemplate":"https:\/\/www.arhammar.se\/blog\/?s={search_term_string}"},"query-input":{"@type":"PropertyValueSpecification","valueRequired":true,"valueName":"search_term_string"}}],"inLanguage":"en-US"},{"@type":"Person","@id":"https:\/\/www.arhammar.se\/blog\/#\/schema\/person\/061984c1d884b363e2c91550f2e00d1d","name":"Anders Arhammar","image":{"@type":"ImageObject","inLanguage":"en-US","@id":"https:\/\/secure.gravatar.com\/avatar\/784b5b36cfe145ae19a52340f405285a939bcc08d4a21136b3a81f9e378ffae0?s=96&d=mm&r=g","url":"https:\/\/secure.gravatar.com\/avatar\/784b5b36cfe145ae19a52340f405285a939bcc08d4a21136b3a81f9e378ffae0?s=96&d=mm&r=g","contentUrl":"https:\/\/secure.gravatar.com\/avatar\/784b5b36cfe145ae19a52340f405285a939bcc08d4a21136b3a81f9e378ffae0?s=96&d=mm&r=g","caption":"Anders Arhammar"},"url":"https:\/\/www.arhammar.se\/blog\/author\/anders\/"}]}},"_links":{"self":[{"href":"https:\/\/www.arhammar.se\/blog\/wp-json\/wp\/v2\/posts\/11027","targetHints":{"allow":["GET"]}}],"collection":[{"href":"https:\/\/www.arhammar.se\/blog\/wp-json\/wp\/v2\/posts"}],"about":[{"href":"https:\/\/www.arhammar.se\/blog\/wp-json\/wp\/v2\/types\/post"}],"author":[{"embeddable":true,"href":"https:\/\/www.arhammar.se\/blog\/wp-json\/wp\/v2\/users\/2"}],"replies":[{"embeddable":true,"href":"https:\/\/www.arhammar.se\/blog\/wp-json\/wp\/v2\/comments?post=11027"}],"version-history":[{"count":0,"href":"https:\/\/www.arhammar.se\/blog\/wp-json\/wp\/v2\/posts\/11027\/revisions"}],"wp:featuredmedia":[{"embeddable":true,"href":"https:\/\/www.arhammar.se\/blog\/wp-json\/wp\/v2\/media\/11032"}],"wp:attachment":[{"href":"https:\/\/www.arhammar.se\/blog\/wp-json\/wp\/v2\/media?parent=11027"}],"wp:term":[{"taxonomy":"category","embeddable":true,"href":"https:\/\/www.arhammar.se\/blog\/wp-json\/wp\/v2\/categories?post=11027"},{"taxonomy":"post_tag","embeddable":true,"href":"https:\/\/www.arhammar.se\/blog\/wp-json\/wp\/v2\/tags?post=11027"}],"curies":[{"name":"wp","href":"https:\/\/api.w.org\/{rel}","templated":true}]}}